{"id":1437640,"date":"2024-06-10T19:21:27","date_gmt":"2024-06-10T17:21:27","guid":{"rendered":"https:\/\/theplayoffs.news\/fr\/?p=1437640"},"modified":"2024-06-10T18:44:43","modified_gmt":"2024-06-10T16:44:43","slug":"commanders-brandon-mcmanus-a-recu-le-reste-de-sa-prime-a-la-signature","status":"publish","type":"post","link":"https:\/\/theplayoffs.news\/fr\/actualite-nfl\/commanders-brandon-mcmanus-a-recu-le-reste-de-sa-prime-a-la-signature\/","title":{"rendered":"Commanders : Brandon McManus a re\u00e7u le reste de sa prime \u00e0 la signature"},"content":{"rendered":"<h2>Lib&eacute;r&eacute; par les Commanders, le kicker Brandon McManus a re&ccedil;u l&rsquo;enti&egrave;ret&eacute; de sa prime de signature.<\/h2><p>Moins d&rsquo;une semaine apr&egrave;s avoir &eacute;t&eacute; lib&eacute;r&eacute; de son contrat par les Washington Commanders &agrave; la suite d&rsquo;une enqu&ecirc;te judiciaire l&rsquo;accusant d&rsquo;agression sexuelle, <a href=\"https:\/\/www.nbcsports.com\/nfl\/profootballtalk\/rumor-mill\/news\/source-commanders-paid-brandon-mcmanus-the-rest-of-his-signing-bonus\" class=\"trk-cta-link\" data-cta-trk='{\"ctaType\":\"Link\",\"ctaSubType\":\"main\"}'>Pro Football Talk<\/a> r&eacute;v&egrave;le ce lundi que <a href=\"https:\/\/theplayoffs.news\/fr\/joueur\/brandon-mcmanus-nfl-32678\/\" class=\"trk-cta-link\" data-cta-trk='{\"ctaType\":\"Link\",\"ctaSubType\":\"main\"}'><strong>Brandon McManus<\/strong><\/a> a re&ccedil;u 1,5 million de dollars sans jamais avoir r&eacute;ellement jou&eacute; un match avec son ancienne franchise.<\/p><p>Pour rappel, l&rsquo;ancien kicker des Jaguars avait d&eacute;j&agrave; re&ccedil;u cette somme lors de sa signature.<\/p><p>Le m&eacute;dia am&eacute;ricain rappelle par ailleurs qu&rsquo;il conservera cet argent, ainsi que tout ce qu&rsquo;il gagnera ailleurs, s&rsquo;il trouve une nouvelle &eacute;quipe.<\/p><p>Cependant, il pourrait &ecirc;tre consid&eacute;r&eacute; comme intouchable jusqu&rsquo;&agrave; ce que l&rsquo;affaire en cours soit r&eacute;solue, d&rsquo;autant plus qu&rsquo;il pourrait &eacute;ventuellement faire face &agrave; une suspension en vertu de la politique de conduite personnelle.<\/p><p>Selon l&rsquo;&eacute;volution de l&rsquo;affaire, sa carri&egrave;re pourrait &ecirc;tre termin&eacute;e&hellip;<\/p><p>&nbsp;<\/p><p>Credit Photo : Jeremy Reper-USA TODAY Sports<\/p>\n","protected":false},"excerpt":{"rendered":"","protected":false},"author":180310250,"featured_media":1437641,"comment_status":"open","ping_status":"closed","sticky":false,"template":"","format":"standard","meta":{"inline_featured_image":false,"kia_subtitle":"","_mux_skip_reasons":[],"proofreadBy":0,"footnotes":""},"categories":[118,40],"tags":[3141,3285],"sport":[],"saison":[],"class_list":["post-1437640","post","type-post","status-publish","format-standard","has-post-thumbnail","hentry","category-actualite-nfl","category-nfl","tag-brandon-mcmanus","tag-washington-commanders"],"acf":[],"yoast_head":"<!-- This site is optimized with the Yoast SEO plugin v24.2 - https:\/\/yoast.com\/wordpress\/plugins\/seo\/ -->\n<title>Commanders : Brandon McManus a re&ccedil;u le reste de sa prime &agrave; la signature - The Playoffs FR<\/title>\n<meta name=\"robots\" content=\"index, follow, max-snippet:-1, max-image-preview:large, max-video-preview:-1\" \/>\n<link rel=\"canonical\" href=\"https:\/\/theplayoffs.news\/fr\/actualite-nfl\/commanders-brandon-mcmanus-a-recu-le-reste-de-sa-prime-a-la-signature\/\" \/>\n<meta property=\"og:locale\" content=\"fr_FR\" \/>\n<meta property=\"og:type\" content=\"article\" \/>\n<meta property=\"og:title\" content=\"Commanders : Brandon McManus a re&ccedil;u le reste de sa prime &agrave; la signature - The Playoffs FR\" \/>\n<meta property=\"og:url\" content=\"https:\/\/theplayoffs.news\/fr\/actualite-nfl\/commanders-brandon-mcmanus-a-recu-le-reste-de-sa-prime-a-la-signature\/\" \/>\n<meta property=\"og:site_name\" content=\"The Playoffs FR\" \/>\n<meta property=\"article:publisher\" content=\"https:\/\/www.facebook.com\/TheFreeAgentFR\/\" \/>\n<meta property=\"article:modified_time\" content=\"2024-06-10T19:21:27+02:00\" \/>\n<meta property=\"og:image\" content=\"https:\/\/theplayoffs.news\/fr\/wp-content\/uploads\/2024\/06\/USATSI_22200790.jpg\" \/>\n\t<meta property=\"og:image:width\" content=\"1920\" \/>\n\t<meta property=\"og:image:height\" content=\"1280\" \/>\n\t<meta property=\"og:image:type\" content=\"image\/jpeg\" \/>\n<meta name=\"author\" content=\"Jean Fabre-Jevanoff\" \/>\n<meta name=\"twitter:card\" content=\"summary_large_image\" \/>\n<meta name=\"twitter:creator\" content=\"@the_jfj_42\" \/>\n<meta name=\"twitter:site\" content=\"@TheFreeAgentFR\" \/>\n<meta name=\"twitter:label1\" content=\"\u00c9crit par\" \/>\n\t<meta name=\"twitter:data1\" content=\"Jean Fabre-Jevanoff\" \/>\n\t<meta name=\"twitter:label2\" content=\"Dur\u00e9e de lecture estim\u00e9e\" \/>\n\t<meta name=\"twitter:data2\" content=\"1 minute\" \/>\n<script type=\"application\/ld+json\" class=\"yoast-schema-graph\">{\"@context\":\"https:\/\/schema.org\",\"@graph\":[{\"@type\":\"WebPage\",\"@id\":\"https:\/\/theplayoffs.news\/fr\/actualite-nfl\/commanders-brandon-mcmanus-a-recu-le-reste-de-sa-prime-a-la-signature\/\",\"url\":\"https:\/\/theplayoffs.news\/fr\/actualite-nfl\/commanders-brandon-mcmanus-a-recu-le-reste-de-sa-prime-a-la-signature\/\",\"name\":\"Commanders : Brandon McManus a re\u00e7u le reste de sa prime \u00e0 la signature - The Playoffs FR\",\"isPartOf\":{\"@id\":\"https:\/\/theplayoffs.news\/fr\/#website\"},\"primaryImageOfPage\":{\"@id\":\"https:\/\/theplayoffs.news\/fr\/actualite-nfl\/commanders-brandon-mcmanus-a-recu-le-reste-de-sa-prime-a-la-signature\/#primaryimage\"},\"image\":{\"@id\":\"https:\/\/theplayoffs.news\/fr\/actualite-nfl\/commanders-brandon-mcmanus-a-recu-le-reste-de-sa-prime-a-la-signature\/#primaryimage\"},\"thumbnailUrl\":\"https:\/\/theplayoffs.news\/fr\/wp-content\/uploads\/2024\/06\/USATSI_22200790.jpg\",\"datePublished\":\"2024-06-10T17:21:27+00:00\",\"dateModified\":\"2024-06-10T19:21:27+02:00\",\"author\":{\"@id\":\"https:\/\/theplayoffs.news\/fr\/#\/schema\/person\/1ea25b88e79fe4fabd657430b0013d3d\"},\"breadcrumb\":{\"@id\":\"https:\/\/theplayoffs.news\/fr\/actualite-nfl\/commanders-brandon-mcmanus-a-recu-le-reste-de-sa-prime-a-la-signature\/#breadcrumb\"},\"inLanguage\":\"fr-FR\",\"potentialAction\":[{\"@type\":\"ReadAction\",\"target\":[\"https:\/\/theplayoffs.news\/fr\/actualite-nfl\/commanders-brandon-mcmanus-a-recu-le-reste-de-sa-prime-a-la-signature\/\"]}]},{\"@type\":\"ImageObject\",\"inLanguage\":\"fr-FR\",\"@id\":\"https:\/\/theplayoffs.news\/fr\/actualite-nfl\/commanders-brandon-mcmanus-a-recu-le-reste-de-sa-prime-a-la-signature\/#primaryimage\",\"url\":\"https:\/\/theplayoffs.news\/fr\/wp-content\/uploads\/2024\/06\/USATSI_22200790.jpg\",\"contentUrl\":\"https:\/\/theplayoffs.news\/fr\/wp-content\/uploads\/2024\/06\/USATSI_22200790.jpg\",\"width\":1920,\"height\":1280,\"caption\":\"Dec 31, 2023; Jacksonville, Florida, USA; Jacksonville Jaguars punter Logan Cooke (9) holds the ball andnkicker Brandon McManus (10) make the field goal against the Carolina Panthers in the second quarter at EverBank Stadium. Mandatory Credit: Jeremy Reper-USA TODAY Sports\"},{\"@type\":\"BreadcrumbList\",\"@id\":\"https:\/\/theplayoffs.news\/fr\/actualite-nfl\/commanders-brandon-mcmanus-a-recu-le-reste-de-sa-prime-a-la-signature\/#breadcrumb\",\"itemListElement\":[{\"@type\":\"ListItem\",\"position\":1,\"name\":\"Accueil\",\"item\":\"https:\/\/theplayoffs.news\/fr\/\"},{\"@type\":\"ListItem\",\"position\":2,\"name\":\"Commanders : Brandon McManus a re\u00e7u le reste de sa prime \u00e0 la signature\"}]},{\"@type\":\"WebSite\",\"@id\":\"https:\/\/theplayoffs.news\/fr\/#website\",\"url\":\"https:\/\/theplayoffs.news\/fr\/\",\"name\":\"The Playoffs FR\",\"description\":\"NBA-NFL-NHL-MLB\",\"potentialAction\":[{\"@type\":\"SearchAction\",\"target\":{\"@type\":\"EntryPoint\",\"urlTemplate\":\"https:\/\/theplayoffs.news\/fr\/?s={search_term_string}\"},\"query-input\":{\"@type\":\"PropertyValueSpecification\",\"valueRequired\":true,\"valueName\":\"search_term_string\"}}],\"inLanguage\":\"fr-FR\"},{\"@type\":\"Person\",\"@id\":\"https:\/\/theplayoffs.news\/fr\/#\/schema\/person\/1ea25b88e79fe4fabd657430b0013d3d\",\"name\":\"Jean Fabre-Jevanoff\",\"image\":{\"@type\":\"ImageObject\",\"inLanguage\":\"fr-FR\",\"@id\":\"https:\/\/theplayoffs.news\/fr\/#\/schema\/person\/image\/\",\"url\":\"https:\/\/secure.gravatar.com\/avatar\/18b28dab1159eebc6a17b9787eb8cbbe3242c3d0e8b53b89332f6dc1133aa361?s=96&d=mm&r=g\",\"contentUrl\":\"https:\/\/secure.gravatar.com\/avatar\/18b28dab1159eebc6a17b9787eb8cbbe3242c3d0e8b53b89332f6dc1133aa361?s=96&d=mm&r=g\",\"caption\":\"Jean Fabre-Jevanoff\"},\"description\":\"Journaliste polyvalent sur le football am\u00e9ricain, j\u2019\u00e9cris aussi des articles sur le basket. Commentateur sur Twitch et sur YouTube. Pass\u00e9 par Eurosport notamment. Un mix d\u2019Eminem et de OBJ, fan inconditionnel de Patrick Mahomes et Lebron James\",\"sameAs\":[\"https:\/\/www.instagram.com\/_juaniitooo_\",\"https:\/\/www.linkedin.com\/in\/jean-fabre-jevanoff-84bb9b1a9\/\",\"https:\/\/x.com\/the_jfj_42\"],\"url\":\"https:\/\/theplayoffs.news\/fr\/author\/jeanfj42gmail-com\/\"}]}<\/script>\n<!-- \/ Yoast SEO plugin. -->","yoast_head_json":{"title":"Commanders : Brandon McManus a re&ccedil;u le reste de sa prime &agrave; la signature - The Playoffs FR","robots":{"index":"index","follow":"follow","max-snippet":"max-snippet:-1","max-image-preview":"max-image-preview:large","max-video-preview":"max-video-preview:-1"},"canonical":"https:\/\/theplayoffs.news\/fr\/actualite-nfl\/commanders-brandon-mcmanus-a-recu-le-reste-de-sa-prime-a-la-signature\/","og_locale":"fr_FR","og_type":"article","og_title":"Commanders : Brandon McManus a re&ccedil;u le reste de sa prime &agrave; la signature - The Playoffs FR","og_url":"https:\/\/theplayoffs.news\/fr\/actualite-nfl\/commanders-brandon-mcmanus-a-recu-le-reste-de-sa-prime-a-la-signature\/","og_site_name":"The Playoffs FR","article_publisher":"https:\/\/www.facebook.com\/TheFreeAgentFR\/","article_modified_time":"2024-06-10T16:44:43+00:00","og_image":[{"width":1920,"height":1280,"url":"https:\/\/theplayoffs.news\/fr\/wp-content\/uploads\/2024\/06\/USATSI_22200790.jpg","type":"image\/jpeg"}],"author":"Jean Fabre-Jevanoff","twitter_card":"summary_large_image","twitter_creator":"@the_jfj_42","twitter_site":"@TheFreeAgentFR","twitter_misc":{"\u00c9crit par":"Jean Fabre-Jevanoff","Dur\u00e9e de lecture estim\u00e9e":"1 minute"},"schema":{"@context":"https:\/\/schema.org","@graph":[{"@type":"WebPage","@id":"https:\/\/theplayoffs.news\/fr\/actualite-nfl\/commanders-brandon-mcmanus-a-recu-le-reste-de-sa-prime-a-la-signature\/","url":"https:\/\/theplayoffs.news\/fr\/actualite-nfl\/commanders-brandon-mcmanus-a-recu-le-reste-de-sa-prime-a-la-signature\/","name":"Commanders : Brandon McManus a re\u00e7u le reste de sa prime \u00e0 la signature - The Playoffs FR","isPartOf":{"@id":"https:\/\/theplayoffs.news\/fr\/#website"},"primaryImageOfPage":{"@id":"https:\/\/theplayoffs.news\/fr\/actualite-nfl\/commanders-brandon-mcmanus-a-recu-le-reste-de-sa-prime-a-la-signature\/#primaryimage"},"image":{"@id":"https:\/\/theplayoffs.news\/fr\/actualite-nfl\/commanders-brandon-mcmanus-a-recu-le-reste-de-sa-prime-a-la-signature\/#primaryimage"},"thumbnailUrl":"https:\/\/theplayoffs.news\/fr\/wp-content\/uploads\/2024\/06\/USATSI_22200790.jpg","datePublished":"2024-06-10T17:21:27+00:00","dateModified":"2024-06-10T19:21:27+02:00","author":{"@id":"https:\/\/theplayoffs.news\/fr\/#\/schema\/person\/1ea25b88e79fe4fabd657430b0013d3d"},"breadcrumb":{"@id":"https:\/\/theplayoffs.news\/fr\/actualite-nfl\/commanders-brandon-mcmanus-a-recu-le-reste-de-sa-prime-a-la-signature\/#breadcrumb"},"inLanguage":"fr-FR","potentialAction":[{"@type":"ReadAction","target":["https:\/\/theplayoffs.news\/fr\/actualite-nfl\/commanders-brandon-mcmanus-a-recu-le-reste-de-sa-prime-a-la-signature\/"]}]},{"@type":"ImageObject","inLanguage":"fr-FR","@id":"https:\/\/theplayoffs.news\/fr\/actualite-nfl\/commanders-brandon-mcmanus-a-recu-le-reste-de-sa-prime-a-la-signature\/#primaryimage","url":"https:\/\/theplayoffs.news\/fr\/wp-content\/uploads\/2024\/06\/USATSI_22200790.jpg","contentUrl":"https:\/\/theplayoffs.news\/fr\/wp-content\/uploads\/2024\/06\/USATSI_22200790.jpg","width":1920,"height":1280,"caption":"Dec 31, 2023; Jacksonville, Florida, USA; Jacksonville Jaguars punter Logan Cooke (9) holds the ball andnkicker Brandon McManus (10) make the field goal against the Carolina Panthers in the second quarter at EverBank Stadium. Mandatory Credit: Jeremy Reper-USA TODAY Sports"},{"@type":"BreadcrumbList","@id":"https:\/\/theplayoffs.news\/fr\/actualite-nfl\/commanders-brandon-mcmanus-a-recu-le-reste-de-sa-prime-a-la-signature\/#breadcrumb","itemListElement":[{"@type":"ListItem","position":1,"name":"Accueil","item":"https:\/\/theplayoffs.news\/fr\/"},{"@type":"ListItem","position":2,"name":"Commanders : Brandon McManus a re\u00e7u le reste de sa prime \u00e0 la signature"}]},{"@type":"WebSite","@id":"https:\/\/theplayoffs.news\/fr\/#website","url":"https:\/\/theplayoffs.news\/fr\/","name":"The Playoffs FR","description":"NBA-NFL-NHL-MLB","potentialAction":[{"@type":"SearchAction","target":{"@type":"EntryPoint","urlTemplate":"https:\/\/theplayoffs.news\/fr\/?s={search_term_string}"},"query-input":{"@type":"PropertyValueSpecification","valueRequired":true,"valueName":"search_term_string"}}],"inLanguage":"fr-FR"},{"@type":"Person","@id":"https:\/\/theplayoffs.news\/fr\/#\/schema\/person\/1ea25b88e79fe4fabd657430b0013d3d","name":"Jean Fabre-Jevanoff","image":{"@type":"ImageObject","inLanguage":"fr-FR","@id":"https:\/\/theplayoffs.news\/fr\/#\/schema\/person\/image\/","url":"https:\/\/secure.gravatar.com\/avatar\/18b28dab1159eebc6a17b9787eb8cbbe3242c3d0e8b53b89332f6dc1133aa361?s=96&d=mm&r=g","contentUrl":"https:\/\/secure.gravatar.com\/avatar\/18b28dab1159eebc6a17b9787eb8cbbe3242c3d0e8b53b89332f6dc1133aa361?s=96&d=mm&r=g","caption":"Jean Fabre-Jevanoff"},"description":"Journaliste polyvalent sur le football am\u00e9ricain, j\u2019\u00e9cris aussi des articles sur le basket. Commentateur sur Twitch et sur YouTube. Pass\u00e9 par Eurosport notamment. Un mix d\u2019Eminem et de OBJ, fan inconditionnel de Patrick Mahomes et Lebron James","sameAs":["https:\/\/www.instagram.com\/_juaniitooo_","https:\/\/www.linkedin.com\/in\/jean-fabre-jevanoff-84bb9b1a9\/","https:\/\/x.com\/the_jfj_42"],"url":"https:\/\/theplayoffs.news\/fr\/author\/jeanfj42gmail-com\/"}]}},"_links":{"self":[{"href":"https:\/\/theplayoffs.news\/fr\/wp-json\/wp\/v2\/posts\/1437640","targetHints":{"allow":["GET"]}}],"collection":[{"href":"https:\/\/theplayoffs.news\/fr\/wp-json\/wp\/v2\/posts"}],"about":[{"href":"https:\/\/theplayoffs.news\/fr\/wp-json\/wp\/v2\/types\/post"}],"author":[{"embeddable":true,"href":"https:\/\/theplayoffs.news\/fr\/wp-json\/wp\/v2\/users\/180310250"}],"replies":[{"embeddable":true,"href":"https:\/\/theplayoffs.news\/fr\/wp-json\/wp\/v2\/comments?post=1437640"}],"version-history":[{"count":3,"href":"https:\/\/theplayoffs.news\/fr\/wp-json\/wp\/v2\/posts\/1437640\/revisions"}],"predecessor-version":[{"id":1437644,"href":"https:\/\/theplayoffs.news\/fr\/wp-json\/wp\/v2\/posts\/1437640\/revisions\/1437644"}],"wp:featuredmedia":[{"embeddable":true,"href":"https:\/\/theplayoffs.news\/fr\/wp-json\/wp\/v2\/media\/1437641"}],"wp:attachment":[{"href":"https:\/\/theplayoffs.news\/fr\/wp-json\/wp\/v2\/media?parent=1437640"}],"wp:term":[{"taxonomy":"category","embeddable":true,"href":"https:\/\/theplayoffs.news\/fr\/wp-json\/wp\/v2\/categories?post=1437640"},{"taxonomy":"post_tag","embeddable":true,"href":"https:\/\/theplayoffs.news\/fr\/wp-json\/wp\/v2\/tags?post=1437640"},{"taxonomy":"sport","embeddable":true,"href":"https:\/\/theplayoffs.news\/fr\/wp-json\/wp\/v2\/sport?post=1437640"},{"taxonomy":"saison","embeddable":true,"href":"https:\/\/theplayoffs.news\/fr\/wp-json\/wp\/v2\/saison?post=1437640"}],"curies":[{"name":"wp","href":"https:\/\/api.w.org\/{rel}","templated":true}]}}