{"id":1437629,"date":"2024-06-10T18:47:24","date_gmt":"2024-06-10T16:47:24","guid":{"rendered":"https:\/\/theplayoffs.news\/fr\/?p=1437629"},"modified":"2024-06-10T18:53:54","modified_gmt":"2024-06-10T16:53:54","slug":"bengals-cela-me-consume-lesprit-letonnante-declaration-de-simmons","status":"publish","type":"post","link":"https:\/\/theplayoffs.news\/fr\/actualite-nfl\/bengals-cela-me-consume-lesprit-letonnante-declaration-de-simmons\/","title":{"rendered":"Bengals\u00a0: &lsquo;Cela me consume l&rsquo;esprit&rsquo;, l\u2019\u00e9tonnante d\u00e9claration de Simmons"},"content":{"rendered":"<h2>Le coordinateur des &eacute;quipes sp&eacute;ciales des Bengals, Darrin Simmons, s&rsquo;inqui&egrave;te pour la saison &agrave; venir &agrave; cause du nouveau kick-off.<\/h2><p>Grande nouveaut&eacute; cette saison en NFL ! Le kick-off traditionnel a &eacute;t&eacute; remplac&eacute; par un nouveau, celui observ&eacute; en XFL et en ELF. Un grand changement pour les kickers, car dor&eacute;navant ce seront eux les derniers plaqueurs.<\/p><p>Un changement qui effraie &eacute;galement le kicker des Bengals <a href=\"https:\/\/theplayoffs.news\/fr\/joueur\/evan-mcpherson-nfl-8720468\/\" class=\"trk-cta-link\" data-cta-trk='{\"ctaType\":\"Link\",\"ctaSubType\":\"main\"}'><strong>Evan McPherson<\/strong><\/a>, qui ne pr&eacute;voit pas de participer aux exercices de plaquage de si t&ocirc;t, rapporte <a href=\"https:\/\/www.nytimes.com\/athletic\/5549469\/2024\/06\/10\/bengals-new-kickoff-rules\/?utm_medium=social&amp;utm_campaign=nfltw&amp;source=nfltw\" class=\"trk-cta-link\" data-cta-trk='{\"ctaType\":\"Link\",\"ctaSubType\":\"main\"}'>The Athletic<\/a>. L&rsquo;occasion pour le linebacker Logan Wilson de rappeler qu&rsquo;il avait donn&eacute; des coups de pied tout au long de sa carri&egrave;re au lyc&eacute;e.<\/p><p>Ce changement de kick-off, qui reste consid&eacute;r&eacute; comme l&rsquo;une des modifications les plus monumentales apport&eacute;es depuis des g&eacute;n&eacute;rations, entra&icirc;ne &eacute;galement une r&eacute;vision du cahier des jeux et la possibilit&eacute; de voir appara&icirc;tre de nouveaux trick plays.<\/p><blockquote><p>&laquo;&nbsp;Une chose qui est importante, je ne pense pas que vous vouliez vous &eacute;loigner trop de ce que vous faites,&nbsp;&raquo; a d&eacute;clar&eacute; Simmons. &laquo;&nbsp;Oui, c&rsquo;est un &eacute;norme changement, mais je ne veux pas mettre trop de pression sur le fait que c&rsquo;est toujours du football et qu&rsquo;il continue de bloquer et de plaquer,&nbsp;&raquo; a poursuivi le coach des Bengals.<\/p><\/blockquote><p>On a h&acirc;te de voir ce que nous concocte Cincinnati&hellip;<\/p><p>&nbsp;<\/p><div class=\"modal-image-setImageMetadata\">\n<p class=\"ng-binding\">Cr&eacute;dit Photo : Sam Greene\/The Enquirer \/ USA TODAY NETWORK<\/p>\n<\/div>\n","protected":false},"excerpt":{"rendered":"","protected":false},"author":180310250,"featured_media":1437631,"comment_status":"open","ping_status":"closed","sticky":false,"template":"","format":"standard","meta":{"inline_featured_image":false,"kia_subtitle":"","_mux_skip_reasons":[],"proofreadBy":0,"footnotes":""},"categories":[118,40],"tags":[],"sport":[],"saison":[],"class_list":["post-1437629","post","type-post","status-publish","format-standard","has-post-thumbnail","hentry","category-actualite-nfl","category-nfl"],"acf":[],"yoast_head":"<!-- This site is optimized with the Yoast SEO plugin v24.2 - https:\/\/yoast.com\/wordpress\/plugins\/seo\/ -->\n<title>Bengals&nbsp;: &#039;Cela me consume l&#039;esprit&#039;, l&rsquo;&eacute;tonnante d&eacute;claration de Simmons - The Playoffs FR<\/title>\n<meta name=\"robots\" content=\"index, follow, max-snippet:-1, max-image-preview:large, max-video-preview:-1\" \/>\n<link rel=\"canonical\" href=\"https:\/\/theplayoffs.news\/fr\/actualite-nfl\/bengals-cela-me-consume-lesprit-letonnante-declaration-de-simmons\/\" \/>\n<meta property=\"og:locale\" content=\"fr_FR\" \/>\n<meta property=\"og:type\" content=\"article\" \/>\n<meta property=\"og:title\" content=\"Bengals&nbsp;: &#039;Cela me consume l&#039;esprit&#039;, l&rsquo;&eacute;tonnante d&eacute;claration de Simmons - The Playoffs FR\" \/>\n<meta property=\"og:url\" content=\"https:\/\/theplayoffs.news\/fr\/actualite-nfl\/bengals-cela-me-consume-lesprit-letonnante-declaration-de-simmons\/\" \/>\n<meta property=\"og:site_name\" content=\"The Playoffs FR\" \/>\n<meta property=\"article:publisher\" content=\"https:\/\/www.facebook.com\/TheFreeAgentFR\/\" \/>\n<meta property=\"article:modified_time\" content=\"2024-06-10T18:53:54+02:00\" \/>\n<meta property=\"og:image\" content=\"https:\/\/theplayoffs.news\/fr\/wp-content\/uploads\/2024\/06\/USATSI_22167847.jpg\" \/>\n\t<meta property=\"og:image:width\" content=\"1920\" \/>\n\t<meta property=\"og:image:height\" content=\"1280\" \/>\n\t<meta property=\"og:image:type\" content=\"image\/jpeg\" \/>\n<meta name=\"author\" content=\"Jean Fabre-Jevanoff\" \/>\n<meta name=\"twitter:card\" content=\"summary_large_image\" \/>\n<meta name=\"twitter:creator\" content=\"@the_jfj_42\" \/>\n<meta name=\"twitter:site\" content=\"@TheFreeAgentFR\" \/>\n<meta name=\"twitter:label1\" content=\"\u00c9crit par\" \/>\n\t<meta name=\"twitter:data1\" content=\"Jean Fabre-Jevanoff\" \/>\n\t<meta name=\"twitter:label2\" content=\"Dur\u00e9e de lecture estim\u00e9e\" \/>\n\t<meta name=\"twitter:data2\" content=\"1 minute\" \/>\n<script type=\"application\/ld+json\" class=\"yoast-schema-graph\">{\"@context\":\"https:\/\/schema.org\",\"@graph\":[{\"@type\":\"WebPage\",\"@id\":\"https:\/\/theplayoffs.news\/fr\/actualite-nfl\/bengals-cela-me-consume-lesprit-letonnante-declaration-de-simmons\/\",\"url\":\"https:\/\/theplayoffs.news\/fr\/actualite-nfl\/bengals-cela-me-consume-lesprit-letonnante-declaration-de-simmons\/\",\"name\":\"Bengals\u00a0: \\\\'Cela me consume l\\\\'esprit\\\\', l\u2019\u00e9tonnante d\u00e9claration de Simmons - The Playoffs FR\",\"isPartOf\":{\"@id\":\"https:\/\/theplayoffs.news\/fr\/#website\"},\"primaryImageOfPage\":{\"@id\":\"https:\/\/theplayoffs.news\/fr\/actualite-nfl\/bengals-cela-me-consume-lesprit-letonnante-declaration-de-simmons\/#primaryimage\"},\"image\":{\"@id\":\"https:\/\/theplayoffs.news\/fr\/actualite-nfl\/bengals-cela-me-consume-lesprit-letonnante-declaration-de-simmons\/#primaryimage\"},\"thumbnailUrl\":\"https:\/\/theplayoffs.news\/fr\/wp-content\/uploads\/2024\/06\/USATSI_22167847.jpg\",\"datePublished\":\"2024-06-10T16:47:24+00:00\",\"dateModified\":\"2024-06-10T16:53:54+00:00\",\"author\":{\"@id\":\"https:\/\/theplayoffs.news\/fr\/#\/schema\/person\/1ea25b88e79fe4fabd657430b0013d3d\"},\"breadcrumb\":{\"@id\":\"https:\/\/theplayoffs.news\/fr\/actualite-nfl\/bengals-cela-me-consume-lesprit-letonnante-declaration-de-simmons\/#breadcrumb\"},\"inLanguage\":\"fr-FR\",\"potentialAction\":[{\"@type\":\"ReadAction\",\"target\":[\"https:\/\/theplayoffs.news\/fr\/actualite-nfl\/bengals-cela-me-consume-lesprit-letonnante-declaration-de-simmons\/\"]}]},{\"@type\":\"ImageObject\",\"inLanguage\":\"fr-FR\",\"@id\":\"https:\/\/theplayoffs.news\/fr\/actualite-nfl\/bengals-cela-me-consume-lesprit-letonnante-declaration-de-simmons\/#primaryimage\",\"url\":\"https:\/\/theplayoffs.news\/fr\/wp-content\/uploads\/2024\/06\/USATSI_22167847.jpg\",\"contentUrl\":\"https:\/\/theplayoffs.news\/fr\/wp-content\/uploads\/2024\/06\/USATSI_22167847.jpg\",\"width\":1920,\"height\":1280,\"caption\":\"Cincinnati Bengals place kicker Evan McPherson (2) follows through on a field goal in the third quarter of the NFL 16 game between the Pittsburgh Steelers and the Cincinnati Bengals at Acrisure Stadium in Pittsburgh on Saturday, Dec. 23, 2023. The Steelers won 34-11.\"},{\"@type\":\"BreadcrumbList\",\"@id\":\"https:\/\/theplayoffs.news\/fr\/actualite-nfl\/bengals-cela-me-consume-lesprit-letonnante-declaration-de-simmons\/#breadcrumb\",\"itemListElement\":[{\"@type\":\"ListItem\",\"position\":1,\"name\":\"Accueil\",\"item\":\"https:\/\/theplayoffs.news\/fr\/\"},{\"@type\":\"ListItem\",\"position\":2,\"name\":\"Bengals\u00a0: &lsquo;Cela me consume l&rsquo;esprit&rsquo;, l\u2019\u00e9tonnante d\u00e9claration de Simmons\"}]},{\"@type\":\"WebSite\",\"@id\":\"https:\/\/theplayoffs.news\/fr\/#website\",\"url\":\"https:\/\/theplayoffs.news\/fr\/\",\"name\":\"The Playoffs FR\",\"description\":\"NBA-NFL-NHL-MLB\",\"potentialAction\":[{\"@type\":\"SearchAction\",\"target\":{\"@type\":\"EntryPoint\",\"urlTemplate\":\"https:\/\/theplayoffs.news\/fr\/?s={search_term_string}\"},\"query-input\":{\"@type\":\"PropertyValueSpecification\",\"valueRequired\":true,\"valueName\":\"search_term_string\"}}],\"inLanguage\":\"fr-FR\"},{\"@type\":\"Person\",\"@id\":\"https:\/\/theplayoffs.news\/fr\/#\/schema\/person\/1ea25b88e79fe4fabd657430b0013d3d\",\"name\":\"Jean Fabre-Jevanoff\",\"image\":{\"@type\":\"ImageObject\",\"inLanguage\":\"fr-FR\",\"@id\":\"https:\/\/theplayoffs.news\/fr\/#\/schema\/person\/image\/\",\"url\":\"https:\/\/secure.gravatar.com\/avatar\/18b28dab1159eebc6a17b9787eb8cbbe3242c3d0e8b53b89332f6dc1133aa361?s=96&d=mm&r=g\",\"contentUrl\":\"https:\/\/secure.gravatar.com\/avatar\/18b28dab1159eebc6a17b9787eb8cbbe3242c3d0e8b53b89332f6dc1133aa361?s=96&d=mm&r=g\",\"caption\":\"Jean Fabre-Jevanoff\"},\"description\":\"Journaliste polyvalent sur le football am\u00e9ricain, j\u2019\u00e9cris aussi des articles sur le basket. Commentateur sur Twitch et sur YouTube. Pass\u00e9 par Eurosport notamment. Un mix d\u2019Eminem et de OBJ, fan inconditionnel de Patrick Mahomes et Lebron James\",\"sameAs\":[\"https:\/\/www.instagram.com\/_juaniitooo_\",\"https:\/\/www.linkedin.com\/in\/jean-fabre-jevanoff-84bb9b1a9\/\",\"https:\/\/x.com\/the_jfj_42\"],\"url\":\"https:\/\/theplayoffs.news\/fr\/author\/jeanfj42gmail-com\/\"}]}<\/script>\n<!-- \/ Yoast SEO plugin. -->","yoast_head_json":{"title":"Bengals&nbsp;: &#039;Cela me consume l&#039;esprit&#039;, l&rsquo;&eacute;tonnante d&eacute;claration de Simmons - The Playoffs FR","robots":{"index":"index","follow":"follow","max-snippet":"max-snippet:-1","max-image-preview":"max-image-preview:large","max-video-preview":"max-video-preview:-1"},"canonical":"https:\/\/theplayoffs.news\/fr\/actualite-nfl\/bengals-cela-me-consume-lesprit-letonnante-declaration-de-simmons\/","og_locale":"fr_FR","og_type":"article","og_title":"Bengals&nbsp;: &#039;Cela me consume l&#039;esprit&#039;, l&rsquo;&eacute;tonnante d&eacute;claration de Simmons - The Playoffs FR","og_url":"https:\/\/theplayoffs.news\/fr\/actualite-nfl\/bengals-cela-me-consume-lesprit-letonnante-declaration-de-simmons\/","og_site_name":"The Playoffs FR","article_publisher":"https:\/\/www.facebook.com\/TheFreeAgentFR\/","article_modified_time":"2024-06-10T16:53:54+00:00","og_image":[{"width":1920,"height":1280,"url":"https:\/\/theplayoffs.news\/fr\/wp-content\/uploads\/2024\/06\/USATSI_22167847.jpg","type":"image\/jpeg"}],"author":"Jean Fabre-Jevanoff","twitter_card":"summary_large_image","twitter_creator":"@the_jfj_42","twitter_site":"@TheFreeAgentFR","twitter_misc":{"\u00c9crit par":"Jean Fabre-Jevanoff","Dur\u00e9e de lecture estim\u00e9e":"1 minute"},"schema":{"@context":"https:\/\/schema.org","@graph":[{"@type":"WebPage","@id":"https:\/\/theplayoffs.news\/fr\/actualite-nfl\/bengals-cela-me-consume-lesprit-letonnante-declaration-de-simmons\/","url":"https:\/\/theplayoffs.news\/fr\/actualite-nfl\/bengals-cela-me-consume-lesprit-letonnante-declaration-de-simmons\/","name":"Bengals\u00a0: \\'Cela me consume l\\'esprit\\', l\u2019\u00e9tonnante d\u00e9claration de Simmons - The Playoffs FR","isPartOf":{"@id":"https:\/\/theplayoffs.news\/fr\/#website"},"primaryImageOfPage":{"@id":"https:\/\/theplayoffs.news\/fr\/actualite-nfl\/bengals-cela-me-consume-lesprit-letonnante-declaration-de-simmons\/#primaryimage"},"image":{"@id":"https:\/\/theplayoffs.news\/fr\/actualite-nfl\/bengals-cela-me-consume-lesprit-letonnante-declaration-de-simmons\/#primaryimage"},"thumbnailUrl":"https:\/\/theplayoffs.news\/fr\/wp-content\/uploads\/2024\/06\/USATSI_22167847.jpg","datePublished":"2024-06-10T16:47:24+00:00","dateModified":"2024-06-10T16:53:54+00:00","author":{"@id":"https:\/\/theplayoffs.news\/fr\/#\/schema\/person\/1ea25b88e79fe4fabd657430b0013d3d"},"breadcrumb":{"@id":"https:\/\/theplayoffs.news\/fr\/actualite-nfl\/bengals-cela-me-consume-lesprit-letonnante-declaration-de-simmons\/#breadcrumb"},"inLanguage":"fr-FR","potentialAction":[{"@type":"ReadAction","target":["https:\/\/theplayoffs.news\/fr\/actualite-nfl\/bengals-cela-me-consume-lesprit-letonnante-declaration-de-simmons\/"]}]},{"@type":"ImageObject","inLanguage":"fr-FR","@id":"https:\/\/theplayoffs.news\/fr\/actualite-nfl\/bengals-cela-me-consume-lesprit-letonnante-declaration-de-simmons\/#primaryimage","url":"https:\/\/theplayoffs.news\/fr\/wp-content\/uploads\/2024\/06\/USATSI_22167847.jpg","contentUrl":"https:\/\/theplayoffs.news\/fr\/wp-content\/uploads\/2024\/06\/USATSI_22167847.jpg","width":1920,"height":1280,"caption":"Cincinnati Bengals place kicker Evan McPherson (2) follows through on a field goal in the third quarter of the NFL 16 game between the Pittsburgh Steelers and the Cincinnati Bengals at Acrisure Stadium in Pittsburgh on Saturday, Dec. 23, 2023. The Steelers won 34-11."},{"@type":"BreadcrumbList","@id":"https:\/\/theplayoffs.news\/fr\/actualite-nfl\/bengals-cela-me-consume-lesprit-letonnante-declaration-de-simmons\/#breadcrumb","itemListElement":[{"@type":"ListItem","position":1,"name":"Accueil","item":"https:\/\/theplayoffs.news\/fr\/"},{"@type":"ListItem","position":2,"name":"Bengals\u00a0: &lsquo;Cela me consume l&rsquo;esprit&rsquo;, l\u2019\u00e9tonnante d\u00e9claration de Simmons"}]},{"@type":"WebSite","@id":"https:\/\/theplayoffs.news\/fr\/#website","url":"https:\/\/theplayoffs.news\/fr\/","name":"The Playoffs FR","description":"NBA-NFL-NHL-MLB","potentialAction":[{"@type":"SearchAction","target":{"@type":"EntryPoint","urlTemplate":"https:\/\/theplayoffs.news\/fr\/?s={search_term_string}"},"query-input":{"@type":"PropertyValueSpecification","valueRequired":true,"valueName":"search_term_string"}}],"inLanguage":"fr-FR"},{"@type":"Person","@id":"https:\/\/theplayoffs.news\/fr\/#\/schema\/person\/1ea25b88e79fe4fabd657430b0013d3d","name":"Jean Fabre-Jevanoff","image":{"@type":"ImageObject","inLanguage":"fr-FR","@id":"https:\/\/theplayoffs.news\/fr\/#\/schema\/person\/image\/","url":"https:\/\/secure.gravatar.com\/avatar\/18b28dab1159eebc6a17b9787eb8cbbe3242c3d0e8b53b89332f6dc1133aa361?s=96&d=mm&r=g","contentUrl":"https:\/\/secure.gravatar.com\/avatar\/18b28dab1159eebc6a17b9787eb8cbbe3242c3d0e8b53b89332f6dc1133aa361?s=96&d=mm&r=g","caption":"Jean Fabre-Jevanoff"},"description":"Journaliste polyvalent sur le football am\u00e9ricain, j\u2019\u00e9cris aussi des articles sur le basket. Commentateur sur Twitch et sur YouTube. Pass\u00e9 par Eurosport notamment. Un mix d\u2019Eminem et de OBJ, fan inconditionnel de Patrick Mahomes et Lebron James","sameAs":["https:\/\/www.instagram.com\/_juaniitooo_","https:\/\/www.linkedin.com\/in\/jean-fabre-jevanoff-84bb9b1a9\/","https:\/\/x.com\/the_jfj_42"],"url":"https:\/\/theplayoffs.news\/fr\/author\/jeanfj42gmail-com\/"}]}},"_links":{"self":[{"href":"https:\/\/theplayoffs.news\/fr\/wp-json\/wp\/v2\/posts\/1437629","targetHints":{"allow":["GET"]}}],"collection":[{"href":"https:\/\/theplayoffs.news\/fr\/wp-json\/wp\/v2\/posts"}],"about":[{"href":"https:\/\/theplayoffs.news\/fr\/wp-json\/wp\/v2\/types\/post"}],"author":[{"embeddable":true,"href":"https:\/\/theplayoffs.news\/fr\/wp-json\/wp\/v2\/users\/180310250"}],"replies":[{"embeddable":true,"href":"https:\/\/theplayoffs.news\/fr\/wp-json\/wp\/v2\/comments?post=1437629"}],"version-history":[{"count":3,"href":"https:\/\/theplayoffs.news\/fr\/wp-json\/wp\/v2\/posts\/1437629\/revisions"}],"predecessor-version":[{"id":1437634,"href":"https:\/\/theplayoffs.news\/fr\/wp-json\/wp\/v2\/posts\/1437629\/revisions\/1437634"}],"wp:featuredmedia":[{"embeddable":true,"href":"https:\/\/theplayoffs.news\/fr\/wp-json\/wp\/v2\/media\/1437631"}],"wp:attachment":[{"href":"https:\/\/theplayoffs.news\/fr\/wp-json\/wp\/v2\/media?parent=1437629"}],"wp:term":[{"taxonomy":"category","embeddable":true,"href":"https:\/\/theplayoffs.news\/fr\/wp-json\/wp\/v2\/categories?post=1437629"},{"taxonomy":"post_tag","embeddable":true,"href":"https:\/\/theplayoffs.news\/fr\/wp-json\/wp\/v2\/tags?post=1437629"},{"taxonomy":"sport","embeddable":true,"href":"https:\/\/theplayoffs.news\/fr\/wp-json\/wp\/v2\/sport?post=1437629"},{"taxonomy":"saison","embeddable":true,"href":"https:\/\/theplayoffs.news\/fr\/wp-json\/wp\/v2\/saison?post=1437629"}],"curies":[{"name":"wp","href":"https:\/\/api.w.org\/{rel}","templated":true}]}}