{"id":1437405,"date":"2024-06-09T11:24:42","date_gmt":"2024-06-09T09:24:42","guid":{"rendered":"https:\/\/theplayoffs.news\/fr\/?p=1437405"},"modified":"2024-06-09T11:24:42","modified_gmt":"2024-06-09T09:24:42","slug":"chet-walker-mort-de-la-legende-des-chicago-bulls-a-84-ans","status":"publish","type":"post","link":"https:\/\/theplayoffs.news\/fr\/actualite-nba\/chet-walker-mort-de-la-legende-des-chicago-bulls-a-84-ans\/","title":{"rendered":"Chet Walker : Mort de la l\u00e9gende des Chicago Bulls \u00e0 84 ans"},"content":{"rendered":"<h2 class=\"p3\">Chet Walker, membre du Hall of Fame et figure de l&rsquo;histoire des Chicago Bulls, est d&eacute;c&eacute;d&eacute; &agrave; l&rsquo;&acirc;ge de 84 ans.<\/h2><p class=\"p3\">Surnomm&eacute; &ldquo;The Jet&rdquo;, la carri&egrave;re remarquable de Walker s&rsquo;est &eacute;tendue sur 13 saisons en NBA, au cours desquelles il a &eacute;t&eacute; s&eacute;lectionn&eacute; sept fois pour le All-Star Game et a laiss&eacute; une marque ind&eacute;l&eacute;bile sur le sport.<\/p><p class=\"p3\">S&eacute;lectionn&eacute; 14e au total par les Syracuse Nationals en 1962, l&rsquo;ailier de 2,01 m&egrave;tres a rapidement montr&eacute; son talent. Lorsque l&rsquo;&eacute;quipe a d&eacute;m&eacute;nag&eacute; pour devenir les Philadelphia 76ers, Walker a jou&eacute; un r&ocirc;le d&eacute;terminant dans leur succ&egrave;s, obtenant trois s&eacute;lections All-Star. Il a jou&eacute; un r&ocirc;le cl&eacute; dans la conqu&ecirc;te du titre des Sixers en 1967, &eacute;tant le troisi&egrave;me meilleur marqueur derri&egrave;re les l&eacute;gendes Wilt Chamberlain et Hal Greer.<\/p><p class=\"p3\">La carri&egrave;re de Walker a pris un tournant significatif en 1969 lorsqu&rsquo;il a &eacute;t&eacute; &eacute;chang&eacute; aux Chicago Bulls. Sous la direction de l&rsquo;entra&icirc;neur Dick Motta, Walker est devenu un joueur cl&eacute; aux c&ocirc;t&eacute;s de ses co&eacute;quipiers Bob Love, Norm Van Lier, Jerry Sloan, Clifford Ray et Nate Thurmond.<\/p><p class=\"p3\">Son passage chez les Bulls a &eacute;t&eacute; marqu&eacute; par quatre autres s&eacute;lections All-Star et par le fait de mener la NBA aux lancers francs avec 85,9 % de r&eacute;ussite lors de la saison 1970-71.<\/p><p class=\"p3\">Au cours de ses six saisons avec les Bulls, de 1969 &agrave; 1975, l&rsquo;&eacute;quipe n&rsquo;a jamais manqu&eacute; les playoffs, et les contributions de Walker ont &eacute;t&eacute; essentielles &agrave; leur succ&egrave;s.<\/p><p class=\"p3\">Les Bulls ont atteint la finale de la Conf&eacute;rence Ouest lors de chacune de ses deux derni&egrave;res saisons, soulignant son influence sur les performances de l&rsquo;&eacute;quipe.<\/p><p>&nbsp;<\/p><p>Credit Photo : Darryl Norenberg-USA TODAY Sports<\/p>\n","protected":false},"excerpt":{"rendered":"","protected":false},"author":13,"featured_media":1437406,"comment_status":"open","ping_status":"closed","sticky":false,"template":"","format":"standard","meta":{"inline_featured_image":false,"kia_subtitle":"","_mux_skip_reasons":[],"proofreadBy":0,"footnotes":""},"categories":[110,10],"tags":[7389,142],"sport":[],"saison":[],"class_list":["post-1437405","post","type-post","status-publish","format-standard","has-post-thumbnail","hentry","category-actualite-nba","category-nba","tag-chet-walker","tag-chicago-bulls"],"acf":[],"yoast_head":"<!-- This site is optimized with the Yoast SEO plugin v24.2 - https:\/\/yoast.com\/wordpress\/plugins\/seo\/ -->\n<title>Chet Walker : Mort de la l&eacute;gende des Chicago Bulls &agrave; 84 ans - The Playoffs FR<\/title>\n<meta name=\"robots\" content=\"index, follow, max-snippet:-1, max-image-preview:large, max-video-preview:-1\" \/>\n<link rel=\"canonical\" href=\"https:\/\/theplayoffs.news\/fr\/actualite-nba\/chet-walker-mort-de-la-legende-des-chicago-bulls-a-84-ans\/\" \/>\n<meta property=\"og:locale\" content=\"fr_FR\" \/>\n<meta property=\"og:type\" content=\"article\" \/>\n<meta property=\"og:title\" content=\"Chet Walker : Mort de la l&eacute;gende des Chicago Bulls &agrave; 84 ans - The Playoffs FR\" \/>\n<meta property=\"og:url\" content=\"https:\/\/theplayoffs.news\/fr\/actualite-nba\/chet-walker-mort-de-la-legende-des-chicago-bulls-a-84-ans\/\" \/>\n<meta property=\"og:site_name\" content=\"The Playoffs FR\" \/>\n<meta property=\"article:publisher\" content=\"https:\/\/www.facebook.com\/TheFreeAgentFR\/\" \/>\n<meta property=\"article:modified_time\" content=\"2024-06-09T11:24:42+02:00\" \/>\n<meta property=\"og:image\" content=\"https:\/\/theplayoffs.news\/fr\/wp-content\/uploads\/2024\/06\/USATSI_4695390.jpg\" \/>\n\t<meta property=\"og:image:width\" content=\"1920\" \/>\n\t<meta property=\"og:image:height\" content=\"1371\" \/>\n\t<meta property=\"og:image:type\" content=\"image\/jpeg\" \/>\n<meta name=\"author\" content=\"Charles Taudin\" \/>\n<meta name=\"twitter:card\" content=\"summary_large_image\" \/>\n<meta name=\"twitter:creator\" content=\"@TheFreeAgentFR\" \/>\n<meta name=\"twitter:site\" content=\"@TheFreeAgentFR\" \/>\n<meta name=\"twitter:label1\" content=\"\u00c9crit par\" \/>\n\t<meta name=\"twitter:data1\" content=\"Charles Taudin\" \/>\n\t<meta name=\"twitter:label2\" content=\"Dur\u00e9e de lecture estim\u00e9e\" \/>\n\t<meta name=\"twitter:data2\" content=\"1 minute\" \/>\n<script type=\"application\/ld+json\" class=\"yoast-schema-graph\">{\"@context\":\"https:\/\/schema.org\",\"@graph\":[{\"@type\":\"WebPage\",\"@id\":\"https:\/\/theplayoffs.news\/fr\/actualite-nba\/chet-walker-mort-de-la-legende-des-chicago-bulls-a-84-ans\/\",\"url\":\"https:\/\/theplayoffs.news\/fr\/actualite-nba\/chet-walker-mort-de-la-legende-des-chicago-bulls-a-84-ans\/\",\"name\":\"Chet Walker : Mort de la l\u00e9gende des Chicago Bulls \u00e0 84 ans - The Playoffs FR\",\"isPartOf\":{\"@id\":\"https:\/\/theplayoffs.news\/fr\/#website\"},\"primaryImageOfPage\":{\"@id\":\"https:\/\/theplayoffs.news\/fr\/actualite-nba\/chet-walker-mort-de-la-legende-des-chicago-bulls-a-84-ans\/#primaryimage\"},\"image\":{\"@id\":\"https:\/\/theplayoffs.news\/fr\/actualite-nba\/chet-walker-mort-de-la-legende-des-chicago-bulls-a-84-ans\/#primaryimage\"},\"thumbnailUrl\":\"https:\/\/theplayoffs.news\/fr\/wp-content\/uploads\/2024\/06\/USATSI_4695390.jpg\",\"datePublished\":\"2024-06-09T09:24:42+00:00\",\"dateModified\":\"2024-06-09T09:24:42+00:00\",\"author\":{\"@id\":\"https:\/\/theplayoffs.news\/fr\/#\/schema\/person\/eee5b69ad5d3c51cabe881c839dbe133\"},\"breadcrumb\":{\"@id\":\"https:\/\/theplayoffs.news\/fr\/actualite-nba\/chet-walker-mort-de-la-legende-des-chicago-bulls-a-84-ans\/#breadcrumb\"},\"inLanguage\":\"fr-FR\",\"potentialAction\":[{\"@type\":\"ReadAction\",\"target\":[\"https:\/\/theplayoffs.news\/fr\/actualite-nba\/chet-walker-mort-de-la-legende-des-chicago-bulls-a-84-ans\/\"]}]},{\"@type\":\"ImageObject\",\"inLanguage\":\"fr-FR\",\"@id\":\"https:\/\/theplayoffs.news\/fr\/actualite-nba\/chet-walker-mort-de-la-legende-des-chicago-bulls-a-84-ans\/#primaryimage\",\"url\":\"https:\/\/theplayoffs.news\/fr\/wp-content\/uploads\/2024\/06\/USATSI_4695390.jpg\",\"contentUrl\":\"https:\/\/theplayoffs.news\/fr\/wp-content\/uploads\/2024\/06\/USATSI_4695390.jpg\",\"width\":1920,\"height\":1371,\"caption\":\"Unknown date; Los Angeles, CA, USA; FILE PHOTO; Chicago Bulls forward Chet Walker (25) drives to the basket as he is defended by Los Angeles Lakers forward Jim McMillan (5) at the Forum. Mandatory Credit: Darryl Norenberg-USA TODAY Sports\"},{\"@type\":\"BreadcrumbList\",\"@id\":\"https:\/\/theplayoffs.news\/fr\/actualite-nba\/chet-walker-mort-de-la-legende-des-chicago-bulls-a-84-ans\/#breadcrumb\",\"itemListElement\":[{\"@type\":\"ListItem\",\"position\":1,\"name\":\"Accueil\",\"item\":\"https:\/\/theplayoffs.news\/fr\/\"},{\"@type\":\"ListItem\",\"position\":2,\"name\":\"Chet Walker : Mort de la l\u00e9gende des Chicago Bulls \u00e0 84 ans\"}]},{\"@type\":\"WebSite\",\"@id\":\"https:\/\/theplayoffs.news\/fr\/#website\",\"url\":\"https:\/\/theplayoffs.news\/fr\/\",\"name\":\"The Playoffs FR\",\"description\":\"NBA-NFL-NHL-MLB\",\"potentialAction\":[{\"@type\":\"SearchAction\",\"target\":{\"@type\":\"EntryPoint\",\"urlTemplate\":\"https:\/\/theplayoffs.news\/fr\/?s={search_term_string}\"},\"query-input\":{\"@type\":\"PropertyValueSpecification\",\"valueRequired\":true,\"valueName\":\"search_term_string\"}}],\"inLanguage\":\"fr-FR\"},{\"@type\":\"Person\",\"@id\":\"https:\/\/theplayoffs.news\/fr\/#\/schema\/person\/eee5b69ad5d3c51cabe881c839dbe133\",\"name\":\"Charles Taudin\",\"image\":{\"@type\":\"ImageObject\",\"inLanguage\":\"fr-FR\",\"@id\":\"https:\/\/theplayoffs.news\/fr\/#\/schema\/person\/image\/\",\"url\":\"https:\/\/secure.gravatar.com\/avatar\/59a1e772205ce9fd255edfcafc93013736822e20261f294c5753b20c41ede9f2?s=96&d=mm&r=g\",\"contentUrl\":\"https:\/\/secure.gravatar.com\/avatar\/59a1e772205ce9fd255edfcafc93013736822e20261f294c5753b20c41ede9f2?s=96&d=mm&r=g\",\"caption\":\"Charles Taudin\"},\"description\":\"R\u00e9dacteur en chef global de The Playoffs, j\u2019ai cr\u00e9\u00e9 The Free Agent, devenu The Playoffs FR, en 2020 durant la pand\u00e9mie. Amoureux depuis des ann\u00e9es des 4 sports majeurs am\u00e9ricains, j\u2019organise maintenant la strat\u00e9gie \u00e9ditoriale et les r\u00e9seaux sociaux de l\u2019ensemble des versions de The Playoffs. Il m\u2019arrive encore d\u2019\u00e9crire sur certains sports que j\u2019affectionne particuli\u00e8rement comme la NFL ou la MLB. Si vous devez retenir qu\u2019une chose : Eli Manning est le vrai GOAT pour avoir battu deux fois Tom Brady.\",\"sameAs\":[\"https:\/\/www.instagram.com\/ctaudin_\/\"],\"url\":\"https:\/\/theplayoffs.news\/fr\/author\/charles-taudin\/\"}]}<\/script>\n<!-- \/ Yoast SEO plugin. -->","yoast_head_json":{"title":"Chet Walker : Mort de la l&eacute;gende des Chicago Bulls &agrave; 84 ans - The Playoffs FR","robots":{"index":"index","follow":"follow","max-snippet":"max-snippet:-1","max-image-preview":"max-image-preview:large","max-video-preview":"max-video-preview:-1"},"canonical":"https:\/\/theplayoffs.news\/fr\/actualite-nba\/chet-walker-mort-de-la-legende-des-chicago-bulls-a-84-ans\/","og_locale":"fr_FR","og_type":"article","og_title":"Chet Walker : Mort de la l&eacute;gende des Chicago Bulls &agrave; 84 ans - The Playoffs FR","og_url":"https:\/\/theplayoffs.news\/fr\/actualite-nba\/chet-walker-mort-de-la-legende-des-chicago-bulls-a-84-ans\/","og_site_name":"The Playoffs FR","article_publisher":"https:\/\/www.facebook.com\/TheFreeAgentFR\/","og_image":[{"width":1920,"height":1371,"url":"https:\/\/theplayoffs.news\/fr\/wp-content\/uploads\/2024\/06\/USATSI_4695390.jpg","type":"image\/jpeg"}],"author":"Charles Taudin","twitter_card":"summary_large_image","twitter_creator":"@TheFreeAgentFR","twitter_site":"@TheFreeAgentFR","twitter_misc":{"\u00c9crit par":"Charles Taudin","Dur\u00e9e de lecture estim\u00e9e":"1 minute"},"schema":{"@context":"https:\/\/schema.org","@graph":[{"@type":"WebPage","@id":"https:\/\/theplayoffs.news\/fr\/actualite-nba\/chet-walker-mort-de-la-legende-des-chicago-bulls-a-84-ans\/","url":"https:\/\/theplayoffs.news\/fr\/actualite-nba\/chet-walker-mort-de-la-legende-des-chicago-bulls-a-84-ans\/","name":"Chet Walker : Mort de la l\u00e9gende des Chicago Bulls \u00e0 84 ans - The Playoffs FR","isPartOf":{"@id":"https:\/\/theplayoffs.news\/fr\/#website"},"primaryImageOfPage":{"@id":"https:\/\/theplayoffs.news\/fr\/actualite-nba\/chet-walker-mort-de-la-legende-des-chicago-bulls-a-84-ans\/#primaryimage"},"image":{"@id":"https:\/\/theplayoffs.news\/fr\/actualite-nba\/chet-walker-mort-de-la-legende-des-chicago-bulls-a-84-ans\/#primaryimage"},"thumbnailUrl":"https:\/\/theplayoffs.news\/fr\/wp-content\/uploads\/2024\/06\/USATSI_4695390.jpg","datePublished":"2024-06-09T09:24:42+00:00","dateModified":"2024-06-09T09:24:42+00:00","author":{"@id":"https:\/\/theplayoffs.news\/fr\/#\/schema\/person\/eee5b69ad5d3c51cabe881c839dbe133"},"breadcrumb":{"@id":"https:\/\/theplayoffs.news\/fr\/actualite-nba\/chet-walker-mort-de-la-legende-des-chicago-bulls-a-84-ans\/#breadcrumb"},"inLanguage":"fr-FR","potentialAction":[{"@type":"ReadAction","target":["https:\/\/theplayoffs.news\/fr\/actualite-nba\/chet-walker-mort-de-la-legende-des-chicago-bulls-a-84-ans\/"]}]},{"@type":"ImageObject","inLanguage":"fr-FR","@id":"https:\/\/theplayoffs.news\/fr\/actualite-nba\/chet-walker-mort-de-la-legende-des-chicago-bulls-a-84-ans\/#primaryimage","url":"https:\/\/theplayoffs.news\/fr\/wp-content\/uploads\/2024\/06\/USATSI_4695390.jpg","contentUrl":"https:\/\/theplayoffs.news\/fr\/wp-content\/uploads\/2024\/06\/USATSI_4695390.jpg","width":1920,"height":1371,"caption":"Unknown date; Los Angeles, CA, USA; FILE PHOTO; Chicago Bulls forward Chet Walker (25) drives to the basket as he is defended by Los Angeles Lakers forward Jim McMillan (5) at the Forum. Mandatory Credit: Darryl Norenberg-USA TODAY Sports"},{"@type":"BreadcrumbList","@id":"https:\/\/theplayoffs.news\/fr\/actualite-nba\/chet-walker-mort-de-la-legende-des-chicago-bulls-a-84-ans\/#breadcrumb","itemListElement":[{"@type":"ListItem","position":1,"name":"Accueil","item":"https:\/\/theplayoffs.news\/fr\/"},{"@type":"ListItem","position":2,"name":"Chet Walker : Mort de la l\u00e9gende des Chicago Bulls \u00e0 84 ans"}]},{"@type":"WebSite","@id":"https:\/\/theplayoffs.news\/fr\/#website","url":"https:\/\/theplayoffs.news\/fr\/","name":"The Playoffs FR","description":"NBA-NFL-NHL-MLB","potentialAction":[{"@type":"SearchAction","target":{"@type":"EntryPoint","urlTemplate":"https:\/\/theplayoffs.news\/fr\/?s={search_term_string}"},"query-input":{"@type":"PropertyValueSpecification","valueRequired":true,"valueName":"search_term_string"}}],"inLanguage":"fr-FR"},{"@type":"Person","@id":"https:\/\/theplayoffs.news\/fr\/#\/schema\/person\/eee5b69ad5d3c51cabe881c839dbe133","name":"Charles Taudin","image":{"@type":"ImageObject","inLanguage":"fr-FR","@id":"https:\/\/theplayoffs.news\/fr\/#\/schema\/person\/image\/","url":"https:\/\/secure.gravatar.com\/avatar\/59a1e772205ce9fd255edfcafc93013736822e20261f294c5753b20c41ede9f2?s=96&d=mm&r=g","contentUrl":"https:\/\/secure.gravatar.com\/avatar\/59a1e772205ce9fd255edfcafc93013736822e20261f294c5753b20c41ede9f2?s=96&d=mm&r=g","caption":"Charles Taudin"},"description":"R\u00e9dacteur en chef global de The Playoffs, j\u2019ai cr\u00e9\u00e9 The Free Agent, devenu The Playoffs FR, en 2020 durant la pand\u00e9mie. Amoureux depuis des ann\u00e9es des 4 sports majeurs am\u00e9ricains, j\u2019organise maintenant la strat\u00e9gie \u00e9ditoriale et les r\u00e9seaux sociaux de l\u2019ensemble des versions de The Playoffs. Il m\u2019arrive encore d\u2019\u00e9crire sur certains sports que j\u2019affectionne particuli\u00e8rement comme la NFL ou la MLB. Si vous devez retenir qu\u2019une chose : Eli Manning est le vrai GOAT pour avoir battu deux fois Tom Brady.","sameAs":["https:\/\/www.instagram.com\/ctaudin_\/"],"url":"https:\/\/theplayoffs.news\/fr\/author\/charles-taudin\/"}]}},"_links":{"self":[{"href":"https:\/\/theplayoffs.news\/fr\/wp-json\/wp\/v2\/posts\/1437405","targetHints":{"allow":["GET"]}}],"collection":[{"href":"https:\/\/theplayoffs.news\/fr\/wp-json\/wp\/v2\/posts"}],"about":[{"href":"https:\/\/theplayoffs.news\/fr\/wp-json\/wp\/v2\/types\/post"}],"author":[{"embeddable":true,"href":"https:\/\/theplayoffs.news\/fr\/wp-json\/wp\/v2\/users\/13"}],"replies":[{"embeddable":true,"href":"https:\/\/theplayoffs.news\/fr\/wp-json\/wp\/v2\/comments?post=1437405"}],"version-history":[{"count":3,"href":"https:\/\/theplayoffs.news\/fr\/wp-json\/wp\/v2\/posts\/1437405\/revisions"}],"predecessor-version":[{"id":1437409,"href":"https:\/\/theplayoffs.news\/fr\/wp-json\/wp\/v2\/posts\/1437405\/revisions\/1437409"}],"wp:featuredmedia":[{"embeddable":true,"href":"https:\/\/theplayoffs.news\/fr\/wp-json\/wp\/v2\/media\/1437406"}],"wp:attachment":[{"href":"https:\/\/theplayoffs.news\/fr\/wp-json\/wp\/v2\/media?parent=1437405"}],"wp:term":[{"taxonomy":"category","embeddable":true,"href":"https:\/\/theplayoffs.news\/fr\/wp-json\/wp\/v2\/categories?post=1437405"},{"taxonomy":"post_tag","embeddable":true,"href":"https:\/\/theplayoffs.news\/fr\/wp-json\/wp\/v2\/tags?post=1437405"},{"taxonomy":"sport","embeddable":true,"href":"https:\/\/theplayoffs.news\/fr\/wp-json\/wp\/v2\/sport?post=1437405"},{"taxonomy":"saison","embeddable":true,"href":"https:\/\/theplayoffs.news\/fr\/wp-json\/wp\/v2\/saison?post=1437405"}],"curies":[{"name":"wp","href":"https:\/\/api.w.org\/{rel}","templated":true}]}}