{"id":1437254,"date":"2024-06-08T10:12:18","date_gmt":"2024-06-08T08:12:18","guid":{"rendered":"https:\/\/theplayoffs.news\/fr\/?p=1437254"},"modified":"2024-06-08T09:44:43","modified_gmt":"2024-06-08T07:44:43","slug":"bill-belichick-est-responsable-de-lechec-de-mac-jones-selon-damien-harris","status":"publish","type":"post","link":"https:\/\/theplayoffs.news\/fr\/actualite-nfl\/bill-belichick-est-responsable-de-lechec-de-mac-jones-selon-damien-harris\/","title":{"rendered":"Bill Belichick est responsable de l&rsquo;\u00e9chec de Mac Jones selon Damien Harris"},"content":{"rendered":"<h2>l&rsquo;ancien running back des Patriots de la Nouvelle-Angleterre n&rsquo;a pas mach&eacute; ses mots envers son ancien entra&icirc;neur, Bill Belichick.<\/h2><p>Pour lui, Bill Belichick n&rsquo;est rien de moins que responsable de l&rsquo;&eacute;chec de <a href=\"https:\/\/theplayoffs.news\/fr\/joueur\/mac-jones-nfl-8482928\/\" class=\"trk-cta-link\" data-cta-trk='{\"ctaType\":\"Link\",\"ctaSubType\":\"main\"}'><strong>Mac Jones<\/strong><\/a> aux Pats.<\/p><blockquote><p>&laquo; Ce qui est arriv&eacute; &agrave; Mac Jones en Nouvelle-Angleterre est d&ucirc; au fait que vous lui avez enlev&eacute; un coordinateur offensif qui l&rsquo;a fait devenir un Pro Bowler et qui nous a presque aid&eacute;s &agrave; gagner notre division avec un quarterback d&eacute;butant lors de sa premi&egrave;re ann&eacute;e &raquo;, <a href=\"https:\/\/www.youtube.com\/watch?v=lxRnmRVDzRs\" class=\"trk-cta-link\" data-cta-trk='{\"ctaType\":\"Link\",\"ctaSubType\":\"main\"}'>a d&eacute;clar&eacute; Harris<\/a>. &laquo;&nbsp;Et puis vous prenez &ndash; quand Josh McDaniels est parti &ndash; Matt Patricia, qui a entra&icirc;n&eacute; les d&eacute;fenses toute sa vie, et Joe Judge, qui a &eacute;t&eacute; entra&icirc;neur des &eacute;quipes sp&eacute;ciales, a entra&icirc;n&eacute; les receveurs &agrave; un moment donn&eacute;. Vous les mettez sur le terrain et vous vous dites : &laquo; H&eacute;, entra&icirc;nez ce gamin. C&rsquo;est un choix de premier tour, mais tant que vous lui apprenez ce que je dis, tout ira bien&nbsp;&raquo;, et tout n&rsquo;allait pas bien.<\/p>\n<p>&laquo;&nbsp;C&rsquo;est comme le souffle de Mac Jones en Nouvelle-Angleterre, c&rsquo;est venu et c&rsquo;est reparti et &ccedil;a n&rsquo;aurait pas d&ucirc; se passer comme &ccedil;a.&nbsp;&raquo;<\/p><\/blockquote><p>Ces d&eacute;clarations ne manqueront sans doute pas de faire r&eacute;agir les fans des Patriots. Certains iront sans doute dans le sens de Damien Harris ajoutant qu&rsquo;il n&rsquo;a pas assez bien &eacute;t&eacute; entour&eacute; et d&rsquo;autre diront que malgr&eacute; tout cela, Mac Jones n&rsquo;avait peut-&ecirc;tre pas le talent n&eacute;cessaire pour devenir le quarterback de franchise esp&eacute;r&eacute;.<\/p><p>&Agrave; pr&eacute;sent, la page Jones est tourn&eacute;e &agrave; New-England, Drake Maye ayant &eacute;t&eacute; draft&eacute; au premier tour de la draft NFL 2024.<\/p><p>&nbsp;<\/p><div class=\"modal-image-setImageMetadata\">\n<p class=\"ng-binding\">Cr&eacute;dit photo : Bob Breidenbach \/ USA TODAY NETWORK<\/p>\n<\/div>\n","protected":false},"excerpt":{"rendered":"","protected":false},"author":13,"featured_media":1437256,"comment_status":"open","ping_status":"closed","sticky":false,"template":"","format":"standard","meta":{"inline_featured_image":false,"kia_subtitle":"","_mux_skip_reasons":[],"proofreadBy":0,"footnotes":""},"categories":[118,40],"tags":[879,5711,622],"sport":[],"saison":[],"class_list":["post-1437254","post","type-post","status-publish","format-standard","has-post-thumbnail","hentry","category-actualite-nfl","category-nfl","tag-bill-belichick","tag-damien-harris","tag-new-england-patriots"],"acf":[],"yoast_head":"<!-- This site is optimized with the Yoast SEO plugin v24.2 - https:\/\/yoast.com\/wordpress\/plugins\/seo\/ -->\n<title>Bill Belichick est responsable de l&#039;&eacute;chec de Mac Jones selon Damien Harris - The Playoffs FR<\/title>\n<meta name=\"robots\" content=\"index, follow, max-snippet:-1, max-image-preview:large, max-video-preview:-1\" \/>\n<link rel=\"canonical\" href=\"https:\/\/theplayoffs.news\/fr\/actualite-nfl\/bill-belichick-est-responsable-de-lechec-de-mac-jones-selon-damien-harris\/\" \/>\n<meta property=\"og:locale\" content=\"fr_FR\" \/>\n<meta property=\"og:type\" content=\"article\" \/>\n<meta property=\"og:title\" content=\"Bill Belichick est responsable de l&#039;&eacute;chec de Mac Jones selon Damien Harris - The Playoffs FR\" \/>\n<meta property=\"og:url\" content=\"https:\/\/theplayoffs.news\/fr\/actualite-nfl\/bill-belichick-est-responsable-de-lechec-de-mac-jones-selon-damien-harris\/\" \/>\n<meta property=\"og:site_name\" content=\"The Playoffs FR\" \/>\n<meta property=\"article:publisher\" content=\"https:\/\/www.facebook.com\/TheFreeAgentFR\/\" \/>\n<meta property=\"article:modified_time\" content=\"2024-06-08T10:12:18+02:00\" \/>\n<meta property=\"og:image\" content=\"https:\/\/theplayoffs.news\/fr\/wp-content\/uploads\/2024\/06\/USATSI_23109272-1.jpg\" \/>\n\t<meta property=\"og:image:width\" content=\"1920\" \/>\n\t<meta property=\"og:image:height\" content=\"1600\" \/>\n\t<meta property=\"og:image:type\" content=\"image\/jpeg\" \/>\n<meta name=\"author\" content=\"Charles Taudin\" \/>\n<meta name=\"twitter:card\" content=\"summary_large_image\" \/>\n<meta name=\"twitter:creator\" content=\"@TheFreeAgentFR\" \/>\n<meta name=\"twitter:site\" content=\"@TheFreeAgentFR\" \/>\n<meta name=\"twitter:label1\" content=\"\u00c9crit par\" \/>\n\t<meta name=\"twitter:data1\" content=\"Charles Taudin\" \/>\n\t<meta name=\"twitter:label2\" content=\"Dur\u00e9e de lecture estim\u00e9e\" \/>\n\t<meta name=\"twitter:data2\" content=\"1 minute\" \/>\n<script type=\"application\/ld+json\" class=\"yoast-schema-graph\">{\"@context\":\"https:\/\/schema.org\",\"@graph\":[{\"@type\":\"WebPage\",\"@id\":\"https:\/\/theplayoffs.news\/fr\/actualite-nfl\/bill-belichick-est-responsable-de-lechec-de-mac-jones-selon-damien-harris\/\",\"url\":\"https:\/\/theplayoffs.news\/fr\/actualite-nfl\/bill-belichick-est-responsable-de-lechec-de-mac-jones-selon-damien-harris\/\",\"name\":\"Bill Belichick est responsable de l\\\\'\u00e9chec de Mac Jones selon Damien Harris - The Playoffs FR\",\"isPartOf\":{\"@id\":\"https:\/\/theplayoffs.news\/fr\/#website\"},\"primaryImageOfPage\":{\"@id\":\"https:\/\/theplayoffs.news\/fr\/actualite-nfl\/bill-belichick-est-responsable-de-lechec-de-mac-jones-selon-damien-harris\/#primaryimage\"},\"image\":{\"@id\":\"https:\/\/theplayoffs.news\/fr\/actualite-nfl\/bill-belichick-est-responsable-de-lechec-de-mac-jones-selon-damien-harris\/#primaryimage\"},\"thumbnailUrl\":\"https:\/\/theplayoffs.news\/fr\/wp-content\/uploads\/2024\/06\/USATSI_23109272-1.jpg\",\"datePublished\":\"2024-06-08T08:12:18+00:00\",\"dateModified\":\"2024-06-08T10:12:18+02:00\",\"author\":{\"@id\":\"https:\/\/theplayoffs.news\/fr\/#\/schema\/person\/eee5b69ad5d3c51cabe881c839dbe133\"},\"breadcrumb\":{\"@id\":\"https:\/\/theplayoffs.news\/fr\/actualite-nfl\/bill-belichick-est-responsable-de-lechec-de-mac-jones-selon-damien-harris\/#breadcrumb\"},\"inLanguage\":\"fr-FR\",\"potentialAction\":[{\"@type\":\"ReadAction\",\"target\":[\"https:\/\/theplayoffs.news\/fr\/actualite-nfl\/bill-belichick-est-responsable-de-lechec-de-mac-jones-selon-damien-harris\/\"]}]},{\"@type\":\"ImageObject\",\"inLanguage\":\"fr-FR\",\"@id\":\"https:\/\/theplayoffs.news\/fr\/actualite-nfl\/bill-belichick-est-responsable-de-lechec-de-mac-jones-selon-damien-harris\/#primaryimage\",\"url\":\"https:\/\/theplayoffs.news\/fr\/wp-content\/uploads\/2024\/06\/USATSI_23109272-1.jpg\",\"contentUrl\":\"https:\/\/theplayoffs.news\/fr\/wp-content\/uploads\/2024\/06\/USATSI_23109272-1.jpg\",\"width\":1920,\"height\":1600,\"caption\":\"Bill Belichick smiles during questions at a press conference.\"},{\"@type\":\"BreadcrumbList\",\"@id\":\"https:\/\/theplayoffs.news\/fr\/actualite-nfl\/bill-belichick-est-responsable-de-lechec-de-mac-jones-selon-damien-harris\/#breadcrumb\",\"itemListElement\":[{\"@type\":\"ListItem\",\"position\":1,\"name\":\"Accueil\",\"item\":\"https:\/\/theplayoffs.news\/fr\/\"},{\"@type\":\"ListItem\",\"position\":2,\"name\":\"Bill Belichick est responsable de l&rsquo;\u00e9chec de Mac Jones selon Damien Harris\"}]},{\"@type\":\"WebSite\",\"@id\":\"https:\/\/theplayoffs.news\/fr\/#website\",\"url\":\"https:\/\/theplayoffs.news\/fr\/\",\"name\":\"The Playoffs FR\",\"description\":\"NBA-NFL-NHL-MLB\",\"potentialAction\":[{\"@type\":\"SearchAction\",\"target\":{\"@type\":\"EntryPoint\",\"urlTemplate\":\"https:\/\/theplayoffs.news\/fr\/?s={search_term_string}\"},\"query-input\":{\"@type\":\"PropertyValueSpecification\",\"valueRequired\":true,\"valueName\":\"search_term_string\"}}],\"inLanguage\":\"fr-FR\"},{\"@type\":\"Person\",\"@id\":\"https:\/\/theplayoffs.news\/fr\/#\/schema\/person\/eee5b69ad5d3c51cabe881c839dbe133\",\"name\":\"Charles Taudin\",\"image\":{\"@type\":\"ImageObject\",\"inLanguage\":\"fr-FR\",\"@id\":\"https:\/\/theplayoffs.news\/fr\/#\/schema\/person\/image\/\",\"url\":\"https:\/\/secure.gravatar.com\/avatar\/59a1e772205ce9fd255edfcafc93013736822e20261f294c5753b20c41ede9f2?s=96&d=mm&r=g\",\"contentUrl\":\"https:\/\/secure.gravatar.com\/avatar\/59a1e772205ce9fd255edfcafc93013736822e20261f294c5753b20c41ede9f2?s=96&d=mm&r=g\",\"caption\":\"Charles Taudin\"},\"description\":\"R\u00e9dacteur en chef global de The Playoffs, j\u2019ai cr\u00e9\u00e9 The Free Agent, devenu The Playoffs FR, en 2020 durant la pand\u00e9mie. Amoureux depuis des ann\u00e9es des 4 sports majeurs am\u00e9ricains, j\u2019organise maintenant la strat\u00e9gie \u00e9ditoriale et les r\u00e9seaux sociaux de l\u2019ensemble des versions de The Playoffs. Il m\u2019arrive encore d\u2019\u00e9crire sur certains sports que j\u2019affectionne particuli\u00e8rement comme la NFL ou la MLB. Si vous devez retenir qu\u2019une chose : Eli Manning est le vrai GOAT pour avoir battu deux fois Tom Brady.\",\"sameAs\":[\"https:\/\/www.instagram.com\/ctaudin_\/\"],\"url\":\"https:\/\/theplayoffs.news\/fr\/author\/charles-taudin\/\"}]}<\/script>\n<!-- \/ Yoast SEO plugin. -->","yoast_head_json":{"title":"Bill Belichick est responsable de l&#039;&eacute;chec de Mac Jones selon Damien Harris - The Playoffs FR","robots":{"index":"index","follow":"follow","max-snippet":"max-snippet:-1","max-image-preview":"max-image-preview:large","max-video-preview":"max-video-preview:-1"},"canonical":"https:\/\/theplayoffs.news\/fr\/actualite-nfl\/bill-belichick-est-responsable-de-lechec-de-mac-jones-selon-damien-harris\/","og_locale":"fr_FR","og_type":"article","og_title":"Bill Belichick est responsable de l&#039;&eacute;chec de Mac Jones selon Damien Harris - The Playoffs FR","og_url":"https:\/\/theplayoffs.news\/fr\/actualite-nfl\/bill-belichick-est-responsable-de-lechec-de-mac-jones-selon-damien-harris\/","og_site_name":"The Playoffs FR","article_publisher":"https:\/\/www.facebook.com\/TheFreeAgentFR\/","article_modified_time":"2024-06-08T07:44:43+00:00","og_image":[{"width":1920,"height":1600,"url":"https:\/\/theplayoffs.news\/fr\/wp-content\/uploads\/2024\/06\/USATSI_23109272-1.jpg","type":"image\/jpeg"}],"author":"Charles Taudin","twitter_card":"summary_large_image","twitter_creator":"@TheFreeAgentFR","twitter_site":"@TheFreeAgentFR","twitter_misc":{"\u00c9crit par":"Charles Taudin","Dur\u00e9e de lecture estim\u00e9e":"1 minute"},"schema":{"@context":"https:\/\/schema.org","@graph":[{"@type":"WebPage","@id":"https:\/\/theplayoffs.news\/fr\/actualite-nfl\/bill-belichick-est-responsable-de-lechec-de-mac-jones-selon-damien-harris\/","url":"https:\/\/theplayoffs.news\/fr\/actualite-nfl\/bill-belichick-est-responsable-de-lechec-de-mac-jones-selon-damien-harris\/","name":"Bill Belichick est responsable de l\\'\u00e9chec de Mac Jones selon Damien Harris - The Playoffs FR","isPartOf":{"@id":"https:\/\/theplayoffs.news\/fr\/#website"},"primaryImageOfPage":{"@id":"https:\/\/theplayoffs.news\/fr\/actualite-nfl\/bill-belichick-est-responsable-de-lechec-de-mac-jones-selon-damien-harris\/#primaryimage"},"image":{"@id":"https:\/\/theplayoffs.news\/fr\/actualite-nfl\/bill-belichick-est-responsable-de-lechec-de-mac-jones-selon-damien-harris\/#primaryimage"},"thumbnailUrl":"https:\/\/theplayoffs.news\/fr\/wp-content\/uploads\/2024\/06\/USATSI_23109272-1.jpg","datePublished":"2024-06-08T08:12:18+00:00","dateModified":"2024-06-08T10:12:18+02:00","author":{"@id":"https:\/\/theplayoffs.news\/fr\/#\/schema\/person\/eee5b69ad5d3c51cabe881c839dbe133"},"breadcrumb":{"@id":"https:\/\/theplayoffs.news\/fr\/actualite-nfl\/bill-belichick-est-responsable-de-lechec-de-mac-jones-selon-damien-harris\/#breadcrumb"},"inLanguage":"fr-FR","potentialAction":[{"@type":"ReadAction","target":["https:\/\/theplayoffs.news\/fr\/actualite-nfl\/bill-belichick-est-responsable-de-lechec-de-mac-jones-selon-damien-harris\/"]}]},{"@type":"ImageObject","inLanguage":"fr-FR","@id":"https:\/\/theplayoffs.news\/fr\/actualite-nfl\/bill-belichick-est-responsable-de-lechec-de-mac-jones-selon-damien-harris\/#primaryimage","url":"https:\/\/theplayoffs.news\/fr\/wp-content\/uploads\/2024\/06\/USATSI_23109272-1.jpg","contentUrl":"https:\/\/theplayoffs.news\/fr\/wp-content\/uploads\/2024\/06\/USATSI_23109272-1.jpg","width":1920,"height":1600,"caption":"Bill Belichick smiles during questions at a press conference."},{"@type":"BreadcrumbList","@id":"https:\/\/theplayoffs.news\/fr\/actualite-nfl\/bill-belichick-est-responsable-de-lechec-de-mac-jones-selon-damien-harris\/#breadcrumb","itemListElement":[{"@type":"ListItem","position":1,"name":"Accueil","item":"https:\/\/theplayoffs.news\/fr\/"},{"@type":"ListItem","position":2,"name":"Bill Belichick est responsable de l&rsquo;\u00e9chec de Mac Jones selon Damien Harris"}]},{"@type":"WebSite","@id":"https:\/\/theplayoffs.news\/fr\/#website","url":"https:\/\/theplayoffs.news\/fr\/","name":"The Playoffs FR","description":"NBA-NFL-NHL-MLB","potentialAction":[{"@type":"SearchAction","target":{"@type":"EntryPoint","urlTemplate":"https:\/\/theplayoffs.news\/fr\/?s={search_term_string}"},"query-input":{"@type":"PropertyValueSpecification","valueRequired":true,"valueName":"search_term_string"}}],"inLanguage":"fr-FR"},{"@type":"Person","@id":"https:\/\/theplayoffs.news\/fr\/#\/schema\/person\/eee5b69ad5d3c51cabe881c839dbe133","name":"Charles Taudin","image":{"@type":"ImageObject","inLanguage":"fr-FR","@id":"https:\/\/theplayoffs.news\/fr\/#\/schema\/person\/image\/","url":"https:\/\/secure.gravatar.com\/avatar\/59a1e772205ce9fd255edfcafc93013736822e20261f294c5753b20c41ede9f2?s=96&d=mm&r=g","contentUrl":"https:\/\/secure.gravatar.com\/avatar\/59a1e772205ce9fd255edfcafc93013736822e20261f294c5753b20c41ede9f2?s=96&d=mm&r=g","caption":"Charles Taudin"},"description":"R\u00e9dacteur en chef global de The Playoffs, j\u2019ai cr\u00e9\u00e9 The Free Agent, devenu The Playoffs FR, en 2020 durant la pand\u00e9mie. Amoureux depuis des ann\u00e9es des 4 sports majeurs am\u00e9ricains, j\u2019organise maintenant la strat\u00e9gie \u00e9ditoriale et les r\u00e9seaux sociaux de l\u2019ensemble des versions de The Playoffs. Il m\u2019arrive encore d\u2019\u00e9crire sur certains sports que j\u2019affectionne particuli\u00e8rement comme la NFL ou la MLB. Si vous devez retenir qu\u2019une chose : Eli Manning est le vrai GOAT pour avoir battu deux fois Tom Brady.","sameAs":["https:\/\/www.instagram.com\/ctaudin_\/"],"url":"https:\/\/theplayoffs.news\/fr\/author\/charles-taudin\/"}]}},"_links":{"self":[{"href":"https:\/\/theplayoffs.news\/fr\/wp-json\/wp\/v2\/posts\/1437254","targetHints":{"allow":["GET"]}}],"collection":[{"href":"https:\/\/theplayoffs.news\/fr\/wp-json\/wp\/v2\/posts"}],"about":[{"href":"https:\/\/theplayoffs.news\/fr\/wp-json\/wp\/v2\/types\/post"}],"author":[{"embeddable":true,"href":"https:\/\/theplayoffs.news\/fr\/wp-json\/wp\/v2\/users\/13"}],"replies":[{"embeddable":true,"href":"https:\/\/theplayoffs.news\/fr\/wp-json\/wp\/v2\/comments?post=1437254"}],"version-history":[{"count":3,"href":"https:\/\/theplayoffs.news\/fr\/wp-json\/wp\/v2\/posts\/1437254\/revisions"}],"predecessor-version":[{"id":1437259,"href":"https:\/\/theplayoffs.news\/fr\/wp-json\/wp\/v2\/posts\/1437254\/revisions\/1437259"}],"wp:featuredmedia":[{"embeddable":true,"href":"https:\/\/theplayoffs.news\/fr\/wp-json\/wp\/v2\/media\/1437256"}],"wp:attachment":[{"href":"https:\/\/theplayoffs.news\/fr\/wp-json\/wp\/v2\/media?parent=1437254"}],"wp:term":[{"taxonomy":"category","embeddable":true,"href":"https:\/\/theplayoffs.news\/fr\/wp-json\/wp\/v2\/categories?post=1437254"},{"taxonomy":"post_tag","embeddable":true,"href":"https:\/\/theplayoffs.news\/fr\/wp-json\/wp\/v2\/tags?post=1437254"},{"taxonomy":"sport","embeddable":true,"href":"https:\/\/theplayoffs.news\/fr\/wp-json\/wp\/v2\/sport?post=1437254"},{"taxonomy":"saison","embeddable":true,"href":"https:\/\/theplayoffs.news\/fr\/wp-json\/wp\/v2\/saison?post=1437254"}],"curies":[{"name":"wp","href":"https:\/\/api.w.org\/{rel}","templated":true}]}}