{"id":1437248,"date":"2024-06-08T09:41:58","date_gmt":"2024-06-08T07:41:58","guid":{"rendered":"https:\/\/theplayoffs.news\/fr\/?p=1437248"},"modified":"2024-06-08T09:43:39","modified_gmt":"2024-06-08T07:43:39","slug":"dan-campbell-plus-dadaptabilite-en-attaque","status":"publish","type":"post","link":"https:\/\/theplayoffs.news\/fr\/actualite-nfl\/dan-campbell-plus-dadaptabilite-en-attaque\/","title":{"rendered":"Dan Campbell : plus d&rsquo;adaptabilit\u00e9 en attaque"},"content":{"rendered":"<h2>2024 va &ecirc;tre une ann&eacute;e importante pour les Lions de Dan Campbell apr&egrave;s une saison 2023 exceptionnelle.<\/h2><p>Comme dans toute &eacute;quipe, il y a de la place pour l&rsquo;am&eacute;lioration, des petits d&eacute;tails qui peuvent vous faire passer un cap suppl&eacute;mentaire.<\/p><p>Finaliste de conf&eacute;rence l&rsquo;an dernier face aux 49ers, les Lions ont &eacute;chou&eacute; de peu &agrave; participer &agrave; leur premier Super Bowl. Dan Campbell le sait tr&egrave;s bien, le diable se trouve dans les d&eacute;tails. Et il y en a un qu&rsquo;il souhaite voir s&rsquo;am&eacute;liorer la saison &agrave; venir : l&rsquo;adaptabilit&eacute;.<\/p><blockquote><p>&laquo; Ce sont les petites choses qui nous permettent de progresser offensivement et d&eacute;fensivement &raquo;, a d&eacute;clar&eacute; Campbell, <a href=\"https:\/\/www.si.com\/nfl\/lions\/news\/dan-campbell-we-cant-do-the-ron-burgundy\" class=\"trk-cta-link\" data-cta-trk='{\"ctaType\":\"Link\",\"ctaSubType\":\"main\"}'>par l&rsquo;interm&eacute;diaire de Christian Booher de All Lions<\/a>. &laquo;&nbsp;Nous savons ce qui est &eacute;crit sur le papier, mais nous ne pouvons pas jouer les Ron Burgundy. Nous savons ce qui est &eacute;crit sur le papier, mais nous ne pouvons pas faire comme Ron Burgundy. Nous ne pouvons pas continuer &agrave; lire le t&eacute;l&eacute;prompteur. C&rsquo;est la prochaine &eacute;tape, la prochaine &eacute;volution, parce que c&rsquo;est ce que San Francisco nous a fait, franchement. Ils ont jou&eacute; &agrave; un autre niveau&nbsp;&raquo;.<\/p><\/blockquote><p>Leur finale perdue face aux 49ers aura &eacute;t&eacute; sans doute tr&egrave;s riche en exp&eacute;rience, eux qui menaient &agrave; la pause assez largement. Savori s&rsquo;adapter sera crucial &agrave; mesure que la saison avancera et que les adversaires seront de mieux en mieux pr&eacute;par&eacute;s.<\/p><p>Les Lions et <a href=\"https:\/\/theplayoffs.news\/fr\/nfl\/dan-campbell-prolonge-jusquen-2027\/\" class=\"trk-cta-link\" data-cta-trk='{\"ctaType\":\"Link\",\"ctaSubType\":\"main\"}'><strong>Dan Campbell<\/strong><\/a> ne perdent pas de vue leur objectif pour 2024 : Le Super Bowl.<\/p><p>&nbsp;<\/p><div class=\"modal-image-setImageMetadata\">\n<p class=\"ng-binding\">Cr&eacute;dit Photo : Junfu Han \/ USA TODAY NETWORK<\/p>\n<\/div>\n","protected":false},"excerpt":{"rendered":"","protected":false},"author":13,"featured_media":1437250,"comment_status":"open","ping_status":"closed","sticky":false,"template":"","format":"standard","meta":{"inline_featured_image":false,"kia_subtitle":"","_mux_skip_reasons":[],"proofreadBy":0,"footnotes":""},"categories":[118,40],"tags":[1814,134],"sport":[],"saison":[],"class_list":["post-1437248","post","type-post","status-publish","format-standard","has-post-thumbnail","hentry","category-actualite-nfl","category-nfl","tag-dan-campbell","tag-detroit-lions"],"acf":[],"yoast_head":"<!-- This site is optimized with the Yoast SEO plugin v24.2 - https:\/\/yoast.com\/wordpress\/plugins\/seo\/ -->\n<title>Dan Campbell : plus d&#039;adaptabilit&eacute; en attaque - The Playoffs FR<\/title>\n<meta name=\"robots\" content=\"index, follow, max-snippet:-1, max-image-preview:large, max-video-preview:-1\" \/>\n<link rel=\"canonical\" href=\"https:\/\/theplayoffs.news\/fr\/actualite-nfl\/dan-campbell-plus-dadaptabilite-en-attaque\/\" \/>\n<meta property=\"og:locale\" content=\"fr_FR\" \/>\n<meta property=\"og:type\" content=\"article\" \/>\n<meta property=\"og:title\" content=\"Dan Campbell : plus d&#039;adaptabilit&eacute; en attaque - The Playoffs FR\" \/>\n<meta property=\"og:url\" content=\"https:\/\/theplayoffs.news\/fr\/actualite-nfl\/dan-campbell-plus-dadaptabilite-en-attaque\/\" \/>\n<meta property=\"og:site_name\" content=\"The Playoffs FR\" \/>\n<meta property=\"article:publisher\" content=\"https:\/\/www.facebook.com\/TheFreeAgentFR\/\" \/>\n<meta property=\"article:modified_time\" content=\"2024-06-08T09:43:39+02:00\" \/>\n<meta property=\"og:image\" content=\"https:\/\/theplayoffs.news\/fr\/wp-content\/uploads\/2024\/06\/USATSI_23467993.jpg\" \/>\n\t<meta property=\"og:image:width\" content=\"1920\" \/>\n\t<meta property=\"og:image:height\" content=\"1280\" \/>\n\t<meta property=\"og:image:type\" content=\"image\/jpeg\" \/>\n<meta name=\"author\" content=\"Charles Taudin\" \/>\n<meta name=\"twitter:card\" content=\"summary_large_image\" \/>\n<meta name=\"twitter:creator\" content=\"@TheFreeAgentFR\" \/>\n<meta name=\"twitter:site\" content=\"@TheFreeAgentFR\" \/>\n<meta name=\"twitter:label1\" content=\"\u00c9crit par\" \/>\n\t<meta name=\"twitter:data1\" content=\"Charles Taudin\" \/>\n\t<meta name=\"twitter:label2\" content=\"Dur\u00e9e de lecture estim\u00e9e\" \/>\n\t<meta name=\"twitter:data2\" content=\"1 minute\" \/>\n<script type=\"application\/ld+json\" class=\"yoast-schema-graph\">{\"@context\":\"https:\/\/schema.org\",\"@graph\":[{\"@type\":\"WebPage\",\"@id\":\"https:\/\/theplayoffs.news\/fr\/actualite-nfl\/dan-campbell-plus-dadaptabilite-en-attaque\/\",\"url\":\"https:\/\/theplayoffs.news\/fr\/actualite-nfl\/dan-campbell-plus-dadaptabilite-en-attaque\/\",\"name\":\"Dan Campbell : plus d\\\\'adaptabilit\u00e9 en attaque - The Playoffs FR\",\"isPartOf\":{\"@id\":\"https:\/\/theplayoffs.news\/fr\/#website\"},\"primaryImageOfPage\":{\"@id\":\"https:\/\/theplayoffs.news\/fr\/actualite-nfl\/dan-campbell-plus-dadaptabilite-en-attaque\/#primaryimage\"},\"image\":{\"@id\":\"https:\/\/theplayoffs.news\/fr\/actualite-nfl\/dan-campbell-plus-dadaptabilite-en-attaque\/#primaryimage\"},\"thumbnailUrl\":\"https:\/\/theplayoffs.news\/fr\/wp-content\/uploads\/2024\/06\/USATSI_23467993.jpg\",\"datePublished\":\"2024-06-08T07:41:58+00:00\",\"dateModified\":\"2024-06-08T07:43:39+00:00\",\"author\":{\"@id\":\"https:\/\/theplayoffs.news\/fr\/#\/schema\/person\/eee5b69ad5d3c51cabe881c839dbe133\"},\"breadcrumb\":{\"@id\":\"https:\/\/theplayoffs.news\/fr\/actualite-nfl\/dan-campbell-plus-dadaptabilite-en-attaque\/#breadcrumb\"},\"inLanguage\":\"fr-FR\",\"potentialAction\":[{\"@type\":\"ReadAction\",\"target\":[\"https:\/\/theplayoffs.news\/fr\/actualite-nfl\/dan-campbell-plus-dadaptabilite-en-attaque\/\"]}]},{\"@type\":\"ImageObject\",\"inLanguage\":\"fr-FR\",\"@id\":\"https:\/\/theplayoffs.news\/fr\/actualite-nfl\/dan-campbell-plus-dadaptabilite-en-attaque\/#primaryimage\",\"url\":\"https:\/\/theplayoffs.news\/fr\/wp-content\/uploads\/2024\/06\/USATSI_23467993.jpg\",\"contentUrl\":\"https:\/\/theplayoffs.news\/fr\/wp-content\/uploads\/2024\/06\/USATSI_23467993.jpg\",\"width\":1920,\"height\":1280,\"caption\":\"Detroit Lions head coach Dan Campbell speaks during mini camp at Detroit Lions headquarters and practice facility in Allen Park on Tuesday, June 4, 2024.\"},{\"@type\":\"BreadcrumbList\",\"@id\":\"https:\/\/theplayoffs.news\/fr\/actualite-nfl\/dan-campbell-plus-dadaptabilite-en-attaque\/#breadcrumb\",\"itemListElement\":[{\"@type\":\"ListItem\",\"position\":1,\"name\":\"Accueil\",\"item\":\"https:\/\/theplayoffs.news\/fr\/\"},{\"@type\":\"ListItem\",\"position\":2,\"name\":\"Dan Campbell : plus d&rsquo;adaptabilit\u00e9 en attaque\"}]},{\"@type\":\"WebSite\",\"@id\":\"https:\/\/theplayoffs.news\/fr\/#website\",\"url\":\"https:\/\/theplayoffs.news\/fr\/\",\"name\":\"The Playoffs FR\",\"description\":\"NBA-NFL-NHL-MLB\",\"potentialAction\":[{\"@type\":\"SearchAction\",\"target\":{\"@type\":\"EntryPoint\",\"urlTemplate\":\"https:\/\/theplayoffs.news\/fr\/?s={search_term_string}\"},\"query-input\":{\"@type\":\"PropertyValueSpecification\",\"valueRequired\":true,\"valueName\":\"search_term_string\"}}],\"inLanguage\":\"fr-FR\"},{\"@type\":\"Person\",\"@id\":\"https:\/\/theplayoffs.news\/fr\/#\/schema\/person\/eee5b69ad5d3c51cabe881c839dbe133\",\"name\":\"Charles Taudin\",\"image\":{\"@type\":\"ImageObject\",\"inLanguage\":\"fr-FR\",\"@id\":\"https:\/\/theplayoffs.news\/fr\/#\/schema\/person\/image\/\",\"url\":\"https:\/\/secure.gravatar.com\/avatar\/59a1e772205ce9fd255edfcafc93013736822e20261f294c5753b20c41ede9f2?s=96&d=mm&r=g\",\"contentUrl\":\"https:\/\/secure.gravatar.com\/avatar\/59a1e772205ce9fd255edfcafc93013736822e20261f294c5753b20c41ede9f2?s=96&d=mm&r=g\",\"caption\":\"Charles Taudin\"},\"description\":\"R\u00e9dacteur en chef global de The Playoffs, j\u2019ai cr\u00e9\u00e9 The Free Agent, devenu The Playoffs FR, en 2020 durant la pand\u00e9mie. Amoureux depuis des ann\u00e9es des 4 sports majeurs am\u00e9ricains, j\u2019organise maintenant la strat\u00e9gie \u00e9ditoriale et les r\u00e9seaux sociaux de l\u2019ensemble des versions de The Playoffs. Il m\u2019arrive encore d\u2019\u00e9crire sur certains sports que j\u2019affectionne particuli\u00e8rement comme la NFL ou la MLB. Si vous devez retenir qu\u2019une chose : Eli Manning est le vrai GOAT pour avoir battu deux fois Tom Brady.\",\"sameAs\":[\"https:\/\/www.instagram.com\/ctaudin_\/\"],\"url\":\"https:\/\/theplayoffs.news\/fr\/author\/charles-taudin\/\"}]}<\/script>\n<!-- \/ Yoast SEO plugin. -->","yoast_head_json":{"title":"Dan Campbell : plus d&#039;adaptabilit&eacute; en attaque - The Playoffs FR","robots":{"index":"index","follow":"follow","max-snippet":"max-snippet:-1","max-image-preview":"max-image-preview:large","max-video-preview":"max-video-preview:-1"},"canonical":"https:\/\/theplayoffs.news\/fr\/actualite-nfl\/dan-campbell-plus-dadaptabilite-en-attaque\/","og_locale":"fr_FR","og_type":"article","og_title":"Dan Campbell : plus d&#039;adaptabilit&eacute; en attaque - The Playoffs FR","og_url":"https:\/\/theplayoffs.news\/fr\/actualite-nfl\/dan-campbell-plus-dadaptabilite-en-attaque\/","og_site_name":"The Playoffs FR","article_publisher":"https:\/\/www.facebook.com\/TheFreeAgentFR\/","article_modified_time":"2024-06-08T07:43:39+00:00","og_image":[{"width":1920,"height":1280,"url":"https:\/\/theplayoffs.news\/fr\/wp-content\/uploads\/2024\/06\/USATSI_23467993.jpg","type":"image\/jpeg"}],"author":"Charles Taudin","twitter_card":"summary_large_image","twitter_creator":"@TheFreeAgentFR","twitter_site":"@TheFreeAgentFR","twitter_misc":{"\u00c9crit par":"Charles Taudin","Dur\u00e9e de lecture estim\u00e9e":"1 minute"},"schema":{"@context":"https:\/\/schema.org","@graph":[{"@type":"WebPage","@id":"https:\/\/theplayoffs.news\/fr\/actualite-nfl\/dan-campbell-plus-dadaptabilite-en-attaque\/","url":"https:\/\/theplayoffs.news\/fr\/actualite-nfl\/dan-campbell-plus-dadaptabilite-en-attaque\/","name":"Dan Campbell : plus d\\'adaptabilit\u00e9 en attaque - The Playoffs FR","isPartOf":{"@id":"https:\/\/theplayoffs.news\/fr\/#website"},"primaryImageOfPage":{"@id":"https:\/\/theplayoffs.news\/fr\/actualite-nfl\/dan-campbell-plus-dadaptabilite-en-attaque\/#primaryimage"},"image":{"@id":"https:\/\/theplayoffs.news\/fr\/actualite-nfl\/dan-campbell-plus-dadaptabilite-en-attaque\/#primaryimage"},"thumbnailUrl":"https:\/\/theplayoffs.news\/fr\/wp-content\/uploads\/2024\/06\/USATSI_23467993.jpg","datePublished":"2024-06-08T07:41:58+00:00","dateModified":"2024-06-08T07:43:39+00:00","author":{"@id":"https:\/\/theplayoffs.news\/fr\/#\/schema\/person\/eee5b69ad5d3c51cabe881c839dbe133"},"breadcrumb":{"@id":"https:\/\/theplayoffs.news\/fr\/actualite-nfl\/dan-campbell-plus-dadaptabilite-en-attaque\/#breadcrumb"},"inLanguage":"fr-FR","potentialAction":[{"@type":"ReadAction","target":["https:\/\/theplayoffs.news\/fr\/actualite-nfl\/dan-campbell-plus-dadaptabilite-en-attaque\/"]}]},{"@type":"ImageObject","inLanguage":"fr-FR","@id":"https:\/\/theplayoffs.news\/fr\/actualite-nfl\/dan-campbell-plus-dadaptabilite-en-attaque\/#primaryimage","url":"https:\/\/theplayoffs.news\/fr\/wp-content\/uploads\/2024\/06\/USATSI_23467993.jpg","contentUrl":"https:\/\/theplayoffs.news\/fr\/wp-content\/uploads\/2024\/06\/USATSI_23467993.jpg","width":1920,"height":1280,"caption":"Detroit Lions head coach Dan Campbell speaks during mini camp at Detroit Lions headquarters and practice facility in Allen Park on Tuesday, June 4, 2024."},{"@type":"BreadcrumbList","@id":"https:\/\/theplayoffs.news\/fr\/actualite-nfl\/dan-campbell-plus-dadaptabilite-en-attaque\/#breadcrumb","itemListElement":[{"@type":"ListItem","position":1,"name":"Accueil","item":"https:\/\/theplayoffs.news\/fr\/"},{"@type":"ListItem","position":2,"name":"Dan Campbell : plus d&rsquo;adaptabilit\u00e9 en attaque"}]},{"@type":"WebSite","@id":"https:\/\/theplayoffs.news\/fr\/#website","url":"https:\/\/theplayoffs.news\/fr\/","name":"The Playoffs FR","description":"NBA-NFL-NHL-MLB","potentialAction":[{"@type":"SearchAction","target":{"@type":"EntryPoint","urlTemplate":"https:\/\/theplayoffs.news\/fr\/?s={search_term_string}"},"query-input":{"@type":"PropertyValueSpecification","valueRequired":true,"valueName":"search_term_string"}}],"inLanguage":"fr-FR"},{"@type":"Person","@id":"https:\/\/theplayoffs.news\/fr\/#\/schema\/person\/eee5b69ad5d3c51cabe881c839dbe133","name":"Charles Taudin","image":{"@type":"ImageObject","inLanguage":"fr-FR","@id":"https:\/\/theplayoffs.news\/fr\/#\/schema\/person\/image\/","url":"https:\/\/secure.gravatar.com\/avatar\/59a1e772205ce9fd255edfcafc93013736822e20261f294c5753b20c41ede9f2?s=96&d=mm&r=g","contentUrl":"https:\/\/secure.gravatar.com\/avatar\/59a1e772205ce9fd255edfcafc93013736822e20261f294c5753b20c41ede9f2?s=96&d=mm&r=g","caption":"Charles Taudin"},"description":"R\u00e9dacteur en chef global de The Playoffs, j\u2019ai cr\u00e9\u00e9 The Free Agent, devenu The Playoffs FR, en 2020 durant la pand\u00e9mie. Amoureux depuis des ann\u00e9es des 4 sports majeurs am\u00e9ricains, j\u2019organise maintenant la strat\u00e9gie \u00e9ditoriale et les r\u00e9seaux sociaux de l\u2019ensemble des versions de The Playoffs. Il m\u2019arrive encore d\u2019\u00e9crire sur certains sports que j\u2019affectionne particuli\u00e8rement comme la NFL ou la MLB. Si vous devez retenir qu\u2019une chose : Eli Manning est le vrai GOAT pour avoir battu deux fois Tom Brady.","sameAs":["https:\/\/www.instagram.com\/ctaudin_\/"],"url":"https:\/\/theplayoffs.news\/fr\/author\/charles-taudin\/"}]}},"_links":{"self":[{"href":"https:\/\/theplayoffs.news\/fr\/wp-json\/wp\/v2\/posts\/1437248","targetHints":{"allow":["GET"]}}],"collection":[{"href":"https:\/\/theplayoffs.news\/fr\/wp-json\/wp\/v2\/posts"}],"about":[{"href":"https:\/\/theplayoffs.news\/fr\/wp-json\/wp\/v2\/types\/post"}],"author":[{"embeddable":true,"href":"https:\/\/theplayoffs.news\/fr\/wp-json\/wp\/v2\/users\/13"}],"replies":[{"embeddable":true,"href":"https:\/\/theplayoffs.news\/fr\/wp-json\/wp\/v2\/comments?post=1437248"}],"version-history":[{"count":3,"href":"https:\/\/theplayoffs.news\/fr\/wp-json\/wp\/v2\/posts\/1437248\/revisions"}],"predecessor-version":[{"id":1437253,"href":"https:\/\/theplayoffs.news\/fr\/wp-json\/wp\/v2\/posts\/1437248\/revisions\/1437253"}],"wp:featuredmedia":[{"embeddable":true,"href":"https:\/\/theplayoffs.news\/fr\/wp-json\/wp\/v2\/media\/1437250"}],"wp:attachment":[{"href":"https:\/\/theplayoffs.news\/fr\/wp-json\/wp\/v2\/media?parent=1437248"}],"wp:term":[{"taxonomy":"category","embeddable":true,"href":"https:\/\/theplayoffs.news\/fr\/wp-json\/wp\/v2\/categories?post=1437248"},{"taxonomy":"post_tag","embeddable":true,"href":"https:\/\/theplayoffs.news\/fr\/wp-json\/wp\/v2\/tags?post=1437248"},{"taxonomy":"sport","embeddable":true,"href":"https:\/\/theplayoffs.news\/fr\/wp-json\/wp\/v2\/sport?post=1437248"},{"taxonomy":"saison","embeddable":true,"href":"https:\/\/theplayoffs.news\/fr\/wp-json\/wp\/v2\/saison?post=1437248"}],"curies":[{"name":"wp","href":"https:\/\/api.w.org\/{rel}","templated":true}]}}