{"id":1437133,"date":"2024-06-07T10:55:55","date_gmt":"2024-06-07T08:55:55","guid":{"rendered":"https:\/\/theplayoffs.news\/fr\/?p=1437133"},"modified":"2024-06-07T10:55:55","modified_gmt":"2024-06-07T08:55:55","slug":"kristaps-porzingis-pose-un-vrai-probleme-pour-les-mavericks","status":"publish","type":"post","link":"https:\/\/theplayoffs.news\/fr\/actualite-nba\/kristaps-porzingis-pose-un-vrai-probleme-pour-les-mavericks\/","title":{"rendered":"Kristaps Porzingis pose un vrai probl\u00e8me pour les Mavericks"},"content":{"rendered":"<h2 style=\"text-align: justify;\"><a href=\"https:\/\/www.dallasnews.com\/sports\/mavericks\/2024\/06\/06\/kristaps-porzingis-boston-celtics-dallas-mavericks-game-1-nba-finals\/\" class=\"trk-cta-link\" data-cta-trk='{\"ctaType\":\"Link\",\"ctaSubType\":\"main\"}'>Kristaps Porzingis, a pos&eacute; un s&eacute;rieux probl&egrave;me &agrave; son ancienne &eacute;quipe lors du premier match des Finales NBA en dominant les deux c&ocirc;t&eacute;s du terrain.<\/a><\/h2><p style=\"text-align: justify;\">Les Dallas Mavericks se retrouvent dans une position pr&eacute;caire apr&egrave;s le premier match des Finales NBA, et l&rsquo;une des raisons principales est l&rsquo;impact d&eacute;vastateur de <a href=\"https:\/\/theplayoffs.news\/fr\/joueur\/kristaps-porzingis-nba-6205062\/\" class=\"trk-cta-link\" data-cta-trk='{\"ctaType\":\"Link\",\"ctaSubType\":\"main\"}'>Kristaps Porzingis<\/a>.<\/p><p style=\"text-align: justify;\">L&rsquo;ancien Maverick, habituellement amical, est devenu un v&eacute;ritable ouragan de 2,21 m&egrave;tres, semant le chaos contre son ancienne &eacute;quipe lors de la victoire 107-89 des Celtics au TD Garden.<\/p><p style=\"text-align: justify;\">La facilit&eacute; avec laquelle Boston a remport&eacute; ce match inaugural a r&eacute;v&eacute;l&eacute; de multiples pr&eacute;occupations pour Dallas. Parmi celles-ci, le spectre de Kristaps Porzingis se profile en t&ecirc;te de liste.<\/p><p style=\"text-align: justify;\">Kristaps Porzingis, qui jouait pour la premi&egrave;re fois depuis une blessure au mollet le 29 avril, a boulevers&eacute; Dallas avec 20 points, six rebonds et trois contres en seulement 20 minutes.<\/p><p style=\"text-align: justify;\">En sept minutes au premier quart-temps, il a inscrit 11 points, pris trois rebonds et r&eacute;alis&eacute; trois contres.<\/p><p style=\"text-align: justify;\">Deux jours avant le match, Kristaps Porzingis avait h&eacute;sit&eacute; &agrave; affirmer qu&rsquo;il &eacute;tait compl&egrave;tement r&eacute;tabli de sa blessure.<\/p><blockquote>\n<p style=\"text-align: justify;\">&laquo; Toutes ces pens&eacute;es ont travers&eacute; mon esprit &agrave; ce moment-l&agrave;, &raquo; a-t-il rappel&eacute; jeudi soir. &laquo; Mais ce soir, c&rsquo;&eacute;tait une affirmation pour moi-m&ecirc;me que je suis plut&ocirc;t bien. Peut-&ecirc;tre pas parfait, mais assez bon pour contribuer &agrave; cette &eacute;quipe. &raquo;<\/p>\n<\/blockquote><p style=\"text-align: justify;\">M&ecirc;me en sortant du banc et en jouant des minutes limit&eacute;es, Porzingis a pos&eacute; un &eacute;norme probl&egrave;me pour la franchise de Dallas qui l&rsquo;avait &eacute;chang&eacute; &agrave; Washington en 2022.<\/p><p style=\"text-align: justify;\">Ce n&rsquo;est pas seulement sa pr&eacute;sence physique, mais aussi le fait que l&rsquo;attaque en &laquo; cinq dehors &raquo; men&eacute;e par Porzingis a presque &eacute;limin&eacute; l&rsquo;un des atouts majeurs de Dallas en s&eacute;ries &eacute;liminatoires : le duo de centres Daniel Gafford-Dereck Lively II.<\/p><p style=\"text-align: justify;\">Gafford et Lively ont combin&eacute; 10 points, huit rebonds et z&eacute;ro contre en 32 minutes, tandis que Kristaps Porzingis et Al Horford ont accumul&eacute; 30 points, 13 rebonds et cinq contres.<\/p><p style=\"text-align: justify;\">Boston a &eacute;galement marqu&eacute; 16 de ses 42 tirs &agrave; trois points, devenant la premi&egrave;re &eacute;quipe de l&rsquo;histoire des Finales &agrave; voir sept joueurs r&eacute;ussir plusieurs tirs &agrave; trois points.<\/p><p style=\"text-align: justify;\">\n<\/p><p style=\"text-align: justify;\">Cr&eacute;dit photo : David Butler II-USA TODAY Sports<\/p>\n","protected":false},"excerpt":{"rendered":"","protected":false},"author":180310243,"featured_media":1437135,"comment_status":"open","ping_status":"closed","sticky":false,"template":"","format":"standard","meta":{"inline_featured_image":false,"kia_subtitle":"","_mux_skip_reasons":[],"proofreadBy":0,"footnotes":""},"categories":[110,10],"tags":[603,2071],"sport":[2783],"saison":[3453],"class_list":["post-1437133","post","type-post","status-publish","format-standard","has-post-thumbnail","hentry","category-actualite-nba","category-nba","tag-boston-celtics","tag-kristaps-porzingis","sport-nba","saison-3453"],"acf":[],"yoast_head":"<!-- This site is optimized with the Yoast SEO plugin v24.2 - https:\/\/yoast.com\/wordpress\/plugins\/seo\/ -->\n<title>Kristaps Porzingis pose un vrai probl&egrave;me pour les Mavericks - The Playoffs FR<\/title>\n<meta name=\"robots\" content=\"index, follow, max-snippet:-1, max-image-preview:large, max-video-preview:-1\" \/>\n<link rel=\"canonical\" href=\"https:\/\/theplayoffs.news\/fr\/actualite-nba\/kristaps-porzingis-pose-un-vrai-probleme-pour-les-mavericks\/\" \/>\n<meta property=\"og:locale\" content=\"fr_FR\" \/>\n<meta property=\"og:type\" content=\"article\" \/>\n<meta property=\"og:title\" content=\"Kristaps Porzingis pose un vrai probl&egrave;me pour les Mavericks - The Playoffs FR\" \/>\n<meta property=\"og:url\" content=\"https:\/\/theplayoffs.news\/fr\/actualite-nba\/kristaps-porzingis-pose-un-vrai-probleme-pour-les-mavericks\/\" \/>\n<meta property=\"og:site_name\" content=\"The Playoffs FR\" \/>\n<meta property=\"article:publisher\" content=\"https:\/\/www.facebook.com\/TheFreeAgentFR\/\" \/>\n<meta property=\"article:modified_time\" content=\"2024-06-07T10:55:55+02:00\" \/>\n<meta property=\"og:image\" content=\"https:\/\/theplayoffs.news\/fr\/wp-content\/uploads\/2024\/06\/USATSI_23488809.jpg\" \/>\n\t<meta property=\"og:image:width\" content=\"1920\" \/>\n\t<meta property=\"og:image:height\" content=\"1280\" \/>\n\t<meta property=\"og:image:type\" content=\"image\/jpeg\" \/>\n<meta name=\"author\" content=\"Luc lemercier\" \/>\n<meta name=\"twitter:card\" content=\"summary_large_image\" \/>\n<meta name=\"twitter:creator\" content=\"@TheFreeAgentFR\" \/>\n<meta name=\"twitter:site\" content=\"@TheFreeAgentFR\" \/>\n<meta name=\"twitter:label1\" content=\"\u00c9crit par\" \/>\n\t<meta name=\"twitter:data1\" content=\"Luc lemercier\" \/>\n\t<meta name=\"twitter:label2\" content=\"Dur\u00e9e de lecture estim\u00e9e\" \/>\n\t<meta name=\"twitter:data2\" content=\"2 minutes\" \/>\n<script type=\"application\/ld+json\" class=\"yoast-schema-graph\">{\"@context\":\"https:\/\/schema.org\",\"@graph\":[{\"@type\":\"WebPage\",\"@id\":\"https:\/\/theplayoffs.news\/fr\/actualite-nba\/kristaps-porzingis-pose-un-vrai-probleme-pour-les-mavericks\/\",\"url\":\"https:\/\/theplayoffs.news\/fr\/actualite-nba\/kristaps-porzingis-pose-un-vrai-probleme-pour-les-mavericks\/\",\"name\":\"Kristaps Porzingis pose un vrai probl\u00e8me pour les Mavericks - The Playoffs FR\",\"isPartOf\":{\"@id\":\"https:\/\/theplayoffs.news\/fr\/#website\"},\"primaryImageOfPage\":{\"@id\":\"https:\/\/theplayoffs.news\/fr\/actualite-nba\/kristaps-porzingis-pose-un-vrai-probleme-pour-les-mavericks\/#primaryimage\"},\"image\":{\"@id\":\"https:\/\/theplayoffs.news\/fr\/actualite-nba\/kristaps-porzingis-pose-un-vrai-probleme-pour-les-mavericks\/#primaryimage\"},\"thumbnailUrl\":\"https:\/\/theplayoffs.news\/fr\/wp-content\/uploads\/2024\/06\/USATSI_23488809.jpg\",\"datePublished\":\"2024-06-07T08:55:55+00:00\",\"dateModified\":\"2024-06-07T08:55:55+00:00\",\"author\":{\"@id\":\"https:\/\/theplayoffs.news\/fr\/#\/schema\/person\/801c54a27bc55531da5bcae43d637b35\"},\"breadcrumb\":{\"@id\":\"https:\/\/theplayoffs.news\/fr\/actualite-nba\/kristaps-porzingis-pose-un-vrai-probleme-pour-les-mavericks\/#breadcrumb\"},\"inLanguage\":\"fr-FR\",\"potentialAction\":[{\"@type\":\"ReadAction\",\"target\":[\"https:\/\/theplayoffs.news\/fr\/actualite-nba\/kristaps-porzingis-pose-un-vrai-probleme-pour-les-mavericks\/\"]}]},{\"@type\":\"ImageObject\",\"inLanguage\":\"fr-FR\",\"@id\":\"https:\/\/theplayoffs.news\/fr\/actualite-nba\/kristaps-porzingis-pose-un-vrai-probleme-pour-les-mavericks\/#primaryimage\",\"url\":\"https:\/\/theplayoffs.news\/fr\/wp-content\/uploads\/2024\/06\/USATSI_23488809.jpg\",\"contentUrl\":\"https:\/\/theplayoffs.news\/fr\/wp-content\/uploads\/2024\/06\/USATSI_23488809.jpg\",\"width\":1920,\"height\":1280,\"caption\":\"Jun 6, 2024; Boston, Massachusetts, USA; Boston Celtics center Kristaps Porzingis (8) controls the ball against Dallas Mavericks guard Luka Doncic (77) in the third quarter during game one of the 2024 NBA Finals at TD Garden. Mandatory Credit: David Butler II-USA TODAY Sports\"},{\"@type\":\"BreadcrumbList\",\"@id\":\"https:\/\/theplayoffs.news\/fr\/actualite-nba\/kristaps-porzingis-pose-un-vrai-probleme-pour-les-mavericks\/#breadcrumb\",\"itemListElement\":[{\"@type\":\"ListItem\",\"position\":1,\"name\":\"Accueil\",\"item\":\"https:\/\/theplayoffs.news\/fr\/\"},{\"@type\":\"ListItem\",\"position\":2,\"name\":\"Kristaps Porzingis pose un vrai probl\u00e8me pour les Mavericks\"}]},{\"@type\":\"WebSite\",\"@id\":\"https:\/\/theplayoffs.news\/fr\/#website\",\"url\":\"https:\/\/theplayoffs.news\/fr\/\",\"name\":\"The Playoffs FR\",\"description\":\"NBA-NFL-NHL-MLB\",\"potentialAction\":[{\"@type\":\"SearchAction\",\"target\":{\"@type\":\"EntryPoint\",\"urlTemplate\":\"https:\/\/theplayoffs.news\/fr\/?s={search_term_string}\"},\"query-input\":{\"@type\":\"PropertyValueSpecification\",\"valueRequired\":true,\"valueName\":\"search_term_string\"}}],\"inLanguage\":\"fr-FR\"},{\"@type\":\"Person\",\"@id\":\"https:\/\/theplayoffs.news\/fr\/#\/schema\/person\/801c54a27bc55531da5bcae43d637b35\",\"name\":\"Luc lemercier\",\"image\":{\"@type\":\"ImageObject\",\"inLanguage\":\"fr-FR\",\"@id\":\"https:\/\/theplayoffs.news\/fr\/#\/schema\/person\/image\/\",\"url\":\"https:\/\/secure.gravatar.com\/avatar\/589c260bbb94457b6669c7e720679779767022dd620aaeb224cce2bacab793e7?s=96&d=mm&r=g\",\"contentUrl\":\"https:\/\/secure.gravatar.com\/avatar\/589c260bbb94457b6669c7e720679779767022dd620aaeb224cce2bacab793e7?s=96&d=mm&r=g\",\"caption\":\"Luc lemercier\"},\"url\":\"https:\/\/theplayoffs.news\/fr\/author\/luc-lemercierhotmail-fr\/\"}]}<\/script>\n<!-- \/ Yoast SEO plugin. -->","yoast_head_json":{"title":"Kristaps Porzingis pose un vrai probl&egrave;me pour les Mavericks - The Playoffs FR","robots":{"index":"index","follow":"follow","max-snippet":"max-snippet:-1","max-image-preview":"max-image-preview:large","max-video-preview":"max-video-preview:-1"},"canonical":"https:\/\/theplayoffs.news\/fr\/actualite-nba\/kristaps-porzingis-pose-un-vrai-probleme-pour-les-mavericks\/","og_locale":"fr_FR","og_type":"article","og_title":"Kristaps Porzingis pose un vrai probl&egrave;me pour les Mavericks - The Playoffs FR","og_url":"https:\/\/theplayoffs.news\/fr\/actualite-nba\/kristaps-porzingis-pose-un-vrai-probleme-pour-les-mavericks\/","og_site_name":"The Playoffs FR","article_publisher":"https:\/\/www.facebook.com\/TheFreeAgentFR\/","og_image":[{"width":1920,"height":1280,"url":"https:\/\/theplayoffs.news\/fr\/wp-content\/uploads\/2024\/06\/USATSI_23488809.jpg","type":"image\/jpeg"}],"author":"Luc lemercier","twitter_card":"summary_large_image","twitter_creator":"@TheFreeAgentFR","twitter_site":"@TheFreeAgentFR","twitter_misc":{"\u00c9crit par":"Luc lemercier","Dur\u00e9e de lecture estim\u00e9e":"2 minutes"},"schema":{"@context":"https:\/\/schema.org","@graph":[{"@type":"WebPage","@id":"https:\/\/theplayoffs.news\/fr\/actualite-nba\/kristaps-porzingis-pose-un-vrai-probleme-pour-les-mavericks\/","url":"https:\/\/theplayoffs.news\/fr\/actualite-nba\/kristaps-porzingis-pose-un-vrai-probleme-pour-les-mavericks\/","name":"Kristaps Porzingis pose un vrai probl\u00e8me pour les Mavericks - The Playoffs FR","isPartOf":{"@id":"https:\/\/theplayoffs.news\/fr\/#website"},"primaryImageOfPage":{"@id":"https:\/\/theplayoffs.news\/fr\/actualite-nba\/kristaps-porzingis-pose-un-vrai-probleme-pour-les-mavericks\/#primaryimage"},"image":{"@id":"https:\/\/theplayoffs.news\/fr\/actualite-nba\/kristaps-porzingis-pose-un-vrai-probleme-pour-les-mavericks\/#primaryimage"},"thumbnailUrl":"https:\/\/theplayoffs.news\/fr\/wp-content\/uploads\/2024\/06\/USATSI_23488809.jpg","datePublished":"2024-06-07T08:55:55+00:00","dateModified":"2024-06-07T08:55:55+00:00","author":{"@id":"https:\/\/theplayoffs.news\/fr\/#\/schema\/person\/801c54a27bc55531da5bcae43d637b35"},"breadcrumb":{"@id":"https:\/\/theplayoffs.news\/fr\/actualite-nba\/kristaps-porzingis-pose-un-vrai-probleme-pour-les-mavericks\/#breadcrumb"},"inLanguage":"fr-FR","potentialAction":[{"@type":"ReadAction","target":["https:\/\/theplayoffs.news\/fr\/actualite-nba\/kristaps-porzingis-pose-un-vrai-probleme-pour-les-mavericks\/"]}]},{"@type":"ImageObject","inLanguage":"fr-FR","@id":"https:\/\/theplayoffs.news\/fr\/actualite-nba\/kristaps-porzingis-pose-un-vrai-probleme-pour-les-mavericks\/#primaryimage","url":"https:\/\/theplayoffs.news\/fr\/wp-content\/uploads\/2024\/06\/USATSI_23488809.jpg","contentUrl":"https:\/\/theplayoffs.news\/fr\/wp-content\/uploads\/2024\/06\/USATSI_23488809.jpg","width":1920,"height":1280,"caption":"Jun 6, 2024; Boston, Massachusetts, USA; Boston Celtics center Kristaps Porzingis (8) controls the ball against Dallas Mavericks guard Luka Doncic (77) in the third quarter during game one of the 2024 NBA Finals at TD Garden. Mandatory Credit: David Butler II-USA TODAY Sports"},{"@type":"BreadcrumbList","@id":"https:\/\/theplayoffs.news\/fr\/actualite-nba\/kristaps-porzingis-pose-un-vrai-probleme-pour-les-mavericks\/#breadcrumb","itemListElement":[{"@type":"ListItem","position":1,"name":"Accueil","item":"https:\/\/theplayoffs.news\/fr\/"},{"@type":"ListItem","position":2,"name":"Kristaps Porzingis pose un vrai probl\u00e8me pour les Mavericks"}]},{"@type":"WebSite","@id":"https:\/\/theplayoffs.news\/fr\/#website","url":"https:\/\/theplayoffs.news\/fr\/","name":"The Playoffs FR","description":"NBA-NFL-NHL-MLB","potentialAction":[{"@type":"SearchAction","target":{"@type":"EntryPoint","urlTemplate":"https:\/\/theplayoffs.news\/fr\/?s={search_term_string}"},"query-input":{"@type":"PropertyValueSpecification","valueRequired":true,"valueName":"search_term_string"}}],"inLanguage":"fr-FR"},{"@type":"Person","@id":"https:\/\/theplayoffs.news\/fr\/#\/schema\/person\/801c54a27bc55531da5bcae43d637b35","name":"Luc lemercier","image":{"@type":"ImageObject","inLanguage":"fr-FR","@id":"https:\/\/theplayoffs.news\/fr\/#\/schema\/person\/image\/","url":"https:\/\/secure.gravatar.com\/avatar\/589c260bbb94457b6669c7e720679779767022dd620aaeb224cce2bacab793e7?s=96&d=mm&r=g","contentUrl":"https:\/\/secure.gravatar.com\/avatar\/589c260bbb94457b6669c7e720679779767022dd620aaeb224cce2bacab793e7?s=96&d=mm&r=g","caption":"Luc lemercier"},"url":"https:\/\/theplayoffs.news\/fr\/author\/luc-lemercierhotmail-fr\/"}]}},"_links":{"self":[{"href":"https:\/\/theplayoffs.news\/fr\/wp-json\/wp\/v2\/posts\/1437133","targetHints":{"allow":["GET"]}}],"collection":[{"href":"https:\/\/theplayoffs.news\/fr\/wp-json\/wp\/v2\/posts"}],"about":[{"href":"https:\/\/theplayoffs.news\/fr\/wp-json\/wp\/v2\/types\/post"}],"author":[{"embeddable":true,"href":"https:\/\/theplayoffs.news\/fr\/wp-json\/wp\/v2\/users\/180310243"}],"replies":[{"embeddable":true,"href":"https:\/\/theplayoffs.news\/fr\/wp-json\/wp\/v2\/comments?post=1437133"}],"version-history":[{"count":3,"href":"https:\/\/theplayoffs.news\/fr\/wp-json\/wp\/v2\/posts\/1437133\/revisions"}],"predecessor-version":[{"id":1437138,"href":"https:\/\/theplayoffs.news\/fr\/wp-json\/wp\/v2\/posts\/1437133\/revisions\/1437138"}],"wp:featuredmedia":[{"embeddable":true,"href":"https:\/\/theplayoffs.news\/fr\/wp-json\/wp\/v2\/media\/1437135"}],"wp:attachment":[{"href":"https:\/\/theplayoffs.news\/fr\/wp-json\/wp\/v2\/media?parent=1437133"}],"wp:term":[{"taxonomy":"category","embeddable":true,"href":"https:\/\/theplayoffs.news\/fr\/wp-json\/wp\/v2\/categories?post=1437133"},{"taxonomy":"post_tag","embeddable":true,"href":"https:\/\/theplayoffs.news\/fr\/wp-json\/wp\/v2\/tags?post=1437133"},{"taxonomy":"sport","embeddable":true,"href":"https:\/\/theplayoffs.news\/fr\/wp-json\/wp\/v2\/sport?post=1437133"},{"taxonomy":"saison","embeddable":true,"href":"https:\/\/theplayoffs.news\/fr\/wp-json\/wp\/v2\/saison?post=1437133"}],"curies":[{"name":"wp","href":"https:\/\/api.w.org\/{rel}","templated":true}]}}