{"id":1436980,"date":"2024-06-06T19:57:21","date_gmt":"2024-06-06T17:57:21","guid":{"rendered":"https:\/\/theplayoffs.news\/fr\/?p=1436980"},"modified":"2024-06-06T19:57:21","modified_gmt":"2024-06-06T17:57:21","slug":"kansas-city-chiefs-lentrainement-annule","status":"publish","type":"post","link":"https:\/\/theplayoffs.news\/fr\/actualite-nfl\/kansas-city-chiefs-lentrainement-annule\/","title":{"rendered":"Kansas City Chiefs: L&rsquo;entra\u00eenement annul\u00e9 \u00e0 cause de l&rsquo;arr\u00eat cardiaque d&rsquo;un joueur!"},"content":{"rendered":"<h2>NFL &ndash; Les Kansas City Chiefs ont d&ucirc; annuler leur s&eacute;ance d&rsquo;entra&icirc;nement en raison d&rsquo;un probl&egrave;me de sant&eacute; s&eacute;rieux d&rsquo;un joueur.<\/h2><p>Ce jeudi devait &ecirc;tre un jeudi d&rsquo;intersaison ordinaire pour les joueurs des Kansas City Chiefs, champions NFL en titre et en qu&ecirc;te d&rsquo;un tripl&eacute; historique. Alors que la journ&eacute;e avait bien commenc&eacute; avec la <a href=\"https:\/\/theplayoffs.news\/fr\/nfl\/mecole-hardman-prolonge-1-an-avec-chiefs\/\" class=\"trk-cta-link\" data-cta-trk='{\"ctaType\":\"Link\",\"ctaSubType\":\"main\"}'>prolongation de Mecole Hardman au sein de l&rsquo;effectif pour l&rsquo;ann&eacute;e 2024<\/a>, les choses se sont rapidement g&acirc;t&eacute;es au centre d&rsquo;entra&icirc;nement des Chiefs lorsque l&rsquo;entra&icirc;nement du jour fut interrompu puis annul&eacute; en raison d&rsquo;un s&eacute;rieux probl&egrave;me m&eacute;dical touchant un joueur de l&rsquo;effectif.<\/p><p>Pendant de longues minutes, l&rsquo;identit&eacute; du joueur ne fut pas connu. Mais d&rsquo;apr&egrave;s de <a href=\"https:\/\/www.nbcsports.com\/nfl\/profootballtalk\/rumor-mill\/news\/chiefs-dl-bj-thompson-hospitalized-in-stable-condition-after-cardiac-arrest\" class=\"trk-cta-link\" data-cta-trk='{\"ctaType\":\"Link\",\"ctaSubType\":\"main\"}'>nombreux m&eacute;dias am&eacute;ricains<\/a>, il s&rsquo;agirait du joueur d&eacute;fensif BJ Thompson! Choisi au 5e tour de la draft NFL 2023 par les Kansas City Chiefs, Thompson n&rsquo;a particip&eacute; qu&rsquo;&agrave; une seule rencontre la saison derni&egrave;re et comptabilise deux plaquages lors de sa saison inaugurale en NFL.<\/p><p>Au cours de l&rsquo;entra&icirc;nement de ce jeudi, BJ Thompson aurait &eacute;t&eacute; victime d&rsquo;une crise d&rsquo;&eacute;pilepsie qui aurait ensuite d&eacute;g&eacute;n&eacute;r&eacute;e en arr&ecirc;t cardiaque. Soign&eacute; rapidement sur le terrain, le joueur de 27 ans des Kansas City Chiefs a ensuite &eacute;t&eacute; transport&eacute; &agrave; l&rsquo;h&ocirc;pital. Il se trouverait actuellement dans un &eacute;tat stable selon les premi&egrave;res informations dont nous disposons.<\/p><p><em>Cr&eacute;dit photo: Orlando Ramirez-USA TODAY Sports<\/em><\/p>\n","protected":false},"excerpt":{"rendered":"","protected":false},"author":180309964,"featured_media":1436981,"comment_status":"open","ping_status":"closed","sticky":false,"template":"","format":"standard","meta":{"inline_featured_image":false,"kia_subtitle":"","_mux_skip_reasons":[],"proofreadBy":0,"footnotes":""},"categories":[118,40],"tags":[7381,487],"sport":[2785],"saison":[6111],"class_list":["post-1436980","post","type-post","status-publish","format-standard","has-post-thumbnail","hentry","category-actualite-nfl","category-nfl","tag-bj-thompson","tag-kansas-city-chiefs","sport-nfl","saison-6111"],"acf":[],"yoast_head":"<!-- This site is optimized with the Yoast SEO plugin v24.2 - https:\/\/yoast.com\/wordpress\/plugins\/seo\/ -->\n<title>Kansas City Chiefs: L&#039;entra&icirc;nement annul&eacute; &agrave; cause de l&#039;arr&ecirc;t cardiaque d&#039;un joueur! - The Playoffs FR<\/title>\n<meta name=\"robots\" content=\"index, follow, max-snippet:-1, max-image-preview:large, max-video-preview:-1\" \/>\n<link rel=\"canonical\" href=\"https:\/\/theplayoffs.news\/fr\/actualite-nfl\/kansas-city-chiefs-lentrainement-annule\/\" \/>\n<meta property=\"og:locale\" content=\"fr_FR\" \/>\n<meta property=\"og:type\" content=\"article\" \/>\n<meta property=\"og:title\" content=\"Kansas City Chiefs: L&#039;entra&icirc;nement annul&eacute; &agrave; cause de l&#039;arr&ecirc;t cardiaque d&#039;un joueur! - The Playoffs FR\" \/>\n<meta property=\"og:url\" content=\"https:\/\/theplayoffs.news\/fr\/actualite-nfl\/kansas-city-chiefs-lentrainement-annule\/\" \/>\n<meta property=\"og:site_name\" content=\"The Playoffs FR\" \/>\n<meta property=\"article:publisher\" content=\"https:\/\/www.facebook.com\/TheFreeAgentFR\/\" \/>\n<meta property=\"article:modified_time\" content=\"2024-06-06T19:57:21+02:00\" \/>\n<meta property=\"og:image\" content=\"https:\/\/theplayoffs.news\/fr\/wp-content\/uploads\/2024\/06\/USATSI_22244670.jpg\" \/>\n\t<meta property=\"og:image:width\" content=\"1920\" \/>\n\t<meta property=\"og:image:height\" content=\"1280\" \/>\n\t<meta property=\"og:image:type\" content=\"image\/jpeg\" \/>\n<meta name=\"author\" content=\"Flavien Jumeau\" \/>\n<meta name=\"twitter:card\" content=\"summary_large_image\" \/>\n<meta name=\"twitter:creator\" content=\"@TheFreeAgentFR\" \/>\n<meta name=\"twitter:site\" content=\"@TheFreeAgentFR\" \/>\n<meta name=\"twitter:label1\" content=\"\u00c9crit par\" \/>\n\t<meta name=\"twitter:data1\" content=\"Flavien Jumeau\" \/>\n\t<meta name=\"twitter:label2\" content=\"Dur\u00e9e de lecture estim\u00e9e\" \/>\n\t<meta name=\"twitter:data2\" content=\"1 minute\" \/>\n<script type=\"application\/ld+json\" class=\"yoast-schema-graph\">{\"@context\":\"https:\/\/schema.org\",\"@graph\":[{\"@type\":\"WebPage\",\"@id\":\"https:\/\/theplayoffs.news\/fr\/actualite-nfl\/kansas-city-chiefs-lentrainement-annule\/\",\"url\":\"https:\/\/theplayoffs.news\/fr\/actualite-nfl\/kansas-city-chiefs-lentrainement-annule\/\",\"name\":\"Kansas City Chiefs: L\\\\'entra\u00eenement annul\u00e9 \u00e0 cause de l\\\\'arr\u00eat cardiaque d\\\\'un joueur! - The Playoffs FR\",\"isPartOf\":{\"@id\":\"https:\/\/theplayoffs.news\/fr\/#website\"},\"primaryImageOfPage\":{\"@id\":\"https:\/\/theplayoffs.news\/fr\/actualite-nfl\/kansas-city-chiefs-lentrainement-annule\/#primaryimage\"},\"image\":{\"@id\":\"https:\/\/theplayoffs.news\/fr\/actualite-nfl\/kansas-city-chiefs-lentrainement-annule\/#primaryimage\"},\"thumbnailUrl\":\"https:\/\/theplayoffs.news\/fr\/wp-content\/uploads\/2024\/06\/USATSI_22244670.jpg\",\"datePublished\":\"2024-06-06T17:57:21+00:00\",\"dateModified\":\"2024-06-06T17:57:21+00:00\",\"author\":{\"@id\":\"https:\/\/theplayoffs.news\/fr\/#\/schema\/person\/def63bc6746dc5957469b75feb99e66d\"},\"breadcrumb\":{\"@id\":\"https:\/\/theplayoffs.news\/fr\/actualite-nfl\/kansas-city-chiefs-lentrainement-annule\/#breadcrumb\"},\"inLanguage\":\"fr-FR\",\"potentialAction\":[{\"@type\":\"ReadAction\",\"target\":[\"https:\/\/theplayoffs.news\/fr\/actualite-nfl\/kansas-city-chiefs-lentrainement-annule\/\"]}]},{\"@type\":\"ImageObject\",\"inLanguage\":\"fr-FR\",\"@id\":\"https:\/\/theplayoffs.news\/fr\/actualite-nfl\/kansas-city-chiefs-lentrainement-annule\/#primaryimage\",\"url\":\"https:\/\/theplayoffs.news\/fr\/wp-content\/uploads\/2024\/06\/USATSI_22244670.jpg\",\"contentUrl\":\"https:\/\/theplayoffs.news\/fr\/wp-content\/uploads\/2024\/06\/USATSI_22244670.jpg\",\"width\":1920,\"height\":1280,\"caption\":\"Jan 7, 2024; Inglewood, California, USA; Kansas City Chiefs defensive end BJ Thompson (53) looks on during the first half against the Los Angeles Chargers at SoFi Stadium. Mandatory Credit: Orlando Ramirez-USA TODAY Sports\"},{\"@type\":\"BreadcrumbList\",\"@id\":\"https:\/\/theplayoffs.news\/fr\/actualite-nfl\/kansas-city-chiefs-lentrainement-annule\/#breadcrumb\",\"itemListElement\":[{\"@type\":\"ListItem\",\"position\":1,\"name\":\"Accueil\",\"item\":\"https:\/\/theplayoffs.news\/fr\/\"},{\"@type\":\"ListItem\",\"position\":2,\"name\":\"Kansas City Chiefs: L&rsquo;entra\u00eenement annul\u00e9 \u00e0 cause de l&rsquo;arr\u00eat cardiaque d&rsquo;un joueur!\"}]},{\"@type\":\"WebSite\",\"@id\":\"https:\/\/theplayoffs.news\/fr\/#website\",\"url\":\"https:\/\/theplayoffs.news\/fr\/\",\"name\":\"The Playoffs FR\",\"description\":\"NBA-NFL-NHL-MLB\",\"potentialAction\":[{\"@type\":\"SearchAction\",\"target\":{\"@type\":\"EntryPoint\",\"urlTemplate\":\"https:\/\/theplayoffs.news\/fr\/?s={search_term_string}\"},\"query-input\":{\"@type\":\"PropertyValueSpecification\",\"valueRequired\":true,\"valueName\":\"search_term_string\"}}],\"inLanguage\":\"fr-FR\"},{\"@type\":\"Person\",\"@id\":\"https:\/\/theplayoffs.news\/fr\/#\/schema\/person\/def63bc6746dc5957469b75feb99e66d\",\"name\":\"Flavien Jumeau\",\"image\":{\"@type\":\"ImageObject\",\"inLanguage\":\"fr-FR\",\"@id\":\"https:\/\/theplayoffs.news\/fr\/#\/schema\/person\/image\/\",\"url\":\"https:\/\/secure.gravatar.com\/avatar\/e7fa8ba5a4b7e4ce35fe152f083f352db28ad0acce692004ed88a7a7d78893f7?s=96&d=mm&r=g\",\"contentUrl\":\"https:\/\/secure.gravatar.com\/avatar\/e7fa8ba5a4b7e4ce35fe152f083f352db28ad0acce692004ed88a7a7d78893f7?s=96&d=mm&r=g\",\"caption\":\"Flavien Jumeau\"},\"description\":\"Amoureux du sport (et de vraiment tous les sports) depuis mon plus jeune \u00e2ge, j\u2019ai longtemps h\u00e9site entre le snooker et le curling. Finalement c\u2019est le foot US que j\u2019ai d\u00e9cid\u00e9 de choisir! Responsable foot US sur TPO et animateur du podcast Tailgate j\u2019ai pour mission de vous faire d\u00e9couvrir ce sport passionnant si ce n\u2019est pas encore fait et de vous donner les derni\u00e8res actus. Le tout dans la bonne humeur et avec toujours un jeu de mots ou deux savamment distill\u00e9s! Fan des Saints, pour moi Drew Brees est le vrai GOAT!\",\"url\":\"https:\/\/theplayoffs.news\/fr\/author\/flavien-jumeaugmail-com\/\"}]}<\/script>\n<!-- \/ Yoast SEO plugin. -->","yoast_head_json":{"title":"Kansas City Chiefs: L&#039;entra&icirc;nement annul&eacute; &agrave; cause de l&#039;arr&ecirc;t cardiaque d&#039;un joueur! - The Playoffs FR","robots":{"index":"index","follow":"follow","max-snippet":"max-snippet:-1","max-image-preview":"max-image-preview:large","max-video-preview":"max-video-preview:-1"},"canonical":"https:\/\/theplayoffs.news\/fr\/actualite-nfl\/kansas-city-chiefs-lentrainement-annule\/","og_locale":"fr_FR","og_type":"article","og_title":"Kansas City Chiefs: L&#039;entra&icirc;nement annul&eacute; &agrave; cause de l&#039;arr&ecirc;t cardiaque d&#039;un joueur! - The Playoffs FR","og_url":"https:\/\/theplayoffs.news\/fr\/actualite-nfl\/kansas-city-chiefs-lentrainement-annule\/","og_site_name":"The Playoffs FR","article_publisher":"https:\/\/www.facebook.com\/TheFreeAgentFR\/","og_image":[{"width":1920,"height":1280,"url":"https:\/\/theplayoffs.news\/fr\/wp-content\/uploads\/2024\/06\/USATSI_22244670.jpg","type":"image\/jpeg"}],"author":"Flavien Jumeau","twitter_card":"summary_large_image","twitter_creator":"@TheFreeAgentFR","twitter_site":"@TheFreeAgentFR","twitter_misc":{"\u00c9crit par":"Flavien Jumeau","Dur\u00e9e de lecture estim\u00e9e":"1 minute"},"schema":{"@context":"https:\/\/schema.org","@graph":[{"@type":"WebPage","@id":"https:\/\/theplayoffs.news\/fr\/actualite-nfl\/kansas-city-chiefs-lentrainement-annule\/","url":"https:\/\/theplayoffs.news\/fr\/actualite-nfl\/kansas-city-chiefs-lentrainement-annule\/","name":"Kansas City Chiefs: L\\'entra\u00eenement annul\u00e9 \u00e0 cause de l\\'arr\u00eat cardiaque d\\'un joueur! - The Playoffs FR","isPartOf":{"@id":"https:\/\/theplayoffs.news\/fr\/#website"},"primaryImageOfPage":{"@id":"https:\/\/theplayoffs.news\/fr\/actualite-nfl\/kansas-city-chiefs-lentrainement-annule\/#primaryimage"},"image":{"@id":"https:\/\/theplayoffs.news\/fr\/actualite-nfl\/kansas-city-chiefs-lentrainement-annule\/#primaryimage"},"thumbnailUrl":"https:\/\/theplayoffs.news\/fr\/wp-content\/uploads\/2024\/06\/USATSI_22244670.jpg","datePublished":"2024-06-06T17:57:21+00:00","dateModified":"2024-06-06T17:57:21+00:00","author":{"@id":"https:\/\/theplayoffs.news\/fr\/#\/schema\/person\/def63bc6746dc5957469b75feb99e66d"},"breadcrumb":{"@id":"https:\/\/theplayoffs.news\/fr\/actualite-nfl\/kansas-city-chiefs-lentrainement-annule\/#breadcrumb"},"inLanguage":"fr-FR","potentialAction":[{"@type":"ReadAction","target":["https:\/\/theplayoffs.news\/fr\/actualite-nfl\/kansas-city-chiefs-lentrainement-annule\/"]}]},{"@type":"ImageObject","inLanguage":"fr-FR","@id":"https:\/\/theplayoffs.news\/fr\/actualite-nfl\/kansas-city-chiefs-lentrainement-annule\/#primaryimage","url":"https:\/\/theplayoffs.news\/fr\/wp-content\/uploads\/2024\/06\/USATSI_22244670.jpg","contentUrl":"https:\/\/theplayoffs.news\/fr\/wp-content\/uploads\/2024\/06\/USATSI_22244670.jpg","width":1920,"height":1280,"caption":"Jan 7, 2024; Inglewood, California, USA; Kansas City Chiefs defensive end BJ Thompson (53) looks on during the first half against the Los Angeles Chargers at SoFi Stadium. Mandatory Credit: Orlando Ramirez-USA TODAY Sports"},{"@type":"BreadcrumbList","@id":"https:\/\/theplayoffs.news\/fr\/actualite-nfl\/kansas-city-chiefs-lentrainement-annule\/#breadcrumb","itemListElement":[{"@type":"ListItem","position":1,"name":"Accueil","item":"https:\/\/theplayoffs.news\/fr\/"},{"@type":"ListItem","position":2,"name":"Kansas City Chiefs: L&rsquo;entra\u00eenement annul\u00e9 \u00e0 cause de l&rsquo;arr\u00eat cardiaque d&rsquo;un joueur!"}]},{"@type":"WebSite","@id":"https:\/\/theplayoffs.news\/fr\/#website","url":"https:\/\/theplayoffs.news\/fr\/","name":"The Playoffs FR","description":"NBA-NFL-NHL-MLB","potentialAction":[{"@type":"SearchAction","target":{"@type":"EntryPoint","urlTemplate":"https:\/\/theplayoffs.news\/fr\/?s={search_term_string}"},"query-input":{"@type":"PropertyValueSpecification","valueRequired":true,"valueName":"search_term_string"}}],"inLanguage":"fr-FR"},{"@type":"Person","@id":"https:\/\/theplayoffs.news\/fr\/#\/schema\/person\/def63bc6746dc5957469b75feb99e66d","name":"Flavien Jumeau","image":{"@type":"ImageObject","inLanguage":"fr-FR","@id":"https:\/\/theplayoffs.news\/fr\/#\/schema\/person\/image\/","url":"https:\/\/secure.gravatar.com\/avatar\/e7fa8ba5a4b7e4ce35fe152f083f352db28ad0acce692004ed88a7a7d78893f7?s=96&d=mm&r=g","contentUrl":"https:\/\/secure.gravatar.com\/avatar\/e7fa8ba5a4b7e4ce35fe152f083f352db28ad0acce692004ed88a7a7d78893f7?s=96&d=mm&r=g","caption":"Flavien Jumeau"},"description":"Amoureux du sport (et de vraiment tous les sports) depuis mon plus jeune \u00e2ge, j\u2019ai longtemps h\u00e9site entre le snooker et le curling. Finalement c\u2019est le foot US que j\u2019ai d\u00e9cid\u00e9 de choisir! Responsable foot US sur TPO et animateur du podcast Tailgate j\u2019ai pour mission de vous faire d\u00e9couvrir ce sport passionnant si ce n\u2019est pas encore fait et de vous donner les derni\u00e8res actus. Le tout dans la bonne humeur et avec toujours un jeu de mots ou deux savamment distill\u00e9s! Fan des Saints, pour moi Drew Brees est le vrai GOAT!","url":"https:\/\/theplayoffs.news\/fr\/author\/flavien-jumeaugmail-com\/"}]}},"_links":{"self":[{"href":"https:\/\/theplayoffs.news\/fr\/wp-json\/wp\/v2\/posts\/1436980","targetHints":{"allow":["GET"]}}],"collection":[{"href":"https:\/\/theplayoffs.news\/fr\/wp-json\/wp\/v2\/posts"}],"about":[{"href":"https:\/\/theplayoffs.news\/fr\/wp-json\/wp\/v2\/types\/post"}],"author":[{"embeddable":true,"href":"https:\/\/theplayoffs.news\/fr\/wp-json\/wp\/v2\/users\/180309964"}],"replies":[{"embeddable":true,"href":"https:\/\/theplayoffs.news\/fr\/wp-json\/wp\/v2\/comments?post=1436980"}],"version-history":[{"count":3,"href":"https:\/\/theplayoffs.news\/fr\/wp-json\/wp\/v2\/posts\/1436980\/revisions"}],"predecessor-version":[{"id":1436984,"href":"https:\/\/theplayoffs.news\/fr\/wp-json\/wp\/v2\/posts\/1436980\/revisions\/1436984"}],"wp:featuredmedia":[{"embeddable":true,"href":"https:\/\/theplayoffs.news\/fr\/wp-json\/wp\/v2\/media\/1436981"}],"wp:attachment":[{"href":"https:\/\/theplayoffs.news\/fr\/wp-json\/wp\/v2\/media?parent=1436980"}],"wp:term":[{"taxonomy":"category","embeddable":true,"href":"https:\/\/theplayoffs.news\/fr\/wp-json\/wp\/v2\/categories?post=1436980"},{"taxonomy":"post_tag","embeddable":true,"href":"https:\/\/theplayoffs.news\/fr\/wp-json\/wp\/v2\/tags?post=1436980"},{"taxonomy":"sport","embeddable":true,"href":"https:\/\/theplayoffs.news\/fr\/wp-json\/wp\/v2\/sport?post=1436980"},{"taxonomy":"saison","embeddable":true,"href":"https:\/\/theplayoffs.news\/fr\/wp-json\/wp\/v2\/saison?post=1436980"}],"curies":[{"name":"wp","href":"https:\/\/api.w.org\/{rel}","templated":true}]}}