{"id":1436713,"date":"2024-06-05T16:10:06","date_gmt":"2024-06-05T14:10:06","guid":{"rendered":"https:\/\/theplayoffs.news\/fr\/?p=1436713"},"modified":"2024-06-05T16:05:48","modified_gmt":"2024-06-05T14:05:48","slug":"les-enjeux-du-changement-de-proprietaire-pour-karl-anthony-towns-aux-timberwolves","status":"publish","type":"post","link":"https:\/\/theplayoffs.news\/fr\/actualite-nba\/les-enjeux-du-changement-de-proprietaire-pour-karl-anthony-towns-aux-timberwolves\/","title":{"rendered":"Les enjeux du changement de propri\u00e9taire pour Karl-Anthony Towns aux Timberwolves"},"content":{"rendered":"<h2>Dans un r&eacute;cent &eacute;pisode du podcast &laquo;&nbsp;Hoop Collective&nbsp;&raquo;, Brian Windhorst a soulev&eacute; des points cl&eacute;s concernant l&rsquo;avenir de Karl-Anthony Towns avec les Timberwolves de Minnesota, en lien avec la lutte pour la propri&eacute;t&eacute; de l&rsquo;&eacute;quipe entre Glen Taylor et le duo Marc Lore\/Alex Rodriguez. Windhorst a sugg&eacute;r&eacute; que le r&ocirc;le de Towns pourrait &ecirc;tre &laquo;&nbsp;r&eacute;&eacute;valu&eacute;&nbsp;&raquo; selon l&rsquo;issue de cette bataille de propri&eacute;t&eacute;.<\/h2><p>Selon Windhorst, bien qu&rsquo;il ne pense pas que l&rsquo;&eacute;quipe serait d&eacute;mantel&eacute;e, il admet que le r&ocirc;le de Towns pourrait &ecirc;tre significativement ajust&eacute; si le changement de propri&eacute;taire se concr&eacute;tisait. &laquo;&nbsp;Je ne pense pas qu&rsquo;ils d&eacute;chireraient l&rsquo;&eacute;quipe, mais il est possible que le r&ocirc;le de Karl soit r&eacute;&eacute;valu&eacute; en cas de changement de propri&eacute;t&eacute;,&nbsp;&raquo; a-t-il expliqu&eacute;.<\/p><p>Avant m&ecirc;me de penser &agrave; resigner leurs agents libres, les Timberwolves se trouvent d&eacute;j&agrave; environ 17 millions de dollars au-dessus du seuil de la taxe de luxe.<\/p><p>Towns poss&egrave;de le plus gros contrat de l&rsquo;&eacute;quipe pour la saison 2024-2025, avec un impact de 49,35 millions de dollars sur le plafond salarial, repr&eacute;sentant 35% du cap total.<\/p><p>&copy; Jerome Miron-USA TODAY Sports<\/p>\n","protected":false},"excerpt":{"rendered":"","protected":false},"author":180310234,"featured_media":1436716,"comment_status":"open","ping_status":"closed","sticky":false,"template":"","format":"standard","meta":{"inline_featured_image":false,"kia_subtitle":"","_mux_skip_reasons":[],"proofreadBy":0,"footnotes":""},"categories":[110],"tags":[],"sport":[2783],"saison":[3453],"class_list":["post-1436713","post","type-post","status-publish","format-standard","has-post-thumbnail","hentry","category-actualite-nba","sport-nba","saison-3453"],"acf":[],"yoast_head":"<!-- This site is optimized with the Yoast SEO plugin v24.2 - https:\/\/yoast.com\/wordpress\/plugins\/seo\/ -->\n<title>Les enjeux du changement de propri&eacute;taire pour Karl-Anthony Towns aux Timberwolves - The Playoffs FR<\/title>\n<meta name=\"robots\" content=\"index, follow, max-snippet:-1, max-image-preview:large, max-video-preview:-1\" \/>\n<link rel=\"canonical\" href=\"https:\/\/theplayoffs.news\/fr\/actualite-nba\/les-enjeux-du-changement-de-proprietaire-pour-karl-anthony-towns-aux-timberwolves\/\" \/>\n<meta property=\"og:locale\" content=\"fr_FR\" \/>\n<meta property=\"og:type\" content=\"article\" \/>\n<meta property=\"og:title\" content=\"Les enjeux du changement de propri&eacute;taire pour Karl-Anthony Towns aux Timberwolves - The Playoffs FR\" \/>\n<meta property=\"og:url\" content=\"https:\/\/theplayoffs.news\/fr\/actualite-nba\/les-enjeux-du-changement-de-proprietaire-pour-karl-anthony-towns-aux-timberwolves\/\" \/>\n<meta property=\"og:site_name\" content=\"The Playoffs FR\" \/>\n<meta property=\"article:publisher\" content=\"https:\/\/www.facebook.com\/TheFreeAgentFR\/\" \/>\n<meta property=\"article:modified_time\" content=\"2024-06-05T16:10:06+02:00\" \/>\n<meta property=\"og:image\" content=\"https:\/\/theplayoffs.news\/fr\/wp-content\/uploads\/2024\/06\/USATSI_23409110.jpg\" \/>\n\t<meta property=\"og:image:width\" content=\"1920\" \/>\n\t<meta property=\"og:image:height\" content=\"1279\" \/>\n\t<meta property=\"og:image:type\" content=\"image\/jpeg\" \/>\n<meta name=\"author\" content=\"Alexandre Gomes\" \/>\n<meta name=\"twitter:card\" content=\"summary_large_image\" \/>\n<meta name=\"twitter:creator\" content=\"@TheFreeAgentFR\" \/>\n<meta name=\"twitter:site\" content=\"@TheFreeAgentFR\" \/>\n<meta name=\"twitter:label1\" content=\"\u00c9crit par\" \/>\n\t<meta name=\"twitter:data1\" content=\"Alexandre Gomes\" \/>\n\t<meta name=\"twitter:label2\" content=\"Dur\u00e9e de lecture estim\u00e9e\" \/>\n\t<meta name=\"twitter:data2\" content=\"1 minute\" \/>\n<script type=\"application\/ld+json\" class=\"yoast-schema-graph\">{\"@context\":\"https:\/\/schema.org\",\"@graph\":[{\"@type\":\"WebPage\",\"@id\":\"https:\/\/theplayoffs.news\/fr\/actualite-nba\/les-enjeux-du-changement-de-proprietaire-pour-karl-anthony-towns-aux-timberwolves\/\",\"url\":\"https:\/\/theplayoffs.news\/fr\/actualite-nba\/les-enjeux-du-changement-de-proprietaire-pour-karl-anthony-towns-aux-timberwolves\/\",\"name\":\"Les enjeux du changement de propri\u00e9taire pour Karl-Anthony Towns aux Timberwolves - The Playoffs FR\",\"isPartOf\":{\"@id\":\"https:\/\/theplayoffs.news\/fr\/#website\"},\"primaryImageOfPage\":{\"@id\":\"https:\/\/theplayoffs.news\/fr\/actualite-nba\/les-enjeux-du-changement-de-proprietaire-pour-karl-anthony-towns-aux-timberwolves\/#primaryimage\"},\"image\":{\"@id\":\"https:\/\/theplayoffs.news\/fr\/actualite-nba\/les-enjeux-du-changement-de-proprietaire-pour-karl-anthony-towns-aux-timberwolves\/#primaryimage\"},\"thumbnailUrl\":\"https:\/\/theplayoffs.news\/fr\/wp-content\/uploads\/2024\/06\/USATSI_23409110.jpg\",\"datePublished\":\"2024-06-05T14:10:06+00:00\",\"dateModified\":\"2024-06-05T16:10:06+02:00\",\"author\":{\"@id\":\"https:\/\/theplayoffs.news\/fr\/#\/schema\/person\/8271870c7368fee2ff5b2ba615997fff\"},\"breadcrumb\":{\"@id\":\"https:\/\/theplayoffs.news\/fr\/actualite-nba\/les-enjeux-du-changement-de-proprietaire-pour-karl-anthony-towns-aux-timberwolves\/#breadcrumb\"},\"inLanguage\":\"fr-FR\",\"potentialAction\":[{\"@type\":\"ReadAction\",\"target\":[\"https:\/\/theplayoffs.news\/fr\/actualite-nba\/les-enjeux-du-changement-de-proprietaire-pour-karl-anthony-towns-aux-timberwolves\/\"]}]},{\"@type\":\"ImageObject\",\"inLanguage\":\"fr-FR\",\"@id\":\"https:\/\/theplayoffs.news\/fr\/actualite-nba\/les-enjeux-du-changement-de-proprietaire-pour-karl-anthony-towns-aux-timberwolves\/#primaryimage\",\"url\":\"https:\/\/theplayoffs.news\/fr\/wp-content\/uploads\/2024\/06\/USATSI_23409110.jpg\",\"contentUrl\":\"https:\/\/theplayoffs.news\/fr\/wp-content\/uploads\/2024\/06\/USATSI_23409110.jpg\",\"width\":1920,\"height\":1279,\"caption\":\"May 28, 2024; Dallas, Texas, USA; Minnesota Timberwolves center Karl-Anthony Towns (32) fouls out against the Dallas Mavericks during the second half in game four of the western conference finals for the 2024 NBA playoffs at American Airlines Center. Mandatory Credit: Jerome Miron-USA TODAY Sports\"},{\"@type\":\"BreadcrumbList\",\"@id\":\"https:\/\/theplayoffs.news\/fr\/actualite-nba\/les-enjeux-du-changement-de-proprietaire-pour-karl-anthony-towns-aux-timberwolves\/#breadcrumb\",\"itemListElement\":[{\"@type\":\"ListItem\",\"position\":1,\"name\":\"Accueil\",\"item\":\"https:\/\/theplayoffs.news\/fr\/\"},{\"@type\":\"ListItem\",\"position\":2,\"name\":\"Les enjeux du changement de propri\u00e9taire pour Karl-Anthony Towns aux Timberwolves\"}]},{\"@type\":\"WebSite\",\"@id\":\"https:\/\/theplayoffs.news\/fr\/#website\",\"url\":\"https:\/\/theplayoffs.news\/fr\/\",\"name\":\"The Playoffs FR\",\"description\":\"NBA-NFL-NHL-MLB\",\"potentialAction\":[{\"@type\":\"SearchAction\",\"target\":{\"@type\":\"EntryPoint\",\"urlTemplate\":\"https:\/\/theplayoffs.news\/fr\/?s={search_term_string}\"},\"query-input\":{\"@type\":\"PropertyValueSpecification\",\"valueRequired\":true,\"valueName\":\"search_term_string\"}}],\"inLanguage\":\"fr-FR\"},{\"@type\":\"Person\",\"@id\":\"https:\/\/theplayoffs.news\/fr\/#\/schema\/person\/8271870c7368fee2ff5b2ba615997fff\",\"name\":\"Alexandre Gomes\",\"image\":{\"@type\":\"ImageObject\",\"inLanguage\":\"fr-FR\",\"@id\":\"https:\/\/theplayoffs.news\/fr\/#\/schema\/person\/image\/\",\"url\":\"https:\/\/secure.gravatar.com\/avatar\/85734dd9d8139e75eb3558e9d1f8c28873597c2d782b41c9f078bed549b247e9?s=96&d=mm&r=g\",\"contentUrl\":\"https:\/\/secure.gravatar.com\/avatar\/85734dd9d8139e75eb3558e9d1f8c28873597c2d782b41c9f078bed549b247e9?s=96&d=mm&r=g\",\"caption\":\"Alexandre Gomes\"},\"url\":\"https:\/\/theplayoffs.news\/fr\/author\/agomespro93gmail-com\/\"}]}<\/script>\n<!-- \/ Yoast SEO plugin. -->","yoast_head_json":{"title":"Les enjeux du changement de propri&eacute;taire pour Karl-Anthony Towns aux Timberwolves - The Playoffs FR","robots":{"index":"index","follow":"follow","max-snippet":"max-snippet:-1","max-image-preview":"max-image-preview:large","max-video-preview":"max-video-preview:-1"},"canonical":"https:\/\/theplayoffs.news\/fr\/actualite-nba\/les-enjeux-du-changement-de-proprietaire-pour-karl-anthony-towns-aux-timberwolves\/","og_locale":"fr_FR","og_type":"article","og_title":"Les enjeux du changement de propri&eacute;taire pour Karl-Anthony Towns aux Timberwolves - The Playoffs FR","og_url":"https:\/\/theplayoffs.news\/fr\/actualite-nba\/les-enjeux-du-changement-de-proprietaire-pour-karl-anthony-towns-aux-timberwolves\/","og_site_name":"The Playoffs FR","article_publisher":"https:\/\/www.facebook.com\/TheFreeAgentFR\/","article_modified_time":"2024-06-05T14:05:48+00:00","og_image":[{"width":1920,"height":1279,"url":"https:\/\/theplayoffs.news\/fr\/wp-content\/uploads\/2024\/06\/USATSI_23409110.jpg","type":"image\/jpeg"}],"author":"Alexandre Gomes","twitter_card":"summary_large_image","twitter_creator":"@TheFreeAgentFR","twitter_site":"@TheFreeAgentFR","twitter_misc":{"\u00c9crit par":"Alexandre Gomes","Dur\u00e9e de lecture estim\u00e9e":"1 minute"},"schema":{"@context":"https:\/\/schema.org","@graph":[{"@type":"WebPage","@id":"https:\/\/theplayoffs.news\/fr\/actualite-nba\/les-enjeux-du-changement-de-proprietaire-pour-karl-anthony-towns-aux-timberwolves\/","url":"https:\/\/theplayoffs.news\/fr\/actualite-nba\/les-enjeux-du-changement-de-proprietaire-pour-karl-anthony-towns-aux-timberwolves\/","name":"Les enjeux du changement de propri\u00e9taire pour Karl-Anthony Towns aux Timberwolves - The Playoffs FR","isPartOf":{"@id":"https:\/\/theplayoffs.news\/fr\/#website"},"primaryImageOfPage":{"@id":"https:\/\/theplayoffs.news\/fr\/actualite-nba\/les-enjeux-du-changement-de-proprietaire-pour-karl-anthony-towns-aux-timberwolves\/#primaryimage"},"image":{"@id":"https:\/\/theplayoffs.news\/fr\/actualite-nba\/les-enjeux-du-changement-de-proprietaire-pour-karl-anthony-towns-aux-timberwolves\/#primaryimage"},"thumbnailUrl":"https:\/\/theplayoffs.news\/fr\/wp-content\/uploads\/2024\/06\/USATSI_23409110.jpg","datePublished":"2024-06-05T14:10:06+00:00","dateModified":"2024-06-05T16:10:06+02:00","author":{"@id":"https:\/\/theplayoffs.news\/fr\/#\/schema\/person\/8271870c7368fee2ff5b2ba615997fff"},"breadcrumb":{"@id":"https:\/\/theplayoffs.news\/fr\/actualite-nba\/les-enjeux-du-changement-de-proprietaire-pour-karl-anthony-towns-aux-timberwolves\/#breadcrumb"},"inLanguage":"fr-FR","potentialAction":[{"@type":"ReadAction","target":["https:\/\/theplayoffs.news\/fr\/actualite-nba\/les-enjeux-du-changement-de-proprietaire-pour-karl-anthony-towns-aux-timberwolves\/"]}]},{"@type":"ImageObject","inLanguage":"fr-FR","@id":"https:\/\/theplayoffs.news\/fr\/actualite-nba\/les-enjeux-du-changement-de-proprietaire-pour-karl-anthony-towns-aux-timberwolves\/#primaryimage","url":"https:\/\/theplayoffs.news\/fr\/wp-content\/uploads\/2024\/06\/USATSI_23409110.jpg","contentUrl":"https:\/\/theplayoffs.news\/fr\/wp-content\/uploads\/2024\/06\/USATSI_23409110.jpg","width":1920,"height":1279,"caption":"May 28, 2024; Dallas, Texas, USA; Minnesota Timberwolves center Karl-Anthony Towns (32) fouls out against the Dallas Mavericks during the second half in game four of the western conference finals for the 2024 NBA playoffs at American Airlines Center. Mandatory Credit: Jerome Miron-USA TODAY Sports"},{"@type":"BreadcrumbList","@id":"https:\/\/theplayoffs.news\/fr\/actualite-nba\/les-enjeux-du-changement-de-proprietaire-pour-karl-anthony-towns-aux-timberwolves\/#breadcrumb","itemListElement":[{"@type":"ListItem","position":1,"name":"Accueil","item":"https:\/\/theplayoffs.news\/fr\/"},{"@type":"ListItem","position":2,"name":"Les enjeux du changement de propri\u00e9taire pour Karl-Anthony Towns aux Timberwolves"}]},{"@type":"WebSite","@id":"https:\/\/theplayoffs.news\/fr\/#website","url":"https:\/\/theplayoffs.news\/fr\/","name":"The Playoffs FR","description":"NBA-NFL-NHL-MLB","potentialAction":[{"@type":"SearchAction","target":{"@type":"EntryPoint","urlTemplate":"https:\/\/theplayoffs.news\/fr\/?s={search_term_string}"},"query-input":{"@type":"PropertyValueSpecification","valueRequired":true,"valueName":"search_term_string"}}],"inLanguage":"fr-FR"},{"@type":"Person","@id":"https:\/\/theplayoffs.news\/fr\/#\/schema\/person\/8271870c7368fee2ff5b2ba615997fff","name":"Alexandre Gomes","image":{"@type":"ImageObject","inLanguage":"fr-FR","@id":"https:\/\/theplayoffs.news\/fr\/#\/schema\/person\/image\/","url":"https:\/\/secure.gravatar.com\/avatar\/85734dd9d8139e75eb3558e9d1f8c28873597c2d782b41c9f078bed549b247e9?s=96&d=mm&r=g","contentUrl":"https:\/\/secure.gravatar.com\/avatar\/85734dd9d8139e75eb3558e9d1f8c28873597c2d782b41c9f078bed549b247e9?s=96&d=mm&r=g","caption":"Alexandre Gomes"},"url":"https:\/\/theplayoffs.news\/fr\/author\/agomespro93gmail-com\/"}]}},"_links":{"self":[{"href":"https:\/\/theplayoffs.news\/fr\/wp-json\/wp\/v2\/posts\/1436713","targetHints":{"allow":["GET"]}}],"collection":[{"href":"https:\/\/theplayoffs.news\/fr\/wp-json\/wp\/v2\/posts"}],"about":[{"href":"https:\/\/theplayoffs.news\/fr\/wp-json\/wp\/v2\/types\/post"}],"author":[{"embeddable":true,"href":"https:\/\/theplayoffs.news\/fr\/wp-json\/wp\/v2\/users\/180310234"}],"replies":[{"embeddable":true,"href":"https:\/\/theplayoffs.news\/fr\/wp-json\/wp\/v2\/comments?post=1436713"}],"version-history":[{"count":2,"href":"https:\/\/theplayoffs.news\/fr\/wp-json\/wp\/v2\/posts\/1436713\/revisions"}],"predecessor-version":[{"id":1436721,"href":"https:\/\/theplayoffs.news\/fr\/wp-json\/wp\/v2\/posts\/1436713\/revisions\/1436721"}],"wp:featuredmedia":[{"embeddable":true,"href":"https:\/\/theplayoffs.news\/fr\/wp-json\/wp\/v2\/media\/1436716"}],"wp:attachment":[{"href":"https:\/\/theplayoffs.news\/fr\/wp-json\/wp\/v2\/media?parent=1436713"}],"wp:term":[{"taxonomy":"category","embeddable":true,"href":"https:\/\/theplayoffs.news\/fr\/wp-json\/wp\/v2\/categories?post=1436713"},{"taxonomy":"post_tag","embeddable":true,"href":"https:\/\/theplayoffs.news\/fr\/wp-json\/wp\/v2\/tags?post=1436713"},{"taxonomy":"sport","embeddable":true,"href":"https:\/\/theplayoffs.news\/fr\/wp-json\/wp\/v2\/sport?post=1436713"},{"taxonomy":"saison","embeddable":true,"href":"https:\/\/theplayoffs.news\/fr\/wp-json\/wp\/v2\/saison?post=1436713"}],"curies":[{"name":"wp","href":"https:\/\/api.w.org\/{rel}","templated":true}]}}