{"id":1436710,"date":"2024-06-05T16:03:04","date_gmt":"2024-06-05T14:03:04","guid":{"rendered":"https:\/\/theplayoffs.news\/fr\/?p=1436710"},"modified":"2024-06-05T16:03:04","modified_gmt":"2024-06-05T14:03:04","slug":"tim-connelly-et-les-timberwolves-continuent-laventure-la-saison-prochaine","status":"publish","type":"post","link":"https:\/\/theplayoffs.news\/fr\/actualite-nba\/tim-connelly-et-les-timberwolves-continuent-laventure-la-saison-prochaine\/","title":{"rendered":"Tim Connelly et les Timberwolves continuent l&rsquo;aventure la saison prochaine"},"content":{"rendered":"<h2 style=\"text-align: justify;\"><a href=\"https:\/\/www.nytimes.com\/athletic\/5541765\/2024\/06\/04\/tim-connelly-timberwolves-returning\/\" class=\"trk-cta-link\" data-cta-trk='{\"ctaType\":\"Link\",\"ctaSubType\":\"main\"}'>Tim Connelly, pr&eacute;sident des op&eacute;rations de basket-ball, a accept&eacute; un contrat restructur&eacute; garantissant son maintien au Minnesota pour le futur imm&eacute;diat, selon des sources de l&rsquo;&eacute;quipe.<\/a><\/h2><p style=\"text-align: justify;\">L&rsquo;accord inclut le report de la clause de r&eacute;siliation de Connelly jusqu&rsquo;apr&egrave;s la prochaine saison.<\/p><p style=\"text-align: justify;\">Face aux incertitudes concernant la propri&eacute;t&eacute; de l&rsquo;&eacute;quipe, Connelly aurait pu choisir de partir d&egrave;s l&rsquo;&eacute;limination des Wolves par Dallas lors de leur premi&egrave;re apparition en finale de conf&eacute;rence de l&rsquo;Ouest en 20 ans.<\/p><p style=\"text-align: justify;\">Cependant, Tim Connelly et sa famille ont souhait&eacute; rester au Minnesota et continuer &agrave; b&acirc;tir sur le succ&egrave;s de l&rsquo;&eacute;quipe.<\/p><p style=\"text-align: justify;\">En reportant son option contractuelle d&rsquo;un an, Connelly conserve une certaine flexibilit&eacute; alors que le propri&eacute;taire actuel Glen Taylor se bat avec Marc Lore et Alex Rodriguez pour le contr&ocirc;le de l&rsquo;&eacute;quipe. Cette bataille juridique devrait prendre plusieurs mois.<\/p><p style=\"text-align: justify;\">Le manque de clart&eacute; sur la gestion &agrave; long terme de la franchise complique la t&acirc;che de ceux qui travaillent sur les aspects commerciaux et sportifs de l&rsquo;organisation.<\/p><p style=\"text-align: justify;\">Tim Connelly a soulign&eacute; l&rsquo;importance de travailler avec l&rsquo;entra&icirc;neur Chris Finch pour construire un effectif comp&eacute;titif dans la Conf&eacute;rence Ouest. Cet accord permettra au d&eacute;partement des op&eacute;rations de basket-ball de se concentrer pleinement sur la draft et la free agency.<\/p><p style=\"text-align: justify;\">Le mois dernier, les Detroit Pistons &eacute;taient un pr&eacute;tendant potentiel pour Connelly. Cependant, apr&egrave;s la victoire des Wolves contre les Nuggets, les Pistons ont recrut&eacute; Trajan Langdon de New Orleans.<\/p><p style=\"text-align: justify;\">M&ecirc;me avec les Pistons ayant tourn&eacute; la page, il &eacute;tait possible qu&rsquo;une autre &eacute;quipe s&rsquo;int&eacute;resse &agrave; Connelly, qui est devenu l&rsquo;un des meilleurs dirigeants de la ligue.<\/p><p style=\"text-align: justify;\">Malgr&eacute; les probl&egrave;mes de propri&eacute;t&eacute;, Tim Connelly pr&eacute;f&eacute;rait rester au Minnesota. Lors de sa conf&eacute;rence de presse de fin de saison en mai, Connelly a d&eacute;clar&eacute; que lui et sa famille, y compris sa femme Negah et leurs trois enfants, commen&ccedil;aient &agrave; s&rsquo;enraciner au Minnesota.<\/p><blockquote>\n<p style=\"text-align: justify;\">&laquo;&nbsp;&Ccedil;a a &eacute;t&eacute; deux ann&eacute;es formidables et j&rsquo;esp&egrave;re que nous pourrons en faire bien plus longtemps,&nbsp;&raquo; a-t-il dit.<\/p>\n<\/blockquote><p style=\"text-align: justify;\">La saison 2022-23 a &eacute;t&eacute; difficile, avec l&rsquo;&eacute;change de Rudy Gobert produisant des r&eacute;sultats d&eacute;cevants la premi&egrave;re ann&eacute;e.<\/p><p style=\"text-align: justify;\">Cependant, cette saison, Gobert s&rsquo;est r&eacute;tabli comme l&rsquo;un des meilleurs d&eacute;fenseurs de la ligue, et les &eacute;changes pour Mike Conley et Nickeil Alexander-Walker ont jou&eacute; un r&ocirc;le crucial dans la progression des Timberwolves en playoffs.<\/p><p style=\"text-align: justify;\">Tim Connelly est respect&eacute; pour sa capacit&eacute; &agrave; n&eacute;gocier des contrats et des &eacute;changes. S&rsquo;il &eacute;tait parti, les Timberwolves auraient d&ucirc; trouver un rempla&ccedil;ant en plein milieu de la lutte pour la propri&eacute;t&eacute;.<\/p><p style=\"text-align: justify;\">La continuit&eacute; a &eacute;t&eacute; difficile &agrave; atteindre pour les Timberwolves au cours des 20 derni&egrave;res ann&eacute;es.<\/p><p style=\"text-align: justify;\">Si Connelly et Finch terminent la saison prochaine &agrave; leurs postes, ce serait la premi&egrave;re fois que les Wolves auraient le m&ecirc;me entra&icirc;neur et le m&ecirc;me directeur g&eacute;n&eacute;ral pendant trois saisons cons&eacute;cutives depuis 2004.<\/p><blockquote>\n<p style=\"text-align: justify;\">&laquo;&nbsp;La continuit&eacute; et la croissance interne, pour moi, sont la cl&eacute; pour aller loin dans cette ligue,&nbsp;&raquo; a d&eacute;clar&eacute; Finch.<\/p>\n<\/blockquote><p style=\"text-align: justify;\">Garder Tim Connelly est crucial compte tenu de l&rsquo;augmentation des salaires et de la complexit&eacute; croissante du nouveau contrat collectif de la ligue.<\/p><p style=\"text-align: justify;\">Anthony Edwards, Karl-Anthony Towns et Rudy Gobert seront tous sous contrats maximums.<\/p><p style=\"text-align: justify;\">Connelly a d&eacute;clar&eacute; que la continuit&eacute; est sa voie pr&eacute;f&eacute;r&eacute;e, tout comme l&rsquo;ann&eacute;e derni&egrave;re lorsqu&rsquo;ils ont maintenu la construction de l&rsquo;effectif avec Gobert et Towns malgr&eacute; le scepticisme ext&eacute;rieur.<\/p><blockquote>\n<p style=\"text-align: justify;\">&laquo;&nbsp;Je pense que quand on y go&ucirc;te, on en veut toujours plus,&nbsp;&raquo; a d&eacute;clar&eacute; Connelly. &laquo;&nbsp;Nous sommes conscients que pour &ecirc;tre o&ugrave; nous en sommes, cela impliquera un certain co&ucirc;t, et par tous les comptes, la propri&eacute;t&eacute; nous a donn&eacute; aucune indication que nous serons autre chose qu&rsquo;agressifs pour essayer de franchir une &eacute;tape suppl&eacute;mentaire.&nbsp;&raquo;<\/p>\n<\/blockquote><p style=\"text-align: justify;\">\n<\/p><p style=\"text-align: justify;\">Cr&eacute;dit photo : Bruce Kluckhohn-USA TODAY Sports<\/p>\n","protected":false},"excerpt":{"rendered":"","protected":false},"author":180310243,"featured_media":1436711,"comment_status":"open","ping_status":"closed","sticky":false,"template":"","format":"standard","meta":{"inline_featured_image":false,"kia_subtitle":"","_mux_skip_reasons":[],"proofreadBy":0,"footnotes":""},"categories":[110,10],"tags":[856,2718],"sport":[2783],"saison":[3453],"class_list":["post-1436710","post","type-post","status-publish","format-standard","has-post-thumbnail","hentry","category-actualite-nba","category-nba","tag-minnesota-timberwolves","tag-tim-connelly","sport-nba","saison-3453"],"acf":[],"yoast_head":"<!-- This site is optimized with the Yoast SEO plugin v24.2 - https:\/\/yoast.com\/wordpress\/plugins\/seo\/ -->\n<title>Tim Connelly et les Timberwolves continuent l&#039;aventure la saison prochaine - The Playoffs FR<\/title>\n<meta name=\"robots\" content=\"index, follow, max-snippet:-1, max-image-preview:large, max-video-preview:-1\" \/>\n<link rel=\"canonical\" href=\"https:\/\/theplayoffs.news\/fr\/actualite-nba\/tim-connelly-et-les-timberwolves-continuent-laventure-la-saison-prochaine\/\" \/>\n<meta property=\"og:locale\" content=\"fr_FR\" \/>\n<meta property=\"og:type\" content=\"article\" \/>\n<meta property=\"og:title\" content=\"Tim Connelly et les Timberwolves continuent l&#039;aventure la saison prochaine - The Playoffs FR\" \/>\n<meta property=\"og:url\" content=\"https:\/\/theplayoffs.news\/fr\/actualite-nba\/tim-connelly-et-les-timberwolves-continuent-laventure-la-saison-prochaine\/\" \/>\n<meta property=\"og:site_name\" content=\"The Playoffs FR\" \/>\n<meta property=\"article:publisher\" content=\"https:\/\/www.facebook.com\/TheFreeAgentFR\/\" \/>\n<meta property=\"article:modified_time\" content=\"2024-06-05T16:03:04+02:00\" \/>\n<meta property=\"og:image\" content=\"https:\/\/theplayoffs.news\/fr\/wp-content\/uploads\/2024\/06\/USATSI_18608158.jpg\" \/>\n\t<meta property=\"og:image:width\" content=\"1920\" \/>\n\t<meta property=\"og:image:height\" content=\"1280\" \/>\n\t<meta property=\"og:image:type\" content=\"image\/jpeg\" \/>\n<meta name=\"author\" content=\"Luc lemercier\" \/>\n<meta name=\"twitter:card\" content=\"summary_large_image\" \/>\n<meta name=\"twitter:creator\" content=\"@TheFreeAgentFR\" \/>\n<meta name=\"twitter:site\" content=\"@TheFreeAgentFR\" \/>\n<meta name=\"twitter:label1\" content=\"\u00c9crit par\" \/>\n\t<meta name=\"twitter:data1\" content=\"Luc lemercier\" \/>\n\t<meta name=\"twitter:label2\" content=\"Dur\u00e9e de lecture estim\u00e9e\" \/>\n\t<meta name=\"twitter:data2\" content=\"3 minutes\" \/>\n<script type=\"application\/ld+json\" class=\"yoast-schema-graph\">{\"@context\":\"https:\/\/schema.org\",\"@graph\":[{\"@type\":\"WebPage\",\"@id\":\"https:\/\/theplayoffs.news\/fr\/actualite-nba\/tim-connelly-et-les-timberwolves-continuent-laventure-la-saison-prochaine\/\",\"url\":\"https:\/\/theplayoffs.news\/fr\/actualite-nba\/tim-connelly-et-les-timberwolves-continuent-laventure-la-saison-prochaine\/\",\"name\":\"Tim Connelly et les Timberwolves continuent l\\\\'aventure la saison prochaine - The Playoffs FR\",\"isPartOf\":{\"@id\":\"https:\/\/theplayoffs.news\/fr\/#website\"},\"primaryImageOfPage\":{\"@id\":\"https:\/\/theplayoffs.news\/fr\/actualite-nba\/tim-connelly-et-les-timberwolves-continuent-laventure-la-saison-prochaine\/#primaryimage\"},\"image\":{\"@id\":\"https:\/\/theplayoffs.news\/fr\/actualite-nba\/tim-connelly-et-les-timberwolves-continuent-laventure-la-saison-prochaine\/#primaryimage\"},\"thumbnailUrl\":\"https:\/\/theplayoffs.news\/fr\/wp-content\/uploads\/2024\/06\/USATSI_18608158.jpg\",\"datePublished\":\"2024-06-05T14:03:04+00:00\",\"dateModified\":\"2024-06-05T14:03:04+00:00\",\"author\":{\"@id\":\"https:\/\/theplayoffs.news\/fr\/#\/schema\/person\/801c54a27bc55531da5bcae43d637b35\"},\"breadcrumb\":{\"@id\":\"https:\/\/theplayoffs.news\/fr\/actualite-nba\/tim-connelly-et-les-timberwolves-continuent-laventure-la-saison-prochaine\/#breadcrumb\"},\"inLanguage\":\"fr-FR\",\"potentialAction\":[{\"@type\":\"ReadAction\",\"target\":[\"https:\/\/theplayoffs.news\/fr\/actualite-nba\/tim-connelly-et-les-timberwolves-continuent-laventure-la-saison-prochaine\/\"]}]},{\"@type\":\"ImageObject\",\"inLanguage\":\"fr-FR\",\"@id\":\"https:\/\/theplayoffs.news\/fr\/actualite-nba\/tim-connelly-et-les-timberwolves-continuent-laventure-la-saison-prochaine\/#primaryimage\",\"url\":\"https:\/\/theplayoffs.news\/fr\/wp-content\/uploads\/2024\/06\/USATSI_18608158.jpg\",\"contentUrl\":\"https:\/\/theplayoffs.news\/fr\/wp-content\/uploads\/2024\/06\/USATSI_18608158.jpg\",\"width\":1920,\"height\":1280,\"caption\":\"Jun 28, 2022; Minneapolis, MN, USA; Minnesota Timberwolves president of basketball operations Tim Connelly answers questions at a press conference to introduce the 2022 draft picks at Target Center. Mandatory Credit: Bruce Kluckhohn-USA TODAY Sports\"},{\"@type\":\"BreadcrumbList\",\"@id\":\"https:\/\/theplayoffs.news\/fr\/actualite-nba\/tim-connelly-et-les-timberwolves-continuent-laventure-la-saison-prochaine\/#breadcrumb\",\"itemListElement\":[{\"@type\":\"ListItem\",\"position\":1,\"name\":\"Accueil\",\"item\":\"https:\/\/theplayoffs.news\/fr\/\"},{\"@type\":\"ListItem\",\"position\":2,\"name\":\"Tim Connelly et les Timberwolves continuent l&rsquo;aventure la saison prochaine\"}]},{\"@type\":\"WebSite\",\"@id\":\"https:\/\/theplayoffs.news\/fr\/#website\",\"url\":\"https:\/\/theplayoffs.news\/fr\/\",\"name\":\"The Playoffs FR\",\"description\":\"NBA-NFL-NHL-MLB\",\"potentialAction\":[{\"@type\":\"SearchAction\",\"target\":{\"@type\":\"EntryPoint\",\"urlTemplate\":\"https:\/\/theplayoffs.news\/fr\/?s={search_term_string}\"},\"query-input\":{\"@type\":\"PropertyValueSpecification\",\"valueRequired\":true,\"valueName\":\"search_term_string\"}}],\"inLanguage\":\"fr-FR\"},{\"@type\":\"Person\",\"@id\":\"https:\/\/theplayoffs.news\/fr\/#\/schema\/person\/801c54a27bc55531da5bcae43d637b35\",\"name\":\"Luc lemercier\",\"image\":{\"@type\":\"ImageObject\",\"inLanguage\":\"fr-FR\",\"@id\":\"https:\/\/theplayoffs.news\/fr\/#\/schema\/person\/image\/\",\"url\":\"https:\/\/secure.gravatar.com\/avatar\/589c260bbb94457b6669c7e720679779767022dd620aaeb224cce2bacab793e7?s=96&d=mm&r=g\",\"contentUrl\":\"https:\/\/secure.gravatar.com\/avatar\/589c260bbb94457b6669c7e720679779767022dd620aaeb224cce2bacab793e7?s=96&d=mm&r=g\",\"caption\":\"Luc lemercier\"},\"url\":\"https:\/\/theplayoffs.news\/fr\/author\/luc-lemercierhotmail-fr\/\"}]}<\/script>\n<!-- \/ Yoast SEO plugin. -->","yoast_head_json":{"title":"Tim Connelly et les Timberwolves continuent l&#039;aventure la saison prochaine - The Playoffs FR","robots":{"index":"index","follow":"follow","max-snippet":"max-snippet:-1","max-image-preview":"max-image-preview:large","max-video-preview":"max-video-preview:-1"},"canonical":"https:\/\/theplayoffs.news\/fr\/actualite-nba\/tim-connelly-et-les-timberwolves-continuent-laventure-la-saison-prochaine\/","og_locale":"fr_FR","og_type":"article","og_title":"Tim Connelly et les Timberwolves continuent l&#039;aventure la saison prochaine - The Playoffs FR","og_url":"https:\/\/theplayoffs.news\/fr\/actualite-nba\/tim-connelly-et-les-timberwolves-continuent-laventure-la-saison-prochaine\/","og_site_name":"The Playoffs FR","article_publisher":"https:\/\/www.facebook.com\/TheFreeAgentFR\/","og_image":[{"width":1920,"height":1280,"url":"https:\/\/theplayoffs.news\/fr\/wp-content\/uploads\/2024\/06\/USATSI_18608158.jpg","type":"image\/jpeg"}],"author":"Luc lemercier","twitter_card":"summary_large_image","twitter_creator":"@TheFreeAgentFR","twitter_site":"@TheFreeAgentFR","twitter_misc":{"\u00c9crit par":"Luc lemercier","Dur\u00e9e de lecture estim\u00e9e":"3 minutes"},"schema":{"@context":"https:\/\/schema.org","@graph":[{"@type":"WebPage","@id":"https:\/\/theplayoffs.news\/fr\/actualite-nba\/tim-connelly-et-les-timberwolves-continuent-laventure-la-saison-prochaine\/","url":"https:\/\/theplayoffs.news\/fr\/actualite-nba\/tim-connelly-et-les-timberwolves-continuent-laventure-la-saison-prochaine\/","name":"Tim Connelly et les Timberwolves continuent l\\'aventure la saison prochaine - The Playoffs FR","isPartOf":{"@id":"https:\/\/theplayoffs.news\/fr\/#website"},"primaryImageOfPage":{"@id":"https:\/\/theplayoffs.news\/fr\/actualite-nba\/tim-connelly-et-les-timberwolves-continuent-laventure-la-saison-prochaine\/#primaryimage"},"image":{"@id":"https:\/\/theplayoffs.news\/fr\/actualite-nba\/tim-connelly-et-les-timberwolves-continuent-laventure-la-saison-prochaine\/#primaryimage"},"thumbnailUrl":"https:\/\/theplayoffs.news\/fr\/wp-content\/uploads\/2024\/06\/USATSI_18608158.jpg","datePublished":"2024-06-05T14:03:04+00:00","dateModified":"2024-06-05T14:03:04+00:00","author":{"@id":"https:\/\/theplayoffs.news\/fr\/#\/schema\/person\/801c54a27bc55531da5bcae43d637b35"},"breadcrumb":{"@id":"https:\/\/theplayoffs.news\/fr\/actualite-nba\/tim-connelly-et-les-timberwolves-continuent-laventure-la-saison-prochaine\/#breadcrumb"},"inLanguage":"fr-FR","potentialAction":[{"@type":"ReadAction","target":["https:\/\/theplayoffs.news\/fr\/actualite-nba\/tim-connelly-et-les-timberwolves-continuent-laventure-la-saison-prochaine\/"]}]},{"@type":"ImageObject","inLanguage":"fr-FR","@id":"https:\/\/theplayoffs.news\/fr\/actualite-nba\/tim-connelly-et-les-timberwolves-continuent-laventure-la-saison-prochaine\/#primaryimage","url":"https:\/\/theplayoffs.news\/fr\/wp-content\/uploads\/2024\/06\/USATSI_18608158.jpg","contentUrl":"https:\/\/theplayoffs.news\/fr\/wp-content\/uploads\/2024\/06\/USATSI_18608158.jpg","width":1920,"height":1280,"caption":"Jun 28, 2022; Minneapolis, MN, USA; Minnesota Timberwolves president of basketball operations Tim Connelly answers questions at a press conference to introduce the 2022 draft picks at Target Center. Mandatory Credit: Bruce Kluckhohn-USA TODAY Sports"},{"@type":"BreadcrumbList","@id":"https:\/\/theplayoffs.news\/fr\/actualite-nba\/tim-connelly-et-les-timberwolves-continuent-laventure-la-saison-prochaine\/#breadcrumb","itemListElement":[{"@type":"ListItem","position":1,"name":"Accueil","item":"https:\/\/theplayoffs.news\/fr\/"},{"@type":"ListItem","position":2,"name":"Tim Connelly et les Timberwolves continuent l&rsquo;aventure la saison prochaine"}]},{"@type":"WebSite","@id":"https:\/\/theplayoffs.news\/fr\/#website","url":"https:\/\/theplayoffs.news\/fr\/","name":"The Playoffs FR","description":"NBA-NFL-NHL-MLB","potentialAction":[{"@type":"SearchAction","target":{"@type":"EntryPoint","urlTemplate":"https:\/\/theplayoffs.news\/fr\/?s={search_term_string}"},"query-input":{"@type":"PropertyValueSpecification","valueRequired":true,"valueName":"search_term_string"}}],"inLanguage":"fr-FR"},{"@type":"Person","@id":"https:\/\/theplayoffs.news\/fr\/#\/schema\/person\/801c54a27bc55531da5bcae43d637b35","name":"Luc lemercier","image":{"@type":"ImageObject","inLanguage":"fr-FR","@id":"https:\/\/theplayoffs.news\/fr\/#\/schema\/person\/image\/","url":"https:\/\/secure.gravatar.com\/avatar\/589c260bbb94457b6669c7e720679779767022dd620aaeb224cce2bacab793e7?s=96&d=mm&r=g","contentUrl":"https:\/\/secure.gravatar.com\/avatar\/589c260bbb94457b6669c7e720679779767022dd620aaeb224cce2bacab793e7?s=96&d=mm&r=g","caption":"Luc lemercier"},"url":"https:\/\/theplayoffs.news\/fr\/author\/luc-lemercierhotmail-fr\/"}]}},"_links":{"self":[{"href":"https:\/\/theplayoffs.news\/fr\/wp-json\/wp\/v2\/posts\/1436710","targetHints":{"allow":["GET"]}}],"collection":[{"href":"https:\/\/theplayoffs.news\/fr\/wp-json\/wp\/v2\/posts"}],"about":[{"href":"https:\/\/theplayoffs.news\/fr\/wp-json\/wp\/v2\/types\/post"}],"author":[{"embeddable":true,"href":"https:\/\/theplayoffs.news\/fr\/wp-json\/wp\/v2\/users\/180310243"}],"replies":[{"embeddable":true,"href":"https:\/\/theplayoffs.news\/fr\/wp-json\/wp\/v2\/comments?post=1436710"}],"version-history":[{"count":3,"href":"https:\/\/theplayoffs.news\/fr\/wp-json\/wp\/v2\/posts\/1436710\/revisions"}],"predecessor-version":[{"id":1436718,"href":"https:\/\/theplayoffs.news\/fr\/wp-json\/wp\/v2\/posts\/1436710\/revisions\/1436718"}],"wp:featuredmedia":[{"embeddable":true,"href":"https:\/\/theplayoffs.news\/fr\/wp-json\/wp\/v2\/media\/1436711"}],"wp:attachment":[{"href":"https:\/\/theplayoffs.news\/fr\/wp-json\/wp\/v2\/media?parent=1436710"}],"wp:term":[{"taxonomy":"category","embeddable":true,"href":"https:\/\/theplayoffs.news\/fr\/wp-json\/wp\/v2\/categories?post=1436710"},{"taxonomy":"post_tag","embeddable":true,"href":"https:\/\/theplayoffs.news\/fr\/wp-json\/wp\/v2\/tags?post=1436710"},{"taxonomy":"sport","embeddable":true,"href":"https:\/\/theplayoffs.news\/fr\/wp-json\/wp\/v2\/sport?post=1436710"},{"taxonomy":"saison","embeddable":true,"href":"https:\/\/theplayoffs.news\/fr\/wp-json\/wp\/v2\/saison?post=1436710"}],"curies":[{"name":"wp","href":"https:\/\/api.w.org\/{rel}","templated":true}]}}