{"id":1436624,"date":"2024-06-05T10:20:12","date_gmt":"2024-06-05T08:20:12","guid":{"rendered":"https:\/\/theplayoffs.news\/fr\/?p=1436624"},"modified":"2024-06-05T10:17:03","modified_gmt":"2024-06-05T08:17:03","slug":"extension-majeure-prevue-pour-tyrese-maxey-avec-les-76ers","status":"publish","type":"post","link":"https:\/\/theplayoffs.news\/fr\/actualite-nba\/extension-majeure-prevue-pour-tyrese-maxey-avec-les-76ers\/","title":{"rendered":"Extension majeure pr\u00e9vue pour Tyrese Maxey avec les 76ers"},"content":{"rendered":"<h2>Selon des informations rapport&eacute;es par Keith Pompey du <em><strong>Philadelphia Inquirer<\/strong><\/em>, les Philadelphia 76ers sont sur le point de conclure une extension de contrat maximale pour le jeune talent Tyrese Maxey. L&rsquo;accord envisag&eacute; pourrait atteindre jusqu&rsquo;&agrave; 205 millions de dollars sur cinq ans.<\/h2><p>Maxey, &eacute;toile montante de la NBA et All-Star 2023-24, se trouve actuellement en position d&rsquo;agent libre restreint. Avec des statistiques impressionnantes cette ann&eacute;e, notamment une moyenne de 25,9 points et 6,2 passes d&eacute;cisives par match, tout en affichant un taux de r&eacute;ussite de 37,3 % &agrave; trois points, Maxey s&rsquo;est affirm&eacute; comme un pilier central pour l&rsquo;&eacute;quipe. Sa performance soutenue rendrait presque surprenant que les Sixers choisissent de ne pas s&eacute;curiser son talent avec un contrat maximal.<\/p><p>Pour l&rsquo;instant, Maxey ne compte que pour 13 millions de dollars sur la masse salariale de 2024-25, ce qui laisse une marge significative aux 76ers pour attirer un autre agent libre de calibre.<\/p><p>Signer Maxey rapidement pourrait toutefois compromettre la capacit&eacute; de l&rsquo;&eacute;quipe &agrave; r&eacute;aliser un autre grand coup durant l&rsquo;intersaison, compte tenu de l&rsquo;espace salarial cons&eacute;quent que cela occuperait. Ainsi, bien que l&rsquo;extension de Maxey soit une priorit&eacute; &eacute;vidente, elle ne peut pr&eacute;c&eacute;der d&rsquo;autres initiatives strat&eacute;giques essentielles pour les 76ers, qui cherchent &agrave; solidifier leur formation autour de ce joueur et de Joel Embiid.<\/p><div class=\"modal-image-setImageMetadata\">\n<p class=\"ng-binding\">&copy; Bill Streicher-USA TODAY Sports<\/p>\n<\/div>\n","protected":false},"excerpt":{"rendered":"","protected":false},"author":180310234,"featured_media":1436629,"comment_status":"open","ping_status":"closed","sticky":false,"template":"","format":"standard","meta":{"inline_featured_image":false,"kia_subtitle":"","_mux_skip_reasons":[],"proofreadBy":0,"footnotes":""},"categories":[110],"tags":[],"sport":[2783],"saison":[3453],"class_list":["post-1436624","post","type-post","status-publish","format-standard","has-post-thumbnail","hentry","category-actualite-nba","sport-nba","saison-3453"],"acf":[],"yoast_head":"<!-- This site is optimized with the Yoast SEO plugin v24.2 - https:\/\/yoast.com\/wordpress\/plugins\/seo\/ -->\n<title>Extension majeure pr&eacute;vue pour Tyrese Maxey avec les 76ers - The Playoffs FR<\/title>\n<meta name=\"robots\" content=\"index, follow, max-snippet:-1, max-image-preview:large, max-video-preview:-1\" \/>\n<link rel=\"canonical\" href=\"https:\/\/theplayoffs.news\/fr\/actualite-nba\/extension-majeure-prevue-pour-tyrese-maxey-avec-les-76ers\/\" \/>\n<meta property=\"og:locale\" content=\"fr_FR\" \/>\n<meta property=\"og:type\" content=\"article\" \/>\n<meta property=\"og:title\" content=\"Extension majeure pr&eacute;vue pour Tyrese Maxey avec les 76ers - The Playoffs FR\" \/>\n<meta property=\"og:url\" content=\"https:\/\/theplayoffs.news\/fr\/actualite-nba\/extension-majeure-prevue-pour-tyrese-maxey-avec-les-76ers\/\" \/>\n<meta property=\"og:site_name\" content=\"The Playoffs FR\" \/>\n<meta property=\"article:publisher\" content=\"https:\/\/www.facebook.com\/TheFreeAgentFR\/\" \/>\n<meta property=\"article:modified_time\" content=\"2024-06-05T10:20:12+02:00\" \/>\n<meta property=\"og:image\" content=\"https:\/\/theplayoffs.news\/fr\/wp-content\/uploads\/2024\/06\/USATSI_23182882.jpg\" \/>\n\t<meta property=\"og:image:width\" content=\"1920\" \/>\n\t<meta property=\"og:image:height\" content=\"1341\" \/>\n\t<meta property=\"og:image:type\" content=\"image\/jpeg\" \/>\n<meta name=\"author\" content=\"Alexandre Gomes\" \/>\n<meta name=\"twitter:card\" content=\"summary_large_image\" \/>\n<meta name=\"twitter:creator\" content=\"@TheFreeAgentFR\" \/>\n<meta name=\"twitter:site\" content=\"@TheFreeAgentFR\" \/>\n<meta name=\"twitter:label1\" content=\"\u00c9crit par\" \/>\n\t<meta name=\"twitter:data1\" content=\"Alexandre Gomes\" \/>\n\t<meta name=\"twitter:label2\" content=\"Dur\u00e9e de lecture estim\u00e9e\" \/>\n\t<meta name=\"twitter:data2\" content=\"1 minute\" \/>\n<script type=\"application\/ld+json\" class=\"yoast-schema-graph\">{\"@context\":\"https:\/\/schema.org\",\"@graph\":[{\"@type\":\"WebPage\",\"@id\":\"https:\/\/theplayoffs.news\/fr\/actualite-nba\/extension-majeure-prevue-pour-tyrese-maxey-avec-les-76ers\/\",\"url\":\"https:\/\/theplayoffs.news\/fr\/actualite-nba\/extension-majeure-prevue-pour-tyrese-maxey-avec-les-76ers\/\",\"name\":\"Extension majeure pr\u00e9vue pour Tyrese Maxey avec les 76ers - The Playoffs FR\",\"isPartOf\":{\"@id\":\"https:\/\/theplayoffs.news\/fr\/#website\"},\"primaryImageOfPage\":{\"@id\":\"https:\/\/theplayoffs.news\/fr\/actualite-nba\/extension-majeure-prevue-pour-tyrese-maxey-avec-les-76ers\/#primaryimage\"},\"image\":{\"@id\":\"https:\/\/theplayoffs.news\/fr\/actualite-nba\/extension-majeure-prevue-pour-tyrese-maxey-avec-les-76ers\/#primaryimage\"},\"thumbnailUrl\":\"https:\/\/theplayoffs.news\/fr\/wp-content\/uploads\/2024\/06\/USATSI_23182882.jpg\",\"datePublished\":\"2024-06-05T08:20:12+00:00\",\"dateModified\":\"2024-06-05T10:20:12+02:00\",\"author\":{\"@id\":\"https:\/\/theplayoffs.news\/fr\/#\/schema\/person\/8271870c7368fee2ff5b2ba615997fff\"},\"breadcrumb\":{\"@id\":\"https:\/\/theplayoffs.news\/fr\/actualite-nba\/extension-majeure-prevue-pour-tyrese-maxey-avec-les-76ers\/#breadcrumb\"},\"inLanguage\":\"fr-FR\",\"potentialAction\":[{\"@type\":\"ReadAction\",\"target\":[\"https:\/\/theplayoffs.news\/fr\/actualite-nba\/extension-majeure-prevue-pour-tyrese-maxey-avec-les-76ers\/\"]}]},{\"@type\":\"ImageObject\",\"inLanguage\":\"fr-FR\",\"@id\":\"https:\/\/theplayoffs.news\/fr\/actualite-nba\/extension-majeure-prevue-pour-tyrese-maxey-avec-les-76ers\/#primaryimage\",\"url\":\"https:\/\/theplayoffs.news\/fr\/wp-content\/uploads\/2024\/06\/USATSI_23182882.jpg\",\"contentUrl\":\"https:\/\/theplayoffs.news\/fr\/wp-content\/uploads\/2024\/06\/USATSI_23182882.jpg\",\"width\":1920,\"height\":1341,\"caption\":\"May 2, 2024; Philadelphia, Pennsylvania, USA; Philadelphia 76ers guard Tyrese Maxey (0) brings the ball up court against the New York Knicks during game six of the first round for the 2024 NBA playoffs at Wells Fargo Center. Mandatory Credit: Bill Streicher-USA TODAY Sports\"},{\"@type\":\"BreadcrumbList\",\"@id\":\"https:\/\/theplayoffs.news\/fr\/actualite-nba\/extension-majeure-prevue-pour-tyrese-maxey-avec-les-76ers\/#breadcrumb\",\"itemListElement\":[{\"@type\":\"ListItem\",\"position\":1,\"name\":\"Accueil\",\"item\":\"https:\/\/theplayoffs.news\/fr\/\"},{\"@type\":\"ListItem\",\"position\":2,\"name\":\"Extension majeure pr\u00e9vue pour Tyrese Maxey avec les 76ers\"}]},{\"@type\":\"WebSite\",\"@id\":\"https:\/\/theplayoffs.news\/fr\/#website\",\"url\":\"https:\/\/theplayoffs.news\/fr\/\",\"name\":\"The Playoffs FR\",\"description\":\"NBA-NFL-NHL-MLB\",\"potentialAction\":[{\"@type\":\"SearchAction\",\"target\":{\"@type\":\"EntryPoint\",\"urlTemplate\":\"https:\/\/theplayoffs.news\/fr\/?s={search_term_string}\"},\"query-input\":{\"@type\":\"PropertyValueSpecification\",\"valueRequired\":true,\"valueName\":\"search_term_string\"}}],\"inLanguage\":\"fr-FR\"},{\"@type\":\"Person\",\"@id\":\"https:\/\/theplayoffs.news\/fr\/#\/schema\/person\/8271870c7368fee2ff5b2ba615997fff\",\"name\":\"Alexandre Gomes\",\"image\":{\"@type\":\"ImageObject\",\"inLanguage\":\"fr-FR\",\"@id\":\"https:\/\/theplayoffs.news\/fr\/#\/schema\/person\/image\/\",\"url\":\"https:\/\/secure.gravatar.com\/avatar\/85734dd9d8139e75eb3558e9d1f8c28873597c2d782b41c9f078bed549b247e9?s=96&d=mm&r=g\",\"contentUrl\":\"https:\/\/secure.gravatar.com\/avatar\/85734dd9d8139e75eb3558e9d1f8c28873597c2d782b41c9f078bed549b247e9?s=96&d=mm&r=g\",\"caption\":\"Alexandre Gomes\"},\"url\":\"https:\/\/theplayoffs.news\/fr\/author\/agomespro93gmail-com\/\"}]}<\/script>\n<!-- \/ Yoast SEO plugin. -->","yoast_head_json":{"title":"Extension majeure pr&eacute;vue pour Tyrese Maxey avec les 76ers - The Playoffs FR","robots":{"index":"index","follow":"follow","max-snippet":"max-snippet:-1","max-image-preview":"max-image-preview:large","max-video-preview":"max-video-preview:-1"},"canonical":"https:\/\/theplayoffs.news\/fr\/actualite-nba\/extension-majeure-prevue-pour-tyrese-maxey-avec-les-76ers\/","og_locale":"fr_FR","og_type":"article","og_title":"Extension majeure pr&eacute;vue pour Tyrese Maxey avec les 76ers - The Playoffs FR","og_url":"https:\/\/theplayoffs.news\/fr\/actualite-nba\/extension-majeure-prevue-pour-tyrese-maxey-avec-les-76ers\/","og_site_name":"The Playoffs FR","article_publisher":"https:\/\/www.facebook.com\/TheFreeAgentFR\/","article_modified_time":"2024-06-05T08:17:03+00:00","og_image":[{"width":1920,"height":1341,"url":"https:\/\/theplayoffs.news\/fr\/wp-content\/uploads\/2024\/06\/USATSI_23182882.jpg","type":"image\/jpeg"}],"author":"Alexandre Gomes","twitter_card":"summary_large_image","twitter_creator":"@TheFreeAgentFR","twitter_site":"@TheFreeAgentFR","twitter_misc":{"\u00c9crit par":"Alexandre Gomes","Dur\u00e9e de lecture estim\u00e9e":"1 minute"},"schema":{"@context":"https:\/\/schema.org","@graph":[{"@type":"WebPage","@id":"https:\/\/theplayoffs.news\/fr\/actualite-nba\/extension-majeure-prevue-pour-tyrese-maxey-avec-les-76ers\/","url":"https:\/\/theplayoffs.news\/fr\/actualite-nba\/extension-majeure-prevue-pour-tyrese-maxey-avec-les-76ers\/","name":"Extension majeure pr\u00e9vue pour Tyrese Maxey avec les 76ers - The Playoffs FR","isPartOf":{"@id":"https:\/\/theplayoffs.news\/fr\/#website"},"primaryImageOfPage":{"@id":"https:\/\/theplayoffs.news\/fr\/actualite-nba\/extension-majeure-prevue-pour-tyrese-maxey-avec-les-76ers\/#primaryimage"},"image":{"@id":"https:\/\/theplayoffs.news\/fr\/actualite-nba\/extension-majeure-prevue-pour-tyrese-maxey-avec-les-76ers\/#primaryimage"},"thumbnailUrl":"https:\/\/theplayoffs.news\/fr\/wp-content\/uploads\/2024\/06\/USATSI_23182882.jpg","datePublished":"2024-06-05T08:20:12+00:00","dateModified":"2024-06-05T10:20:12+02:00","author":{"@id":"https:\/\/theplayoffs.news\/fr\/#\/schema\/person\/8271870c7368fee2ff5b2ba615997fff"},"breadcrumb":{"@id":"https:\/\/theplayoffs.news\/fr\/actualite-nba\/extension-majeure-prevue-pour-tyrese-maxey-avec-les-76ers\/#breadcrumb"},"inLanguage":"fr-FR","potentialAction":[{"@type":"ReadAction","target":["https:\/\/theplayoffs.news\/fr\/actualite-nba\/extension-majeure-prevue-pour-tyrese-maxey-avec-les-76ers\/"]}]},{"@type":"ImageObject","inLanguage":"fr-FR","@id":"https:\/\/theplayoffs.news\/fr\/actualite-nba\/extension-majeure-prevue-pour-tyrese-maxey-avec-les-76ers\/#primaryimage","url":"https:\/\/theplayoffs.news\/fr\/wp-content\/uploads\/2024\/06\/USATSI_23182882.jpg","contentUrl":"https:\/\/theplayoffs.news\/fr\/wp-content\/uploads\/2024\/06\/USATSI_23182882.jpg","width":1920,"height":1341,"caption":"May 2, 2024; Philadelphia, Pennsylvania, USA; Philadelphia 76ers guard Tyrese Maxey (0) brings the ball up court against the New York Knicks during game six of the first round for the 2024 NBA playoffs at Wells Fargo Center. Mandatory Credit: Bill Streicher-USA TODAY Sports"},{"@type":"BreadcrumbList","@id":"https:\/\/theplayoffs.news\/fr\/actualite-nba\/extension-majeure-prevue-pour-tyrese-maxey-avec-les-76ers\/#breadcrumb","itemListElement":[{"@type":"ListItem","position":1,"name":"Accueil","item":"https:\/\/theplayoffs.news\/fr\/"},{"@type":"ListItem","position":2,"name":"Extension majeure pr\u00e9vue pour Tyrese Maxey avec les 76ers"}]},{"@type":"WebSite","@id":"https:\/\/theplayoffs.news\/fr\/#website","url":"https:\/\/theplayoffs.news\/fr\/","name":"The Playoffs FR","description":"NBA-NFL-NHL-MLB","potentialAction":[{"@type":"SearchAction","target":{"@type":"EntryPoint","urlTemplate":"https:\/\/theplayoffs.news\/fr\/?s={search_term_string}"},"query-input":{"@type":"PropertyValueSpecification","valueRequired":true,"valueName":"search_term_string"}}],"inLanguage":"fr-FR"},{"@type":"Person","@id":"https:\/\/theplayoffs.news\/fr\/#\/schema\/person\/8271870c7368fee2ff5b2ba615997fff","name":"Alexandre Gomes","image":{"@type":"ImageObject","inLanguage":"fr-FR","@id":"https:\/\/theplayoffs.news\/fr\/#\/schema\/person\/image\/","url":"https:\/\/secure.gravatar.com\/avatar\/85734dd9d8139e75eb3558e9d1f8c28873597c2d782b41c9f078bed549b247e9?s=96&d=mm&r=g","contentUrl":"https:\/\/secure.gravatar.com\/avatar\/85734dd9d8139e75eb3558e9d1f8c28873597c2d782b41c9f078bed549b247e9?s=96&d=mm&r=g","caption":"Alexandre Gomes"},"url":"https:\/\/theplayoffs.news\/fr\/author\/agomespro93gmail-com\/"}]}},"_links":{"self":[{"href":"https:\/\/theplayoffs.news\/fr\/wp-json\/wp\/v2\/posts\/1436624","targetHints":{"allow":["GET"]}}],"collection":[{"href":"https:\/\/theplayoffs.news\/fr\/wp-json\/wp\/v2\/posts"}],"about":[{"href":"https:\/\/theplayoffs.news\/fr\/wp-json\/wp\/v2\/types\/post"}],"author":[{"embeddable":true,"href":"https:\/\/theplayoffs.news\/fr\/wp-json\/wp\/v2\/users\/180310234"}],"replies":[{"embeddable":true,"href":"https:\/\/theplayoffs.news\/fr\/wp-json\/wp\/v2\/comments?post=1436624"}],"version-history":[{"count":2,"href":"https:\/\/theplayoffs.news\/fr\/wp-json\/wp\/v2\/posts\/1436624\/revisions"}],"predecessor-version":[{"id":1436632,"href":"https:\/\/theplayoffs.news\/fr\/wp-json\/wp\/v2\/posts\/1436624\/revisions\/1436632"}],"wp:featuredmedia":[{"embeddable":true,"href":"https:\/\/theplayoffs.news\/fr\/wp-json\/wp\/v2\/media\/1436629"}],"wp:attachment":[{"href":"https:\/\/theplayoffs.news\/fr\/wp-json\/wp\/v2\/media?parent=1436624"}],"wp:term":[{"taxonomy":"category","embeddable":true,"href":"https:\/\/theplayoffs.news\/fr\/wp-json\/wp\/v2\/categories?post=1436624"},{"taxonomy":"post_tag","embeddable":true,"href":"https:\/\/theplayoffs.news\/fr\/wp-json\/wp\/v2\/tags?post=1436624"},{"taxonomy":"sport","embeddable":true,"href":"https:\/\/theplayoffs.news\/fr\/wp-json\/wp\/v2\/sport?post=1436624"},{"taxonomy":"saison","embeddable":true,"href":"https:\/\/theplayoffs.news\/fr\/wp-json\/wp\/v2\/saison?post=1436624"}],"curies":[{"name":"wp","href":"https:\/\/api.w.org\/{rel}","templated":true}]}}