{"id":1436492,"date":"2024-06-04T15:50:47","date_gmt":"2024-06-04T13:50:47","guid":{"rendered":"https:\/\/theplayoffs.news\/fr\/?p=1436492"},"modified":"2024-06-04T15:50:47","modified_gmt":"2024-06-04T13:50:47","slug":"nico-harrison-et-les-mavericks-concluent-une-extension-de-plusieurs-annees","status":"publish","type":"post","link":"https:\/\/theplayoffs.news\/fr\/nba\/nico-harrison-et-les-mavericks-concluent-une-extension-de-plusieurs-annees\/","title":{"rendered":"Nico Harrison et les Mavericks concluent une extension de plusieurs ann\u00e9es"},"content":{"rendered":"<h2>Les Dallas Mavericks sont de retour en finales NBA pour la premi&egrave;re fois depuis 2011. Nico Harrison, l&rsquo;un des principaux architectes de cette r&eacute;ussite, restera avec l&rsquo;&eacute;quipe pour un avenir pr&eacute;visible.<\/h2><p>Le directeur g&eacute;n&eacute;ral Nico Harrison a sign&eacute; une extension de contrat de plusieurs ann&eacute;es avec les Mavericks, ayant rejoint l&rsquo;&eacute;quipe en tant que GM avant l&rsquo;intersaison 2021.<\/p><p>Parmi les premi&egrave;res d&eacute;cisions marquantes de Harrison, il a prolong&eacute; Luka Doncic via une extension sur l&rsquo;&eacute;chelle des rookies. Il a ensuite orchestr&eacute; un &eacute;change majeur pour obtenir Kyrie Irving avant la date limite des &eacute;changes de 2023. Avant la date limite des &eacute;changes de cette saison, il a acquis Daniel Gafford et P.J. Washington.<\/p><p>Plus t&ocirc;t dans la poste-saison, les Mavs avaient d&eacute;j&agrave; prolong&eacute; le contrat de l&rsquo;entra&icirc;neur principal Jason Kidd. Avec ces mouvements, Dallas s&rsquo;assure de conserver ses dirigeants cl&eacute;s et plusieurs joueurs majeurs pour au moins les prochaines ann&eacute;es.<\/p><p>&copy; Jerome Miron-USA TODAY Sports<\/p>\n","protected":false},"excerpt":{"rendered":"","protected":false},"author":180310234,"featured_media":1436493,"comment_status":"open","ping_status":"closed","sticky":false,"template":"","format":"standard","meta":{"inline_featured_image":false,"kia_subtitle":"","_mux_skip_reasons":[],"proofreadBy":0,"footnotes":""},"categories":[10],"tags":[6946,1520],"sport":[],"saison":[],"class_list":["post-1436492","post","type-post","status-publish","format-standard","has-post-thumbnail","hentry","category-nba","tag-6946","tag-mavs"],"acf":[],"yoast_head":"<!-- This site is optimized with the Yoast SEO plugin v24.2 - https:\/\/yoast.com\/wordpress\/plugins\/seo\/ -->\n<title>Nico Harrison et les Mavericks concluent une extension de plusieurs ann&eacute;es - The Playoffs FR<\/title>\n<meta name=\"robots\" content=\"index, follow, max-snippet:-1, max-image-preview:large, max-video-preview:-1\" \/>\n<link rel=\"canonical\" href=\"https:\/\/theplayoffs.news\/fr\/nba\/nico-harrison-et-les-mavericks-concluent-une-extension-de-plusieurs-annees\/\" \/>\n<meta property=\"og:locale\" content=\"fr_FR\" \/>\n<meta property=\"og:type\" content=\"article\" \/>\n<meta property=\"og:title\" content=\"Nico Harrison et les Mavericks concluent une extension de plusieurs ann&eacute;es - The Playoffs FR\" \/>\n<meta property=\"og:url\" content=\"https:\/\/theplayoffs.news\/fr\/nba\/nico-harrison-et-les-mavericks-concluent-une-extension-de-plusieurs-annees\/\" \/>\n<meta property=\"og:site_name\" content=\"The Playoffs FR\" \/>\n<meta property=\"article:publisher\" content=\"https:\/\/www.facebook.com\/TheFreeAgentFR\/\" \/>\n<meta property=\"article:modified_time\" content=\"2024-06-04T15:50:47+02:00\" \/>\n<meta property=\"og:image\" content=\"https:\/\/theplayoffs.news\/fr\/wp-content\/uploads\/2024\/06\/USATSI_22216493.jpg\" \/>\n\t<meta property=\"og:image:width\" content=\"1920\" \/>\n\t<meta property=\"og:image:height\" content=\"1280\" \/>\n\t<meta property=\"og:image:type\" content=\"image\/jpeg\" \/>\n<meta name=\"author\" content=\"Alexandre Gomes\" \/>\n<meta name=\"twitter:card\" content=\"summary_large_image\" \/>\n<meta name=\"twitter:creator\" content=\"@TheFreeAgentFR\" \/>\n<meta name=\"twitter:site\" content=\"@TheFreeAgentFR\" \/>\n<meta name=\"twitter:label1\" content=\"\u00c9crit par\" \/>\n\t<meta name=\"twitter:data1\" content=\"Alexandre Gomes\" \/>\n\t<meta name=\"twitter:label2\" content=\"Dur\u00e9e de lecture estim\u00e9e\" \/>\n\t<meta name=\"twitter:data2\" content=\"1 minute\" \/>\n<script type=\"application\/ld+json\" class=\"yoast-schema-graph\">{\"@context\":\"https:\/\/schema.org\",\"@graph\":[{\"@type\":\"WebPage\",\"@id\":\"https:\/\/theplayoffs.news\/fr\/nba\/nico-harrison-et-les-mavericks-concluent-une-extension-de-plusieurs-annees\/\",\"url\":\"https:\/\/theplayoffs.news\/fr\/nba\/nico-harrison-et-les-mavericks-concluent-une-extension-de-plusieurs-annees\/\",\"name\":\"Nico Harrison et les Mavericks concluent une extension de plusieurs ann\u00e9es - The Playoffs FR\",\"isPartOf\":{\"@id\":\"https:\/\/theplayoffs.news\/fr\/#website\"},\"primaryImageOfPage\":{\"@id\":\"https:\/\/theplayoffs.news\/fr\/nba\/nico-harrison-et-les-mavericks-concluent-une-extension-de-plusieurs-annees\/#primaryimage\"},\"image\":{\"@id\":\"https:\/\/theplayoffs.news\/fr\/nba\/nico-harrison-et-les-mavericks-concluent-une-extension-de-plusieurs-annees\/#primaryimage\"},\"thumbnailUrl\":\"https:\/\/theplayoffs.news\/fr\/wp-content\/uploads\/2024\/06\/USATSI_22216493.jpg\",\"datePublished\":\"2024-06-04T13:50:47+00:00\",\"dateModified\":\"2024-06-04T13:50:47+00:00\",\"author\":{\"@id\":\"https:\/\/theplayoffs.news\/fr\/#\/schema\/person\/8271870c7368fee2ff5b2ba615997fff\"},\"breadcrumb\":{\"@id\":\"https:\/\/theplayoffs.news\/fr\/nba\/nico-harrison-et-les-mavericks-concluent-une-extension-de-plusieurs-annees\/#breadcrumb\"},\"inLanguage\":\"fr-FR\",\"potentialAction\":[{\"@type\":\"ReadAction\",\"target\":[\"https:\/\/theplayoffs.news\/fr\/nba\/nico-harrison-et-les-mavericks-concluent-une-extension-de-plusieurs-annees\/\"]}]},{\"@type\":\"ImageObject\",\"inLanguage\":\"fr-FR\",\"@id\":\"https:\/\/theplayoffs.news\/fr\/nba\/nico-harrison-et-les-mavericks-concluent-une-extension-de-plusieurs-annees\/#primaryimage\",\"url\":\"https:\/\/theplayoffs.news\/fr\/wp-content\/uploads\/2024\/06\/USATSI_22216493.jpg\",\"contentUrl\":\"https:\/\/theplayoffs.news\/fr\/wp-content\/uploads\/2024\/06\/USATSI_22216493.jpg\",\"width\":1920,\"height\":1280,\"caption\":\"Jan 3, 2024; Dallas, Texas, USA; Portland Trail Blazers general manager Joe Cronin (left) and Dallas Mavericks general manager Nico Harrison (right) before the game between the Dallas Mavericks and the Portland Trail Blazers at the American Airlines Center. Mandatory Credit: Jerome Miron-USA TODAY Sports\"},{\"@type\":\"BreadcrumbList\",\"@id\":\"https:\/\/theplayoffs.news\/fr\/nba\/nico-harrison-et-les-mavericks-concluent-une-extension-de-plusieurs-annees\/#breadcrumb\",\"itemListElement\":[{\"@type\":\"ListItem\",\"position\":1,\"name\":\"Accueil\",\"item\":\"https:\/\/theplayoffs.news\/fr\/\"},{\"@type\":\"ListItem\",\"position\":2,\"name\":\"Nico Harrison et les Mavericks concluent une extension de plusieurs ann\u00e9es\"}]},{\"@type\":\"WebSite\",\"@id\":\"https:\/\/theplayoffs.news\/fr\/#website\",\"url\":\"https:\/\/theplayoffs.news\/fr\/\",\"name\":\"The Playoffs FR\",\"description\":\"NBA-NFL-NHL-MLB\",\"potentialAction\":[{\"@type\":\"SearchAction\",\"target\":{\"@type\":\"EntryPoint\",\"urlTemplate\":\"https:\/\/theplayoffs.news\/fr\/?s={search_term_string}\"},\"query-input\":{\"@type\":\"PropertyValueSpecification\",\"valueRequired\":true,\"valueName\":\"search_term_string\"}}],\"inLanguage\":\"fr-FR\"},{\"@type\":\"Person\",\"@id\":\"https:\/\/theplayoffs.news\/fr\/#\/schema\/person\/8271870c7368fee2ff5b2ba615997fff\",\"name\":\"Alexandre Gomes\",\"image\":{\"@type\":\"ImageObject\",\"inLanguage\":\"fr-FR\",\"@id\":\"https:\/\/theplayoffs.news\/fr\/#\/schema\/person\/image\/\",\"url\":\"https:\/\/secure.gravatar.com\/avatar\/85734dd9d8139e75eb3558e9d1f8c28873597c2d782b41c9f078bed549b247e9?s=96&d=mm&r=g\",\"contentUrl\":\"https:\/\/secure.gravatar.com\/avatar\/85734dd9d8139e75eb3558e9d1f8c28873597c2d782b41c9f078bed549b247e9?s=96&d=mm&r=g\",\"caption\":\"Alexandre Gomes\"},\"url\":\"https:\/\/theplayoffs.news\/fr\/author\/agomespro93gmail-com\/\"}]}<\/script>\n<!-- \/ Yoast SEO plugin. -->","yoast_head_json":{"title":"Nico Harrison et les Mavericks concluent une extension de plusieurs ann&eacute;es - The Playoffs FR","robots":{"index":"index","follow":"follow","max-snippet":"max-snippet:-1","max-image-preview":"max-image-preview:large","max-video-preview":"max-video-preview:-1"},"canonical":"https:\/\/theplayoffs.news\/fr\/nba\/nico-harrison-et-les-mavericks-concluent-une-extension-de-plusieurs-annees\/","og_locale":"fr_FR","og_type":"article","og_title":"Nico Harrison et les Mavericks concluent une extension de plusieurs ann&eacute;es - The Playoffs FR","og_url":"https:\/\/theplayoffs.news\/fr\/nba\/nico-harrison-et-les-mavericks-concluent-une-extension-de-plusieurs-annees\/","og_site_name":"The Playoffs FR","article_publisher":"https:\/\/www.facebook.com\/TheFreeAgentFR\/","og_image":[{"width":1920,"height":1280,"url":"https:\/\/theplayoffs.news\/fr\/wp-content\/uploads\/2024\/06\/USATSI_22216493.jpg","type":"image\/jpeg"}],"author":"Alexandre Gomes","twitter_card":"summary_large_image","twitter_creator":"@TheFreeAgentFR","twitter_site":"@TheFreeAgentFR","twitter_misc":{"\u00c9crit par":"Alexandre Gomes","Dur\u00e9e de lecture estim\u00e9e":"1 minute"},"schema":{"@context":"https:\/\/schema.org","@graph":[{"@type":"WebPage","@id":"https:\/\/theplayoffs.news\/fr\/nba\/nico-harrison-et-les-mavericks-concluent-une-extension-de-plusieurs-annees\/","url":"https:\/\/theplayoffs.news\/fr\/nba\/nico-harrison-et-les-mavericks-concluent-une-extension-de-plusieurs-annees\/","name":"Nico Harrison et les Mavericks concluent une extension de plusieurs ann\u00e9es - The Playoffs FR","isPartOf":{"@id":"https:\/\/theplayoffs.news\/fr\/#website"},"primaryImageOfPage":{"@id":"https:\/\/theplayoffs.news\/fr\/nba\/nico-harrison-et-les-mavericks-concluent-une-extension-de-plusieurs-annees\/#primaryimage"},"image":{"@id":"https:\/\/theplayoffs.news\/fr\/nba\/nico-harrison-et-les-mavericks-concluent-une-extension-de-plusieurs-annees\/#primaryimage"},"thumbnailUrl":"https:\/\/theplayoffs.news\/fr\/wp-content\/uploads\/2024\/06\/USATSI_22216493.jpg","datePublished":"2024-06-04T13:50:47+00:00","dateModified":"2024-06-04T13:50:47+00:00","author":{"@id":"https:\/\/theplayoffs.news\/fr\/#\/schema\/person\/8271870c7368fee2ff5b2ba615997fff"},"breadcrumb":{"@id":"https:\/\/theplayoffs.news\/fr\/nba\/nico-harrison-et-les-mavericks-concluent-une-extension-de-plusieurs-annees\/#breadcrumb"},"inLanguage":"fr-FR","potentialAction":[{"@type":"ReadAction","target":["https:\/\/theplayoffs.news\/fr\/nba\/nico-harrison-et-les-mavericks-concluent-une-extension-de-plusieurs-annees\/"]}]},{"@type":"ImageObject","inLanguage":"fr-FR","@id":"https:\/\/theplayoffs.news\/fr\/nba\/nico-harrison-et-les-mavericks-concluent-une-extension-de-plusieurs-annees\/#primaryimage","url":"https:\/\/theplayoffs.news\/fr\/wp-content\/uploads\/2024\/06\/USATSI_22216493.jpg","contentUrl":"https:\/\/theplayoffs.news\/fr\/wp-content\/uploads\/2024\/06\/USATSI_22216493.jpg","width":1920,"height":1280,"caption":"Jan 3, 2024; Dallas, Texas, USA; Portland Trail Blazers general manager Joe Cronin (left) and Dallas Mavericks general manager Nico Harrison (right) before the game between the Dallas Mavericks and the Portland Trail Blazers at the American Airlines Center. Mandatory Credit: Jerome Miron-USA TODAY Sports"},{"@type":"BreadcrumbList","@id":"https:\/\/theplayoffs.news\/fr\/nba\/nico-harrison-et-les-mavericks-concluent-une-extension-de-plusieurs-annees\/#breadcrumb","itemListElement":[{"@type":"ListItem","position":1,"name":"Accueil","item":"https:\/\/theplayoffs.news\/fr\/"},{"@type":"ListItem","position":2,"name":"Nico Harrison et les Mavericks concluent une extension de plusieurs ann\u00e9es"}]},{"@type":"WebSite","@id":"https:\/\/theplayoffs.news\/fr\/#website","url":"https:\/\/theplayoffs.news\/fr\/","name":"The Playoffs FR","description":"NBA-NFL-NHL-MLB","potentialAction":[{"@type":"SearchAction","target":{"@type":"EntryPoint","urlTemplate":"https:\/\/theplayoffs.news\/fr\/?s={search_term_string}"},"query-input":{"@type":"PropertyValueSpecification","valueRequired":true,"valueName":"search_term_string"}}],"inLanguage":"fr-FR"},{"@type":"Person","@id":"https:\/\/theplayoffs.news\/fr\/#\/schema\/person\/8271870c7368fee2ff5b2ba615997fff","name":"Alexandre Gomes","image":{"@type":"ImageObject","inLanguage":"fr-FR","@id":"https:\/\/theplayoffs.news\/fr\/#\/schema\/person\/image\/","url":"https:\/\/secure.gravatar.com\/avatar\/85734dd9d8139e75eb3558e9d1f8c28873597c2d782b41c9f078bed549b247e9?s=96&d=mm&r=g","contentUrl":"https:\/\/secure.gravatar.com\/avatar\/85734dd9d8139e75eb3558e9d1f8c28873597c2d782b41c9f078bed549b247e9?s=96&d=mm&r=g","caption":"Alexandre Gomes"},"url":"https:\/\/theplayoffs.news\/fr\/author\/agomespro93gmail-com\/"}]}},"_links":{"self":[{"href":"https:\/\/theplayoffs.news\/fr\/wp-json\/wp\/v2\/posts\/1436492","targetHints":{"allow":["GET"]}}],"collection":[{"href":"https:\/\/theplayoffs.news\/fr\/wp-json\/wp\/v2\/posts"}],"about":[{"href":"https:\/\/theplayoffs.news\/fr\/wp-json\/wp\/v2\/types\/post"}],"author":[{"embeddable":true,"href":"https:\/\/theplayoffs.news\/fr\/wp-json\/wp\/v2\/users\/180310234"}],"replies":[{"embeddable":true,"href":"https:\/\/theplayoffs.news\/fr\/wp-json\/wp\/v2\/comments?post=1436492"}],"version-history":[{"count":3,"href":"https:\/\/theplayoffs.news\/fr\/wp-json\/wp\/v2\/posts\/1436492\/revisions"}],"predecessor-version":[{"id":1436497,"href":"https:\/\/theplayoffs.news\/fr\/wp-json\/wp\/v2\/posts\/1436492\/revisions\/1436497"}],"wp:featuredmedia":[{"embeddable":true,"href":"https:\/\/theplayoffs.news\/fr\/wp-json\/wp\/v2\/media\/1436493"}],"wp:attachment":[{"href":"https:\/\/theplayoffs.news\/fr\/wp-json\/wp\/v2\/media?parent=1436492"}],"wp:term":[{"taxonomy":"category","embeddable":true,"href":"https:\/\/theplayoffs.news\/fr\/wp-json\/wp\/v2\/categories?post=1436492"},{"taxonomy":"post_tag","embeddable":true,"href":"https:\/\/theplayoffs.news\/fr\/wp-json\/wp\/v2\/tags?post=1436492"},{"taxonomy":"sport","embeddable":true,"href":"https:\/\/theplayoffs.news\/fr\/wp-json\/wp\/v2\/sport?post=1436492"},{"taxonomy":"saison","embeddable":true,"href":"https:\/\/theplayoffs.news\/fr\/wp-json\/wp\/v2\/saison?post=1436492"}],"curies":[{"name":"wp","href":"https:\/\/api.w.org\/{rel}","templated":true}]}}