{"id":1436389,"date":"2024-06-04T11:28:06","date_gmt":"2024-06-04T09:28:06","guid":{"rendered":"https:\/\/theplayoffs.news\/fr\/?p=1436389"},"modified":"2024-06-04T11:28:06","modified_gmt":"2024-06-04T09:28:06","slug":"kyrie-irving-revient-sur-son-passe-a-boston","status":"publish","type":"post","link":"https:\/\/theplayoffs.news\/fr\/actualite-nba\/kyrie-irving-revient-sur-son-passe-a-boston\/","title":{"rendered":"Kyrie Irving revient sur son pass\u00e9 \u00e0 Boston"},"content":{"rendered":"<h2 style=\"text-align: justify;\"><a href=\"https:\/\/www.espn.co.uk\/nba\/story\/_\/id\/40271355\/kyrie-reflects-celts-tenure-great-reflection-am\" class=\"trk-cta-link\" data-cta-trk='{\"ctaType\":\"Link\",\"ctaSubType\":\"main\"}'>Kyrie Irving revient sur son pass&eacute; &agrave; Boston alors qu&rsquo;il se pr&eacute;pare pour un affrontement en finale NBA contre son ancienne &eacute;quipe, les Boston Celtics.&nbsp;<\/a><\/h2><p style=\"text-align: justify;\">Alors que <a href=\"https:\/\/theplayoffs.news\/fr\/joueur\/kyrie-irving-nba-12884\/\" class=\"trk-cta-link\" data-cta-trk='{\"ctaType\":\"Link\",\"ctaSubType\":\"main\"}'>Kyrie Irving<\/a> s&rsquo;appr&ecirc;te &agrave; affronter les Boston Celtics pour la troisi&egrave;me fois en s&eacute;ries &eacute;liminatoires depuis son d&eacute;part de la franchise, cette fois lors des finales NBA, le v&eacute;t&eacute;ran de 13 ans a pris un moment pour revenir sur son s&eacute;jour &agrave; Boston.<\/p><p style=\"text-align: justify;\">Kyrie Irving, qui est consid&eacute;r&eacute; comme le leader vocal des Dallas Mavericks par ses co&eacute;quipiers, a exprim&eacute; des regrets sur certaines de ses r&eacute;actions pass&eacute;es envers les supporters des Celtics, connus pour leur passion et, parfois, leur hostilit&eacute;.<\/p><p style=\"text-align: justify;\">Kyie Irving a jou&eacute; deux saisons pour les Celtics avant de partir en tant qu&rsquo;agent libre pour rejoindre son ami Kevin Durant aux Brooklyn Nets pendant l&rsquo;intersaison 2019.<\/p><p style=\"text-align: justify;\">Sous les couleurs des Nets, il a affront&eacute; deux fois les Celtics en playoffs, les &eacute;liminant en cinq matchs au premier tour en 2021, mais subissant une &eacute;limination cuisante en quatre matchs au premier tour en 2022, marquant sa derni&egrave;re apparition en s&eacute;ries pour Brooklyn.<\/p><p style=\"text-align: justify;\">Les s&eacute;ries entre les Nets et les Celtics ont &eacute;t&eacute; marqu&eacute;es par des moments de tension avec les fans de Boston.<\/p><p style=\"text-align: justify;\">Parmi les incidents les plus notables, un fan a &eacute;t&eacute; arr&ecirc;t&eacute; pour avoir jet&eacute; une bouteille d&rsquo;eau sur Irving apr&egrave;s la victoire de Brooklyn lors du quatri&egrave;me match en 2021, et Irving a &eacute;t&eacute; condamn&eacute; &agrave; une amende de 50 000 dollars pour avoir fait un doigt d&rsquo;honneur aux fans lors de la d&eacute;faite des Nets au premier match en 2022.<\/p><blockquote>\n<p style=\"text-align: justify;\">&laquo;&nbsp;Je pense que je suis meilleur pour consolider un peu les &eacute;motions maintenant ou &ecirc;tre conscient de ce que &ccedil;a va &ecirc;tre,&nbsp;&raquo; a d&eacute;clar&eacute; Kyrie Irving apr&egrave;s l&rsquo;entra&icirc;nement des Mavericks lundi. &laquo;&nbsp;Nous appelons cela de l&rsquo;animosit&eacute;, nous appelons cela de la haine, nous disons que &lsquo;&ccedil;a va &ecirc;tre l&rsquo;enfer &agrave; Boston.&rsquo; Il y a des circonstances r&eacute;elles et vivantes dans le monde qui sont plus grandes que le basket, en quelque sorte du c&ocirc;t&eacute; comp&eacute;titif des choses et de r&eacute;pondre &agrave; ces questions.&nbsp;&raquo;<\/p>\n<\/blockquote><p style=\"text-align: justify;\">Kyrie Irving a reconnu que son comportement &agrave; Boston n&rsquo;a pas toujours &eacute;t&eacute; exemplaire, notamment lors des playoffs o&ugrave; il a perdu son calme face aux provocations des fans.<\/p><blockquote>\n<p style=\"text-align: justify;\">&laquo;&nbsp;Je dirai que la derni&egrave;re fois &agrave; Boston, ce n&rsquo;&eacute;tait pas le meilleur &mdash; pas cette saison r&eacute;guli&egrave;re, mais quand nous avons jou&eacute; en playoffs et que tout le monde m&rsquo;a vu faire un doigt d&rsquo;honneur et un peu perdre la t&ecirc;te &mdash; ce n&rsquo;&eacute;tait pas une grande r&eacute;flexion de qui je suis et de comment j&rsquo;aime rivaliser &agrave; un haut niveau,&nbsp;&raquo; a-t-il avou&eacute;. &laquo;&nbsp;Je suis fait pour ces moments, pour pouvoir g&eacute;rer des circonstances comme celles-ci, et j&rsquo;ai pu grandir depuis lors.&nbsp;&raquo;<\/p>\n<\/blockquote><p style=\"text-align: justify;\">Malgr&eacute; les tensions, Irving a exprim&eacute; son appr&eacute;ciation pour la passion des fans de Boston.<\/p><blockquote><p>&laquo;&nbsp;C&rsquo;est bon d&rsquo;entendre le TD Garden silencieux quand vous jouez bien. Ils respectent toujours le grand basket,&nbsp;&raquo; a-t-il ajout&eacute;.<\/p><\/blockquote><p style=\"text-align: justify;\">Kyrie Irving a admis que certaines critiques &agrave; son &eacute;gard &eacute;taient justifi&eacute;es compte tenu de son statut de superstar, mais il a &eacute;galement ressenti qu&rsquo;un peu plus de compr&eacute;hension aurait pu &ecirc;tre de mise.<\/p><blockquote>\n<p style=\"text-align: justify;\">&laquo;&nbsp;Je sais que parfois dans le sport, c&rsquo;est litt&eacute;ralement &agrave; propos du but final et du r&eacute;sultat et de ce que vous accomplissez, et c&rsquo;est une chose. Mais nous sommes toujours humains &agrave; la fin de la journ&eacute;e. Je n&rsquo;&eacute;tais pas &agrave; mon meilleur moi-m&ecirc;me &agrave; cette &eacute;poque,&nbsp;&raquo; a-t-il d&eacute;clar&eacute;.<\/p>\n<\/blockquote><p style=\"text-align: justify;\">En regardant en arri&egrave;re, Kyrie Irving voit son temps &agrave; Boston comme une p&eacute;riode d&rsquo;apprentissage personnel.<\/p><blockquote>\n<p style=\"text-align: justify;\">&laquo;&nbsp;C&rsquo;&eacute;tait juste un chapitre de ma vie que j&rsquo;ai pu appr&eacute;cier pour la plupart. Nous avions une grande opportunit&eacute; de faire des choses sp&eacute;ciales, mais cela a &eacute;t&eacute; &eacute;court&eacute; pour des raisons personnelles de mon c&ocirc;t&eacute;,&nbsp;&raquo; a-t-il expliqu&eacute;. &laquo;&nbsp;La plus grande chose que j&rsquo;ai apprise &agrave; Boston, c&rsquo;&eacute;tait de pouvoir g&eacute;rer non seulement mes &eacute;motions ou ce qui se passe au quotidien en tant que leader d&rsquo;une &eacute;quipe, mais aussi d&rsquo;avoir des jeunes autour de vous qui ont leurs propres objectifs, tout en mettant l&rsquo;ensemble en avant.&nbsp;&raquo;<\/p>\n<\/blockquote><p style=\"text-align: justify;\">Kyrie Irving a &eacute;galement exprim&eacute; sa fiert&eacute; de voir Tatum et Brown devenir l&rsquo;un des duos de stars les plus &eacute;lites de la ligue.<\/p><blockquote><p>&laquo;&nbsp;Ils sont vraiment sp&eacute;ciaux, et je suis fier de voir comment ils ont grandi,&nbsp;&raquo; a-t-il d&eacute;clar&eacute;.<\/p><\/blockquote><p style=\"text-align: justify;\">Kyrie Irving a maintenu des relations fraternelles avec ses anciens co&eacute;quipiers, m&ecirc;me s&rsquo;ils n&rsquo;ont pas communiqu&eacute; depuis que les Celtics et les Mavericks ont obtenu leur place en finale.<\/p><blockquote>\n<p style=\"text-align: justify;\">Tatum, qui parle encore de temps en temps &agrave; Irving pendant la saison, a partag&eacute; ses souvenirs positifs de jouer aux c&ocirc;t&eacute;s de lui. &laquo;&nbsp;Oui, il y a eu des hauts et des bas, mais pour moi, &ecirc;tre un joueur de premi&egrave;re ou deuxi&egrave;me ann&eacute;e et &ecirc;tre autour d&rsquo;une superstar tous les jours, c&rsquo;&eacute;tait une exp&eacute;rience d&rsquo;apprentissage pr&eacute;cieuse,&nbsp;&raquo; a d&eacute;clar&eacute; Tatum.<\/p>\n<\/blockquote><p style=\"text-align: justify;\">Tatum a &eacute;galement soulign&eacute; l&rsquo;importance de la saison 2018-19, bien que tumultueuse, comme une le&ccedil;on sur l&rsquo;importance de la coh&eacute;sion d&rsquo;&eacute;quipe au-del&agrave; du simple talent.<\/p><blockquote>\n<p style=\"text-align: justify;\">&laquo;&nbsp;Ce n&rsquo;&eacute;tait pas une question de Kyrie &mdash; c&rsquo;&eacute;tait nous tous. Nous avons tous appris de cette saison et avons grandi &agrave; partir de l&agrave;,&nbsp;&raquo; a-t-il affirm&eacute;.<\/p>\n<\/blockquote><p style=\"text-align: justify;\">Alors que les finales approchent, Kyrie Irving sait que son pass&eacute; avec les Celtics sera un sujet central. Cependant, il est d&eacute;termin&eacute; &agrave; se concentrer sur le pr&eacute;sent et &agrave; mener les Mavericks avec d&eacute;termination et calme.<\/p><blockquote>\n<p style=\"text-align: justify;\">&laquo;&nbsp;Je vais prendre le gros du fardeau, de tous les cris et des remarques, mais j&rsquo;ai grandi depuis et je peux mieux g&eacute;rer les choses. Je suis pr&ecirc;t pour le d&eacute;fi sur le terrain contre les Celtics et pour diriger mon &eacute;quipe,&nbsp;&raquo; a-t-il conclu.<\/p>\n<\/blockquote><p style=\"text-align: justify;\">En fin de compte, Kyrie Irving aborde cette confrontation avec une nouvelle perspective, pr&ecirc;t &agrave; mettre le pass&eacute; de c&ocirc;t&eacute; et &agrave; se concentrer sur la t&acirc;che &agrave; accomplir, prouvant qu&rsquo;il a m&ucirc;ri en tant que joueur et en tant que leader.<\/p><p style=\"text-align: justify;\">\n<\/p><p style=\"text-align: justify;\">Cr&eacute;dit photo : Jesse Johnson-USA TODAY Sports<\/p>\n","protected":false},"excerpt":{"rendered":"","protected":false},"author":180310243,"featured_media":1436408,"comment_status":"open","ping_status":"closed","sticky":false,"template":"","format":"standard","meta":{"inline_featured_image":false,"kia_subtitle":"","_mux_skip_reasons":[],"proofreadBy":0,"footnotes":""},"categories":[110,10],"tags":[603,1073],"sport":[2783],"saison":[3453],"class_list":["post-1436389","post","type-post","status-publish","format-standard","has-post-thumbnail","hentry","category-actualite-nba","category-nba","tag-boston-celtics","tag-kyrie-irving","sport-nba","saison-3453"],"acf":[],"yoast_head":"<!-- This site is optimized with the Yoast SEO plugin v24.2 - https:\/\/yoast.com\/wordpress\/plugins\/seo\/ -->\n<title>Kyrie Irving revient sur son pass&eacute; &agrave; Boston - The Playoffs FR<\/title>\n<meta name=\"robots\" content=\"index, follow, max-snippet:-1, max-image-preview:large, max-video-preview:-1\" \/>\n<link rel=\"canonical\" href=\"https:\/\/theplayoffs.news\/fr\/actualite-nba\/kyrie-irving-revient-sur-son-passe-a-boston\/\" \/>\n<meta property=\"og:locale\" content=\"fr_FR\" \/>\n<meta property=\"og:type\" content=\"article\" \/>\n<meta property=\"og:title\" content=\"Kyrie Irving revient sur son pass&eacute; &agrave; Boston - The Playoffs FR\" \/>\n<meta property=\"og:url\" content=\"https:\/\/theplayoffs.news\/fr\/actualite-nba\/kyrie-irving-revient-sur-son-passe-a-boston\/\" \/>\n<meta property=\"og:site_name\" content=\"The Playoffs FR\" \/>\n<meta property=\"article:publisher\" content=\"https:\/\/www.facebook.com\/TheFreeAgentFR\/\" \/>\n<meta property=\"article:modified_time\" content=\"2024-06-04T11:28:06+02:00\" \/>\n<meta property=\"og:image\" content=\"https:\/\/theplayoffs.news\/fr\/wp-content\/uploads\/2024\/06\/USATSI_23424768.jpg\" \/>\n\t<meta property=\"og:image:width\" content=\"1920\" \/>\n\t<meta property=\"og:image:height\" content=\"1288\" \/>\n\t<meta property=\"og:image:type\" content=\"image\/jpeg\" \/>\n<meta name=\"author\" content=\"Luc lemercier\" \/>\n<meta name=\"twitter:card\" content=\"summary_large_image\" \/>\n<meta name=\"twitter:creator\" content=\"@TheFreeAgentFR\" \/>\n<meta name=\"twitter:site\" content=\"@TheFreeAgentFR\" \/>\n<meta name=\"twitter:label1\" content=\"\u00c9crit par\" \/>\n\t<meta name=\"twitter:data1\" content=\"Luc lemercier\" \/>\n\t<meta name=\"twitter:label2\" content=\"Dur\u00e9e de lecture estim\u00e9e\" \/>\n\t<meta name=\"twitter:data2\" content=\"5 minutes\" \/>\n<script type=\"application\/ld+json\" class=\"yoast-schema-graph\">{\"@context\":\"https:\/\/schema.org\",\"@graph\":[{\"@type\":\"WebPage\",\"@id\":\"https:\/\/theplayoffs.news\/fr\/actualite-nba\/kyrie-irving-revient-sur-son-passe-a-boston\/\",\"url\":\"https:\/\/theplayoffs.news\/fr\/actualite-nba\/kyrie-irving-revient-sur-son-passe-a-boston\/\",\"name\":\"Kyrie Irving revient sur son pass\u00e9 \u00e0 Boston - The Playoffs FR\",\"isPartOf\":{\"@id\":\"https:\/\/theplayoffs.news\/fr\/#website\"},\"primaryImageOfPage\":{\"@id\":\"https:\/\/theplayoffs.news\/fr\/actualite-nba\/kyrie-irving-revient-sur-son-passe-a-boston\/#primaryimage\"},\"image\":{\"@id\":\"https:\/\/theplayoffs.news\/fr\/actualite-nba\/kyrie-irving-revient-sur-son-passe-a-boston\/#primaryimage\"},\"thumbnailUrl\":\"https:\/\/theplayoffs.news\/fr\/wp-content\/uploads\/2024\/06\/USATSI_23424768.jpg\",\"datePublished\":\"2024-06-04T09:28:06+00:00\",\"dateModified\":\"2024-06-04T09:28:06+00:00\",\"author\":{\"@id\":\"https:\/\/theplayoffs.news\/fr\/#\/schema\/person\/801c54a27bc55531da5bcae43d637b35\"},\"breadcrumb\":{\"@id\":\"https:\/\/theplayoffs.news\/fr\/actualite-nba\/kyrie-irving-revient-sur-son-passe-a-boston\/#breadcrumb\"},\"inLanguage\":\"fr-FR\",\"potentialAction\":[{\"@type\":\"ReadAction\",\"target\":[\"https:\/\/theplayoffs.news\/fr\/actualite-nba\/kyrie-irving-revient-sur-son-passe-a-boston\/\"]}]},{\"@type\":\"ImageObject\",\"inLanguage\":\"fr-FR\",\"@id\":\"https:\/\/theplayoffs.news\/fr\/actualite-nba\/kyrie-irving-revient-sur-son-passe-a-boston\/#primaryimage\",\"url\":\"https:\/\/theplayoffs.news\/fr\/wp-content\/uploads\/2024\/06\/USATSI_23424768.jpg\",\"contentUrl\":\"https:\/\/theplayoffs.news\/fr\/wp-content\/uploads\/2024\/06\/USATSI_23424768.jpg\",\"width\":1920,\"height\":1288,\"caption\":\"May 30, 2024; Minneapolis, Minnesota, USA; Dallas Mavericks guard Kyrie Irving (11) warms up before game five of the western conference finals for the 2024 NBA playoffs against the Minnesota Timberwolves at Target Center. Mandatory Credit: Jesse Johnson-USA TODAY Sports\"},{\"@type\":\"BreadcrumbList\",\"@id\":\"https:\/\/theplayoffs.news\/fr\/actualite-nba\/kyrie-irving-revient-sur-son-passe-a-boston\/#breadcrumb\",\"itemListElement\":[{\"@type\":\"ListItem\",\"position\":1,\"name\":\"Accueil\",\"item\":\"https:\/\/theplayoffs.news\/fr\/\"},{\"@type\":\"ListItem\",\"position\":2,\"name\":\"Kyrie Irving revient sur son pass\u00e9 \u00e0 Boston\"}]},{\"@type\":\"WebSite\",\"@id\":\"https:\/\/theplayoffs.news\/fr\/#website\",\"url\":\"https:\/\/theplayoffs.news\/fr\/\",\"name\":\"The Playoffs FR\",\"description\":\"NBA-NFL-NHL-MLB\",\"potentialAction\":[{\"@type\":\"SearchAction\",\"target\":{\"@type\":\"EntryPoint\",\"urlTemplate\":\"https:\/\/theplayoffs.news\/fr\/?s={search_term_string}\"},\"query-input\":{\"@type\":\"PropertyValueSpecification\",\"valueRequired\":true,\"valueName\":\"search_term_string\"}}],\"inLanguage\":\"fr-FR\"},{\"@type\":\"Person\",\"@id\":\"https:\/\/theplayoffs.news\/fr\/#\/schema\/person\/801c54a27bc55531da5bcae43d637b35\",\"name\":\"Luc lemercier\",\"image\":{\"@type\":\"ImageObject\",\"inLanguage\":\"fr-FR\",\"@id\":\"https:\/\/theplayoffs.news\/fr\/#\/schema\/person\/image\/\",\"url\":\"https:\/\/secure.gravatar.com\/avatar\/589c260bbb94457b6669c7e720679779767022dd620aaeb224cce2bacab793e7?s=96&d=mm&r=g\",\"contentUrl\":\"https:\/\/secure.gravatar.com\/avatar\/589c260bbb94457b6669c7e720679779767022dd620aaeb224cce2bacab793e7?s=96&d=mm&r=g\",\"caption\":\"Luc lemercier\"},\"url\":\"https:\/\/theplayoffs.news\/fr\/author\/luc-lemercierhotmail-fr\/\"}]}<\/script>\n<!-- \/ Yoast SEO plugin. -->","yoast_head_json":{"title":"Kyrie Irving revient sur son pass&eacute; &agrave; Boston - The Playoffs FR","robots":{"index":"index","follow":"follow","max-snippet":"max-snippet:-1","max-image-preview":"max-image-preview:large","max-video-preview":"max-video-preview:-1"},"canonical":"https:\/\/theplayoffs.news\/fr\/actualite-nba\/kyrie-irving-revient-sur-son-passe-a-boston\/","og_locale":"fr_FR","og_type":"article","og_title":"Kyrie Irving revient sur son pass&eacute; &agrave; Boston - The Playoffs FR","og_url":"https:\/\/theplayoffs.news\/fr\/actualite-nba\/kyrie-irving-revient-sur-son-passe-a-boston\/","og_site_name":"The Playoffs FR","article_publisher":"https:\/\/www.facebook.com\/TheFreeAgentFR\/","og_image":[{"width":1920,"height":1288,"url":"https:\/\/theplayoffs.news\/fr\/wp-content\/uploads\/2024\/06\/USATSI_23424768.jpg","type":"image\/jpeg"}],"author":"Luc lemercier","twitter_card":"summary_large_image","twitter_creator":"@TheFreeAgentFR","twitter_site":"@TheFreeAgentFR","twitter_misc":{"\u00c9crit par":"Luc lemercier","Dur\u00e9e de lecture estim\u00e9e":"5 minutes"},"schema":{"@context":"https:\/\/schema.org","@graph":[{"@type":"WebPage","@id":"https:\/\/theplayoffs.news\/fr\/actualite-nba\/kyrie-irving-revient-sur-son-passe-a-boston\/","url":"https:\/\/theplayoffs.news\/fr\/actualite-nba\/kyrie-irving-revient-sur-son-passe-a-boston\/","name":"Kyrie Irving revient sur son pass\u00e9 \u00e0 Boston - The Playoffs FR","isPartOf":{"@id":"https:\/\/theplayoffs.news\/fr\/#website"},"primaryImageOfPage":{"@id":"https:\/\/theplayoffs.news\/fr\/actualite-nba\/kyrie-irving-revient-sur-son-passe-a-boston\/#primaryimage"},"image":{"@id":"https:\/\/theplayoffs.news\/fr\/actualite-nba\/kyrie-irving-revient-sur-son-passe-a-boston\/#primaryimage"},"thumbnailUrl":"https:\/\/theplayoffs.news\/fr\/wp-content\/uploads\/2024\/06\/USATSI_23424768.jpg","datePublished":"2024-06-04T09:28:06+00:00","dateModified":"2024-06-04T09:28:06+00:00","author":{"@id":"https:\/\/theplayoffs.news\/fr\/#\/schema\/person\/801c54a27bc55531da5bcae43d637b35"},"breadcrumb":{"@id":"https:\/\/theplayoffs.news\/fr\/actualite-nba\/kyrie-irving-revient-sur-son-passe-a-boston\/#breadcrumb"},"inLanguage":"fr-FR","potentialAction":[{"@type":"ReadAction","target":["https:\/\/theplayoffs.news\/fr\/actualite-nba\/kyrie-irving-revient-sur-son-passe-a-boston\/"]}]},{"@type":"ImageObject","inLanguage":"fr-FR","@id":"https:\/\/theplayoffs.news\/fr\/actualite-nba\/kyrie-irving-revient-sur-son-passe-a-boston\/#primaryimage","url":"https:\/\/theplayoffs.news\/fr\/wp-content\/uploads\/2024\/06\/USATSI_23424768.jpg","contentUrl":"https:\/\/theplayoffs.news\/fr\/wp-content\/uploads\/2024\/06\/USATSI_23424768.jpg","width":1920,"height":1288,"caption":"May 30, 2024; Minneapolis, Minnesota, USA; Dallas Mavericks guard Kyrie Irving (11) warms up before game five of the western conference finals for the 2024 NBA playoffs against the Minnesota Timberwolves at Target Center. Mandatory Credit: Jesse Johnson-USA TODAY Sports"},{"@type":"BreadcrumbList","@id":"https:\/\/theplayoffs.news\/fr\/actualite-nba\/kyrie-irving-revient-sur-son-passe-a-boston\/#breadcrumb","itemListElement":[{"@type":"ListItem","position":1,"name":"Accueil","item":"https:\/\/theplayoffs.news\/fr\/"},{"@type":"ListItem","position":2,"name":"Kyrie Irving revient sur son pass\u00e9 \u00e0 Boston"}]},{"@type":"WebSite","@id":"https:\/\/theplayoffs.news\/fr\/#website","url":"https:\/\/theplayoffs.news\/fr\/","name":"The Playoffs FR","description":"NBA-NFL-NHL-MLB","potentialAction":[{"@type":"SearchAction","target":{"@type":"EntryPoint","urlTemplate":"https:\/\/theplayoffs.news\/fr\/?s={search_term_string}"},"query-input":{"@type":"PropertyValueSpecification","valueRequired":true,"valueName":"search_term_string"}}],"inLanguage":"fr-FR"},{"@type":"Person","@id":"https:\/\/theplayoffs.news\/fr\/#\/schema\/person\/801c54a27bc55531da5bcae43d637b35","name":"Luc lemercier","image":{"@type":"ImageObject","inLanguage":"fr-FR","@id":"https:\/\/theplayoffs.news\/fr\/#\/schema\/person\/image\/","url":"https:\/\/secure.gravatar.com\/avatar\/589c260bbb94457b6669c7e720679779767022dd620aaeb224cce2bacab793e7?s=96&d=mm&r=g","contentUrl":"https:\/\/secure.gravatar.com\/avatar\/589c260bbb94457b6669c7e720679779767022dd620aaeb224cce2bacab793e7?s=96&d=mm&r=g","caption":"Luc lemercier"},"url":"https:\/\/theplayoffs.news\/fr\/author\/luc-lemercierhotmail-fr\/"}]}},"_links":{"self":[{"href":"https:\/\/theplayoffs.news\/fr\/wp-json\/wp\/v2\/posts\/1436389","targetHints":{"allow":["GET"]}}],"collection":[{"href":"https:\/\/theplayoffs.news\/fr\/wp-json\/wp\/v2\/posts"}],"about":[{"href":"https:\/\/theplayoffs.news\/fr\/wp-json\/wp\/v2\/types\/post"}],"author":[{"embeddable":true,"href":"https:\/\/theplayoffs.news\/fr\/wp-json\/wp\/v2\/users\/180310243"}],"replies":[{"embeddable":true,"href":"https:\/\/theplayoffs.news\/fr\/wp-json\/wp\/v2\/comments?post=1436389"}],"version-history":[{"count":2,"href":"https:\/\/theplayoffs.news\/fr\/wp-json\/wp\/v2\/posts\/1436389\/revisions"}],"predecessor-version":[{"id":1436417,"href":"https:\/\/theplayoffs.news\/fr\/wp-json\/wp\/v2\/posts\/1436389\/revisions\/1436417"}],"wp:featuredmedia":[{"embeddable":true,"href":"https:\/\/theplayoffs.news\/fr\/wp-json\/wp\/v2\/media\/1436408"}],"wp:attachment":[{"href":"https:\/\/theplayoffs.news\/fr\/wp-json\/wp\/v2\/media?parent=1436389"}],"wp:term":[{"taxonomy":"category","embeddable":true,"href":"https:\/\/theplayoffs.news\/fr\/wp-json\/wp\/v2\/categories?post=1436389"},{"taxonomy":"post_tag","embeddable":true,"href":"https:\/\/theplayoffs.news\/fr\/wp-json\/wp\/v2\/tags?post=1436389"},{"taxonomy":"sport","embeddable":true,"href":"https:\/\/theplayoffs.news\/fr\/wp-json\/wp\/v2\/sport?post=1436389"},{"taxonomy":"saison","embeddable":true,"href":"https:\/\/theplayoffs.news\/fr\/wp-json\/wp\/v2\/saison?post=1436389"}],"curies":[{"name":"wp","href":"https:\/\/api.w.org\/{rel}","templated":true}]}}