{"id":1435957,"date":"2024-06-01T10:22:52","date_gmt":"2024-06-01T08:22:52","guid":{"rendered":"https:\/\/theplayoffs.news\/fr\/?p=1435957"},"modified":"2024-06-01T10:22:52","modified_gmt":"2024-06-01T08:22:52","slug":"kansas-city-chiefs-moments-maison-blanche","status":"publish","type":"post","link":"https:\/\/theplayoffs.news\/fr\/actualite-nfl\/kansas-city-chiefs-moments-maison-blanche\/","title":{"rendered":"Kansas City Chiefs: Les moments forts de la visite \u00e0 la Maison Blanche"},"content":{"rendered":"<h2>NFL &ndash; En qualit&eacute; de champion NFL 2023, les Kansas City Chiefs ont &eacute;t&eacute; re&ccedil;u ce vendredi par le pr&eacute;sident am&eacute;ricain Joe Biden &agrave; la Maison Blanche.<\/h2><p>C&rsquo;est une tradition devenue une habitude et les Kansas City Chiefs n&rsquo;y ont pas fait exception! Depuis de nombreuses ann&eacute;es, les &eacute;quipes qui remportent leur championnat, que ce soit en NFL ou dans d&rsquo;autres sports am&eacute;ricains, sont re&ccedil;us par le pr&eacute;sident en place au 1600 Pennsylvania Avenue, l&rsquo;adresse de la Maison Blanche. Pour la deuxi&egrave;me ann&eacute;e cons&eacute;cutive donc les co&eacute;quipiers de Patrick Mahomes ont pu avoir l&rsquo;honneur de cette r&eacute;ception. Retour sur les moments forts de la journ&eacute;e!<\/p><h3>Harrison Butker bel et bien pr&eacute;sent<\/h3><p>Il ne manquera personne ou presque sur le photo de cette visite des Kansas City Chiefs dans le lieu de r&eacute;sidence du pr&eacute;sident am&eacute;ricain. Alors que seulement une vingtaine de joueurs s&rsquo;&eacute;taient rendus &agrave; la r&eacute;ception donn&eacute;e en 2023, l&rsquo;ensemble des joueurs et du staff des Chiefs se tenait bien derri&egrave;re Joe Biden ce vendredi.<\/p><p>Le principal point d&rsquo;interrogation concernant la pr&eacute;sence d&rsquo;un membre de l&rsquo;&eacute;quipe concernait Harrison Butker. Apr&egrave;s ses <a href=\"https:\/\/theplayoffs.news\/fr\/nfl\/harrison-butker-compare-le-mois-des-fiertes-a-un-peche-capital\/\" class=\"trk-cta-link\" data-cta-trk='{\"ctaType\":\"Link\",\"ctaSubType\":\"main\"}'>d&eacute;clarations qui ont cr&eacute;&eacute; quelques remous dans la classe politique<\/a> il y a quelques jours, le kicker des Chiefs avait laiss&eacute; planer le doute sur sa participation &agrave; la c&eacute;r&eacute;monie donn&eacute;e par Joe Biden en raison de d&eacute;saccord politique notamment sur la question de l&rsquo;avortement. Mais finalement, Butker &eacute;tait bel et bien pr&eacute;sent &agrave; la Maison Blanche avec ses co&eacute;quipiers.<\/p><p>Parmi le staff des Kansas City Chiefs, il faut noter la pr&eacute;sence du propri&eacute;taire de la franchise, Clark Hunt, qui n&rsquo;avait pas pu &ecirc;tre pr&eacute;sent en 2023 en raison du d&eacute;c&egrave;s de sa m&egrave;re la veille de la r&eacute;ception. Hunt remercia d&rsquo;ailleurs chaleureusement Joe Biden pendant son discours:<\/p><blockquote><p>&laquo;&nbsp;Je voudrais prendre un petit moment pour vous remercier, Pr&eacute;sident Biden, pour les tr&egrave;s gentils mots que vous avez eu &agrave; mon &eacute;gard l&rsquo;ann&eacute;e derni&egrave;re apr&egrave;s la perte de ma m&egrave;re. Cela nous a beaucoup r&eacute;conforter au sein de notre famille&nbsp;&raquo; a <a href=\"https:\/\/www.nbcsports.com\/nfl\/profootballtalk\/rumor-mill\/news\/president-biden-dons-a-chiefs-helmet-during-teams-white-house-celebration\" class=\"trk-cta-link\" data-cta-trk='{\"ctaType\":\"Link\",\"ctaSubType\":\"main\"}'>expliqu&eacute; Clark Hunt<\/a>.<\/p><\/blockquote><h3>Andy Reid offre un casque &agrave; Joe Biden<\/h3><p>Vous avez toujours r&ecirc;v&eacute; de voir Joe Biden avec un casque de football am&eacute;ricain? Les Kansas City Chiefs viennent de r&eacute;aliser votre r&ecirc;ve ce vendredi. L&rsquo;entra&icirc;neur des Chiefs, Andy Reid, a en effet offert un casque de joueur avec le logo de la franchise championne en titre au pr&eacute;sident am&eacute;ricain qui n&rsquo;a pas h&eacute;sit&eacute; &agrave; l&rsquo;essayer imm&eacute;diatement avant de prononcer son discours.<\/p><p>Un discours dans lequel Joe Biden semble vouloir s&rsquo;inspirer du parcours des Kansas City Chiefs lors de la saison derni&egrave;re:<\/p><blockquote><p>&laquo;&nbsp;Bienvenue &agrave; la Maison Blanche! Bon retour &agrave; la Maison Blanche aux vainqueurs du Super Bowl LVIII: les Kansas City Chiefs. La premi&egrave;re &eacute;quipe en vingt ans &agrave; r&eacute;ussir un doubl&eacute;! Gagner deux fois de suite: j&rsquo;aime beaucoup cette id&eacute;e!&nbsp;&raquo; a lanc&eacute; Joe Biden.<\/p><\/blockquote><p>Une phrase qui n&rsquo;est pas anodine alors que Joe Biden sera engag&eacute; dans la course pour un second mandat lors des prochaines &eacute;lections pr&eacute;sidentielles am&eacute;ricaines!<\/p><h3>Travis Kelce invit&eacute; &agrave; parler au pupitre<\/h3><p>\n<div id=\"attachment_1435963\" style=\"width: 310px\" class=\"wp-caption aligncenter\"><img loading=\"lazy\" decoding=\"async\" aria-describedby=\"caption-attachment-1435963\" class=\"size-medium wp-image-1435963\" src=\"https:\/\/theplayoffs.news\/fr\/wp-content\/uploads\/2024\/06\/USATSI_23432873-300x200.jpg\" alt=\"\" width=\"300\" height=\"200\" srcset=\"https:\/\/theplayoffs.news\/fr\/wp-content\/uploads\/2024\/06\/USATSI_23432873-300x200.jpg 300w, https:\/\/theplayoffs.news\/fr\/wp-content\/uploads\/2024\/06\/USATSI_23432873-1030x687.jpg 1030w, https:\/\/theplayoffs.news\/fr\/wp-content\/uploads\/2024\/06\/USATSI_23432873-768x512.jpg 768w, https:\/\/theplayoffs.news\/fr\/wp-content\/uploads\/2024\/06\/USATSI_23432873-1320x880.jpg 1320w, https:\/\/theplayoffs.news\/fr\/wp-content\/uploads\/2024\/06\/USATSI_23432873.jpg 1920w\" sizes=\"auto, (max-width: 300px) 100vw, 300px\" \/><p id=\"caption-attachment-1435963\" class=\"wp-caption-text\">Mandatory Credit: Josh Morgan-USA TODAY<\/p><\/div>\n<\/p><p>La question que tout le monde se posait au moment de l&rsquo;arriv&eacute;e des Kansas City Chiefs &agrave; la Maison Blanche &eacute;tait de savoir si Travis Kelce allait une nouvelle fois tenter de prendre la parole. Pour rappel, lors de la c&eacute;r&eacute;monie de l&rsquo;ann&eacute;e derni&egrave;re, le talentueux tight end des Chiefs s&rsquo;&eacute;tait avanc&eacute; vers le pupitre sans y &ecirc;tre invit&eacute; lorsque le pr&eacute;sident am&eacute;ricain avait le dos tourn&eacute;.<\/p><p>Mais cette ann&eacute;e, Travis Kelce n&rsquo;a pas eu besoin de ruse pour acc&eacute;der au pupitre puisqu&rsquo;il fut invit&eacute; &agrave; s&rsquo;exprimer par le pr&eacute;sident Biden en personne. &laquo;&nbsp;J&rsquo;invite Travis a venir ici me rejoindre au pupitre m&ecirc;me si Dieu seul sait ce qu&rsquo;il va bien pouvoir dire&nbsp;&raquo; a lanc&eacute; le pr&eacute;sident am&eacute;ricain.<\/p><p>Finalement, la vedette des Chiefs aura r&eacute;alis&eacute; une courte prise de parole:<\/p><blockquote><p>&laquo;&nbsp;Mes chers compatriotes am&eacute;ricains, je suis tr&egrave;s heureux de vous revoir.&nbsp;&raquo; a lanc&eacute; Travis Kelce au public. &laquo;&nbsp;Je ne vais pas vous mentir Pr&eacute;sident Biden: ils m&rsquo;ont dit que si je venais au pupitre, ils allaient me taser! Donc je retourne &agrave; ma place.&nbsp;&raquo;<\/p><\/blockquote><p>Les Kansas City Chiefs ont donc &eacute;t&eacute; c&eacute;l&eacute;br&eacute; par le pr&eacute;sident am&eacute;ricain pour la deuxi&egrave;me fois cons&eacute;cutive. Nul doute qu&rsquo;ils connaissent d&eacute;sormais parfaitement le chemin de la Maison Blanche et qu&rsquo;ils aimeraient bien venir &agrave; nouveau en 2025 pour f&ecirc;ter un <a href=\"https:\/\/theplayoffs.news\/fr\/nfl\/podcast-nfl-2024-lannee-de-tous-les-records\/\" class=\"trk-cta-link\" data-cta-trk='{\"ctaType\":\"Link\",\"ctaSubType\":\"main\"}'>tripl&eacute; qui serait historique dans l&rsquo;histoire de la NFL<\/a>.<\/p><p><em>Cr&eacute;dit photo: Josh Morgan-USA TODAY<\/em><\/p>\n","protected":false},"excerpt":{"rendered":"","protected":false},"author":180309964,"featured_media":1435962,"comment_status":"open","ping_status":"closed","sticky":false,"template":"","format":"standard","meta":{"inline_featured_image":false,"kia_subtitle":"","_mux_skip_reasons":[],"proofreadBy":0,"footnotes":""},"categories":[118,40],"tags":[487],"sport":[2785],"saison":[6111],"class_list":["post-1435957","post","type-post","status-publish","format-standard","has-post-thumbnail","hentry","category-actualite-nfl","category-nfl","tag-kansas-city-chiefs","sport-nfl","saison-6111"],"acf":[],"yoast_head":"<!-- This site is optimized with the Yoast SEO plugin v24.2 - https:\/\/yoast.com\/wordpress\/plugins\/seo\/ -->\n<title>Kansas City Chiefs: Les moments forts de la visite &agrave; la Maison Blanche - The Playoffs FR<\/title>\n<meta name=\"robots\" content=\"index, follow, max-snippet:-1, max-image-preview:large, max-video-preview:-1\" \/>\n<link rel=\"canonical\" href=\"https:\/\/theplayoffs.news\/fr\/actualite-nfl\/kansas-city-chiefs-moments-maison-blanche\/\" \/>\n<meta property=\"og:locale\" content=\"fr_FR\" \/>\n<meta property=\"og:type\" content=\"article\" \/>\n<meta property=\"og:title\" content=\"Kansas City Chiefs: Les moments forts de la visite &agrave; la Maison Blanche - The Playoffs FR\" \/>\n<meta property=\"og:url\" content=\"https:\/\/theplayoffs.news\/fr\/actualite-nfl\/kansas-city-chiefs-moments-maison-blanche\/\" \/>\n<meta property=\"og:site_name\" content=\"The Playoffs FR\" \/>\n<meta property=\"article:publisher\" content=\"https:\/\/www.facebook.com\/TheFreeAgentFR\/\" \/>\n<meta property=\"article:modified_time\" content=\"2024-06-01T10:22:52+02:00\" \/>\n<meta property=\"og:image\" content=\"https:\/\/theplayoffs.news\/fr\/wp-content\/uploads\/2024\/06\/USATSI_23432833.jpg\" \/>\n\t<meta property=\"og:image:width\" content=\"1920\" \/>\n\t<meta property=\"og:image:height\" content=\"1280\" \/>\n\t<meta property=\"og:image:type\" content=\"image\/jpeg\" \/>\n<meta name=\"author\" content=\"Flavien Jumeau\" \/>\n<meta name=\"twitter:card\" content=\"summary_large_image\" \/>\n<meta name=\"twitter:creator\" content=\"@TheFreeAgentFR\" \/>\n<meta name=\"twitter:site\" content=\"@TheFreeAgentFR\" \/>\n<meta name=\"twitter:label1\" content=\"\u00c9crit par\" \/>\n\t<meta name=\"twitter:data1\" content=\"Flavien Jumeau\" \/>\n\t<meta name=\"twitter:label2\" content=\"Dur\u00e9e de lecture estim\u00e9e\" \/>\n\t<meta name=\"twitter:data2\" content=\"4 minutes\" \/>\n<script type=\"application\/ld+json\" class=\"yoast-schema-graph\">{\"@context\":\"https:\/\/schema.org\",\"@graph\":[{\"@type\":\"WebPage\",\"@id\":\"https:\/\/theplayoffs.news\/fr\/actualite-nfl\/kansas-city-chiefs-moments-maison-blanche\/\",\"url\":\"https:\/\/theplayoffs.news\/fr\/actualite-nfl\/kansas-city-chiefs-moments-maison-blanche\/\",\"name\":\"Kansas City Chiefs: Les moments forts de la visite \u00e0 la Maison Blanche - The Playoffs FR\",\"isPartOf\":{\"@id\":\"https:\/\/theplayoffs.news\/fr\/#website\"},\"primaryImageOfPage\":{\"@id\":\"https:\/\/theplayoffs.news\/fr\/actualite-nfl\/kansas-city-chiefs-moments-maison-blanche\/#primaryimage\"},\"image\":{\"@id\":\"https:\/\/theplayoffs.news\/fr\/actualite-nfl\/kansas-city-chiefs-moments-maison-blanche\/#primaryimage\"},\"thumbnailUrl\":\"https:\/\/theplayoffs.news\/fr\/wp-content\/uploads\/2024\/06\/USATSI_23432833.jpg\",\"datePublished\":\"2024-06-01T08:22:52+00:00\",\"dateModified\":\"2024-06-01T08:22:52+00:00\",\"author\":{\"@id\":\"https:\/\/theplayoffs.news\/fr\/#\/schema\/person\/def63bc6746dc5957469b75feb99e66d\"},\"breadcrumb\":{\"@id\":\"https:\/\/theplayoffs.news\/fr\/actualite-nfl\/kansas-city-chiefs-moments-maison-blanche\/#breadcrumb\"},\"inLanguage\":\"fr-FR\",\"potentialAction\":[{\"@type\":\"ReadAction\",\"target\":[\"https:\/\/theplayoffs.news\/fr\/actualite-nfl\/kansas-city-chiefs-moments-maison-blanche\/\"]}]},{\"@type\":\"ImageObject\",\"inLanguage\":\"fr-FR\",\"@id\":\"https:\/\/theplayoffs.news\/fr\/actualite-nfl\/kansas-city-chiefs-moments-maison-blanche\/#primaryimage\",\"url\":\"https:\/\/theplayoffs.news\/fr\/wp-content\/uploads\/2024\/06\/USATSI_23432833.jpg\",\"contentUrl\":\"https:\/\/theplayoffs.news\/fr\/wp-content\/uploads\/2024\/06\/USATSI_23432833.jpg\",\"width\":1920,\"height\":1280,\"caption\":\"May 31, 2024; Washington, DC, USA; President Joe Biden wears an autographed helmet during the Kansas City Chiefs visit to the White House to celebrate their championship season and victory in Super Bowl LVIII on Friday, May 31, 2024. Mandatory Credit: Josh Morgan-USA TODAY\"},{\"@type\":\"BreadcrumbList\",\"@id\":\"https:\/\/theplayoffs.news\/fr\/actualite-nfl\/kansas-city-chiefs-moments-maison-blanche\/#breadcrumb\",\"itemListElement\":[{\"@type\":\"ListItem\",\"position\":1,\"name\":\"Accueil\",\"item\":\"https:\/\/theplayoffs.news\/fr\/\"},{\"@type\":\"ListItem\",\"position\":2,\"name\":\"Kansas City Chiefs: Les moments forts de la visite \u00e0 la Maison Blanche\"}]},{\"@type\":\"WebSite\",\"@id\":\"https:\/\/theplayoffs.news\/fr\/#website\",\"url\":\"https:\/\/theplayoffs.news\/fr\/\",\"name\":\"The Playoffs FR\",\"description\":\"NBA-NFL-NHL-MLB\",\"potentialAction\":[{\"@type\":\"SearchAction\",\"target\":{\"@type\":\"EntryPoint\",\"urlTemplate\":\"https:\/\/theplayoffs.news\/fr\/?s={search_term_string}\"},\"query-input\":{\"@type\":\"PropertyValueSpecification\",\"valueRequired\":true,\"valueName\":\"search_term_string\"}}],\"inLanguage\":\"fr-FR\"},{\"@type\":\"Person\",\"@id\":\"https:\/\/theplayoffs.news\/fr\/#\/schema\/person\/def63bc6746dc5957469b75feb99e66d\",\"name\":\"Flavien Jumeau\",\"image\":{\"@type\":\"ImageObject\",\"inLanguage\":\"fr-FR\",\"@id\":\"https:\/\/theplayoffs.news\/fr\/#\/schema\/person\/image\/\",\"url\":\"https:\/\/secure.gravatar.com\/avatar\/e7fa8ba5a4b7e4ce35fe152f083f352db28ad0acce692004ed88a7a7d78893f7?s=96&d=mm&r=g\",\"contentUrl\":\"https:\/\/secure.gravatar.com\/avatar\/e7fa8ba5a4b7e4ce35fe152f083f352db28ad0acce692004ed88a7a7d78893f7?s=96&d=mm&r=g\",\"caption\":\"Flavien Jumeau\"},\"description\":\"Amoureux du sport (et de vraiment tous les sports) depuis mon plus jeune \u00e2ge, j\u2019ai longtemps h\u00e9site entre le snooker et le curling. Finalement c\u2019est le foot US que j\u2019ai d\u00e9cid\u00e9 de choisir! Responsable foot US sur TPO et animateur du podcast Tailgate j\u2019ai pour mission de vous faire d\u00e9couvrir ce sport passionnant si ce n\u2019est pas encore fait et de vous donner les derni\u00e8res actus. Le tout dans la bonne humeur et avec toujours un jeu de mots ou deux savamment distill\u00e9s! Fan des Saints, pour moi Drew Brees est le vrai GOAT!\",\"url\":\"https:\/\/theplayoffs.news\/fr\/author\/flavien-jumeaugmail-com\/\"}]}<\/script>\n<!-- \/ Yoast SEO plugin. -->","yoast_head_json":{"title":"Kansas City Chiefs: Les moments forts de la visite &agrave; la Maison Blanche - The Playoffs FR","robots":{"index":"index","follow":"follow","max-snippet":"max-snippet:-1","max-image-preview":"max-image-preview:large","max-video-preview":"max-video-preview:-1"},"canonical":"https:\/\/theplayoffs.news\/fr\/actualite-nfl\/kansas-city-chiefs-moments-maison-blanche\/","og_locale":"fr_FR","og_type":"article","og_title":"Kansas City Chiefs: Les moments forts de la visite &agrave; la Maison Blanche - The Playoffs FR","og_url":"https:\/\/theplayoffs.news\/fr\/actualite-nfl\/kansas-city-chiefs-moments-maison-blanche\/","og_site_name":"The Playoffs FR","article_publisher":"https:\/\/www.facebook.com\/TheFreeAgentFR\/","og_image":[{"width":1920,"height":1280,"url":"https:\/\/theplayoffs.news\/fr\/wp-content\/uploads\/2024\/06\/USATSI_23432833.jpg","type":"image\/jpeg"}],"author":"Flavien Jumeau","twitter_card":"summary_large_image","twitter_creator":"@TheFreeAgentFR","twitter_site":"@TheFreeAgentFR","twitter_misc":{"\u00c9crit par":"Flavien Jumeau","Dur\u00e9e de lecture estim\u00e9e":"4 minutes"},"schema":{"@context":"https:\/\/schema.org","@graph":[{"@type":"WebPage","@id":"https:\/\/theplayoffs.news\/fr\/actualite-nfl\/kansas-city-chiefs-moments-maison-blanche\/","url":"https:\/\/theplayoffs.news\/fr\/actualite-nfl\/kansas-city-chiefs-moments-maison-blanche\/","name":"Kansas City Chiefs: Les moments forts de la visite \u00e0 la Maison Blanche - The Playoffs FR","isPartOf":{"@id":"https:\/\/theplayoffs.news\/fr\/#website"},"primaryImageOfPage":{"@id":"https:\/\/theplayoffs.news\/fr\/actualite-nfl\/kansas-city-chiefs-moments-maison-blanche\/#primaryimage"},"image":{"@id":"https:\/\/theplayoffs.news\/fr\/actualite-nfl\/kansas-city-chiefs-moments-maison-blanche\/#primaryimage"},"thumbnailUrl":"https:\/\/theplayoffs.news\/fr\/wp-content\/uploads\/2024\/06\/USATSI_23432833.jpg","datePublished":"2024-06-01T08:22:52+00:00","dateModified":"2024-06-01T08:22:52+00:00","author":{"@id":"https:\/\/theplayoffs.news\/fr\/#\/schema\/person\/def63bc6746dc5957469b75feb99e66d"},"breadcrumb":{"@id":"https:\/\/theplayoffs.news\/fr\/actualite-nfl\/kansas-city-chiefs-moments-maison-blanche\/#breadcrumb"},"inLanguage":"fr-FR","potentialAction":[{"@type":"ReadAction","target":["https:\/\/theplayoffs.news\/fr\/actualite-nfl\/kansas-city-chiefs-moments-maison-blanche\/"]}]},{"@type":"ImageObject","inLanguage":"fr-FR","@id":"https:\/\/theplayoffs.news\/fr\/actualite-nfl\/kansas-city-chiefs-moments-maison-blanche\/#primaryimage","url":"https:\/\/theplayoffs.news\/fr\/wp-content\/uploads\/2024\/06\/USATSI_23432833.jpg","contentUrl":"https:\/\/theplayoffs.news\/fr\/wp-content\/uploads\/2024\/06\/USATSI_23432833.jpg","width":1920,"height":1280,"caption":"May 31, 2024; Washington, DC, USA; President Joe Biden wears an autographed helmet during the Kansas City Chiefs visit to the White House to celebrate their championship season and victory in Super Bowl LVIII on Friday, May 31, 2024. Mandatory Credit: Josh Morgan-USA TODAY"},{"@type":"BreadcrumbList","@id":"https:\/\/theplayoffs.news\/fr\/actualite-nfl\/kansas-city-chiefs-moments-maison-blanche\/#breadcrumb","itemListElement":[{"@type":"ListItem","position":1,"name":"Accueil","item":"https:\/\/theplayoffs.news\/fr\/"},{"@type":"ListItem","position":2,"name":"Kansas City Chiefs: Les moments forts de la visite \u00e0 la Maison Blanche"}]},{"@type":"WebSite","@id":"https:\/\/theplayoffs.news\/fr\/#website","url":"https:\/\/theplayoffs.news\/fr\/","name":"The Playoffs FR","description":"NBA-NFL-NHL-MLB","potentialAction":[{"@type":"SearchAction","target":{"@type":"EntryPoint","urlTemplate":"https:\/\/theplayoffs.news\/fr\/?s={search_term_string}"},"query-input":{"@type":"PropertyValueSpecification","valueRequired":true,"valueName":"search_term_string"}}],"inLanguage":"fr-FR"},{"@type":"Person","@id":"https:\/\/theplayoffs.news\/fr\/#\/schema\/person\/def63bc6746dc5957469b75feb99e66d","name":"Flavien Jumeau","image":{"@type":"ImageObject","inLanguage":"fr-FR","@id":"https:\/\/theplayoffs.news\/fr\/#\/schema\/person\/image\/","url":"https:\/\/secure.gravatar.com\/avatar\/e7fa8ba5a4b7e4ce35fe152f083f352db28ad0acce692004ed88a7a7d78893f7?s=96&d=mm&r=g","contentUrl":"https:\/\/secure.gravatar.com\/avatar\/e7fa8ba5a4b7e4ce35fe152f083f352db28ad0acce692004ed88a7a7d78893f7?s=96&d=mm&r=g","caption":"Flavien Jumeau"},"description":"Amoureux du sport (et de vraiment tous les sports) depuis mon plus jeune \u00e2ge, j\u2019ai longtemps h\u00e9site entre le snooker et le curling. Finalement c\u2019est le foot US que j\u2019ai d\u00e9cid\u00e9 de choisir! Responsable foot US sur TPO et animateur du podcast Tailgate j\u2019ai pour mission de vous faire d\u00e9couvrir ce sport passionnant si ce n\u2019est pas encore fait et de vous donner les derni\u00e8res actus. Le tout dans la bonne humeur et avec toujours un jeu de mots ou deux savamment distill\u00e9s! Fan des Saints, pour moi Drew Brees est le vrai GOAT!","url":"https:\/\/theplayoffs.news\/fr\/author\/flavien-jumeaugmail-com\/"}]}},"_links":{"self":[{"href":"https:\/\/theplayoffs.news\/fr\/wp-json\/wp\/v2\/posts\/1435957","targetHints":{"allow":["GET"]}}],"collection":[{"href":"https:\/\/theplayoffs.news\/fr\/wp-json\/wp\/v2\/posts"}],"about":[{"href":"https:\/\/theplayoffs.news\/fr\/wp-json\/wp\/v2\/types\/post"}],"author":[{"embeddable":true,"href":"https:\/\/theplayoffs.news\/fr\/wp-json\/wp\/v2\/users\/180309964"}],"replies":[{"embeddable":true,"href":"https:\/\/theplayoffs.news\/fr\/wp-json\/wp\/v2\/comments?post=1435957"}],"version-history":[{"count":3,"href":"https:\/\/theplayoffs.news\/fr\/wp-json\/wp\/v2\/posts\/1435957\/revisions"}],"predecessor-version":[{"id":1435966,"href":"https:\/\/theplayoffs.news\/fr\/wp-json\/wp\/v2\/posts\/1435957\/revisions\/1435966"}],"wp:featuredmedia":[{"embeddable":true,"href":"https:\/\/theplayoffs.news\/fr\/wp-json\/wp\/v2\/media\/1435962"}],"wp:attachment":[{"href":"https:\/\/theplayoffs.news\/fr\/wp-json\/wp\/v2\/media?parent=1435957"}],"wp:term":[{"taxonomy":"category","embeddable":true,"href":"https:\/\/theplayoffs.news\/fr\/wp-json\/wp\/v2\/categories?post=1435957"},{"taxonomy":"post_tag","embeddable":true,"href":"https:\/\/theplayoffs.news\/fr\/wp-json\/wp\/v2\/tags?post=1435957"},{"taxonomy":"sport","embeddable":true,"href":"https:\/\/theplayoffs.news\/fr\/wp-json\/wp\/v2\/sport?post=1435957"},{"taxonomy":"saison","embeddable":true,"href":"https:\/\/theplayoffs.news\/fr\/wp-json\/wp\/v2\/saison?post=1435957"}],"curies":[{"name":"wp","href":"https:\/\/api.w.org\/{rel}","templated":true}]}}