{"id":1435269,"date":"2024-05-29T14:50:21","date_gmt":"2024-05-29T12:50:21","guid":{"rendered":"https:\/\/theplayoffs.news\/fr\/?p=1435269"},"modified":"2024-05-29T14:50:21","modified_gmt":"2024-05-29T12:50:21","slug":"bronny-james-confirme-sa-participation-au-draft-nba-selon-son-agent-rich-paul","status":"publish","type":"post","link":"https:\/\/theplayoffs.news\/fr\/actualite-nba\/bronny-james-confirme-sa-participation-au-draft-nba-selon-son-agent-rich-paul\/","title":{"rendered":"Bronny James confirme sa participation au draft NBA, selon son agent Rich Paul"},"content":{"rendered":"<h2>L&rsquo;arri&egrave;re freshman de USC, Bronny James, restera dans le draft NBA 2024 et renoncera &agrave; son &eacute;ligibilit&eacute; universitaire restante, a d&eacute;clar&eacute; le PDG de Klutch Sports, Rich Paul, &agrave; ESPN.<\/h2><p>Juste avant la deadline de la NCAA fix&eacute;e &agrave; 23h59 ET mercredi, Paul a affirm&eacute; &agrave; ESPN : &laquo;&nbsp;Il reste dans le draft.&nbsp;&raquo;<\/p><p>Class&eacute; 54&egrave;me prospect dans le top 100 d&rsquo;ESPN, Bronny a connu un processus pr&eacute;-draft solide qui a am&eacute;lior&eacute; son statut de prospect marginal &agrave; un candidat s&eacute;rieux au draft. James, fils de la star des Lakers de Los Angeles LeBron James, s&rsquo;&eacute;tait d&eacute;clar&eacute; pour le draft et avait int&eacute;gr&eacute; le portail de transfert d&eacute;but avril. Comme pr&eacute;vu, il a termin&eacute; sa carri&egrave;re universitaire et s&rsquo;est pleinement consacr&eacute; &agrave; la NBA.<\/p><blockquote><p>&laquo;&nbsp;L&rsquo;&eacute;ventail de s&eacute;lection pour Bronny est large,&nbsp;&raquo; a d&eacute;clar&eacute; Paul &agrave; ESPN. &laquo;&nbsp;C&rsquo;est un tr&egrave;s bon prospect qui a beaucoup de potentiel de d&eacute;veloppement. Il suffit d&rsquo;une seule &eacute;quipe. Peu importe o&ugrave; cette &eacute;quipe se trouve que ce soit le premier ou le 58&egrave;me choix &nbsp;mais ce qui m&rsquo;importe, c&rsquo;est le plan, le d&eacute;veloppement et l&rsquo;engagement financier de l&rsquo;&eacute;quipe. C&rsquo;est pourquoi nous n&rsquo;envisageons pas un contrat &agrave; deux voies. Toutes les &eacute;quipes comprennent cela.&nbsp;&raquo;<\/p><\/blockquote><p>Chaque &eacute;quipe NBA dispose de trois contrats &agrave; deux voies en plus de 15 places r&eacute;guli&egrave;res dans l&rsquo;effectif. Les contrats &agrave; deux voies limitent les joueurs &agrave; 45 jours dans l&rsquo;effectif NBA avec un salaire correspondant, le reste de la saison se d&eacute;roulant en G League. Ces contrats sont souvent propos&eacute;s aux prospects de deuxi&egrave;me tour ou non draft&eacute;s.<\/p><p>Bronny, 19 ans, s&rsquo;est r&eacute;v&eacute;l&eacute; &ecirc;tre l&rsquo;un des athl&egrave;tes les plus rapides et explosifs lors du combine draft de la NBA &agrave; Chicago ce mois-ci, se classant deuxi&egrave;me parmi 71 participants dans deux exercices de tir &agrave; trois points. Il a &eacute;galement marqu&eacute; 13 points lors d&rsquo;un scrimmage de l&rsquo;&eacute;quipe combin&eacute;e.<\/p><p>Il a particip&eacute; &agrave; une journ&eacute;e pro tr&egrave;s suivie la semaine derni&egrave;re au centre d&rsquo;entra&icirc;nement des Lakers, o&ugrave; il a de nouveau d&eacute;montr&eacute; son explosivit&eacute; et am&eacute;lior&eacute; ses capacit&eacute;s de tir en p&eacute;riph&eacute;rie.<\/p><p>Inscrit &agrave; l&rsquo;USC l&rsquo;&eacute;t&eacute; dernier apr&egrave;s des performances impressionnantes lors du McDonald&rsquo;s All American Game et du Nike Hoop Summit, sa premi&egrave;re saison a &eacute;t&eacute; interrompue par un &eacute;pisode d&rsquo;arr&ecirc;t cardiaque en juillet, n&eacute;cessitant une intervention pour traiter un d&eacute;faut cardiaque cong&eacute;nital. Cela l&rsquo;a &eacute;cart&eacute; des terrains pendant pr&egrave;s de cinq mois.<\/p><p>Il a fait ses d&eacute;buts universitaires &agrave; mi-d&eacute;cembre et a enregistr&eacute; en moyenne 4,8 points, 2,8 rebonds et 2,1 passes en 19,4 minutes par match. L&rsquo;USC a termin&eacute; la saison sur un bilan d&eacute;cevant de 15-18, en bas du classement de la Pac-12.<\/p><p>James a &eacute;t&eacute; m&eacute;dicalement autoris&eacute; &agrave; &ecirc;tre draft&eacute; par le panel de fitness de la NBA &agrave; la veille du combine, permettant sa pleine participation aux activit&eacute;s sur le terrain de la semaine.<\/p><p>Avec un mois avant le draft NBA du 26-27 juin, Paul a d&eacute;clar&eacute; qu&rsquo;il d&eacute;terminait avec son &eacute;quipe la strat&eacute;gie &agrave; adopter concernant les entra&icirc;nements avec les &eacute;quipes.<\/p><blockquote><p>&laquo;&nbsp;Nous sommes encore en train de le d&eacute;terminer,&nbsp;&raquo; a d&eacute;clar&eacute; Paul &agrave; ESPN. &laquo;&nbsp;De nombreuses &eacute;quipes ont appel&eacute;. Il s&rsquo;agit de planifier les entra&icirc;nements et de d&eacute;terminer qui est s&eacute;rieux. Il n&rsquo;y a que deux ou trois &eacute;quipes qui pourraient le prendre. C&rsquo;est ainsi que je vais aborder cela.&nbsp;&raquo;<\/p><\/blockquote><p>Bien qu&rsquo;il soit le fils de LeBron James, Bronny James pourrait finir aux Lakers.<\/p><blockquote><p>&laquo;&nbsp;Les Lakers doivent consid&eacute;rer Bronny comme tout autre joueur,&nbsp;&raquo; a ajout&eacute; Paul. &laquo;&nbsp;S&rsquo;ils le valorisent assez et s&rsquo;il est disponible, c&rsquo;est g&eacute;nial. Si ce n&rsquo;est pas les Lakers, ce sera &eacute;galement tr&egrave;s bien. Je ne serai pas f&acirc;ch&eacute; si ce n&rsquo;est pas eux. Il est &eacute;vident que les gens parlent de voir le p&egrave;re et le fils jouer ensemble, mais ce n&rsquo;est pas notre<\/p><\/blockquote><p>&copy; David Banks-USA TODAY Sports<\/p>\n","protected":false},"excerpt":{"rendered":"","protected":false},"author":180310234,"featured_media":1435271,"comment_status":"open","ping_status":"closed","sticky":false,"template":"","format":"standard","meta":{"inline_featured_image":false,"kia_subtitle":"","_mux_skip_reasons":[],"proofreadBy":0,"footnotes":""},"categories":[110],"tags":[],"sport":[2783],"saison":[3453],"class_list":["post-1435269","post","type-post","status-publish","format-standard","has-post-thumbnail","hentry","category-actualite-nba","sport-nba","saison-3453"],"acf":[],"yoast_head":"<!-- This site is optimized with the Yoast SEO plugin v24.2 - https:\/\/yoast.com\/wordpress\/plugins\/seo\/ -->\n<title>Bronny James confirme sa participation au draft NBA, selon son agent Rich Paul - The Playoffs FR<\/title>\n<meta name=\"robots\" content=\"index, follow, max-snippet:-1, max-image-preview:large, max-video-preview:-1\" \/>\n<link rel=\"canonical\" href=\"https:\/\/theplayoffs.news\/fr\/actualite-nba\/bronny-james-confirme-sa-participation-au-draft-nba-selon-son-agent-rich-paul\/\" \/>\n<meta property=\"og:locale\" content=\"fr_FR\" \/>\n<meta property=\"og:type\" content=\"article\" \/>\n<meta property=\"og:title\" content=\"Bronny James confirme sa participation au draft NBA, selon son agent Rich Paul - The Playoffs FR\" \/>\n<meta property=\"og:url\" content=\"https:\/\/theplayoffs.news\/fr\/actualite-nba\/bronny-james-confirme-sa-participation-au-draft-nba-selon-son-agent-rich-paul\/\" \/>\n<meta property=\"og:site_name\" content=\"The Playoffs FR\" \/>\n<meta property=\"article:publisher\" content=\"https:\/\/www.facebook.com\/TheFreeAgentFR\/\" \/>\n<meta property=\"article:modified_time\" content=\"2024-05-29T14:50:21+02:00\" \/>\n<meta property=\"og:image\" content=\"https:\/\/theplayoffs.news\/fr\/wp-content\/uploads\/2024\/05\/USATSI_23281307.jpg\" \/>\n\t<meta property=\"og:image:width\" content=\"1920\" \/>\n\t<meta property=\"og:image:height\" content=\"1266\" \/>\n\t<meta property=\"og:image:type\" content=\"image\/jpeg\" \/>\n<meta name=\"author\" content=\"Alexandre Gomes\" \/>\n<meta name=\"twitter:card\" content=\"summary_large_image\" \/>\n<meta name=\"twitter:creator\" content=\"@TheFreeAgentFR\" \/>\n<meta name=\"twitter:site\" content=\"@TheFreeAgentFR\" \/>\n<meta name=\"twitter:label1\" content=\"\u00c9crit par\" \/>\n\t<meta name=\"twitter:data1\" content=\"Alexandre Gomes\" \/>\n\t<meta name=\"twitter:label2\" content=\"Dur\u00e9e de lecture estim\u00e9e\" \/>\n\t<meta name=\"twitter:data2\" content=\"3 minutes\" \/>\n<script type=\"application\/ld+json\" class=\"yoast-schema-graph\">{\"@context\":\"https:\/\/schema.org\",\"@graph\":[{\"@type\":\"WebPage\",\"@id\":\"https:\/\/theplayoffs.news\/fr\/actualite-nba\/bronny-james-confirme-sa-participation-au-draft-nba-selon-son-agent-rich-paul\/\",\"url\":\"https:\/\/theplayoffs.news\/fr\/actualite-nba\/bronny-james-confirme-sa-participation-au-draft-nba-selon-son-agent-rich-paul\/\",\"name\":\"Bronny James confirme sa participation au draft NBA, selon son agent Rich Paul - The Playoffs FR\",\"isPartOf\":{\"@id\":\"https:\/\/theplayoffs.news\/fr\/#website\"},\"primaryImageOfPage\":{\"@id\":\"https:\/\/theplayoffs.news\/fr\/actualite-nba\/bronny-james-confirme-sa-participation-au-draft-nba-selon-son-agent-rich-paul\/#primaryimage\"},\"image\":{\"@id\":\"https:\/\/theplayoffs.news\/fr\/actualite-nba\/bronny-james-confirme-sa-participation-au-draft-nba-selon-son-agent-rich-paul\/#primaryimage\"},\"thumbnailUrl\":\"https:\/\/theplayoffs.news\/fr\/wp-content\/uploads\/2024\/05\/USATSI_23281307.jpg\",\"datePublished\":\"2024-05-29T12:50:21+00:00\",\"dateModified\":\"2024-05-29T12:50:21+00:00\",\"author\":{\"@id\":\"https:\/\/theplayoffs.news\/fr\/#\/schema\/person\/8271870c7368fee2ff5b2ba615997fff\"},\"breadcrumb\":{\"@id\":\"https:\/\/theplayoffs.news\/fr\/actualite-nba\/bronny-james-confirme-sa-participation-au-draft-nba-selon-son-agent-rich-paul\/#breadcrumb\"},\"inLanguage\":\"fr-FR\",\"potentialAction\":[{\"@type\":\"ReadAction\",\"target\":[\"https:\/\/theplayoffs.news\/fr\/actualite-nba\/bronny-james-confirme-sa-participation-au-draft-nba-selon-son-agent-rich-paul\/\"]}]},{\"@type\":\"ImageObject\",\"inLanguage\":\"fr-FR\",\"@id\":\"https:\/\/theplayoffs.news\/fr\/actualite-nba\/bronny-james-confirme-sa-participation-au-draft-nba-selon-son-agent-rich-paul\/#primaryimage\",\"url\":\"https:\/\/theplayoffs.news\/fr\/wp-content\/uploads\/2024\/05\/USATSI_23281307.jpg\",\"contentUrl\":\"https:\/\/theplayoffs.news\/fr\/wp-content\/uploads\/2024\/05\/USATSI_23281307.jpg\",\"width\":1920,\"height\":1266,\"caption\":\"May 15, 2024; Chicago, IL, USA; Bronny James participates in the 2024 NBA Draft Combine at Wintrust Arena. Mandatory Credit: David Banks-USA TODAY Sports\"},{\"@type\":\"BreadcrumbList\",\"@id\":\"https:\/\/theplayoffs.news\/fr\/actualite-nba\/bronny-james-confirme-sa-participation-au-draft-nba-selon-son-agent-rich-paul\/#breadcrumb\",\"itemListElement\":[{\"@type\":\"ListItem\",\"position\":1,\"name\":\"Accueil\",\"item\":\"https:\/\/theplayoffs.news\/fr\/\"},{\"@type\":\"ListItem\",\"position\":2,\"name\":\"Bronny James confirme sa participation au draft NBA, selon son agent Rich Paul\"}]},{\"@type\":\"WebSite\",\"@id\":\"https:\/\/theplayoffs.news\/fr\/#website\",\"url\":\"https:\/\/theplayoffs.news\/fr\/\",\"name\":\"The Playoffs FR\",\"description\":\"NBA-NFL-NHL-MLB\",\"potentialAction\":[{\"@type\":\"SearchAction\",\"target\":{\"@type\":\"EntryPoint\",\"urlTemplate\":\"https:\/\/theplayoffs.news\/fr\/?s={search_term_string}\"},\"query-input\":{\"@type\":\"PropertyValueSpecification\",\"valueRequired\":true,\"valueName\":\"search_term_string\"}}],\"inLanguage\":\"fr-FR\"},{\"@type\":\"Person\",\"@id\":\"https:\/\/theplayoffs.news\/fr\/#\/schema\/person\/8271870c7368fee2ff5b2ba615997fff\",\"name\":\"Alexandre Gomes\",\"image\":{\"@type\":\"ImageObject\",\"inLanguage\":\"fr-FR\",\"@id\":\"https:\/\/theplayoffs.news\/fr\/#\/schema\/person\/image\/\",\"url\":\"https:\/\/secure.gravatar.com\/avatar\/85734dd9d8139e75eb3558e9d1f8c28873597c2d782b41c9f078bed549b247e9?s=96&d=mm&r=g\",\"contentUrl\":\"https:\/\/secure.gravatar.com\/avatar\/85734dd9d8139e75eb3558e9d1f8c28873597c2d782b41c9f078bed549b247e9?s=96&d=mm&r=g\",\"caption\":\"Alexandre Gomes\"},\"url\":\"https:\/\/theplayoffs.news\/fr\/author\/agomespro93gmail-com\/\"}]}<\/script>\n<!-- \/ Yoast SEO plugin. -->","yoast_head_json":{"title":"Bronny James confirme sa participation au draft NBA, selon son agent Rich Paul - The Playoffs FR","robots":{"index":"index","follow":"follow","max-snippet":"max-snippet:-1","max-image-preview":"max-image-preview:large","max-video-preview":"max-video-preview:-1"},"canonical":"https:\/\/theplayoffs.news\/fr\/actualite-nba\/bronny-james-confirme-sa-participation-au-draft-nba-selon-son-agent-rich-paul\/","og_locale":"fr_FR","og_type":"article","og_title":"Bronny James confirme sa participation au draft NBA, selon son agent Rich Paul - The Playoffs FR","og_url":"https:\/\/theplayoffs.news\/fr\/actualite-nba\/bronny-james-confirme-sa-participation-au-draft-nba-selon-son-agent-rich-paul\/","og_site_name":"The Playoffs FR","article_publisher":"https:\/\/www.facebook.com\/TheFreeAgentFR\/","og_image":[{"width":1920,"height":1266,"url":"https:\/\/theplayoffs.news\/fr\/wp-content\/uploads\/2024\/05\/USATSI_23281307.jpg","type":"image\/jpeg"}],"author":"Alexandre Gomes","twitter_card":"summary_large_image","twitter_creator":"@TheFreeAgentFR","twitter_site":"@TheFreeAgentFR","twitter_misc":{"\u00c9crit par":"Alexandre Gomes","Dur\u00e9e de lecture estim\u00e9e":"3 minutes"},"schema":{"@context":"https:\/\/schema.org","@graph":[{"@type":"WebPage","@id":"https:\/\/theplayoffs.news\/fr\/actualite-nba\/bronny-james-confirme-sa-participation-au-draft-nba-selon-son-agent-rich-paul\/","url":"https:\/\/theplayoffs.news\/fr\/actualite-nba\/bronny-james-confirme-sa-participation-au-draft-nba-selon-son-agent-rich-paul\/","name":"Bronny James confirme sa participation au draft NBA, selon son agent Rich Paul - The Playoffs FR","isPartOf":{"@id":"https:\/\/theplayoffs.news\/fr\/#website"},"primaryImageOfPage":{"@id":"https:\/\/theplayoffs.news\/fr\/actualite-nba\/bronny-james-confirme-sa-participation-au-draft-nba-selon-son-agent-rich-paul\/#primaryimage"},"image":{"@id":"https:\/\/theplayoffs.news\/fr\/actualite-nba\/bronny-james-confirme-sa-participation-au-draft-nba-selon-son-agent-rich-paul\/#primaryimage"},"thumbnailUrl":"https:\/\/theplayoffs.news\/fr\/wp-content\/uploads\/2024\/05\/USATSI_23281307.jpg","datePublished":"2024-05-29T12:50:21+00:00","dateModified":"2024-05-29T12:50:21+00:00","author":{"@id":"https:\/\/theplayoffs.news\/fr\/#\/schema\/person\/8271870c7368fee2ff5b2ba615997fff"},"breadcrumb":{"@id":"https:\/\/theplayoffs.news\/fr\/actualite-nba\/bronny-james-confirme-sa-participation-au-draft-nba-selon-son-agent-rich-paul\/#breadcrumb"},"inLanguage":"fr-FR","potentialAction":[{"@type":"ReadAction","target":["https:\/\/theplayoffs.news\/fr\/actualite-nba\/bronny-james-confirme-sa-participation-au-draft-nba-selon-son-agent-rich-paul\/"]}]},{"@type":"ImageObject","inLanguage":"fr-FR","@id":"https:\/\/theplayoffs.news\/fr\/actualite-nba\/bronny-james-confirme-sa-participation-au-draft-nba-selon-son-agent-rich-paul\/#primaryimage","url":"https:\/\/theplayoffs.news\/fr\/wp-content\/uploads\/2024\/05\/USATSI_23281307.jpg","contentUrl":"https:\/\/theplayoffs.news\/fr\/wp-content\/uploads\/2024\/05\/USATSI_23281307.jpg","width":1920,"height":1266,"caption":"May 15, 2024; Chicago, IL, USA; Bronny James participates in the 2024 NBA Draft Combine at Wintrust Arena. Mandatory Credit: David Banks-USA TODAY Sports"},{"@type":"BreadcrumbList","@id":"https:\/\/theplayoffs.news\/fr\/actualite-nba\/bronny-james-confirme-sa-participation-au-draft-nba-selon-son-agent-rich-paul\/#breadcrumb","itemListElement":[{"@type":"ListItem","position":1,"name":"Accueil","item":"https:\/\/theplayoffs.news\/fr\/"},{"@type":"ListItem","position":2,"name":"Bronny James confirme sa participation au draft NBA, selon son agent Rich Paul"}]},{"@type":"WebSite","@id":"https:\/\/theplayoffs.news\/fr\/#website","url":"https:\/\/theplayoffs.news\/fr\/","name":"The Playoffs FR","description":"NBA-NFL-NHL-MLB","potentialAction":[{"@type":"SearchAction","target":{"@type":"EntryPoint","urlTemplate":"https:\/\/theplayoffs.news\/fr\/?s={search_term_string}"},"query-input":{"@type":"PropertyValueSpecification","valueRequired":true,"valueName":"search_term_string"}}],"inLanguage":"fr-FR"},{"@type":"Person","@id":"https:\/\/theplayoffs.news\/fr\/#\/schema\/person\/8271870c7368fee2ff5b2ba615997fff","name":"Alexandre Gomes","image":{"@type":"ImageObject","inLanguage":"fr-FR","@id":"https:\/\/theplayoffs.news\/fr\/#\/schema\/person\/image\/","url":"https:\/\/secure.gravatar.com\/avatar\/85734dd9d8139e75eb3558e9d1f8c28873597c2d782b41c9f078bed549b247e9?s=96&d=mm&r=g","contentUrl":"https:\/\/secure.gravatar.com\/avatar\/85734dd9d8139e75eb3558e9d1f8c28873597c2d782b41c9f078bed549b247e9?s=96&d=mm&r=g","caption":"Alexandre Gomes"},"url":"https:\/\/theplayoffs.news\/fr\/author\/agomespro93gmail-com\/"}]}},"_links":{"self":[{"href":"https:\/\/theplayoffs.news\/fr\/wp-json\/wp\/v2\/posts\/1435269","targetHints":{"allow":["GET"]}}],"collection":[{"href":"https:\/\/theplayoffs.news\/fr\/wp-json\/wp\/v2\/posts"}],"about":[{"href":"https:\/\/theplayoffs.news\/fr\/wp-json\/wp\/v2\/types\/post"}],"author":[{"embeddable":true,"href":"https:\/\/theplayoffs.news\/fr\/wp-json\/wp\/v2\/users\/180310234"}],"replies":[{"embeddable":true,"href":"https:\/\/theplayoffs.news\/fr\/wp-json\/wp\/v2\/comments?post=1435269"}],"version-history":[{"count":2,"href":"https:\/\/theplayoffs.news\/fr\/wp-json\/wp\/v2\/posts\/1435269\/revisions"}],"predecessor-version":[{"id":1435278,"href":"https:\/\/theplayoffs.news\/fr\/wp-json\/wp\/v2\/posts\/1435269\/revisions\/1435278"}],"wp:featuredmedia":[{"embeddable":true,"href":"https:\/\/theplayoffs.news\/fr\/wp-json\/wp\/v2\/media\/1435271"}],"wp:attachment":[{"href":"https:\/\/theplayoffs.news\/fr\/wp-json\/wp\/v2\/media?parent=1435269"}],"wp:term":[{"taxonomy":"category","embeddable":true,"href":"https:\/\/theplayoffs.news\/fr\/wp-json\/wp\/v2\/categories?post=1435269"},{"taxonomy":"post_tag","embeddable":true,"href":"https:\/\/theplayoffs.news\/fr\/wp-json\/wp\/v2\/tags?post=1435269"},{"taxonomy":"sport","embeddable":true,"href":"https:\/\/theplayoffs.news\/fr\/wp-json\/wp\/v2\/sport?post=1435269"},{"taxonomy":"saison","embeddable":true,"href":"https:\/\/theplayoffs.news\/fr\/wp-json\/wp\/v2\/saison?post=1435269"}],"curies":[{"name":"wp","href":"https:\/\/api.w.org\/{rel}","templated":true}]}}