{"id":1435233,"date":"2024-05-29T11:41:38","date_gmt":"2024-05-29T09:41:38","guid":{"rendered":"https:\/\/theplayoffs.news\/fr\/?p=1435233"},"modified":"2024-05-29T11:41:38","modified_gmt":"2024-05-29T09:41:38","slug":"le-trade-de-gordon-hayward-est-un-echec-pour-sam-presti","status":"publish","type":"post","link":"https:\/\/theplayoffs.news\/fr\/actualite-nba\/le-trade-de-gordon-hayward-est-un-echec-pour-sam-presti\/","title":{"rendered":"Le Trade de Gordon Hayward est un \u00e9chec pour Sam Presti"},"content":{"rendered":"<div class=\"flex flex-grow flex-col max-w-full\">\n<div class=\"min-h-[20px] text-message flex flex-col items-start whitespace-pre-wrap break-words [.text-message+&amp;]:mt-5 juice:w-full juice:items-end overflow-x-auto gap-2\" dir=\"auto\" data-message-author-role=\"assistant\" data-message-id=\"31670f19-c350-4863-b983-3bfe563c6b08\">\n<div class=\"flex w-full flex-col gap-1 juice:empty:hidden juice:first:pt-[3px]\">\n<div class=\"markdown prose w-full break-words dark:prose-invert dark\">\n<h2 style=\"text-align: justify;\" data-sider-select-id=\"1e6bdda1-64d3-4956-a529-e6340f46b3c8\"><a href=\"https:\/\/www.espn.com\/nba\/story\/_\/id\/40236013\/thunder-gm-sam-presti-says-missed-gordon-hayward-trade\" class=\"trk-cta-link\" data-cta-trk='{\"ctaType\":\"Link\",\"ctaSubType\":\"main\"}'>Le vice-pr&eacute;sident ex&eacute;cutif et directeur g&eacute;n&eacute;ral du Oklahoma City Thunder, Sam Presti, a admis qu&rsquo;il avait &laquo;&nbsp;rat&eacute;&nbsp;&raquo; le trade de mi-saison qui avait amen&eacute; le v&eacute;t&eacute;ran Gordon Hayward, qualifiant cette exp&eacute;rience de le&ccedil;on apprise.<\/a><\/h2>\n<p style=\"text-align: justify;\">Le Thunder a connu une saison exceptionnelle cette ann&eacute;e, entrant en playoffs comme t&ecirc;te de s&eacute;rie num&eacute;ro 1 de la Conf&eacute;rence Ouest, mais a &eacute;t&eacute; &eacute;limin&eacute; en six matchs par les Dallas Mavericks lors du deuxi&egrave;me tour.<\/p>\n<p style=\"text-align: justify;\">Presti a tent&eacute; de renforcer le jeune effectif en recrutant <a href=\"https:\/\/theplayoffs.news\/fr\/joueur\/gordon-hayward-nba-8498\/\" class=\"trk-cta-link\" data-cta-trk='{\"ctaType\":\"Link\",\"ctaSubType\":\"main\"}'>Gordon Hayward<\/a>, un v&eacute;t&eacute;ran accompli, en f&eacute;vrier.<\/p>\n<p style=\"text-align: justify;\">Cependant, l&rsquo;ancien All-Star souvent bless&eacute; n&rsquo;a enregistr&eacute; en moyenne que 5,3 points en 17,2 minutes par match pour le Thunder en 26 matchs de saison r&eacute;guli&egrave;re et n&rsquo;a marqu&eacute; aucun point en playoffs.<\/p>\n<blockquote>\n<p style=\"text-align: justify;\">&laquo;&nbsp;J&rsquo;ai rat&eacute; &ccedil;a,&nbsp;&raquo; a d&eacute;clar&eacute; Presti mardi lors de la conf&eacute;rence de presse de fin de saison. &laquo;&nbsp;C&rsquo;est ma faute. Mais j&rsquo;apprends, j&rsquo;essaie d&rsquo;apprendre &agrave; conna&icirc;tre cette &eacute;quipe, j&rsquo;essaie de comprendre le rythme de l&rsquo;&eacute;quipe un peu mieux. Et j&rsquo;essaie d&rsquo;&ecirc;tre un bon observateur de l&rsquo;&eacute;quipe alors qu&rsquo;elle passe par ses phases, sachant qu&rsquo;elle va vraiment changer d&rsquo;elle-m&ecirc;me.&nbsp;&raquo;<\/p>\n<\/blockquote>\n<p style=\"text-align: justify;\">Le Thunder a acquis Hayward des Charlotte Hornets en &eacute;change des gardes Tre Mann et Vasilije Micic ainsi que de l&rsquo;ailier Davis Bertans. Les Hornets ont &eacute;galement re&ccedil;u un choix de deuxi&egrave;me tour en 2024 et un autre en 2025.<\/p>\n<p style=\"text-align: justify;\">Gordon Hayward avait une moyenne de 14,5 points, 4,7 rebonds et 4,6 passes d&eacute;cisives par match &agrave; l&rsquo;&eacute;poque, bien qu&rsquo;il n&rsquo;ait pas jou&eacute; depuis le 26 d&eacute;cembre en raison d&rsquo;un probl&egrave;me au mollet gauche.<\/p>\n<p style=\"text-align: justify;\">Gordon Hayward a d&eacute;clar&eacute; la semaine derni&egrave;re aux journalistes que sa br&egrave;ve p&eacute;riode avec le Thunder &eacute;tait &laquo;&nbsp;d&eacute;cevante&nbsp;&raquo; et &laquo;&nbsp;frustrante&nbsp;&raquo;.<\/p>\n<blockquote>\n<p style=\"text-align: justify;\">&laquo;&nbsp;Je pense qu&rsquo;en tant que joueur, j&rsquo;ai beaucoup &agrave; offrir,&nbsp;&raquo; a d&eacute;clar&eacute; Hayward, qui sera agent libre cet &eacute;t&eacute;. &laquo;&nbsp;Je n&rsquo;ai tout simplement pas eu beaucoup d&rsquo;opportunit&eacute;s de le montrer. Je pensais que j&rsquo;aurais cette opportunit&eacute;.&nbsp;&raquo;<\/p>\n<\/blockquote>\n<p style=\"text-align: justify;\">Presti a qualifi&eacute; la situation de &laquo;&nbsp;difficile&nbsp;&raquo; pour Gordon Hayward et a r&eacute;it&eacute;r&eacute; qu&rsquo;il tenterait de tirer des le&ccedil;ons de ce trade.<\/p>\n<blockquote>\n<p style=\"text-align: justify;\">&laquo;&nbsp;Je ne pense pas avoir bien &eacute;valu&eacute; celui-l&agrave;, et j&rsquo;en apprends en termes de recrutement de quelqu&rsquo;un &agrave; mi-saison, surtout au d&eacute;but du processus pour notre &eacute;quipe,&nbsp;&raquo; a d&eacute;clar&eacute; Presti.<\/p>\n<\/blockquote>\n<\/div>\n<p style=\"text-align: justify;\">\n<\/p><p style=\"text-align: justify;\">Cr&eacute;dit photo : Jerome Miron-USA TODAY Sports<\/p>\n<\/div>\n<\/div>\n<\/div>\n","protected":false},"excerpt":{"rendered":"","protected":false},"author":180310243,"featured_media":1435239,"comment_status":"open","ping_status":"closed","sticky":false,"template":"","format":"standard","meta":{"inline_featured_image":false,"kia_subtitle":"","_mux_skip_reasons":[],"proofreadBy":0,"footnotes":""},"categories":[110,10],"tags":[1371,648],"sport":[2783],"saison":[3453],"class_list":["post-1435233","post","type-post","status-publish","format-standard","has-post-thumbnail","hentry","category-actualite-nba","category-nba","tag-gordon-hayward","tag-oklahoma-city-thunder","sport-nba","saison-3453"],"acf":[],"yoast_head":"<!-- This site is optimized with the Yoast SEO plugin v24.2 - https:\/\/yoast.com\/wordpress\/plugins\/seo\/ -->\n<title>Le Trade de Gordon Hayward est un &eacute;chec pour Sam Presti - The Playoffs FR<\/title>\n<meta name=\"robots\" content=\"index, follow, max-snippet:-1, max-image-preview:large, max-video-preview:-1\" \/>\n<link rel=\"canonical\" href=\"https:\/\/theplayoffs.news\/fr\/actualite-nba\/le-trade-de-gordon-hayward-est-un-echec-pour-sam-presti\/\" \/>\n<meta property=\"og:locale\" content=\"fr_FR\" \/>\n<meta property=\"og:type\" content=\"article\" \/>\n<meta property=\"og:title\" content=\"Le Trade de Gordon Hayward est un &eacute;chec pour Sam Presti - The Playoffs FR\" \/>\n<meta property=\"og:url\" content=\"https:\/\/theplayoffs.news\/fr\/actualite-nba\/le-trade-de-gordon-hayward-est-un-echec-pour-sam-presti\/\" \/>\n<meta property=\"og:site_name\" content=\"The Playoffs FR\" \/>\n<meta property=\"article:publisher\" content=\"https:\/\/www.facebook.com\/TheFreeAgentFR\/\" \/>\n<meta property=\"article:modified_time\" content=\"2024-05-29T11:41:38+02:00\" \/>\n<meta property=\"og:image\" content=\"https:\/\/theplayoffs.news\/fr\/wp-content\/uploads\/2024\/05\/USATSI_23266279.jpg\" \/>\n\t<meta property=\"og:image:width\" content=\"1920\" \/>\n\t<meta property=\"og:image:height\" content=\"1280\" \/>\n\t<meta property=\"og:image:type\" content=\"image\/jpeg\" \/>\n<meta name=\"author\" content=\"Luc lemercier\" \/>\n<meta name=\"twitter:card\" content=\"summary_large_image\" \/>\n<meta name=\"twitter:creator\" content=\"@TheFreeAgentFR\" \/>\n<meta name=\"twitter:site\" content=\"@TheFreeAgentFR\" \/>\n<meta name=\"twitter:label1\" content=\"\u00c9crit par\" \/>\n\t<meta name=\"twitter:data1\" content=\"Luc lemercier\" \/>\n\t<meta name=\"twitter:label2\" content=\"Dur\u00e9e de lecture estim\u00e9e\" \/>\n\t<meta name=\"twitter:data2\" content=\"2 minutes\" \/>\n<script type=\"application\/ld+json\" class=\"yoast-schema-graph\">{\"@context\":\"https:\/\/schema.org\",\"@graph\":[{\"@type\":\"WebPage\",\"@id\":\"https:\/\/theplayoffs.news\/fr\/actualite-nba\/le-trade-de-gordon-hayward-est-un-echec-pour-sam-presti\/\",\"url\":\"https:\/\/theplayoffs.news\/fr\/actualite-nba\/le-trade-de-gordon-hayward-est-un-echec-pour-sam-presti\/\",\"name\":\"Le Trade de Gordon Hayward est un \u00e9chec pour Sam Presti - The Playoffs FR\",\"isPartOf\":{\"@id\":\"https:\/\/theplayoffs.news\/fr\/#website\"},\"primaryImageOfPage\":{\"@id\":\"https:\/\/theplayoffs.news\/fr\/actualite-nba\/le-trade-de-gordon-hayward-est-un-echec-pour-sam-presti\/#primaryimage\"},\"image\":{\"@id\":\"https:\/\/theplayoffs.news\/fr\/actualite-nba\/le-trade-de-gordon-hayward-est-un-echec-pour-sam-presti\/#primaryimage\"},\"thumbnailUrl\":\"https:\/\/theplayoffs.news\/fr\/wp-content\/uploads\/2024\/05\/USATSI_23266279.jpg\",\"datePublished\":\"2024-05-29T09:41:38+00:00\",\"dateModified\":\"2024-05-29T09:41:38+00:00\",\"author\":{\"@id\":\"https:\/\/theplayoffs.news\/fr\/#\/schema\/person\/801c54a27bc55531da5bcae43d637b35\"},\"breadcrumb\":{\"@id\":\"https:\/\/theplayoffs.news\/fr\/actualite-nba\/le-trade-de-gordon-hayward-est-un-echec-pour-sam-presti\/#breadcrumb\"},\"inLanguage\":\"fr-FR\",\"potentialAction\":[{\"@type\":\"ReadAction\",\"target\":[\"https:\/\/theplayoffs.news\/fr\/actualite-nba\/le-trade-de-gordon-hayward-est-un-echec-pour-sam-presti\/\"]}]},{\"@type\":\"ImageObject\",\"inLanguage\":\"fr-FR\",\"@id\":\"https:\/\/theplayoffs.news\/fr\/actualite-nba\/le-trade-de-gordon-hayward-est-un-echec-pour-sam-presti\/#primaryimage\",\"url\":\"https:\/\/theplayoffs.news\/fr\/wp-content\/uploads\/2024\/05\/USATSI_23266279.jpg\",\"contentUrl\":\"https:\/\/theplayoffs.news\/fr\/wp-content\/uploads\/2024\/05\/USATSI_23266279.jpg\",\"width\":1920,\"height\":1280,\"caption\":\"May 13, 2024; Dallas, Texas, USA; Oklahoma City Thunder forward Gordon Hayward (33) warms up before the game between the Dallas Mavericks and the Oklahoma City Thunder in game four of the second round for the 2024 NBA playoffs at American Airlines Center. Mandatory Credit: Jerome Miron-USA TODAY Sports\"},{\"@type\":\"BreadcrumbList\",\"@id\":\"https:\/\/theplayoffs.news\/fr\/actualite-nba\/le-trade-de-gordon-hayward-est-un-echec-pour-sam-presti\/#breadcrumb\",\"itemListElement\":[{\"@type\":\"ListItem\",\"position\":1,\"name\":\"Accueil\",\"item\":\"https:\/\/theplayoffs.news\/fr\/\"},{\"@type\":\"ListItem\",\"position\":2,\"name\":\"Le Trade de Gordon Hayward est un \u00e9chec pour Sam Presti\"}]},{\"@type\":\"WebSite\",\"@id\":\"https:\/\/theplayoffs.news\/fr\/#website\",\"url\":\"https:\/\/theplayoffs.news\/fr\/\",\"name\":\"The Playoffs FR\",\"description\":\"NBA-NFL-NHL-MLB\",\"potentialAction\":[{\"@type\":\"SearchAction\",\"target\":{\"@type\":\"EntryPoint\",\"urlTemplate\":\"https:\/\/theplayoffs.news\/fr\/?s={search_term_string}\"},\"query-input\":{\"@type\":\"PropertyValueSpecification\",\"valueRequired\":true,\"valueName\":\"search_term_string\"}}],\"inLanguage\":\"fr-FR\"},{\"@type\":\"Person\",\"@id\":\"https:\/\/theplayoffs.news\/fr\/#\/schema\/person\/801c54a27bc55531da5bcae43d637b35\",\"name\":\"Luc lemercier\",\"image\":{\"@type\":\"ImageObject\",\"inLanguage\":\"fr-FR\",\"@id\":\"https:\/\/theplayoffs.news\/fr\/#\/schema\/person\/image\/\",\"url\":\"https:\/\/secure.gravatar.com\/avatar\/589c260bbb94457b6669c7e720679779767022dd620aaeb224cce2bacab793e7?s=96&d=mm&r=g\",\"contentUrl\":\"https:\/\/secure.gravatar.com\/avatar\/589c260bbb94457b6669c7e720679779767022dd620aaeb224cce2bacab793e7?s=96&d=mm&r=g\",\"caption\":\"Luc lemercier\"},\"url\":\"https:\/\/theplayoffs.news\/fr\/author\/luc-lemercierhotmail-fr\/\"}]}<\/script>\n<!-- \/ Yoast SEO plugin. -->","yoast_head_json":{"title":"Le Trade de Gordon Hayward est un &eacute;chec pour Sam Presti - The Playoffs FR","robots":{"index":"index","follow":"follow","max-snippet":"max-snippet:-1","max-image-preview":"max-image-preview:large","max-video-preview":"max-video-preview:-1"},"canonical":"https:\/\/theplayoffs.news\/fr\/actualite-nba\/le-trade-de-gordon-hayward-est-un-echec-pour-sam-presti\/","og_locale":"fr_FR","og_type":"article","og_title":"Le Trade de Gordon Hayward est un &eacute;chec pour Sam Presti - The Playoffs FR","og_url":"https:\/\/theplayoffs.news\/fr\/actualite-nba\/le-trade-de-gordon-hayward-est-un-echec-pour-sam-presti\/","og_site_name":"The Playoffs FR","article_publisher":"https:\/\/www.facebook.com\/TheFreeAgentFR\/","og_image":[{"width":1920,"height":1280,"url":"https:\/\/theplayoffs.news\/fr\/wp-content\/uploads\/2024\/05\/USATSI_23266279.jpg","type":"image\/jpeg"}],"author":"Luc lemercier","twitter_card":"summary_large_image","twitter_creator":"@TheFreeAgentFR","twitter_site":"@TheFreeAgentFR","twitter_misc":{"\u00c9crit par":"Luc lemercier","Dur\u00e9e de lecture estim\u00e9e":"2 minutes"},"schema":{"@context":"https:\/\/schema.org","@graph":[{"@type":"WebPage","@id":"https:\/\/theplayoffs.news\/fr\/actualite-nba\/le-trade-de-gordon-hayward-est-un-echec-pour-sam-presti\/","url":"https:\/\/theplayoffs.news\/fr\/actualite-nba\/le-trade-de-gordon-hayward-est-un-echec-pour-sam-presti\/","name":"Le Trade de Gordon Hayward est un \u00e9chec pour Sam Presti - The Playoffs FR","isPartOf":{"@id":"https:\/\/theplayoffs.news\/fr\/#website"},"primaryImageOfPage":{"@id":"https:\/\/theplayoffs.news\/fr\/actualite-nba\/le-trade-de-gordon-hayward-est-un-echec-pour-sam-presti\/#primaryimage"},"image":{"@id":"https:\/\/theplayoffs.news\/fr\/actualite-nba\/le-trade-de-gordon-hayward-est-un-echec-pour-sam-presti\/#primaryimage"},"thumbnailUrl":"https:\/\/theplayoffs.news\/fr\/wp-content\/uploads\/2024\/05\/USATSI_23266279.jpg","datePublished":"2024-05-29T09:41:38+00:00","dateModified":"2024-05-29T09:41:38+00:00","author":{"@id":"https:\/\/theplayoffs.news\/fr\/#\/schema\/person\/801c54a27bc55531da5bcae43d637b35"},"breadcrumb":{"@id":"https:\/\/theplayoffs.news\/fr\/actualite-nba\/le-trade-de-gordon-hayward-est-un-echec-pour-sam-presti\/#breadcrumb"},"inLanguage":"fr-FR","potentialAction":[{"@type":"ReadAction","target":["https:\/\/theplayoffs.news\/fr\/actualite-nba\/le-trade-de-gordon-hayward-est-un-echec-pour-sam-presti\/"]}]},{"@type":"ImageObject","inLanguage":"fr-FR","@id":"https:\/\/theplayoffs.news\/fr\/actualite-nba\/le-trade-de-gordon-hayward-est-un-echec-pour-sam-presti\/#primaryimage","url":"https:\/\/theplayoffs.news\/fr\/wp-content\/uploads\/2024\/05\/USATSI_23266279.jpg","contentUrl":"https:\/\/theplayoffs.news\/fr\/wp-content\/uploads\/2024\/05\/USATSI_23266279.jpg","width":1920,"height":1280,"caption":"May 13, 2024; Dallas, Texas, USA; Oklahoma City Thunder forward Gordon Hayward (33) warms up before the game between the Dallas Mavericks and the Oklahoma City Thunder in game four of the second round for the 2024 NBA playoffs at American Airlines Center. Mandatory Credit: Jerome Miron-USA TODAY Sports"},{"@type":"BreadcrumbList","@id":"https:\/\/theplayoffs.news\/fr\/actualite-nba\/le-trade-de-gordon-hayward-est-un-echec-pour-sam-presti\/#breadcrumb","itemListElement":[{"@type":"ListItem","position":1,"name":"Accueil","item":"https:\/\/theplayoffs.news\/fr\/"},{"@type":"ListItem","position":2,"name":"Le Trade de Gordon Hayward est un \u00e9chec pour Sam Presti"}]},{"@type":"WebSite","@id":"https:\/\/theplayoffs.news\/fr\/#website","url":"https:\/\/theplayoffs.news\/fr\/","name":"The Playoffs FR","description":"NBA-NFL-NHL-MLB","potentialAction":[{"@type":"SearchAction","target":{"@type":"EntryPoint","urlTemplate":"https:\/\/theplayoffs.news\/fr\/?s={search_term_string}"},"query-input":{"@type":"PropertyValueSpecification","valueRequired":true,"valueName":"search_term_string"}}],"inLanguage":"fr-FR"},{"@type":"Person","@id":"https:\/\/theplayoffs.news\/fr\/#\/schema\/person\/801c54a27bc55531da5bcae43d637b35","name":"Luc lemercier","image":{"@type":"ImageObject","inLanguage":"fr-FR","@id":"https:\/\/theplayoffs.news\/fr\/#\/schema\/person\/image\/","url":"https:\/\/secure.gravatar.com\/avatar\/589c260bbb94457b6669c7e720679779767022dd620aaeb224cce2bacab793e7?s=96&d=mm&r=g","contentUrl":"https:\/\/secure.gravatar.com\/avatar\/589c260bbb94457b6669c7e720679779767022dd620aaeb224cce2bacab793e7?s=96&d=mm&r=g","caption":"Luc lemercier"},"url":"https:\/\/theplayoffs.news\/fr\/author\/luc-lemercierhotmail-fr\/"}]}},"_links":{"self":[{"href":"https:\/\/theplayoffs.news\/fr\/wp-json\/wp\/v2\/posts\/1435233","targetHints":{"allow":["GET"]}}],"collection":[{"href":"https:\/\/theplayoffs.news\/fr\/wp-json\/wp\/v2\/posts"}],"about":[{"href":"https:\/\/theplayoffs.news\/fr\/wp-json\/wp\/v2\/types\/post"}],"author":[{"embeddable":true,"href":"https:\/\/theplayoffs.news\/fr\/wp-json\/wp\/v2\/users\/180310243"}],"replies":[{"embeddable":true,"href":"https:\/\/theplayoffs.news\/fr\/wp-json\/wp\/v2\/comments?post=1435233"}],"version-history":[{"count":2,"href":"https:\/\/theplayoffs.news\/fr\/wp-json\/wp\/v2\/posts\/1435233\/revisions"}],"predecessor-version":[{"id":1435242,"href":"https:\/\/theplayoffs.news\/fr\/wp-json\/wp\/v2\/posts\/1435233\/revisions\/1435242"}],"wp:featuredmedia":[{"embeddable":true,"href":"https:\/\/theplayoffs.news\/fr\/wp-json\/wp\/v2\/media\/1435239"}],"wp:attachment":[{"href":"https:\/\/theplayoffs.news\/fr\/wp-json\/wp\/v2\/media?parent=1435233"}],"wp:term":[{"taxonomy":"category","embeddable":true,"href":"https:\/\/theplayoffs.news\/fr\/wp-json\/wp\/v2\/categories?post=1435233"},{"taxonomy":"post_tag","embeddable":true,"href":"https:\/\/theplayoffs.news\/fr\/wp-json\/wp\/v2\/tags?post=1435233"},{"taxonomy":"sport","embeddable":true,"href":"https:\/\/theplayoffs.news\/fr\/wp-json\/wp\/v2\/sport?post=1435233"},{"taxonomy":"saison","embeddable":true,"href":"https:\/\/theplayoffs.news\/fr\/wp-json\/wp\/v2\/saison?post=1435233"}],"curies":[{"name":"wp","href":"https:\/\/api.w.org\/{rel}","templated":true}]}}