{"id":1435218,"date":"2024-05-29T11:16:09","date_gmt":"2024-05-29T09:16:09","guid":{"rendered":"https:\/\/theplayoffs.news\/fr\/?p=1435218"},"modified":"2024-05-29T11:16:09","modified_gmt":"2024-05-29T09:16:09","slug":"luka-doncic-se-blame-pour-la-defaite-au-game-4-face-aux-timberwolves","status":"publish","type":"post","link":"https:\/\/theplayoffs.news\/fr\/actualite-nba\/luka-doncic-se-blame-pour-la-defaite-au-game-4-face-aux-timberwolves\/","title":{"rendered":"Luka Doncic se bl\u00e2me pour la d\u00e9faite au game 4 face aux Timberwolves"},"content":{"rendered":"<h2 style=\"text-align: justify;\" data-sider-select-id=\"e5ec1d03-7d3d-4de6-8a64-a1da7e1d5e97\"><a href=\"https:\/\/www.espn.co.uk\/nba\/story\/_\/id\/40237899\/luka-doncic-kyrie-irving-take-blame-mavericks-game-4-loss-timberwolves\" class=\"trk-cta-link\" data-cta-trk='{\"ctaType\":\"Link\",\"ctaSubType\":\"main\"}'>Luka Doncic a pris la responsabilit&eacute; de la d&eacute;faite des Dallas Mavericks contre les Minnesota Timberwolves mardi soir.<\/a><\/h2><blockquote>\n<p style=\"text-align: justify;\">&laquo;&nbsp;Je pense que ce match est de ma faute&nbsp;&raquo;, a d&eacute;clar&eacute; Luka Doncic apr&egrave;s l&rsquo;&eacute;chec des Mavericks &agrave; conclure les demi-finales de la Conf&eacute;rence Ouest avec un balayage, suite &agrave; une d&eacute;faite de 105-100 contre les Timberwolves lors du quatri&egrave;me match mardi. &laquo;&nbsp;Je n&rsquo;ai tout simplement pas donn&eacute; assez d&rsquo;&eacute;nergie.&nbsp;&raquo;<\/p>\n<\/blockquote><p style=\"text-align: justify;\">Malgr&eacute; son sixi&egrave;me triple-double de ces playoffs, avec 28 points, 15 rebonds et 10 passes d&eacute;cisives, <a href=\"https:\/\/theplayoffs.news\/fr\/joueur\/luka-doncic-nba-7890548\/\" class=\"trk-cta-link\" data-cta-trk='{\"ctaType\":\"Link\",\"ctaSubType\":\"main\"}'>Luka Doncic<\/a> a connu une performance de tir m&eacute;diocre (7 sur 21) et a partag&eacute; le pire plus-minus de la soir&eacute;e (-13) avec l&rsquo;ailier des Mavs, P.J. Washington.<\/p><p style=\"text-align: justify;\" data-sider-select-id=\"22d826f0-7f18-4513-9f5a-4b071792bc95\">La co-star de Dallas, <a href=\"https:\/\/theplayoffs.news\/fr\/joueur\/kyrie-irving-nba-12884\/\" class=\"trk-cta-link\" data-cta-trk='{\"ctaType\":\"Link\",\"ctaSubType\":\"main\"}'>Kyrie Irving<\/a>, a &eacute;galement connu sa pire performance offensive de la s&eacute;rie, marquant 16 points avec un pourcentage de tir de 6 sur 18 et commettant quatre pertes de balle.<\/p><p style=\"text-align: justify;\" data-sider-select-id=\"22d826f0-7f18-4513-9f5a-4b071792bc95\">Irving a &eacute;galement assum&eacute; la responsabilit&eacute; de la fin de la s&eacute;rie de cinq victoires cons&eacute;cutives des Mavs, en citant sp&eacute;cifiquement sa maladresse au premier quart-temps comme ayant donn&eacute; le mauvais ton.<\/p><blockquote>\n<p style=\"text-align: justify;\">&laquo;&nbsp;Il n&rsquo;est pas seul dans cette situation&nbsp;&raquo;, a d&eacute;clar&eacute; Irving. &laquo;&nbsp;Je m&rsquo;attendais &agrave; ce qu&rsquo;il dise quelque chose comme &ccedil;a, surtout sachant combien il tient &agrave; gagner et &agrave; diriger notre groupe. Donc je ne m&rsquo;attendais &agrave; rien de moins. Vous m&rsquo;avez entendu dire que c&rsquo;est aussi de ma faute. C&rsquo;est ce que vous devez entendre des leaders de votre &eacute;quipe.&nbsp;&raquo;<\/p>\n<\/blockquote><p style=\"text-align: justify;\">Les Timberwolves ont modifi&eacute; les assignations d&eacute;fensives principales sur le duo vedette de Dallas. Jaden McDaniels, qui &eacute;tait charg&eacute; de d&eacute;fendre Luka Doncic pendant les trois premiers matchs de la s&eacute;rie, s&rsquo;est concentr&eacute; sur Irving lors du quatri&egrave;me match.<\/p><p style=\"text-align: justify;\">Anthony Edwards a pris la responsabilit&eacute; de d&eacute;fendre Luka Doncic apr&egrave;s avoir principalement d&eacute;fendu Irving lors des trois premiers matchs.<\/p><p style=\"text-align: justify;\">C&rsquo;&eacute;tait la premi&egrave;re fois de cette post-saison que Luka Doncic et Irving tiraient tous les deux &agrave; moins de 35 % de r&eacute;ussite.<\/p><div class=\"flex flex-grow flex-col max-w-full\">\n<div class=\"min-h-[20px] text-message flex flex-col items-start whitespace-pre-wrap break-words [.text-message+&amp;]:mt-5 juice:w-full juice:items-end overflow-x-auto gap-2\" dir=\"auto\" data-message-author-role=\"assistant\" data-message-id=\"97d875b3-0693-40a1-8d76-c18fc8554a6a\">\n<div class=\"flex w-full flex-col gap-1 juice:empty:hidden juice:first:pt-[3px]\">\n<div class=\"markdown prose w-full break-words dark:prose-invert dark\" style=\"text-align: justify;\">\n<blockquote>\n<p style=\"text-align: justify;\" data-sider-select-id=\"4d6e4e84-5968-4034-970d-e150e7943a97\">&laquo;&nbsp;Ce n&rsquo;est pas leur faute, c&rsquo;est notre faute en tant qu&rsquo;&eacute;quipe&nbsp;&raquo;, a d&eacute;clar&eacute; l&rsquo;ailier des Mavs Derrick Jones Jr. &laquo;&nbsp;Nous sommes une unit&eacute;. Nous jouons ensemble, nous gagnons ensemble, nous perdons ensemble. Ce n&rsquo;est pas la faute d&rsquo;une seule personne. Je sais qu&rsquo;ils sont les leaders de l&rsquo;&eacute;quipe, la t&ecirc;te de la &lsquo;serpent&rsquo;, mais nous les soutenons dans les bons comme dans les mauvais moments.&nbsp;&raquo;<\/p>\n<p style=\"text-align: justify;\">Doncic, qui n&rsquo;a r&eacute;ussi que 5 de ses 15 tirs lorsque Edwards le d&eacute;fendait, n&rsquo;a pas r&eacute;pondu directement &agrave; une question sur l&rsquo;impact du joueur vedette du Minnesota sur lui. Il s&rsquo;est plut&ocirc;t bl&acirc;m&eacute; pour la d&eacute;faite, bien qu&rsquo;il ait ensuite qualifi&eacute; Edwards (29 points, 10 rebonds, 9 passes d&eacute;cisives) de &laquo;&nbsp;joueur incroyable&nbsp;&raquo;.<\/p>\n<\/blockquote>\n<p>Kyrie Irving a reconnu l&rsquo;impact de McDaniels, s&eacute;lectionn&eacute; dans la deuxi&egrave;me &eacute;quipe All-Defensive, pour l&rsquo;avoir emp&ecirc;ch&eacute; de trouver un bon rythme.<\/p>\n<blockquote>\n<p style=\"text-align: justify;\">&laquo;&nbsp;Il a un impact &eacute;norme&nbsp;&raquo;, a d&eacute;clar&eacute; Irving. &laquo;&nbsp;C&rsquo;est un d&eacute;fenseur d&rsquo;aile de 2,06 m que je vois maintenant pour la premi&egrave;re fois depuis le d&eacute;but du match. Donc &ccedil;a va &ecirc;tre une adaptation, mais j&rsquo;adore &ccedil;a. Je me r&eacute;jouis de ce genre d&rsquo;opportunit&eacute;s.&nbsp;&raquo;<\/p>\n<\/blockquote>\n<p>Cette d&eacute;faite a &eacute;t&eacute; la premi&egrave;re tache sur le record de carri&egrave;re d&rsquo;Irving dans les matchs potentiellement d&eacute;cisifs. Il est maintenant &agrave; 14-1 lorsque son &eacute;quipe a la possibilit&eacute; d&rsquo;&eacute;liminer un adversaire, mettant fin &agrave; la plus longue s&eacute;rie de victoires individuelles de l&rsquo;histoire de la NBA dans de telles situations.<\/p>\n<blockquote>\n<p style=\"text-align: justify;\">&laquo;&nbsp;C&rsquo;est un nouvel espace&nbsp;&raquo;, a d&eacute;clar&eacute; Irving. &laquo;&nbsp;Maintenant, nous devons juste g&eacute;rer cette d&eacute;faite et nous pr&eacute;parer pour le Minnesota et profiter de cette foule l&agrave;-bas, car &ccedil;a va &ecirc;tre hostile.&nbsp;&raquo;<\/p>\n<\/blockquote>\n<\/div>\n<p>&nbsp;<\/p>\n<p style=\"text-align: justify;\">Cr&eacute;dit photo : Jerome Miron-USA TODAY Sports<\/p>\n<\/div>\n<\/div>\n<\/div>\n","protected":false},"excerpt":{"rendered":"","protected":false},"author":180310243,"featured_media":1435222,"comment_status":"open","ping_status":"closed","sticky":false,"template":"","format":"standard","meta":{"inline_featured_image":false,"kia_subtitle":"","_mux_skip_reasons":[],"proofreadBy":0,"footnotes":""},"categories":[110,10],"tags":[595,545],"sport":[2783],"saison":[3453],"class_list":["post-1435218","post","type-post","status-publish","format-standard","has-post-thumbnail","hentry","category-actualite-nba","category-nba","tag-dallas-mavericks","tag-luka-doncic","sport-nba","saison-3453"],"acf":[],"yoast_head":"<!-- This site is optimized with the Yoast SEO plugin v24.2 - https:\/\/yoast.com\/wordpress\/plugins\/seo\/ -->\n<title>Luka Doncic se bl&acirc;me pour la d&eacute;faite au game 4 face aux Timberwolves - The Playoffs FR<\/title>\n<meta name=\"robots\" content=\"index, follow, max-snippet:-1, max-image-preview:large, max-video-preview:-1\" \/>\n<link rel=\"canonical\" href=\"https:\/\/theplayoffs.news\/fr\/actualite-nba\/luka-doncic-se-blame-pour-la-defaite-au-game-4-face-aux-timberwolves\/\" \/>\n<meta property=\"og:locale\" content=\"fr_FR\" \/>\n<meta property=\"og:type\" content=\"article\" \/>\n<meta property=\"og:title\" content=\"Luka Doncic se bl&acirc;me pour la d&eacute;faite au game 4 face aux Timberwolves - The Playoffs FR\" \/>\n<meta property=\"og:url\" content=\"https:\/\/theplayoffs.news\/fr\/actualite-nba\/luka-doncic-se-blame-pour-la-defaite-au-game-4-face-aux-timberwolves\/\" \/>\n<meta property=\"og:site_name\" content=\"The Playoffs FR\" \/>\n<meta property=\"article:publisher\" content=\"https:\/\/www.facebook.com\/TheFreeAgentFR\/\" \/>\n<meta property=\"article:modified_time\" content=\"2024-05-29T11:16:09+02:00\" \/>\n<meta property=\"og:image\" content=\"https:\/\/theplayoffs.news\/fr\/wp-content\/uploads\/2024\/05\/USATSI_23409485.jpg\" \/>\n\t<meta property=\"og:image:width\" content=\"1920\" \/>\n\t<meta property=\"og:image:height\" content=\"1280\" \/>\n\t<meta property=\"og:image:type\" content=\"image\/jpeg\" \/>\n<meta name=\"author\" content=\"Luc lemercier\" \/>\n<meta name=\"twitter:card\" content=\"summary_large_image\" \/>\n<meta name=\"twitter:creator\" content=\"@TheFreeAgentFR\" \/>\n<meta name=\"twitter:site\" content=\"@TheFreeAgentFR\" \/>\n<meta name=\"twitter:label1\" content=\"\u00c9crit par\" \/>\n\t<meta name=\"twitter:data1\" content=\"Luc lemercier\" \/>\n\t<meta name=\"twitter:label2\" content=\"Dur\u00e9e de lecture estim\u00e9e\" \/>\n\t<meta name=\"twitter:data2\" content=\"3 minutes\" \/>\n<script type=\"application\/ld+json\" class=\"yoast-schema-graph\">{\"@context\":\"https:\/\/schema.org\",\"@graph\":[{\"@type\":\"WebPage\",\"@id\":\"https:\/\/theplayoffs.news\/fr\/actualite-nba\/luka-doncic-se-blame-pour-la-defaite-au-game-4-face-aux-timberwolves\/\",\"url\":\"https:\/\/theplayoffs.news\/fr\/actualite-nba\/luka-doncic-se-blame-pour-la-defaite-au-game-4-face-aux-timberwolves\/\",\"name\":\"Luka Doncic se bl\u00e2me pour la d\u00e9faite au game 4 face aux Timberwolves - The Playoffs FR\",\"isPartOf\":{\"@id\":\"https:\/\/theplayoffs.news\/fr\/#website\"},\"primaryImageOfPage\":{\"@id\":\"https:\/\/theplayoffs.news\/fr\/actualite-nba\/luka-doncic-se-blame-pour-la-defaite-au-game-4-face-aux-timberwolves\/#primaryimage\"},\"image\":{\"@id\":\"https:\/\/theplayoffs.news\/fr\/actualite-nba\/luka-doncic-se-blame-pour-la-defaite-au-game-4-face-aux-timberwolves\/#primaryimage\"},\"thumbnailUrl\":\"https:\/\/theplayoffs.news\/fr\/wp-content\/uploads\/2024\/05\/USATSI_23409485.jpg\",\"datePublished\":\"2024-05-29T09:16:09+00:00\",\"dateModified\":\"2024-05-29T09:16:09+00:00\",\"author\":{\"@id\":\"https:\/\/theplayoffs.news\/fr\/#\/schema\/person\/801c54a27bc55531da5bcae43d637b35\"},\"breadcrumb\":{\"@id\":\"https:\/\/theplayoffs.news\/fr\/actualite-nba\/luka-doncic-se-blame-pour-la-defaite-au-game-4-face-aux-timberwolves\/#breadcrumb\"},\"inLanguage\":\"fr-FR\",\"potentialAction\":[{\"@type\":\"ReadAction\",\"target\":[\"https:\/\/theplayoffs.news\/fr\/actualite-nba\/luka-doncic-se-blame-pour-la-defaite-au-game-4-face-aux-timberwolves\/\"]}]},{\"@type\":\"ImageObject\",\"inLanguage\":\"fr-FR\",\"@id\":\"https:\/\/theplayoffs.news\/fr\/actualite-nba\/luka-doncic-se-blame-pour-la-defaite-au-game-4-face-aux-timberwolves\/#primaryimage\",\"url\":\"https:\/\/theplayoffs.news\/fr\/wp-content\/uploads\/2024\/05\/USATSI_23409485.jpg\",\"contentUrl\":\"https:\/\/theplayoffs.news\/fr\/wp-content\/uploads\/2024\/05\/USATSI_23409485.jpg\",\"width\":1920,\"height\":1280,\"caption\":\"May 28, 2024; Dallas, Texas, USA; Dallas Mavericks guard Luka Doncic (77) walks off the floor after the game between the Mavericks and the Minnesota Timberwolves in game four of the western conference finals for the 2024 NBA playoffs at American Airlines Center. Mandatory Credit: Jerome Miron-USA TODAY Sports\"},{\"@type\":\"BreadcrumbList\",\"@id\":\"https:\/\/theplayoffs.news\/fr\/actualite-nba\/luka-doncic-se-blame-pour-la-defaite-au-game-4-face-aux-timberwolves\/#breadcrumb\",\"itemListElement\":[{\"@type\":\"ListItem\",\"position\":1,\"name\":\"Accueil\",\"item\":\"https:\/\/theplayoffs.news\/fr\/\"},{\"@type\":\"ListItem\",\"position\":2,\"name\":\"Luka Doncic se bl\u00e2me pour la d\u00e9faite au game 4 face aux Timberwolves\"}]},{\"@type\":\"WebSite\",\"@id\":\"https:\/\/theplayoffs.news\/fr\/#website\",\"url\":\"https:\/\/theplayoffs.news\/fr\/\",\"name\":\"The Playoffs FR\",\"description\":\"NBA-NFL-NHL-MLB\",\"potentialAction\":[{\"@type\":\"SearchAction\",\"target\":{\"@type\":\"EntryPoint\",\"urlTemplate\":\"https:\/\/theplayoffs.news\/fr\/?s={search_term_string}\"},\"query-input\":{\"@type\":\"PropertyValueSpecification\",\"valueRequired\":true,\"valueName\":\"search_term_string\"}}],\"inLanguage\":\"fr-FR\"},{\"@type\":\"Person\",\"@id\":\"https:\/\/theplayoffs.news\/fr\/#\/schema\/person\/801c54a27bc55531da5bcae43d637b35\",\"name\":\"Luc lemercier\",\"image\":{\"@type\":\"ImageObject\",\"inLanguage\":\"fr-FR\",\"@id\":\"https:\/\/theplayoffs.news\/fr\/#\/schema\/person\/image\/\",\"url\":\"https:\/\/secure.gravatar.com\/avatar\/589c260bbb94457b6669c7e720679779767022dd620aaeb224cce2bacab793e7?s=96&d=mm&r=g\",\"contentUrl\":\"https:\/\/secure.gravatar.com\/avatar\/589c260bbb94457b6669c7e720679779767022dd620aaeb224cce2bacab793e7?s=96&d=mm&r=g\",\"caption\":\"Luc lemercier\"},\"url\":\"https:\/\/theplayoffs.news\/fr\/author\/luc-lemercierhotmail-fr\/\"}]}<\/script>\n<!-- \/ Yoast SEO plugin. -->","yoast_head_json":{"title":"Luka Doncic se bl&acirc;me pour la d&eacute;faite au game 4 face aux Timberwolves - The Playoffs FR","robots":{"index":"index","follow":"follow","max-snippet":"max-snippet:-1","max-image-preview":"max-image-preview:large","max-video-preview":"max-video-preview:-1"},"canonical":"https:\/\/theplayoffs.news\/fr\/actualite-nba\/luka-doncic-se-blame-pour-la-defaite-au-game-4-face-aux-timberwolves\/","og_locale":"fr_FR","og_type":"article","og_title":"Luka Doncic se bl&acirc;me pour la d&eacute;faite au game 4 face aux Timberwolves - The Playoffs FR","og_url":"https:\/\/theplayoffs.news\/fr\/actualite-nba\/luka-doncic-se-blame-pour-la-defaite-au-game-4-face-aux-timberwolves\/","og_site_name":"The Playoffs FR","article_publisher":"https:\/\/www.facebook.com\/TheFreeAgentFR\/","og_image":[{"width":1920,"height":1280,"url":"https:\/\/theplayoffs.news\/fr\/wp-content\/uploads\/2024\/05\/USATSI_23409485.jpg","type":"image\/jpeg"}],"author":"Luc lemercier","twitter_card":"summary_large_image","twitter_creator":"@TheFreeAgentFR","twitter_site":"@TheFreeAgentFR","twitter_misc":{"\u00c9crit par":"Luc lemercier","Dur\u00e9e de lecture estim\u00e9e":"3 minutes"},"schema":{"@context":"https:\/\/schema.org","@graph":[{"@type":"WebPage","@id":"https:\/\/theplayoffs.news\/fr\/actualite-nba\/luka-doncic-se-blame-pour-la-defaite-au-game-4-face-aux-timberwolves\/","url":"https:\/\/theplayoffs.news\/fr\/actualite-nba\/luka-doncic-se-blame-pour-la-defaite-au-game-4-face-aux-timberwolves\/","name":"Luka Doncic se bl\u00e2me pour la d\u00e9faite au game 4 face aux Timberwolves - The Playoffs FR","isPartOf":{"@id":"https:\/\/theplayoffs.news\/fr\/#website"},"primaryImageOfPage":{"@id":"https:\/\/theplayoffs.news\/fr\/actualite-nba\/luka-doncic-se-blame-pour-la-defaite-au-game-4-face-aux-timberwolves\/#primaryimage"},"image":{"@id":"https:\/\/theplayoffs.news\/fr\/actualite-nba\/luka-doncic-se-blame-pour-la-defaite-au-game-4-face-aux-timberwolves\/#primaryimage"},"thumbnailUrl":"https:\/\/theplayoffs.news\/fr\/wp-content\/uploads\/2024\/05\/USATSI_23409485.jpg","datePublished":"2024-05-29T09:16:09+00:00","dateModified":"2024-05-29T09:16:09+00:00","author":{"@id":"https:\/\/theplayoffs.news\/fr\/#\/schema\/person\/801c54a27bc55531da5bcae43d637b35"},"breadcrumb":{"@id":"https:\/\/theplayoffs.news\/fr\/actualite-nba\/luka-doncic-se-blame-pour-la-defaite-au-game-4-face-aux-timberwolves\/#breadcrumb"},"inLanguage":"fr-FR","potentialAction":[{"@type":"ReadAction","target":["https:\/\/theplayoffs.news\/fr\/actualite-nba\/luka-doncic-se-blame-pour-la-defaite-au-game-4-face-aux-timberwolves\/"]}]},{"@type":"ImageObject","inLanguage":"fr-FR","@id":"https:\/\/theplayoffs.news\/fr\/actualite-nba\/luka-doncic-se-blame-pour-la-defaite-au-game-4-face-aux-timberwolves\/#primaryimage","url":"https:\/\/theplayoffs.news\/fr\/wp-content\/uploads\/2024\/05\/USATSI_23409485.jpg","contentUrl":"https:\/\/theplayoffs.news\/fr\/wp-content\/uploads\/2024\/05\/USATSI_23409485.jpg","width":1920,"height":1280,"caption":"May 28, 2024; Dallas, Texas, USA; Dallas Mavericks guard Luka Doncic (77) walks off the floor after the game between the Mavericks and the Minnesota Timberwolves in game four of the western conference finals for the 2024 NBA playoffs at American Airlines Center. Mandatory Credit: Jerome Miron-USA TODAY Sports"},{"@type":"BreadcrumbList","@id":"https:\/\/theplayoffs.news\/fr\/actualite-nba\/luka-doncic-se-blame-pour-la-defaite-au-game-4-face-aux-timberwolves\/#breadcrumb","itemListElement":[{"@type":"ListItem","position":1,"name":"Accueil","item":"https:\/\/theplayoffs.news\/fr\/"},{"@type":"ListItem","position":2,"name":"Luka Doncic se bl\u00e2me pour la d\u00e9faite au game 4 face aux Timberwolves"}]},{"@type":"WebSite","@id":"https:\/\/theplayoffs.news\/fr\/#website","url":"https:\/\/theplayoffs.news\/fr\/","name":"The Playoffs FR","description":"NBA-NFL-NHL-MLB","potentialAction":[{"@type":"SearchAction","target":{"@type":"EntryPoint","urlTemplate":"https:\/\/theplayoffs.news\/fr\/?s={search_term_string}"},"query-input":{"@type":"PropertyValueSpecification","valueRequired":true,"valueName":"search_term_string"}}],"inLanguage":"fr-FR"},{"@type":"Person","@id":"https:\/\/theplayoffs.news\/fr\/#\/schema\/person\/801c54a27bc55531da5bcae43d637b35","name":"Luc lemercier","image":{"@type":"ImageObject","inLanguage":"fr-FR","@id":"https:\/\/theplayoffs.news\/fr\/#\/schema\/person\/image\/","url":"https:\/\/secure.gravatar.com\/avatar\/589c260bbb94457b6669c7e720679779767022dd620aaeb224cce2bacab793e7?s=96&d=mm&r=g","contentUrl":"https:\/\/secure.gravatar.com\/avatar\/589c260bbb94457b6669c7e720679779767022dd620aaeb224cce2bacab793e7?s=96&d=mm&r=g","caption":"Luc lemercier"},"url":"https:\/\/theplayoffs.news\/fr\/author\/luc-lemercierhotmail-fr\/"}]}},"_links":{"self":[{"href":"https:\/\/theplayoffs.news\/fr\/wp-json\/wp\/v2\/posts\/1435218","targetHints":{"allow":["GET"]}}],"collection":[{"href":"https:\/\/theplayoffs.news\/fr\/wp-json\/wp\/v2\/posts"}],"about":[{"href":"https:\/\/theplayoffs.news\/fr\/wp-json\/wp\/v2\/types\/post"}],"author":[{"embeddable":true,"href":"https:\/\/theplayoffs.news\/fr\/wp-json\/wp\/v2\/users\/180310243"}],"replies":[{"embeddable":true,"href":"https:\/\/theplayoffs.news\/fr\/wp-json\/wp\/v2\/comments?post=1435218"}],"version-history":[{"count":3,"href":"https:\/\/theplayoffs.news\/fr\/wp-json\/wp\/v2\/posts\/1435218\/revisions"}],"predecessor-version":[{"id":1435225,"href":"https:\/\/theplayoffs.news\/fr\/wp-json\/wp\/v2\/posts\/1435218\/revisions\/1435225"}],"wp:featuredmedia":[{"embeddable":true,"href":"https:\/\/theplayoffs.news\/fr\/wp-json\/wp\/v2\/media\/1435222"}],"wp:attachment":[{"href":"https:\/\/theplayoffs.news\/fr\/wp-json\/wp\/v2\/media?parent=1435218"}],"wp:term":[{"taxonomy":"category","embeddable":true,"href":"https:\/\/theplayoffs.news\/fr\/wp-json\/wp\/v2\/categories?post=1435218"},{"taxonomy":"post_tag","embeddable":true,"href":"https:\/\/theplayoffs.news\/fr\/wp-json\/wp\/v2\/tags?post=1435218"},{"taxonomy":"sport","embeddable":true,"href":"https:\/\/theplayoffs.news\/fr\/wp-json\/wp\/v2\/sport?post=1435218"},{"taxonomy":"saison","embeddable":true,"href":"https:\/\/theplayoffs.news\/fr\/wp-json\/wp\/v2\/saison?post=1435218"}],"curies":[{"name":"wp","href":"https:\/\/api.w.org\/{rel}","templated":true}]}}