{"id":1435010,"date":"2024-05-28T14:10:53","date_gmt":"2024-05-28T12:10:53","guid":{"rendered":"https:\/\/theplayoffs.news\/fr\/?p=1435010"},"modified":"2024-05-28T13:58:02","modified_gmt":"2024-05-28T11:58:02","slug":"dan-bylsma-entraineur-des-seattle-krakens","status":"publish","type":"post","link":"https:\/\/theplayoffs.news\/fr\/actualite-nhl\/dan-bylsma-entraineur-des-seattle-krakens\/","title":{"rendered":"Dan Bylsma, nouvel entraineur-chef du Seattle Kraken"},"content":{"rendered":"<h2>Apr&egrave;s que la franchise ait annonc&eacute; le d&eacute;part de Dave Hakstol, le Kraken a annonc&eacute; la nomination de Dan Bylsma &agrave; la t&ecirc;te de l&rsquo;&eacute;quipe pour la saison prochaine<\/h2><p>Cong&eacute;di&eacute; par les Penguins en 2014, Dan Bylsma a dirig&eacute; les Sabres de Buffalo pendant deux ans. &Agrave; la suite des Sabres, il est devenu assistant des Detroit Red Wings, mais n&rsquo;est pas revenu avec l&rsquo;&eacute;quipe apr&egrave;s la saison 2020-2021.<\/p><p><a href=\"https:\/\/x.com\/BR_OpenIce\/status\/1795227480590000276\" class=\"trk-cta-link\" data-cta-trk='{\"ctaType\":\"Link\",\"ctaSubType\":\"main\"}'>Il s&rsquo;agit du retour de Dan Bylsma dans la LNH<\/a>, apr&egrave;s avoir jou&eacute; les trois derni&egrave;res saisons dans la Ligue am&eacute;ricaine de hockey avec le club &eacute;cole du Kraken. Depuis 2017, il n&rsquo;a pas entra&icirc;n&eacute; une &eacute;quipe de la Ligue nationale de hockey (LNH).<\/p><p>Mais si on doit retenir un fait d&rsquo;arme de Dan Bylsma, il a occup&eacute; le poste d&rsquo;entra&icirc;neur-chef des Penguins de Pittsburgh pendant six ans, avec lesquels il a remport&eacute; la Coupe Stanley en 2009 et la m&eacute;daille Jack Adams en 2011. Il a remport&eacute; 252 victoires avec les Penguins.<\/p><blockquote class=\"twitter-tweet\" data-width=\"500\" data-dnt=\"true\">\n<p lang=\"en\" dir=\"ltr\">The Seattle Kraken will name Dan Bylsma as the team's next head coach in a press conference on Tuesday <\/p>\n<p>Bylsma won the 2009 Cup with Pittsburgh and has went 7 seasons since his last NHL head coaching job <a href=\"https:\/\/t.co\/rzRdCNsF1x\" class=\"trk-cta-link\" data-cta-trk='{\"ctaType\":\"Link\",\"ctaSubType\":\"main\"}'>pic.twitter.com\/rzRdCNsF1x<\/a><\/p>\n<p>&mdash; B\/R Open Ice (@BR_OpenIce) <a href=\"https:\/\/twitter.com\/BR_OpenIce\/status\/1795227480590000276?ref_src=twsrc%5Etfw\" class=\"trk-cta-link\" data-cta-trk='{\"ctaType\":\"Link\",\"ctaSubType\":\"main\"}'>May 27, 2024<\/a><\/p><\/blockquote><p><script async src=\"https:\/\/platform.twitter.com\/widgets.js\" charset=\"utf-8\"><\/script><\/p>\n","protected":false},"excerpt":{"rendered":"","protected":false},"author":180310241,"featured_media":1435016,"comment_status":"open","ping_status":"closed","sticky":false,"template":"","format":"standard","meta":{"inline_featured_image":false,"kia_subtitle":"","_mux_skip_reasons":[],"proofreadBy":0,"footnotes":""},"categories":[187,26],"tags":[7321,720],"sport":[2784],"saison":[6111],"class_list":["post-1435010","post","type-post","status-publish","format-standard","has-post-thumbnail","hentry","category-actualite-nhl","category-nhl","tag-dan-bylsma","tag-seattle-kraken","sport-nhl","saison-6111"],"acf":[],"yoast_head":"<!-- This site is optimized with the Yoast SEO plugin v24.2 - https:\/\/yoast.com\/wordpress\/plugins\/seo\/ -->\n<title>Dan Bylsma, nouvel entraineur-chef du Seattle Kraken - The Playoffs FR<\/title>\n<meta name=\"robots\" content=\"index, follow, max-snippet:-1, max-image-preview:large, max-video-preview:-1\" \/>\n<link rel=\"canonical\" href=\"https:\/\/theplayoffs.news\/fr\/actualite-nhl\/dan-bylsma-entraineur-des-seattle-krakens\/\" \/>\n<meta property=\"og:locale\" content=\"fr_FR\" \/>\n<meta property=\"og:type\" content=\"article\" \/>\n<meta property=\"og:title\" content=\"Dan Bylsma, nouvel entraineur-chef du Seattle Kraken - The Playoffs FR\" \/>\n<meta property=\"og:url\" content=\"https:\/\/theplayoffs.news\/fr\/actualite-nhl\/dan-bylsma-entraineur-des-seattle-krakens\/\" \/>\n<meta property=\"og:site_name\" content=\"The Playoffs FR\" \/>\n<meta property=\"article:publisher\" content=\"https:\/\/www.facebook.com\/TheFreeAgentFR\/\" \/>\n<meta property=\"article:modified_time\" content=\"2024-05-28T14:10:53+02:00\" \/>\n<meta property=\"og:image\" content=\"https:\/\/theplayoffs.news\/fr\/wp-content\/uploads\/2024\/05\/Photo-Dan-Bylsma.jpg\" \/>\n\t<meta property=\"og:image:width\" content=\"1920\" \/>\n\t<meta property=\"og:image:height\" content=\"1450\" \/>\n\t<meta property=\"og:image:type\" content=\"image\/jpeg\" \/>\n<meta name=\"author\" content=\"Augustin Riveron\" \/>\n<meta name=\"twitter:card\" content=\"summary_large_image\" \/>\n<meta name=\"twitter:creator\" content=\"@TheFreeAgentFR\" \/>\n<meta name=\"twitter:site\" content=\"@TheFreeAgentFR\" \/>\n<meta name=\"twitter:label1\" content=\"\u00c9crit par\" \/>\n\t<meta name=\"twitter:data1\" content=\"Augustin Riveron\" \/>\n\t<meta name=\"twitter:label2\" content=\"Dur\u00e9e de lecture estim\u00e9e\" \/>\n\t<meta name=\"twitter:data2\" content=\"1 minute\" \/>\n<script type=\"application\/ld+json\" class=\"yoast-schema-graph\">{\"@context\":\"https:\/\/schema.org\",\"@graph\":[{\"@type\":\"WebPage\",\"@id\":\"https:\/\/theplayoffs.news\/fr\/actualite-nhl\/dan-bylsma-entraineur-des-seattle-krakens\/\",\"url\":\"https:\/\/theplayoffs.news\/fr\/actualite-nhl\/dan-bylsma-entraineur-des-seattle-krakens\/\",\"name\":\"Dan Bylsma, nouvel entraineur-chef du Seattle Kraken - The Playoffs FR\",\"isPartOf\":{\"@id\":\"https:\/\/theplayoffs.news\/fr\/#website\"},\"primaryImageOfPage\":{\"@id\":\"https:\/\/theplayoffs.news\/fr\/actualite-nhl\/dan-bylsma-entraineur-des-seattle-krakens\/#primaryimage\"},\"image\":{\"@id\":\"https:\/\/theplayoffs.news\/fr\/actualite-nhl\/dan-bylsma-entraineur-des-seattle-krakens\/#primaryimage\"},\"thumbnailUrl\":\"https:\/\/theplayoffs.news\/fr\/wp-content\/uploads\/2024\/05\/Photo-Dan-Bylsma.jpg\",\"datePublished\":\"2024-05-28T12:10:53+00:00\",\"dateModified\":\"2024-05-28T14:10:53+02:00\",\"author\":{\"@id\":\"https:\/\/theplayoffs.news\/fr\/#\/schema\/person\/6c57838882f89046acb1a469126746b7\"},\"breadcrumb\":{\"@id\":\"https:\/\/theplayoffs.news\/fr\/actualite-nhl\/dan-bylsma-entraineur-des-seattle-krakens\/#breadcrumb\"},\"inLanguage\":\"fr-FR\",\"potentialAction\":[{\"@type\":\"ReadAction\",\"target\":[\"https:\/\/theplayoffs.news\/fr\/actualite-nhl\/dan-bylsma-entraineur-des-seattle-krakens\/\"]}]},{\"@type\":\"ImageObject\",\"inLanguage\":\"fr-FR\",\"@id\":\"https:\/\/theplayoffs.news\/fr\/actualite-nhl\/dan-bylsma-entraineur-des-seattle-krakens\/#primaryimage\",\"url\":\"https:\/\/theplayoffs.news\/fr\/wp-content\/uploads\/2024\/05\/Photo-Dan-Bylsma.jpg\",\"contentUrl\":\"https:\/\/theplayoffs.news\/fr\/wp-content\/uploads\/2024\/05\/Photo-Dan-Bylsma.jpg\",\"width\":1920,\"height\":1450,\"caption\":\"Coachella Valley head coach Dan Bylsma talks to reporters during a media conference after their game at Acrisure Arena in Palm Desert, Calif., Thursday, April 4, 2024.\"},{\"@type\":\"BreadcrumbList\",\"@id\":\"https:\/\/theplayoffs.news\/fr\/actualite-nhl\/dan-bylsma-entraineur-des-seattle-krakens\/#breadcrumb\",\"itemListElement\":[{\"@type\":\"ListItem\",\"position\":1,\"name\":\"Accueil\",\"item\":\"https:\/\/theplayoffs.news\/fr\/\"},{\"@type\":\"ListItem\",\"position\":2,\"name\":\"Dan Bylsma, nouvel entraineur-chef du Seattle Kraken\"}]},{\"@type\":\"WebSite\",\"@id\":\"https:\/\/theplayoffs.news\/fr\/#website\",\"url\":\"https:\/\/theplayoffs.news\/fr\/\",\"name\":\"The Playoffs FR\",\"description\":\"NBA-NFL-NHL-MLB\",\"potentialAction\":[{\"@type\":\"SearchAction\",\"target\":{\"@type\":\"EntryPoint\",\"urlTemplate\":\"https:\/\/theplayoffs.news\/fr\/?s={search_term_string}\"},\"query-input\":{\"@type\":\"PropertyValueSpecification\",\"valueRequired\":true,\"valueName\":\"search_term_string\"}}],\"inLanguage\":\"fr-FR\"},{\"@type\":\"Person\",\"@id\":\"https:\/\/theplayoffs.news\/fr\/#\/schema\/person\/6c57838882f89046acb1a469126746b7\",\"name\":\"Augustin Riveron\",\"image\":{\"@type\":\"ImageObject\",\"inLanguage\":\"fr-FR\",\"@id\":\"https:\/\/theplayoffs.news\/fr\/#\/schema\/person\/image\/\",\"url\":\"https:\/\/secure.gravatar.com\/avatar\/a60ae09e43d53d832185e44e4832a6bbb342aaf556e8b223a779777ab6267eec?s=96&d=mm&r=g\",\"contentUrl\":\"https:\/\/secure.gravatar.com\/avatar\/a60ae09e43d53d832185e44e4832a6bbb342aaf556e8b223a779777ab6267eec?s=96&d=mm&r=g\",\"caption\":\"Augustin Riveron\"},\"url\":\"https:\/\/theplayoffs.news\/fr\/author\/augustin-riveronwin-sport-school-org\/\"}]}<\/script>\n<!-- \/ Yoast SEO plugin. -->","yoast_head_json":{"title":"Dan Bylsma, nouvel entraineur-chef du Seattle Kraken - The Playoffs FR","robots":{"index":"index","follow":"follow","max-snippet":"max-snippet:-1","max-image-preview":"max-image-preview:large","max-video-preview":"max-video-preview:-1"},"canonical":"https:\/\/theplayoffs.news\/fr\/actualite-nhl\/dan-bylsma-entraineur-des-seattle-krakens\/","og_locale":"fr_FR","og_type":"article","og_title":"Dan Bylsma, nouvel entraineur-chef du Seattle Kraken - The Playoffs FR","og_url":"https:\/\/theplayoffs.news\/fr\/actualite-nhl\/dan-bylsma-entraineur-des-seattle-krakens\/","og_site_name":"The Playoffs FR","article_publisher":"https:\/\/www.facebook.com\/TheFreeAgentFR\/","article_modified_time":"2024-05-28T11:58:02+00:00","og_image":[{"width":1920,"height":1450,"url":"https:\/\/theplayoffs.news\/fr\/wp-content\/uploads\/2024\/05\/Photo-Dan-Bylsma.jpg","type":"image\/jpeg"}],"author":"Augustin Riveron","twitter_card":"summary_large_image","twitter_creator":"@TheFreeAgentFR","twitter_site":"@TheFreeAgentFR","twitter_misc":{"\u00c9crit par":"Augustin Riveron","Dur\u00e9e de lecture estim\u00e9e":"1 minute"},"schema":{"@context":"https:\/\/schema.org","@graph":[{"@type":"WebPage","@id":"https:\/\/theplayoffs.news\/fr\/actualite-nhl\/dan-bylsma-entraineur-des-seattle-krakens\/","url":"https:\/\/theplayoffs.news\/fr\/actualite-nhl\/dan-bylsma-entraineur-des-seattle-krakens\/","name":"Dan Bylsma, nouvel entraineur-chef du Seattle Kraken - The Playoffs FR","isPartOf":{"@id":"https:\/\/theplayoffs.news\/fr\/#website"},"primaryImageOfPage":{"@id":"https:\/\/theplayoffs.news\/fr\/actualite-nhl\/dan-bylsma-entraineur-des-seattle-krakens\/#primaryimage"},"image":{"@id":"https:\/\/theplayoffs.news\/fr\/actualite-nhl\/dan-bylsma-entraineur-des-seattle-krakens\/#primaryimage"},"thumbnailUrl":"https:\/\/theplayoffs.news\/fr\/wp-content\/uploads\/2024\/05\/Photo-Dan-Bylsma.jpg","datePublished":"2024-05-28T12:10:53+00:00","dateModified":"2024-05-28T14:10:53+02:00","author":{"@id":"https:\/\/theplayoffs.news\/fr\/#\/schema\/person\/6c57838882f89046acb1a469126746b7"},"breadcrumb":{"@id":"https:\/\/theplayoffs.news\/fr\/actualite-nhl\/dan-bylsma-entraineur-des-seattle-krakens\/#breadcrumb"},"inLanguage":"fr-FR","potentialAction":[{"@type":"ReadAction","target":["https:\/\/theplayoffs.news\/fr\/actualite-nhl\/dan-bylsma-entraineur-des-seattle-krakens\/"]}]},{"@type":"ImageObject","inLanguage":"fr-FR","@id":"https:\/\/theplayoffs.news\/fr\/actualite-nhl\/dan-bylsma-entraineur-des-seattle-krakens\/#primaryimage","url":"https:\/\/theplayoffs.news\/fr\/wp-content\/uploads\/2024\/05\/Photo-Dan-Bylsma.jpg","contentUrl":"https:\/\/theplayoffs.news\/fr\/wp-content\/uploads\/2024\/05\/Photo-Dan-Bylsma.jpg","width":1920,"height":1450,"caption":"Coachella Valley head coach Dan Bylsma talks to reporters during a media conference after their game at Acrisure Arena in Palm Desert, Calif., Thursday, April 4, 2024."},{"@type":"BreadcrumbList","@id":"https:\/\/theplayoffs.news\/fr\/actualite-nhl\/dan-bylsma-entraineur-des-seattle-krakens\/#breadcrumb","itemListElement":[{"@type":"ListItem","position":1,"name":"Accueil","item":"https:\/\/theplayoffs.news\/fr\/"},{"@type":"ListItem","position":2,"name":"Dan Bylsma, nouvel entraineur-chef du Seattle Kraken"}]},{"@type":"WebSite","@id":"https:\/\/theplayoffs.news\/fr\/#website","url":"https:\/\/theplayoffs.news\/fr\/","name":"The Playoffs FR","description":"NBA-NFL-NHL-MLB","potentialAction":[{"@type":"SearchAction","target":{"@type":"EntryPoint","urlTemplate":"https:\/\/theplayoffs.news\/fr\/?s={search_term_string}"},"query-input":{"@type":"PropertyValueSpecification","valueRequired":true,"valueName":"search_term_string"}}],"inLanguage":"fr-FR"},{"@type":"Person","@id":"https:\/\/theplayoffs.news\/fr\/#\/schema\/person\/6c57838882f89046acb1a469126746b7","name":"Augustin Riveron","image":{"@type":"ImageObject","inLanguage":"fr-FR","@id":"https:\/\/theplayoffs.news\/fr\/#\/schema\/person\/image\/","url":"https:\/\/secure.gravatar.com\/avatar\/a60ae09e43d53d832185e44e4832a6bbb342aaf556e8b223a779777ab6267eec?s=96&d=mm&r=g","contentUrl":"https:\/\/secure.gravatar.com\/avatar\/a60ae09e43d53d832185e44e4832a6bbb342aaf556e8b223a779777ab6267eec?s=96&d=mm&r=g","caption":"Augustin Riveron"},"url":"https:\/\/theplayoffs.news\/fr\/author\/augustin-riveronwin-sport-school-org\/"}]}},"_links":{"self":[{"href":"https:\/\/theplayoffs.news\/fr\/wp-json\/wp\/v2\/posts\/1435010","targetHints":{"allow":["GET"]}}],"collection":[{"href":"https:\/\/theplayoffs.news\/fr\/wp-json\/wp\/v2\/posts"}],"about":[{"href":"https:\/\/theplayoffs.news\/fr\/wp-json\/wp\/v2\/types\/post"}],"author":[{"embeddable":true,"href":"https:\/\/theplayoffs.news\/fr\/wp-json\/wp\/v2\/users\/180310241"}],"replies":[{"embeddable":true,"href":"https:\/\/theplayoffs.news\/fr\/wp-json\/wp\/v2\/comments?post=1435010"}],"version-history":[{"count":2,"href":"https:\/\/theplayoffs.news\/fr\/wp-json\/wp\/v2\/posts\/1435010\/revisions"}],"predecessor-version":[{"id":1435021,"href":"https:\/\/theplayoffs.news\/fr\/wp-json\/wp\/v2\/posts\/1435010\/revisions\/1435021"}],"wp:featuredmedia":[{"embeddable":true,"href":"https:\/\/theplayoffs.news\/fr\/wp-json\/wp\/v2\/media\/1435016"}],"wp:attachment":[{"href":"https:\/\/theplayoffs.news\/fr\/wp-json\/wp\/v2\/media?parent=1435010"}],"wp:term":[{"taxonomy":"category","embeddable":true,"href":"https:\/\/theplayoffs.news\/fr\/wp-json\/wp\/v2\/categories?post=1435010"},{"taxonomy":"post_tag","embeddable":true,"href":"https:\/\/theplayoffs.news\/fr\/wp-json\/wp\/v2\/tags?post=1435010"},{"taxonomy":"sport","embeddable":true,"href":"https:\/\/theplayoffs.news\/fr\/wp-json\/wp\/v2\/sport?post=1435010"},{"taxonomy":"saison","embeddable":true,"href":"https:\/\/theplayoffs.news\/fr\/wp-json\/wp\/v2\/saison?post=1435010"}],"curies":[{"name":"wp","href":"https:\/\/api.w.org\/{rel}","templated":true}]}}