{"id":1434760,"date":"2024-05-27T12:40:55","date_gmt":"2024-05-27T10:40:55","guid":{"rendered":"https:\/\/theplayoffs.news\/fr\/?p=1434760"},"modified":"2024-05-27T12:11:08","modified_gmt":"2024-05-27T10:11:08","slug":"don-waddell-vers-les-columbus-blue-jackets","status":"publish","type":"post","link":"https:\/\/theplayoffs.news\/fr\/actualite-nhl\/don-waddell-vers-les-columbus-blue-jackets\/","title":{"rendered":"Don Waddell vers les Columbus Blue Jackets"},"content":{"rendered":"<h2>Alors qu&rsquo;il a annonc&eacute; son d&eacute;part des Carolina Hurricanes quelques jours plus t&ocirc;t, Don Waddell serait pressenti pour &ecirc;tre le nouveau directeur g&eacute;n&eacute;ral des Blue Jackets<\/h2><p><a href=\"https:\/\/x.com\/PierreVLeBrun\/status\/1794384710510199063\" class=\"trk-cta-link\" data-cta-trk='{\"ctaType\":\"Link\",\"ctaSubType\":\"main\"}'>Selon Pierre Lebrun de TSN, Don Waddell serait le candidat privil&eacute;gi&eacute; pour le poste de directeur g&eacute;n&eacute;ral des Blue Jackets de Columbus<\/a>. Apr&egrave;s le d&eacute;part de Jarmo Kek&auml;l&auml;inen en f&eacute;vrier dernier, Columbus est toujours &agrave; la recherche d&rsquo;un directeur g&eacute;n&eacute;ral.<\/p><p>John Davidson est actuellement le pr&eacute;sident des op&eacute;rations hockey de l&rsquo;&eacute;quipe, &agrave; titre provisoire. Et Don Waddell serait pour la franchise, la meilleure option afin d&rsquo;aider les Blue Jackets &agrave; atteindre un niveau satisfaisant au sein de la ligue nationale.<\/p><p>Davidson a &eacute;galement indiqu&eacute; &agrave; TSN le mois dernier qu&rsquo;il serait pr&ecirc;t &agrave; renoncer &agrave; son titre de pr&eacute;sident des op&eacute;rations hockey si cela pouvait aider Columbus &agrave; embaucher &laquo;&nbsp;la bonne personne&nbsp;&raquo;.<\/p><blockquote class=\"twitter-tweet\" data-width=\"500\" data-dnt=\"true\">\n<p lang=\"en\" dir=\"ltr\">Nothing is finalized yet but hearing that Don Waddell is the Blue Jackets&rsquo; choice to take over the top hockey ops job in Columbus. <br>If things proceed smoothly, should see an announcement over the coming week. <a href=\"https:\/\/twitter.com\/TSNHockey?ref_src=twsrc%5Etfw\" class=\"trk-cta-link\" data-cta-trk='{\"ctaType\":\"Link\",\"ctaSubType\":\"main\"}'>@TSNHockey<\/a> <a href=\"https:\/\/twitter.com\/TheAthletic?ref_src=twsrc%5Etfw\" class=\"trk-cta-link\" data-cta-trk='{\"ctaType\":\"Link\",\"ctaSubType\":\"main\"}'>@TheAthletic<\/a><\/p>\n<p>&mdash; Pierre LeBrun (@PierreVLeBrun) <a href=\"https:\/\/twitter.com\/PierreVLeBrun\/status\/1794384710510199063?ref_src=twsrc%5Etfw\" class=\"trk-cta-link\" data-cta-trk='{\"ctaType\":\"Link\",\"ctaSubType\":\"main\"}'>May 25, 2024<\/a><\/p><\/blockquote><p><script async src=\"https:\/\/platform.twitter.com\/widgets.js\" charset=\"utf-8\"><\/script><\/p><p>Credit Photo : James Guillory-USA TODAY Sports<\/p>\n","protected":false},"excerpt":{"rendered":"","protected":false},"author":180310241,"featured_media":1434793,"comment_status":"open","ping_status":"closed","sticky":false,"template":"","format":"standard","meta":{"inline_featured_image":false,"kia_subtitle":"","_mux_skip_reasons":[],"proofreadBy":0,"footnotes":""},"categories":[187,26],"tags":[329,7306],"sport":[2784],"saison":[6111],"class_list":["post-1434760","post","type-post","status-publish","format-standard","has-post-thumbnail","hentry","category-actualite-nhl","category-nhl","tag-columbus-blue-jackets","tag-don-waddell","sport-nhl","saison-6111"],"acf":[],"yoast_head":"<!-- This site is optimized with the Yoast SEO plugin v24.2 - https:\/\/yoast.com\/wordpress\/plugins\/seo\/ -->\n<title>Don Waddell vers les Columbus Blue Jackets - The Playoffs FR<\/title>\n<meta name=\"robots\" content=\"index, follow, max-snippet:-1, max-image-preview:large, max-video-preview:-1\" \/>\n<link rel=\"canonical\" href=\"https:\/\/theplayoffs.news\/fr\/actualite-nhl\/don-waddell-vers-les-columbus-blue-jackets\/\" \/>\n<meta property=\"og:locale\" content=\"fr_FR\" \/>\n<meta property=\"og:type\" content=\"article\" \/>\n<meta property=\"og:title\" content=\"Don Waddell vers les Columbus Blue Jackets - The Playoffs FR\" \/>\n<meta property=\"og:url\" content=\"https:\/\/theplayoffs.news\/fr\/actualite-nhl\/don-waddell-vers-les-columbus-blue-jackets\/\" \/>\n<meta property=\"og:site_name\" content=\"The Playoffs FR\" \/>\n<meta property=\"article:publisher\" content=\"https:\/\/www.facebook.com\/TheFreeAgentFR\/\" \/>\n<meta property=\"article:modified_time\" content=\"2024-05-27T12:40:55+02:00\" \/>\n<meta property=\"og:image\" content=\"https:\/\/theplayoffs.news\/fr\/wp-content\/uploads\/2024\/05\/Photo-Don-Waddell-2.jpg\" \/>\n\t<meta property=\"og:image:width\" content=\"1920\" \/>\n\t<meta property=\"og:image:height\" content=\"1192\" \/>\n\t<meta property=\"og:image:type\" content=\"image\/jpeg\" \/>\n<meta name=\"author\" content=\"Augustin Riveron\" \/>\n<meta name=\"twitter:card\" content=\"summary_large_image\" \/>\n<meta name=\"twitter:creator\" content=\"@TheFreeAgentFR\" \/>\n<meta name=\"twitter:site\" content=\"@TheFreeAgentFR\" \/>\n<meta name=\"twitter:label1\" content=\"\u00c9crit par\" \/>\n\t<meta name=\"twitter:data1\" content=\"Augustin Riveron\" \/>\n\t<meta name=\"twitter:label2\" content=\"Dur\u00e9e de lecture estim\u00e9e\" \/>\n\t<meta name=\"twitter:data2\" content=\"1 minute\" \/>\n<script type=\"application\/ld+json\" class=\"yoast-schema-graph\">{\"@context\":\"https:\/\/schema.org\",\"@graph\":[{\"@type\":\"WebPage\",\"@id\":\"https:\/\/theplayoffs.news\/fr\/actualite-nhl\/don-waddell-vers-les-columbus-blue-jackets\/\",\"url\":\"https:\/\/theplayoffs.news\/fr\/actualite-nhl\/don-waddell-vers-les-columbus-blue-jackets\/\",\"name\":\"Don Waddell vers les Columbus Blue Jackets - The Playoffs FR\",\"isPartOf\":{\"@id\":\"https:\/\/theplayoffs.news\/fr\/#website\"},\"primaryImageOfPage\":{\"@id\":\"https:\/\/theplayoffs.news\/fr\/actualite-nhl\/don-waddell-vers-les-columbus-blue-jackets\/#primaryimage\"},\"image\":{\"@id\":\"https:\/\/theplayoffs.news\/fr\/actualite-nhl\/don-waddell-vers-les-columbus-blue-jackets\/#primaryimage\"},\"thumbnailUrl\":\"https:\/\/theplayoffs.news\/fr\/wp-content\/uploads\/2024\/05\/Photo-Don-Waddell-2.jpg\",\"datePublished\":\"2024-05-27T10:40:55+00:00\",\"dateModified\":\"2024-05-27T12:40:55+02:00\",\"author\":{\"@id\":\"https:\/\/theplayoffs.news\/fr\/#\/schema\/person\/6c57838882f89046acb1a469126746b7\"},\"breadcrumb\":{\"@id\":\"https:\/\/theplayoffs.news\/fr\/actualite-nhl\/don-waddell-vers-les-columbus-blue-jackets\/#breadcrumb\"},\"inLanguage\":\"fr-FR\",\"potentialAction\":[{\"@type\":\"ReadAction\",\"target\":[\"https:\/\/theplayoffs.news\/fr\/actualite-nhl\/don-waddell-vers-les-columbus-blue-jackets\/\"]}]},{\"@type\":\"ImageObject\",\"inLanguage\":\"fr-FR\",\"@id\":\"https:\/\/theplayoffs.news\/fr\/actualite-nhl\/don-waddell-vers-les-columbus-blue-jackets\/#primaryimage\",\"url\":\"https:\/\/theplayoffs.news\/fr\/wp-content\/uploads\/2024\/05\/Photo-Don-Waddell-2.jpg\",\"contentUrl\":\"https:\/\/theplayoffs.news\/fr\/wp-content\/uploads\/2024\/05\/Photo-Don-Waddell-2.jpg\",\"width\":1920,\"height\":1192,\"caption\":\"Jan 11, 2024; Raleigh, North Carolina, USA; Carolina Hurricanes general manger Don Waddell talks to the press between the 1st and 2nd period against the Anaheim Ducks at PNC Arena. Mandatory Credit: James Guillory-USA TODAY Sports\"},{\"@type\":\"BreadcrumbList\",\"@id\":\"https:\/\/theplayoffs.news\/fr\/actualite-nhl\/don-waddell-vers-les-columbus-blue-jackets\/#breadcrumb\",\"itemListElement\":[{\"@type\":\"ListItem\",\"position\":1,\"name\":\"Accueil\",\"item\":\"https:\/\/theplayoffs.news\/fr\/\"},{\"@type\":\"ListItem\",\"position\":2,\"name\":\"Don Waddell vers les Columbus Blue Jackets\"}]},{\"@type\":\"WebSite\",\"@id\":\"https:\/\/theplayoffs.news\/fr\/#website\",\"url\":\"https:\/\/theplayoffs.news\/fr\/\",\"name\":\"The Playoffs FR\",\"description\":\"NBA-NFL-NHL-MLB\",\"potentialAction\":[{\"@type\":\"SearchAction\",\"target\":{\"@type\":\"EntryPoint\",\"urlTemplate\":\"https:\/\/theplayoffs.news\/fr\/?s={search_term_string}\"},\"query-input\":{\"@type\":\"PropertyValueSpecification\",\"valueRequired\":true,\"valueName\":\"search_term_string\"}}],\"inLanguage\":\"fr-FR\"},{\"@type\":\"Person\",\"@id\":\"https:\/\/theplayoffs.news\/fr\/#\/schema\/person\/6c57838882f89046acb1a469126746b7\",\"name\":\"Augustin Riveron\",\"image\":{\"@type\":\"ImageObject\",\"inLanguage\":\"fr-FR\",\"@id\":\"https:\/\/theplayoffs.news\/fr\/#\/schema\/person\/image\/\",\"url\":\"https:\/\/secure.gravatar.com\/avatar\/a60ae09e43d53d832185e44e4832a6bbb342aaf556e8b223a779777ab6267eec?s=96&d=mm&r=g\",\"contentUrl\":\"https:\/\/secure.gravatar.com\/avatar\/a60ae09e43d53d832185e44e4832a6bbb342aaf556e8b223a779777ab6267eec?s=96&d=mm&r=g\",\"caption\":\"Augustin Riveron\"},\"url\":\"https:\/\/theplayoffs.news\/fr\/author\/augustin-riveronwin-sport-school-org\/\"}]}<\/script>\n<!-- \/ Yoast SEO plugin. -->","yoast_head_json":{"title":"Don Waddell vers les Columbus Blue Jackets - The Playoffs FR","robots":{"index":"index","follow":"follow","max-snippet":"max-snippet:-1","max-image-preview":"max-image-preview:large","max-video-preview":"max-video-preview:-1"},"canonical":"https:\/\/theplayoffs.news\/fr\/actualite-nhl\/don-waddell-vers-les-columbus-blue-jackets\/","og_locale":"fr_FR","og_type":"article","og_title":"Don Waddell vers les Columbus Blue Jackets - The Playoffs FR","og_url":"https:\/\/theplayoffs.news\/fr\/actualite-nhl\/don-waddell-vers-les-columbus-blue-jackets\/","og_site_name":"The Playoffs FR","article_publisher":"https:\/\/www.facebook.com\/TheFreeAgentFR\/","article_modified_time":"2024-05-27T10:11:08+00:00","og_image":[{"width":1920,"height":1192,"url":"https:\/\/theplayoffs.news\/fr\/wp-content\/uploads\/2024\/05\/Photo-Don-Waddell-2.jpg","type":"image\/jpeg"}],"author":"Augustin Riveron","twitter_card":"summary_large_image","twitter_creator":"@TheFreeAgentFR","twitter_site":"@TheFreeAgentFR","twitter_misc":{"\u00c9crit par":"Augustin Riveron","Dur\u00e9e de lecture estim\u00e9e":"1 minute"},"schema":{"@context":"https:\/\/schema.org","@graph":[{"@type":"WebPage","@id":"https:\/\/theplayoffs.news\/fr\/actualite-nhl\/don-waddell-vers-les-columbus-blue-jackets\/","url":"https:\/\/theplayoffs.news\/fr\/actualite-nhl\/don-waddell-vers-les-columbus-blue-jackets\/","name":"Don Waddell vers les Columbus Blue Jackets - The Playoffs FR","isPartOf":{"@id":"https:\/\/theplayoffs.news\/fr\/#website"},"primaryImageOfPage":{"@id":"https:\/\/theplayoffs.news\/fr\/actualite-nhl\/don-waddell-vers-les-columbus-blue-jackets\/#primaryimage"},"image":{"@id":"https:\/\/theplayoffs.news\/fr\/actualite-nhl\/don-waddell-vers-les-columbus-blue-jackets\/#primaryimage"},"thumbnailUrl":"https:\/\/theplayoffs.news\/fr\/wp-content\/uploads\/2024\/05\/Photo-Don-Waddell-2.jpg","datePublished":"2024-05-27T10:40:55+00:00","dateModified":"2024-05-27T12:40:55+02:00","author":{"@id":"https:\/\/theplayoffs.news\/fr\/#\/schema\/person\/6c57838882f89046acb1a469126746b7"},"breadcrumb":{"@id":"https:\/\/theplayoffs.news\/fr\/actualite-nhl\/don-waddell-vers-les-columbus-blue-jackets\/#breadcrumb"},"inLanguage":"fr-FR","potentialAction":[{"@type":"ReadAction","target":["https:\/\/theplayoffs.news\/fr\/actualite-nhl\/don-waddell-vers-les-columbus-blue-jackets\/"]}]},{"@type":"ImageObject","inLanguage":"fr-FR","@id":"https:\/\/theplayoffs.news\/fr\/actualite-nhl\/don-waddell-vers-les-columbus-blue-jackets\/#primaryimage","url":"https:\/\/theplayoffs.news\/fr\/wp-content\/uploads\/2024\/05\/Photo-Don-Waddell-2.jpg","contentUrl":"https:\/\/theplayoffs.news\/fr\/wp-content\/uploads\/2024\/05\/Photo-Don-Waddell-2.jpg","width":1920,"height":1192,"caption":"Jan 11, 2024; Raleigh, North Carolina, USA; Carolina Hurricanes general manger Don Waddell talks to the press between the 1st and 2nd period against the Anaheim Ducks at PNC Arena. Mandatory Credit: James Guillory-USA TODAY Sports"},{"@type":"BreadcrumbList","@id":"https:\/\/theplayoffs.news\/fr\/actualite-nhl\/don-waddell-vers-les-columbus-blue-jackets\/#breadcrumb","itemListElement":[{"@type":"ListItem","position":1,"name":"Accueil","item":"https:\/\/theplayoffs.news\/fr\/"},{"@type":"ListItem","position":2,"name":"Don Waddell vers les Columbus Blue Jackets"}]},{"@type":"WebSite","@id":"https:\/\/theplayoffs.news\/fr\/#website","url":"https:\/\/theplayoffs.news\/fr\/","name":"The Playoffs FR","description":"NBA-NFL-NHL-MLB","potentialAction":[{"@type":"SearchAction","target":{"@type":"EntryPoint","urlTemplate":"https:\/\/theplayoffs.news\/fr\/?s={search_term_string}"},"query-input":{"@type":"PropertyValueSpecification","valueRequired":true,"valueName":"search_term_string"}}],"inLanguage":"fr-FR"},{"@type":"Person","@id":"https:\/\/theplayoffs.news\/fr\/#\/schema\/person\/6c57838882f89046acb1a469126746b7","name":"Augustin Riveron","image":{"@type":"ImageObject","inLanguage":"fr-FR","@id":"https:\/\/theplayoffs.news\/fr\/#\/schema\/person\/image\/","url":"https:\/\/secure.gravatar.com\/avatar\/a60ae09e43d53d832185e44e4832a6bbb342aaf556e8b223a779777ab6267eec?s=96&d=mm&r=g","contentUrl":"https:\/\/secure.gravatar.com\/avatar\/a60ae09e43d53d832185e44e4832a6bbb342aaf556e8b223a779777ab6267eec?s=96&d=mm&r=g","caption":"Augustin Riveron"},"url":"https:\/\/theplayoffs.news\/fr\/author\/augustin-riveronwin-sport-school-org\/"}]}},"_links":{"self":[{"href":"https:\/\/theplayoffs.news\/fr\/wp-json\/wp\/v2\/posts\/1434760","targetHints":{"allow":["GET"]}}],"collection":[{"href":"https:\/\/theplayoffs.news\/fr\/wp-json\/wp\/v2\/posts"}],"about":[{"href":"https:\/\/theplayoffs.news\/fr\/wp-json\/wp\/v2\/types\/post"}],"author":[{"embeddable":true,"href":"https:\/\/theplayoffs.news\/fr\/wp-json\/wp\/v2\/users\/180310241"}],"replies":[{"embeddable":true,"href":"https:\/\/theplayoffs.news\/fr\/wp-json\/wp\/v2\/comments?post=1434760"}],"version-history":[{"count":3,"href":"https:\/\/theplayoffs.news\/fr\/wp-json\/wp\/v2\/posts\/1434760\/revisions"}],"predecessor-version":[{"id":1434803,"href":"https:\/\/theplayoffs.news\/fr\/wp-json\/wp\/v2\/posts\/1434760\/revisions\/1434803"}],"wp:featuredmedia":[{"embeddable":true,"href":"https:\/\/theplayoffs.news\/fr\/wp-json\/wp\/v2\/media\/1434793"}],"wp:attachment":[{"href":"https:\/\/theplayoffs.news\/fr\/wp-json\/wp\/v2\/media?parent=1434760"}],"wp:term":[{"taxonomy":"category","embeddable":true,"href":"https:\/\/theplayoffs.news\/fr\/wp-json\/wp\/v2\/categories?post=1434760"},{"taxonomy":"post_tag","embeddable":true,"href":"https:\/\/theplayoffs.news\/fr\/wp-json\/wp\/v2\/tags?post=1434760"},{"taxonomy":"sport","embeddable":true,"href":"https:\/\/theplayoffs.news\/fr\/wp-json\/wp\/v2\/sport?post=1434760"},{"taxonomy":"saison","embeddable":true,"href":"https:\/\/theplayoffs.news\/fr\/wp-json\/wp\/v2\/saison?post=1434760"}],"curies":[{"name":"wp","href":"https:\/\/api.w.org\/{rel}","templated":true}]}}