{"id":1434276,"date":"2024-05-24T15:15:12","date_gmt":"2024-05-24T13:15:12","guid":{"rendered":"https:\/\/theplayoffs.news\/fr\/?p=1434276"},"modified":"2024-05-24T15:39:54","modified_gmt":"2024-05-24T13:39:54","slug":"gabriel-landeskog-determine-a-revenir","status":"publish","type":"post","link":"https:\/\/theplayoffs.news\/fr\/actualite-nhl\/gabriel-landeskog-determine-a-revenir\/","title":{"rendered":"Gabriel Landeskog d\u00e9termin\u00e9 \u00e0 revenir"},"content":{"rendered":"<h2>Alors absent depuis la saison 2021-2022, Gabriel Landeskog esp&egrave;re toujours pouvoir rejouer avec les Colorado Avalanche la saison prochaine<\/h2><p>&Ccedil;a commence &agrave; faire longtemps qu&rsquo;on n&rsquo;a pas vu <a href=\"https:\/\/theplayoffs.news\/fr\/joueur\/gabriel-landeskog-nhl-5125218\/\" class=\"trk-cta-link\" data-cta-trk='{\"ctaType\":\"Link\",\"ctaSubType\":\"main\"}'>Gabriel Landeskog<\/a> sur les patinoires de la NHL, pr&eacute;cis&eacute;ment depuis le Game 6 de la finale 2022. Un moment qui semble lointain, trop lointain, mais <a href=\"https:\/\/x.com\/DNVR_Avalanche\/status\/1793724538599223397\" class=\"trk-cta-link\" data-cta-trk='{\"ctaType\":\"Link\",\"ctaSubType\":\"main\"}'>Gabriel Landeskog se sent toujours comme un joueur de Colorado<\/a>.<\/p><blockquote><p><em>&laquo; Je me sens vraiment bien depuis deux mois d&rsquo;affil&eacute;e, sans aucun recul, majeur ou mineur &raquo;, a assur&eacute; Landeskog lors du bilan de fin de saison de l&rsquo;&eacute;quipe.<\/em><\/p><\/blockquote><p>Gabriel Landeskog explique que la r&eacute;&eacute;ducation de son genou n&rsquo;a pas &eacute;t&eacute; de tout repos et qu&rsquo;il a d&ucirc; faire preuve de patience.<\/p><p>Gabriel Landeskog a &eacute;t&eacute; op&eacute;r&eacute; au genou avant le d&eacute;but de la saison 2022-2023, ce qui l&rsquo;a exclu des premiers mois de la campagne. Cependant, il n&rsquo;est pas revenu au jeu et a &eacute;t&eacute; hospitalis&eacute; pour une greffe de cartilage au genou droit en mai 2023, ce qui l&rsquo;a emp&ecirc;ch&eacute; de jouer toute la saison 2023-2024.<\/p><p>En janvier, il a repris le patinage, mais il ne semblait pas pr&ecirc;t &agrave; reprendre des s&eacute;ances d&rsquo;entra&icirc;nement compl&egrave;tes.<\/p><blockquote><p><em>&laquo; Ce que je fais, c&rsquo;est essentiellement jeter les bases de ma nouvelle technique de patinage avec une nouvelle pi&egrave;ce dans mon genou &raquo;, a-t-il expliqu&eacute;.<\/em><\/p><\/blockquote><p>Il reste cinq saisons &agrave; &eacute;couler au contrat de huit ans et 56 millions $ de Landeskog, qui touche un salaire annuel moyen de 7 M$. Une d&eacute;cision compliqu&eacute;e &agrave; prendre pour les Avalanche pour d&eacute;terminer s&rsquo;il est toujours aussi utile &agrave; l&rsquo;&eacute;quipe ou s&rsquo;il est un poids pour les finances du club.<\/p><blockquote class=\"twitter-tweet\" data-width=\"500\" data-dnt=\"true\">\n<p lang=\"en\" dir=\"ltr\">Gabriel Landeskog is not retiring.<\/p>\n<p>&ldquo;He&rsquo;s earned the right to have as much time as it takes to get back on the ice.&rdquo;<\/p>\n<p>Chris MacFarland and Gabriel Landeskog addressed the media this afternoon. Watch the full availability &#11015;&#65039; <a href=\"https:\/\/t.co\/8u2Kosey9f\" class=\"trk-cta-link\" data-cta-trk='{\"ctaType\":\"Link\",\"ctaSubType\":\"main\"}'>pic.twitter.com\/8u2Kosey9f<\/a><\/p>\n<p>&mdash; DNVR Avalanche (@DNVR_Avalanche) <a href=\"https:\/\/twitter.com\/DNVR_Avalanche\/status\/1793724538599223397?ref_src=twsrc%5Etfw\" class=\"trk-cta-link\" data-cta-trk='{\"ctaType\":\"Link\",\"ctaSubType\":\"main\"}'>May 23, 2024<\/a><\/p><\/blockquote><p><script async src=\"https:\/\/platform.twitter.com\/widgets.js\" charset=\"utf-8\"><\/script><\/p><p>Credit Photo : Ron Chenoy-USA TODAY Sports<\/p>\n","protected":false},"excerpt":{"rendered":"","protected":false},"author":180310241,"featured_media":1434307,"comment_status":"open","ping_status":"closed","sticky":false,"template":"","format":"standard","meta":{"inline_featured_image":false,"kia_subtitle":"","_mux_skip_reasons":[],"proofreadBy":0,"footnotes":""},"categories":[187,26],"tags":[91,3133],"sport":[2784],"saison":[6111],"class_list":["post-1434276","post","type-post","status-publish","format-standard","has-post-thumbnail","hentry","category-actualite-nhl","category-nhl","tag-colorado-avalanche","tag-gabriel-landeskog","sport-nhl","saison-6111"],"acf":[],"yoast_head":"<!-- This site is optimized with the Yoast SEO plugin v24.2 - https:\/\/yoast.com\/wordpress\/plugins\/seo\/ -->\n<title>Gabriel Landeskog d&eacute;termin&eacute; &agrave; revenir - The Playoffs FR<\/title>\n<meta name=\"robots\" content=\"index, follow, max-snippet:-1, max-image-preview:large, max-video-preview:-1\" \/>\n<link rel=\"canonical\" href=\"https:\/\/theplayoffs.news\/fr\/actualite-nhl\/gabriel-landeskog-determine-a-revenir\/\" \/>\n<meta property=\"og:locale\" content=\"fr_FR\" \/>\n<meta property=\"og:type\" content=\"article\" \/>\n<meta property=\"og:title\" content=\"Gabriel Landeskog d&eacute;termin&eacute; &agrave; revenir - The Playoffs FR\" \/>\n<meta property=\"og:url\" content=\"https:\/\/theplayoffs.news\/fr\/actualite-nhl\/gabriel-landeskog-determine-a-revenir\/\" \/>\n<meta property=\"og:site_name\" content=\"The Playoffs FR\" \/>\n<meta property=\"article:publisher\" content=\"https:\/\/www.facebook.com\/TheFreeAgentFR\/\" \/>\n<meta property=\"article:modified_time\" content=\"2024-05-24T15:39:54+02:00\" \/>\n<meta property=\"og:image\" content=\"https:\/\/theplayoffs.news\/fr\/wp-content\/uploads\/2024\/05\/Photo-Gabriel-Landeskog.jpg\" \/>\n\t<meta property=\"og:image:width\" content=\"1920\" \/>\n\t<meta property=\"og:image:height\" content=\"1299\" \/>\n\t<meta property=\"og:image:type\" content=\"image\/jpeg\" \/>\n<meta name=\"author\" content=\"Augustin Riveron\" \/>\n<meta name=\"twitter:card\" content=\"summary_large_image\" \/>\n<meta name=\"twitter:creator\" content=\"@TheFreeAgentFR\" \/>\n<meta name=\"twitter:site\" content=\"@TheFreeAgentFR\" \/>\n<meta name=\"twitter:label1\" content=\"\u00c9crit par\" \/>\n\t<meta name=\"twitter:data1\" content=\"Augustin Riveron\" \/>\n\t<meta name=\"twitter:label2\" content=\"Dur\u00e9e de lecture estim\u00e9e\" \/>\n\t<meta name=\"twitter:data2\" content=\"1 minute\" \/>\n<script type=\"application\/ld+json\" class=\"yoast-schema-graph\">{\"@context\":\"https:\/\/schema.org\",\"@graph\":[{\"@type\":\"WebPage\",\"@id\":\"https:\/\/theplayoffs.news\/fr\/actualite-nhl\/gabriel-landeskog-determine-a-revenir\/\",\"url\":\"https:\/\/theplayoffs.news\/fr\/actualite-nhl\/gabriel-landeskog-determine-a-revenir\/\",\"name\":\"Gabriel Landeskog d\u00e9termin\u00e9 \u00e0 revenir - The Playoffs FR\",\"isPartOf\":{\"@id\":\"https:\/\/theplayoffs.news\/fr\/#website\"},\"primaryImageOfPage\":{\"@id\":\"https:\/\/theplayoffs.news\/fr\/actualite-nhl\/gabriel-landeskog-determine-a-revenir\/#primaryimage\"},\"image\":{\"@id\":\"https:\/\/theplayoffs.news\/fr\/actualite-nhl\/gabriel-landeskog-determine-a-revenir\/#primaryimage\"},\"thumbnailUrl\":\"https:\/\/theplayoffs.news\/fr\/wp-content\/uploads\/2024\/05\/Photo-Gabriel-Landeskog.jpg\",\"datePublished\":\"2024-05-24T13:15:12+00:00\",\"dateModified\":\"2024-05-24T13:39:54+00:00\",\"author\":{\"@id\":\"https:\/\/theplayoffs.news\/fr\/#\/schema\/person\/6c57838882f89046acb1a469126746b7\"},\"breadcrumb\":{\"@id\":\"https:\/\/theplayoffs.news\/fr\/actualite-nhl\/gabriel-landeskog-determine-a-revenir\/#breadcrumb\"},\"inLanguage\":\"fr-FR\",\"potentialAction\":[{\"@type\":\"ReadAction\",\"target\":[\"https:\/\/theplayoffs.news\/fr\/actualite-nhl\/gabriel-landeskog-determine-a-revenir\/\"]}]},{\"@type\":\"ImageObject\",\"inLanguage\":\"fr-FR\",\"@id\":\"https:\/\/theplayoffs.news\/fr\/actualite-nhl\/gabriel-landeskog-determine-a-revenir\/#primaryimage\",\"url\":\"https:\/\/theplayoffs.news\/fr\/wp-content\/uploads\/2024\/05\/Photo-Gabriel-Landeskog.jpg\",\"contentUrl\":\"https:\/\/theplayoffs.news\/fr\/wp-content\/uploads\/2024\/05\/Photo-Gabriel-Landeskog.jpg\",\"width\":1920,\"height\":1299,\"caption\":\"Apr 13, 2023; Denver, Colorado, USA; Colorado Avalanche left wing Gabriel Landeskog (92) speaks to the media before the game at Ball Arena. Mandatory Credit: Ron Chenoy-USA TODAY Sports\"},{\"@type\":\"BreadcrumbList\",\"@id\":\"https:\/\/theplayoffs.news\/fr\/actualite-nhl\/gabriel-landeskog-determine-a-revenir\/#breadcrumb\",\"itemListElement\":[{\"@type\":\"ListItem\",\"position\":1,\"name\":\"Accueil\",\"item\":\"https:\/\/theplayoffs.news\/fr\/\"},{\"@type\":\"ListItem\",\"position\":2,\"name\":\"Gabriel Landeskog d\u00e9termin\u00e9 \u00e0 revenir\"}]},{\"@type\":\"WebSite\",\"@id\":\"https:\/\/theplayoffs.news\/fr\/#website\",\"url\":\"https:\/\/theplayoffs.news\/fr\/\",\"name\":\"The Playoffs FR\",\"description\":\"NBA-NFL-NHL-MLB\",\"potentialAction\":[{\"@type\":\"SearchAction\",\"target\":{\"@type\":\"EntryPoint\",\"urlTemplate\":\"https:\/\/theplayoffs.news\/fr\/?s={search_term_string}\"},\"query-input\":{\"@type\":\"PropertyValueSpecification\",\"valueRequired\":true,\"valueName\":\"search_term_string\"}}],\"inLanguage\":\"fr-FR\"},{\"@type\":\"Person\",\"@id\":\"https:\/\/theplayoffs.news\/fr\/#\/schema\/person\/6c57838882f89046acb1a469126746b7\",\"name\":\"Augustin Riveron\",\"image\":{\"@type\":\"ImageObject\",\"inLanguage\":\"fr-FR\",\"@id\":\"https:\/\/theplayoffs.news\/fr\/#\/schema\/person\/image\/\",\"url\":\"https:\/\/secure.gravatar.com\/avatar\/a60ae09e43d53d832185e44e4832a6bbb342aaf556e8b223a779777ab6267eec?s=96&d=mm&r=g\",\"contentUrl\":\"https:\/\/secure.gravatar.com\/avatar\/a60ae09e43d53d832185e44e4832a6bbb342aaf556e8b223a779777ab6267eec?s=96&d=mm&r=g\",\"caption\":\"Augustin Riveron\"},\"url\":\"https:\/\/theplayoffs.news\/fr\/author\/augustin-riveronwin-sport-school-org\/\"}]}<\/script>\n<!-- \/ Yoast SEO plugin. -->","yoast_head_json":{"title":"Gabriel Landeskog d&eacute;termin&eacute; &agrave; revenir - The Playoffs FR","robots":{"index":"index","follow":"follow","max-snippet":"max-snippet:-1","max-image-preview":"max-image-preview:large","max-video-preview":"max-video-preview:-1"},"canonical":"https:\/\/theplayoffs.news\/fr\/actualite-nhl\/gabriel-landeskog-determine-a-revenir\/","og_locale":"fr_FR","og_type":"article","og_title":"Gabriel Landeskog d&eacute;termin&eacute; &agrave; revenir - The Playoffs FR","og_url":"https:\/\/theplayoffs.news\/fr\/actualite-nhl\/gabriel-landeskog-determine-a-revenir\/","og_site_name":"The Playoffs FR","article_publisher":"https:\/\/www.facebook.com\/TheFreeAgentFR\/","article_modified_time":"2024-05-24T13:39:54+00:00","og_image":[{"width":1920,"height":1299,"url":"https:\/\/theplayoffs.news\/fr\/wp-content\/uploads\/2024\/05\/Photo-Gabriel-Landeskog.jpg","type":"image\/jpeg"}],"author":"Augustin Riveron","twitter_card":"summary_large_image","twitter_creator":"@TheFreeAgentFR","twitter_site":"@TheFreeAgentFR","twitter_misc":{"\u00c9crit par":"Augustin Riveron","Dur\u00e9e de lecture estim\u00e9e":"1 minute"},"schema":{"@context":"https:\/\/schema.org","@graph":[{"@type":"WebPage","@id":"https:\/\/theplayoffs.news\/fr\/actualite-nhl\/gabriel-landeskog-determine-a-revenir\/","url":"https:\/\/theplayoffs.news\/fr\/actualite-nhl\/gabriel-landeskog-determine-a-revenir\/","name":"Gabriel Landeskog d\u00e9termin\u00e9 \u00e0 revenir - The Playoffs FR","isPartOf":{"@id":"https:\/\/theplayoffs.news\/fr\/#website"},"primaryImageOfPage":{"@id":"https:\/\/theplayoffs.news\/fr\/actualite-nhl\/gabriel-landeskog-determine-a-revenir\/#primaryimage"},"image":{"@id":"https:\/\/theplayoffs.news\/fr\/actualite-nhl\/gabriel-landeskog-determine-a-revenir\/#primaryimage"},"thumbnailUrl":"https:\/\/theplayoffs.news\/fr\/wp-content\/uploads\/2024\/05\/Photo-Gabriel-Landeskog.jpg","datePublished":"2024-05-24T13:15:12+00:00","dateModified":"2024-05-24T13:39:54+00:00","author":{"@id":"https:\/\/theplayoffs.news\/fr\/#\/schema\/person\/6c57838882f89046acb1a469126746b7"},"breadcrumb":{"@id":"https:\/\/theplayoffs.news\/fr\/actualite-nhl\/gabriel-landeskog-determine-a-revenir\/#breadcrumb"},"inLanguage":"fr-FR","potentialAction":[{"@type":"ReadAction","target":["https:\/\/theplayoffs.news\/fr\/actualite-nhl\/gabriel-landeskog-determine-a-revenir\/"]}]},{"@type":"ImageObject","inLanguage":"fr-FR","@id":"https:\/\/theplayoffs.news\/fr\/actualite-nhl\/gabriel-landeskog-determine-a-revenir\/#primaryimage","url":"https:\/\/theplayoffs.news\/fr\/wp-content\/uploads\/2024\/05\/Photo-Gabriel-Landeskog.jpg","contentUrl":"https:\/\/theplayoffs.news\/fr\/wp-content\/uploads\/2024\/05\/Photo-Gabriel-Landeskog.jpg","width":1920,"height":1299,"caption":"Apr 13, 2023; Denver, Colorado, USA; Colorado Avalanche left wing Gabriel Landeskog (92) speaks to the media before the game at Ball Arena. Mandatory Credit: Ron Chenoy-USA TODAY Sports"},{"@type":"BreadcrumbList","@id":"https:\/\/theplayoffs.news\/fr\/actualite-nhl\/gabriel-landeskog-determine-a-revenir\/#breadcrumb","itemListElement":[{"@type":"ListItem","position":1,"name":"Accueil","item":"https:\/\/theplayoffs.news\/fr\/"},{"@type":"ListItem","position":2,"name":"Gabriel Landeskog d\u00e9termin\u00e9 \u00e0 revenir"}]},{"@type":"WebSite","@id":"https:\/\/theplayoffs.news\/fr\/#website","url":"https:\/\/theplayoffs.news\/fr\/","name":"The Playoffs FR","description":"NBA-NFL-NHL-MLB","potentialAction":[{"@type":"SearchAction","target":{"@type":"EntryPoint","urlTemplate":"https:\/\/theplayoffs.news\/fr\/?s={search_term_string}"},"query-input":{"@type":"PropertyValueSpecification","valueRequired":true,"valueName":"search_term_string"}}],"inLanguage":"fr-FR"},{"@type":"Person","@id":"https:\/\/theplayoffs.news\/fr\/#\/schema\/person\/6c57838882f89046acb1a469126746b7","name":"Augustin Riveron","image":{"@type":"ImageObject","inLanguage":"fr-FR","@id":"https:\/\/theplayoffs.news\/fr\/#\/schema\/person\/image\/","url":"https:\/\/secure.gravatar.com\/avatar\/a60ae09e43d53d832185e44e4832a6bbb342aaf556e8b223a779777ab6267eec?s=96&d=mm&r=g","contentUrl":"https:\/\/secure.gravatar.com\/avatar\/a60ae09e43d53d832185e44e4832a6bbb342aaf556e8b223a779777ab6267eec?s=96&d=mm&r=g","caption":"Augustin Riveron"},"url":"https:\/\/theplayoffs.news\/fr\/author\/augustin-riveronwin-sport-school-org\/"}]}},"_links":{"self":[{"href":"https:\/\/theplayoffs.news\/fr\/wp-json\/wp\/v2\/posts\/1434276","targetHints":{"allow":["GET"]}}],"collection":[{"href":"https:\/\/theplayoffs.news\/fr\/wp-json\/wp\/v2\/posts"}],"about":[{"href":"https:\/\/theplayoffs.news\/fr\/wp-json\/wp\/v2\/types\/post"}],"author":[{"embeddable":true,"href":"https:\/\/theplayoffs.news\/fr\/wp-json\/wp\/v2\/users\/180310241"}],"replies":[{"embeddable":true,"href":"https:\/\/theplayoffs.news\/fr\/wp-json\/wp\/v2\/comments?post=1434276"}],"version-history":[{"count":2,"href":"https:\/\/theplayoffs.news\/fr\/wp-json\/wp\/v2\/posts\/1434276\/revisions"}],"predecessor-version":[{"id":1434344,"href":"https:\/\/theplayoffs.news\/fr\/wp-json\/wp\/v2\/posts\/1434276\/revisions\/1434344"}],"wp:featuredmedia":[{"embeddable":true,"href":"https:\/\/theplayoffs.news\/fr\/wp-json\/wp\/v2\/media\/1434307"}],"wp:attachment":[{"href":"https:\/\/theplayoffs.news\/fr\/wp-json\/wp\/v2\/media?parent=1434276"}],"wp:term":[{"taxonomy":"category","embeddable":true,"href":"https:\/\/theplayoffs.news\/fr\/wp-json\/wp\/v2\/categories?post=1434276"},{"taxonomy":"post_tag","embeddable":true,"href":"https:\/\/theplayoffs.news\/fr\/wp-json\/wp\/v2\/tags?post=1434276"},{"taxonomy":"sport","embeddable":true,"href":"https:\/\/theplayoffs.news\/fr\/wp-json\/wp\/v2\/sport?post=1434276"},{"taxonomy":"saison","embeddable":true,"href":"https:\/\/theplayoffs.news\/fr\/wp-json\/wp\/v2\/saison?post=1434276"}],"curies":[{"name":"wp","href":"https:\/\/api.w.org\/{rel}","templated":true}]}}