{"id":1432898,"date":"2024-05-17T14:16:33","date_gmt":"2024-05-17T12:16:33","guid":{"rendered":"https:\/\/theplayoffs.news\/fr\/?p=1432898"},"modified":"2024-05-17T14:16:33","modified_gmt":"2024-05-17T12:16:33","slug":"justin-simmons-les-broncos-ne-devrait-pas-le-reprendre","status":"publish","type":"post","link":"https:\/\/theplayoffs.news\/fr\/actualite-nfl\/justin-simmons-les-broncos-ne-devrait-pas-le-reprendre\/","title":{"rendered":"Justin Simmons : les Broncos ne devrait pas le reprendre"},"content":{"rendered":"<h2>Coup&eacute; par les Broncos au mois de Mars, le safety Justin Simmons ne devrait pas revenir sous le maillot orange de Denver.<\/h2><p>Selon <a href=\"https:\/\/www.denverpost.com\/2024\/05\/14\/broncos-mailbag-trade-cut-candidates\/\" class=\"trk-cta-link\" data-cta-trk='{\"ctaType\":\"Link\",\"ctaSubType\":\"main\"}'>le Denver post<\/a>, la probabilit&eacute; de le voir revenir est quasi nulle pour plusieurs raisons. Tout d&rsquo;abord les signatures.<\/p><p>Denver a sign&eacute; <a href=\"https:\/\/theplayoffs.news\/fr\/joueur\/brandon-jones-nfl-8078118\/\" class=\"trk-cta-link\" data-cta-trk='{\"ctaType\":\"Link\",\"ctaSubType\":\"main\"}'>Brandon Jones<\/a> lors du premier jour de la free agency puis a fait revenir P.J. Locke. Les Broncos ont sans doute avec, Caden Sterns, leur trio pour la saison. De plus, le long communiqu&eacute; fait par la franchise semble enterrer les espoirs de retour d&eacute;finitivement.<\/p><p>Enfin, le num&eacute;ro 31 port&eacute; par Justin Simmons a &eacute;t&eacute; donn&eacute; &agrave; Kris Abrams-Draine, le cornerback.<\/p><p>Simmons fait clairement partie des agents libre encore disponible tr&egrave;s interessant m&ecirc;me &agrave; 30 ans. pourtant, les signes n&rsquo;int&eacute;r&ecirc;ts ne sont pas forc&eacute;ment nombreux pour le v&eacute;t&eacute;ran &agrave; travers la ligue.<\/p><h3>O&ugrave; Simmons pourrait-il atterrir ?<\/h3><p>La signature d&rsquo;Antoine Winfield Jr a sans doute port&eacute; un coup &agrave; la candidature et au dossier de Simmons. Cependant, <a href=\"https:\/\/www.nytimes.com\/athletic\/5493699\/2024\/05\/15\/nfl-free-agents-best-available-post-draft\/\" class=\"trk-cta-link\" data-cta-trk='{\"ctaType\":\"Link\",\"ctaSubType\":\"main\"}'>Randy Mueller de The Athletic<\/a> &eacute;voque les Eagles comme point de chute pour le safety.<\/p><p>Tout d&rsquo;abord son affinit&eacute; avec Vic Fangio, coordinateur des Eagles &agrave; pr&eacute;sent, serait un vrai plus pour la d&eacute;fense des Eagles. Car, ces Eagles se sont tourn&eacute;s vers la jeunesse dans le secondary avec &nbsp;Quinyon Mitchell et Cooper DeJean, en plus de CJ Gardner-Johnson fraichement arriv&eacute;.<\/p><p>Justin Simmons poss&egrave;de un QI football suffisamment d&eacute;velopp&eacute; pour se fondre dans un moule.<\/p><p>La vraie question sera celle du montant du contrat.<\/p><p>Credit photo : Isaiah J. Downing-USA TODAY Sports<\/p>\n","protected":false},"excerpt":{"rendered":"","protected":false},"author":13,"featured_media":1432899,"comment_status":"open","ping_status":"closed","sticky":false,"template":"","format":"standard","meta":{"inline_featured_image":false,"kia_subtitle":"","_mux_skip_reasons":[],"proofreadBy":0,"footnotes":""},"categories":[118,40],"tags":[926,2175],"sport":[],"saison":[],"class_list":["post-1432898","post","type-post","status-publish","format-standard","has-post-thumbnail","hentry","category-actualite-nfl","category-nfl","tag-denver-broncos","tag-justin-simmons"],"acf":[],"yoast_head":"<!-- This site is optimized with the Yoast SEO plugin v24.2 - https:\/\/yoast.com\/wordpress\/plugins\/seo\/ -->\n<title>Justin Simmons : les Broncos ne devrait pas le reprendre - The Playoffs FR<\/title>\n<meta name=\"robots\" content=\"index, follow, max-snippet:-1, max-image-preview:large, max-video-preview:-1\" \/>\n<link rel=\"canonical\" href=\"https:\/\/theplayoffs.news\/fr\/actualite-nfl\/justin-simmons-les-broncos-ne-devrait-pas-le-reprendre\/\" \/>\n<meta property=\"og:locale\" content=\"fr_FR\" \/>\n<meta property=\"og:type\" content=\"article\" \/>\n<meta property=\"og:title\" content=\"Justin Simmons : les Broncos ne devrait pas le reprendre - The Playoffs FR\" \/>\n<meta property=\"og:url\" content=\"https:\/\/theplayoffs.news\/fr\/actualite-nfl\/justin-simmons-les-broncos-ne-devrait-pas-le-reprendre\/\" \/>\n<meta property=\"og:site_name\" content=\"The Playoffs FR\" \/>\n<meta property=\"article:publisher\" content=\"https:\/\/www.facebook.com\/TheFreeAgentFR\/\" \/>\n<meta property=\"article:modified_time\" content=\"2024-05-17T14:16:33+02:00\" \/>\n<meta property=\"og:image\" content=\"https:\/\/theplayoffs.news\/fr\/wp-content\/uploads\/2024\/05\/USATSI_21770781.jpg\" \/>\n\t<meta property=\"og:image:width\" content=\"1920\" \/>\n\t<meta property=\"og:image:height\" content=\"1280\" \/>\n\t<meta property=\"og:image:type\" content=\"image\/jpeg\" \/>\n<meta name=\"author\" content=\"Charles Taudin\" \/>\n<meta name=\"twitter:card\" content=\"summary_large_image\" \/>\n<meta name=\"twitter:creator\" content=\"@TheFreeAgentFR\" \/>\n<meta name=\"twitter:site\" content=\"@TheFreeAgentFR\" \/>\n<meta name=\"twitter:label1\" content=\"\u00c9crit par\" \/>\n\t<meta name=\"twitter:data1\" content=\"Charles Taudin\" \/>\n\t<meta name=\"twitter:label2\" content=\"Dur\u00e9e de lecture estim\u00e9e\" \/>\n\t<meta name=\"twitter:data2\" content=\"1 minute\" \/>\n<script type=\"application\/ld+json\" class=\"yoast-schema-graph\">{\"@context\":\"https:\/\/schema.org\",\"@graph\":[{\"@type\":\"WebPage\",\"@id\":\"https:\/\/theplayoffs.news\/fr\/actualite-nfl\/justin-simmons-les-broncos-ne-devrait-pas-le-reprendre\/\",\"url\":\"https:\/\/theplayoffs.news\/fr\/actualite-nfl\/justin-simmons-les-broncos-ne-devrait-pas-le-reprendre\/\",\"name\":\"Justin Simmons : les Broncos ne devrait pas le reprendre - The Playoffs FR\",\"isPartOf\":{\"@id\":\"https:\/\/theplayoffs.news\/fr\/#website\"},\"primaryImageOfPage\":{\"@id\":\"https:\/\/theplayoffs.news\/fr\/actualite-nfl\/justin-simmons-les-broncos-ne-devrait-pas-le-reprendre\/#primaryimage\"},\"image\":{\"@id\":\"https:\/\/theplayoffs.news\/fr\/actualite-nfl\/justin-simmons-les-broncos-ne-devrait-pas-le-reprendre\/#primaryimage\"},\"thumbnailUrl\":\"https:\/\/theplayoffs.news\/fr\/wp-content\/uploads\/2024\/05\/USATSI_21770781.jpg\",\"datePublished\":\"2024-05-17T12:16:33+00:00\",\"dateModified\":\"2024-05-17T12:16:33+00:00\",\"author\":{\"@id\":\"https:\/\/theplayoffs.news\/fr\/#\/schema\/person\/eee5b69ad5d3c51cabe881c839dbe133\"},\"breadcrumb\":{\"@id\":\"https:\/\/theplayoffs.news\/fr\/actualite-nfl\/justin-simmons-les-broncos-ne-devrait-pas-le-reprendre\/#breadcrumb\"},\"inLanguage\":\"fr-FR\",\"potentialAction\":[{\"@type\":\"ReadAction\",\"target\":[\"https:\/\/theplayoffs.news\/fr\/actualite-nfl\/justin-simmons-les-broncos-ne-devrait-pas-le-reprendre\/\"]}]},{\"@type\":\"ImageObject\",\"inLanguage\":\"fr-FR\",\"@id\":\"https:\/\/theplayoffs.news\/fr\/actualite-nfl\/justin-simmons-les-broncos-ne-devrait-pas-le-reprendre\/#primaryimage\",\"url\":\"https:\/\/theplayoffs.news\/fr\/wp-content\/uploads\/2024\/05\/USATSI_21770781.jpg\",\"contentUrl\":\"https:\/\/theplayoffs.news\/fr\/wp-content\/uploads\/2024\/05\/USATSI_21770781.jpg\",\"width\":1920,\"height\":1280,\"caption\":\"Oct 29, 2023; Denver, Colorado, USA; Denver Broncos safety Justin Simmons (31) reacts after the game against the Kansas City Chiefs at Empower Field at Mile High. Mandatory Credit: Isaiah J. Downing-USA TODAY Sports\"},{\"@type\":\"BreadcrumbList\",\"@id\":\"https:\/\/theplayoffs.news\/fr\/actualite-nfl\/justin-simmons-les-broncos-ne-devrait-pas-le-reprendre\/#breadcrumb\",\"itemListElement\":[{\"@type\":\"ListItem\",\"position\":1,\"name\":\"Accueil\",\"item\":\"https:\/\/theplayoffs.news\/fr\/\"},{\"@type\":\"ListItem\",\"position\":2,\"name\":\"Justin Simmons : les Broncos ne devrait pas le reprendre\"}]},{\"@type\":\"WebSite\",\"@id\":\"https:\/\/theplayoffs.news\/fr\/#website\",\"url\":\"https:\/\/theplayoffs.news\/fr\/\",\"name\":\"The Playoffs FR\",\"description\":\"NBA-NFL-NHL-MLB\",\"potentialAction\":[{\"@type\":\"SearchAction\",\"target\":{\"@type\":\"EntryPoint\",\"urlTemplate\":\"https:\/\/theplayoffs.news\/fr\/?s={search_term_string}\"},\"query-input\":{\"@type\":\"PropertyValueSpecification\",\"valueRequired\":true,\"valueName\":\"search_term_string\"}}],\"inLanguage\":\"fr-FR\"},{\"@type\":\"Person\",\"@id\":\"https:\/\/theplayoffs.news\/fr\/#\/schema\/person\/eee5b69ad5d3c51cabe881c839dbe133\",\"name\":\"Charles Taudin\",\"image\":{\"@type\":\"ImageObject\",\"inLanguage\":\"fr-FR\",\"@id\":\"https:\/\/theplayoffs.news\/fr\/#\/schema\/person\/image\/\",\"url\":\"https:\/\/secure.gravatar.com\/avatar\/59a1e772205ce9fd255edfcafc93013736822e20261f294c5753b20c41ede9f2?s=96&d=mm&r=g\",\"contentUrl\":\"https:\/\/secure.gravatar.com\/avatar\/59a1e772205ce9fd255edfcafc93013736822e20261f294c5753b20c41ede9f2?s=96&d=mm&r=g\",\"caption\":\"Charles Taudin\"},\"description\":\"R\u00e9dacteur en chef global de The Playoffs, j\u2019ai cr\u00e9\u00e9 The Free Agent, devenu The Playoffs FR, en 2020 durant la pand\u00e9mie. Amoureux depuis des ann\u00e9es des 4 sports majeurs am\u00e9ricains, j\u2019organise maintenant la strat\u00e9gie \u00e9ditoriale et les r\u00e9seaux sociaux de l\u2019ensemble des versions de The Playoffs. Il m\u2019arrive encore d\u2019\u00e9crire sur certains sports que j\u2019affectionne particuli\u00e8rement comme la NFL ou la MLB. Si vous devez retenir qu\u2019une chose : Eli Manning est le vrai GOAT pour avoir battu deux fois Tom Brady.\",\"sameAs\":[\"https:\/\/www.instagram.com\/ctaudin_\/\"],\"url\":\"https:\/\/theplayoffs.news\/fr\/author\/charles-taudin\/\"}]}<\/script>\n<!-- \/ Yoast SEO plugin. -->","yoast_head_json":{"title":"Justin Simmons : les Broncos ne devrait pas le reprendre - The Playoffs FR","robots":{"index":"index","follow":"follow","max-snippet":"max-snippet:-1","max-image-preview":"max-image-preview:large","max-video-preview":"max-video-preview:-1"},"canonical":"https:\/\/theplayoffs.news\/fr\/actualite-nfl\/justin-simmons-les-broncos-ne-devrait-pas-le-reprendre\/","og_locale":"fr_FR","og_type":"article","og_title":"Justin Simmons : les Broncos ne devrait pas le reprendre - The Playoffs FR","og_url":"https:\/\/theplayoffs.news\/fr\/actualite-nfl\/justin-simmons-les-broncos-ne-devrait-pas-le-reprendre\/","og_site_name":"The Playoffs FR","article_publisher":"https:\/\/www.facebook.com\/TheFreeAgentFR\/","og_image":[{"width":1920,"height":1280,"url":"https:\/\/theplayoffs.news\/fr\/wp-content\/uploads\/2024\/05\/USATSI_21770781.jpg","type":"image\/jpeg"}],"author":"Charles Taudin","twitter_card":"summary_large_image","twitter_creator":"@TheFreeAgentFR","twitter_site":"@TheFreeAgentFR","twitter_misc":{"\u00c9crit par":"Charles Taudin","Dur\u00e9e de lecture estim\u00e9e":"1 minute"},"schema":{"@context":"https:\/\/schema.org","@graph":[{"@type":"WebPage","@id":"https:\/\/theplayoffs.news\/fr\/actualite-nfl\/justin-simmons-les-broncos-ne-devrait-pas-le-reprendre\/","url":"https:\/\/theplayoffs.news\/fr\/actualite-nfl\/justin-simmons-les-broncos-ne-devrait-pas-le-reprendre\/","name":"Justin Simmons : les Broncos ne devrait pas le reprendre - The Playoffs FR","isPartOf":{"@id":"https:\/\/theplayoffs.news\/fr\/#website"},"primaryImageOfPage":{"@id":"https:\/\/theplayoffs.news\/fr\/actualite-nfl\/justin-simmons-les-broncos-ne-devrait-pas-le-reprendre\/#primaryimage"},"image":{"@id":"https:\/\/theplayoffs.news\/fr\/actualite-nfl\/justin-simmons-les-broncos-ne-devrait-pas-le-reprendre\/#primaryimage"},"thumbnailUrl":"https:\/\/theplayoffs.news\/fr\/wp-content\/uploads\/2024\/05\/USATSI_21770781.jpg","datePublished":"2024-05-17T12:16:33+00:00","dateModified":"2024-05-17T12:16:33+00:00","author":{"@id":"https:\/\/theplayoffs.news\/fr\/#\/schema\/person\/eee5b69ad5d3c51cabe881c839dbe133"},"breadcrumb":{"@id":"https:\/\/theplayoffs.news\/fr\/actualite-nfl\/justin-simmons-les-broncos-ne-devrait-pas-le-reprendre\/#breadcrumb"},"inLanguage":"fr-FR","potentialAction":[{"@type":"ReadAction","target":["https:\/\/theplayoffs.news\/fr\/actualite-nfl\/justin-simmons-les-broncos-ne-devrait-pas-le-reprendre\/"]}]},{"@type":"ImageObject","inLanguage":"fr-FR","@id":"https:\/\/theplayoffs.news\/fr\/actualite-nfl\/justin-simmons-les-broncos-ne-devrait-pas-le-reprendre\/#primaryimage","url":"https:\/\/theplayoffs.news\/fr\/wp-content\/uploads\/2024\/05\/USATSI_21770781.jpg","contentUrl":"https:\/\/theplayoffs.news\/fr\/wp-content\/uploads\/2024\/05\/USATSI_21770781.jpg","width":1920,"height":1280,"caption":"Oct 29, 2023; Denver, Colorado, USA; Denver Broncos safety Justin Simmons (31) reacts after the game against the Kansas City Chiefs at Empower Field at Mile High. Mandatory Credit: Isaiah J. Downing-USA TODAY Sports"},{"@type":"BreadcrumbList","@id":"https:\/\/theplayoffs.news\/fr\/actualite-nfl\/justin-simmons-les-broncos-ne-devrait-pas-le-reprendre\/#breadcrumb","itemListElement":[{"@type":"ListItem","position":1,"name":"Accueil","item":"https:\/\/theplayoffs.news\/fr\/"},{"@type":"ListItem","position":2,"name":"Justin Simmons : les Broncos ne devrait pas le reprendre"}]},{"@type":"WebSite","@id":"https:\/\/theplayoffs.news\/fr\/#website","url":"https:\/\/theplayoffs.news\/fr\/","name":"The Playoffs FR","description":"NBA-NFL-NHL-MLB","potentialAction":[{"@type":"SearchAction","target":{"@type":"EntryPoint","urlTemplate":"https:\/\/theplayoffs.news\/fr\/?s={search_term_string}"},"query-input":{"@type":"PropertyValueSpecification","valueRequired":true,"valueName":"search_term_string"}}],"inLanguage":"fr-FR"},{"@type":"Person","@id":"https:\/\/theplayoffs.news\/fr\/#\/schema\/person\/eee5b69ad5d3c51cabe881c839dbe133","name":"Charles Taudin","image":{"@type":"ImageObject","inLanguage":"fr-FR","@id":"https:\/\/theplayoffs.news\/fr\/#\/schema\/person\/image\/","url":"https:\/\/secure.gravatar.com\/avatar\/59a1e772205ce9fd255edfcafc93013736822e20261f294c5753b20c41ede9f2?s=96&d=mm&r=g","contentUrl":"https:\/\/secure.gravatar.com\/avatar\/59a1e772205ce9fd255edfcafc93013736822e20261f294c5753b20c41ede9f2?s=96&d=mm&r=g","caption":"Charles Taudin"},"description":"R\u00e9dacteur en chef global de The Playoffs, j\u2019ai cr\u00e9\u00e9 The Free Agent, devenu The Playoffs FR, en 2020 durant la pand\u00e9mie. Amoureux depuis des ann\u00e9es des 4 sports majeurs am\u00e9ricains, j\u2019organise maintenant la strat\u00e9gie \u00e9ditoriale et les r\u00e9seaux sociaux de l\u2019ensemble des versions de The Playoffs. Il m\u2019arrive encore d\u2019\u00e9crire sur certains sports que j\u2019affectionne particuli\u00e8rement comme la NFL ou la MLB. Si vous devez retenir qu\u2019une chose : Eli Manning est le vrai GOAT pour avoir battu deux fois Tom Brady.","sameAs":["https:\/\/www.instagram.com\/ctaudin_\/"],"url":"https:\/\/theplayoffs.news\/fr\/author\/charles-taudin\/"}]}},"_links":{"self":[{"href":"https:\/\/theplayoffs.news\/fr\/wp-json\/wp\/v2\/posts\/1432898","targetHints":{"allow":["GET"]}}],"collection":[{"href":"https:\/\/theplayoffs.news\/fr\/wp-json\/wp\/v2\/posts"}],"about":[{"href":"https:\/\/theplayoffs.news\/fr\/wp-json\/wp\/v2\/types\/post"}],"author":[{"embeddable":true,"href":"https:\/\/theplayoffs.news\/fr\/wp-json\/wp\/v2\/users\/13"}],"replies":[{"embeddable":true,"href":"https:\/\/theplayoffs.news\/fr\/wp-json\/wp\/v2\/comments?post=1432898"}],"version-history":[{"count":3,"href":"https:\/\/theplayoffs.news\/fr\/wp-json\/wp\/v2\/posts\/1432898\/revisions"}],"predecessor-version":[{"id":1432902,"href":"https:\/\/theplayoffs.news\/fr\/wp-json\/wp\/v2\/posts\/1432898\/revisions\/1432902"}],"wp:featuredmedia":[{"embeddable":true,"href":"https:\/\/theplayoffs.news\/fr\/wp-json\/wp\/v2\/media\/1432899"}],"wp:attachment":[{"href":"https:\/\/theplayoffs.news\/fr\/wp-json\/wp\/v2\/media?parent=1432898"}],"wp:term":[{"taxonomy":"category","embeddable":true,"href":"https:\/\/theplayoffs.news\/fr\/wp-json\/wp\/v2\/categories?post=1432898"},{"taxonomy":"post_tag","embeddable":true,"href":"https:\/\/theplayoffs.news\/fr\/wp-json\/wp\/v2\/tags?post=1432898"},{"taxonomy":"sport","embeddable":true,"href":"https:\/\/theplayoffs.news\/fr\/wp-json\/wp\/v2\/sport?post=1432898"},{"taxonomy":"saison","embeddable":true,"href":"https:\/\/theplayoffs.news\/fr\/wp-json\/wp\/v2\/saison?post=1432898"}],"curies":[{"name":"wp","href":"https:\/\/api.w.org\/{rel}","templated":true}]}}