{"id":1432844,"date":"2024-05-17T11:42:21","date_gmt":"2024-05-17T09:42:21","guid":{"rendered":"https:\/\/theplayoffs.news\/fr\/?p=1432844"},"modified":"2024-05-17T10:49:57","modified_gmt":"2024-05-17T08:49:57","slug":"orioles-le-bullpen-et-le-champ-exterieur-comme-cible-a-la-trade-deadline","status":"publish","type":"post","link":"https:\/\/theplayoffs.news\/fr\/actualite-mlb\/orioles-le-bullpen-et-le-champ-exterieur-comme-cible-a-la-trade-deadline\/","title":{"rendered":"Orioles : le bullpen et le champ ext\u00e9rieur comme cible \u00e0 la trade deadline ?"},"content":{"rendered":"<h2 class=\"p1\">Avec la date limite des &eacute;changes de la MLB qui approche, les Orioles de Baltimore &eacute;valuent&nbsp; leurs besoins en effectif.<\/h2><p class=\"p1\">Bien que leur priorit&eacute; principale reste le renforcement du bullpen, la recherche d&rsquo;un frappeur droitier en champ ext&eacute;rieur gagne &eacute;galement du terrain selon <a href=\"https:\/\/www.nytimes.com\/athletic\/5497345\/2024\/05\/16\/elly-de-la-cruz-mlb-notes\/\" class=\"trk-cta-link\" data-cta-trk='{\"ctaType\":\"Link\",\"ctaSubType\":\"main\"}'>Ken Rosenthal<\/a>.<\/p><p class=\"p1\">Les Orioles ont clairement l&rsquo;intention de prioriser l&rsquo;ajout de profondeur &agrave; leur bullpen.<\/p><p class=\"p1\">Compte tenu des fortes demandes et des blessures cl&eacute;s qui ont impact&eacute; leur personnel de lanceurs, l&rsquo;acquisition de releveurs fiables est une &eacute;tape logique. Le renforcement du bullpen peut offrir au manager Brandon Hyde plus de flexibilit&eacute; et de stabilit&eacute; dans les matchs serr&eacute;s, ce qui est crucial &agrave; mesure que la saison progresse vers ses phases les plus critiques.<\/p><p class=\"p1\">Plusieurs cibles potentielles pourraient &ecirc;tre sur le radar des Orioles, y compris des releveurs exp&eacute;riment&eacute;s provenant d&rsquo;&eacute;quipes hors de la course aux s&eacute;ries. L&rsquo;objectif est de trouver des bras qui peuvent avoir un impact imm&eacute;diat et potentiellement servir d&rsquo;atouts &agrave; long terme.<\/p><h3 class=\"p3\"><b>Explorer les options en champ ext&eacute;rieur<\/b><\/h3><p class=\"p1\">En plus de l&rsquo;aide pour le bullpen, les Orioles explorent &eacute;galement des options pour un frappeur droitier en champ ext&eacute;rieur.<\/p><p class=\"p1\">L&rsquo;int&eacute;r&ecirc;t se porteraient sur des joueurs comme Luis Robert Jr. des White Sox selon Rosenthal, bien qu&rsquo;un tel mouvement puisse &ecirc;tre improbable compte tenu des ant&eacute;c&eacute;dents de blessures de Robert et des obligations contractuelles importantes.<\/p><p class=\"p1\">N&eacute;anmoins, les Orioles reconnaissent la n&eacute;cessit&eacute; de renforcer leur profondeur en champ ext&eacute;rieur, surtout avec Anthony Santander approchant de l&rsquo;agence libre et des incertitudes concernant <a href=\"https:\/\/theplayoffs.news\/fr\/joueur\/cedric-mullins-mlb-71156\/\" class=\"trk-cta-link\" data-cta-trk='{\"ctaType\":\"Link\",\"ctaSubType\":\"main\"}'><strong>Cedric Mullins<\/strong><\/a> et Austin Hays.<\/p><p class=\"p1\">Les r&eacute;centes difficult&eacute;s de Colton Cowser, qui est dans une tr&egrave;s mauvaise passe au b&acirc;ton avec un 5\/35, soulignent le besoin d&rsquo;une pr&eacute;sence v&eacute;t&eacute;ran fiable.<\/p><p class=\"p1\">Kevin Pillar, connu pour sa prouesse d&eacute;fensive et sa capacit&eacute; &agrave; frapper les lanceurs gauchers, pourrait &ecirc;tre une addition envisageable. L&rsquo;&eacute;quipe doit soigneusement peser l&rsquo;impact potentiel de ce mouvement contre le d&eacute;veloppement de leurs jeunes prospects.<\/p><p>&nbsp;<\/p><p>Credit Photo : Katie Stratman-USA TODAY Sports<\/p>\n","protected":false},"excerpt":{"rendered":"","protected":false},"author":13,"featured_media":1432845,"comment_status":"open","ping_status":"closed","sticky":false,"template":"","format":"standard","meta":{"inline_featured_image":false,"kia_subtitle":"","_mux_skip_reasons":[],"proofreadBy":0,"footnotes":""},"categories":[188,9],"tags":[441],"sport":[],"saison":[],"class_list":["post-1432844","post","type-post","status-publish","format-standard","has-post-thumbnail","hentry","category-actualite-mlb","category-mlb","tag-orioles"],"acf":[],"yoast_head":"<!-- This site is optimized with the Yoast SEO plugin v24.2 - https:\/\/yoast.com\/wordpress\/plugins\/seo\/ -->\n<title>Orioles : le bullpen et le champ ext&eacute;rieur comme cible &agrave; la trade deadline ? - The Playoffs FR<\/title>\n<meta name=\"robots\" content=\"index, follow, max-snippet:-1, max-image-preview:large, max-video-preview:-1\" \/>\n<link rel=\"canonical\" href=\"https:\/\/theplayoffs.news\/fr\/actualite-mlb\/orioles-le-bullpen-et-le-champ-exterieur-comme-cible-a-la-trade-deadline\/\" \/>\n<meta property=\"og:locale\" content=\"fr_FR\" \/>\n<meta property=\"og:type\" content=\"article\" \/>\n<meta property=\"og:title\" content=\"Orioles : le bullpen et le champ ext&eacute;rieur comme cible &agrave; la trade deadline ? - The Playoffs FR\" \/>\n<meta property=\"og:url\" content=\"https:\/\/theplayoffs.news\/fr\/actualite-mlb\/orioles-le-bullpen-et-le-champ-exterieur-comme-cible-a-la-trade-deadline\/\" \/>\n<meta property=\"og:site_name\" content=\"The Playoffs FR\" \/>\n<meta property=\"article:publisher\" content=\"https:\/\/www.facebook.com\/TheFreeAgentFR\/\" \/>\n<meta property=\"article:modified_time\" content=\"2024-05-17T11:42:21+02:00\" \/>\n<meta property=\"og:image\" content=\"https:\/\/theplayoffs.news\/fr\/wp-content\/uploads\/2024\/05\/USATSI_23212942.jpg\" \/>\n\t<meta property=\"og:image:width\" content=\"1920\" \/>\n\t<meta property=\"og:image:height\" content=\"1280\" \/>\n\t<meta property=\"og:image:type\" content=\"image\/jpeg\" \/>\n<meta name=\"author\" content=\"Charles Taudin\" \/>\n<meta name=\"twitter:card\" content=\"summary_large_image\" \/>\n<meta name=\"twitter:creator\" content=\"@TheFreeAgentFR\" \/>\n<meta name=\"twitter:site\" content=\"@TheFreeAgentFR\" \/>\n<meta name=\"twitter:label1\" content=\"\u00c9crit par\" \/>\n\t<meta name=\"twitter:data1\" content=\"Charles Taudin\" \/>\n\t<meta name=\"twitter:label2\" content=\"Dur\u00e9e de lecture estim\u00e9e\" \/>\n\t<meta name=\"twitter:data2\" content=\"2 minutes\" \/>\n<script type=\"application\/ld+json\" class=\"yoast-schema-graph\">{\"@context\":\"https:\/\/schema.org\",\"@graph\":[{\"@type\":\"WebPage\",\"@id\":\"https:\/\/theplayoffs.news\/fr\/actualite-mlb\/orioles-le-bullpen-et-le-champ-exterieur-comme-cible-a-la-trade-deadline\/\",\"url\":\"https:\/\/theplayoffs.news\/fr\/actualite-mlb\/orioles-le-bullpen-et-le-champ-exterieur-comme-cible-a-la-trade-deadline\/\",\"name\":\"Orioles : le bullpen et le champ ext\u00e9rieur comme cible \u00e0 la trade deadline ? - The Playoffs FR\",\"isPartOf\":{\"@id\":\"https:\/\/theplayoffs.news\/fr\/#website\"},\"primaryImageOfPage\":{\"@id\":\"https:\/\/theplayoffs.news\/fr\/actualite-mlb\/orioles-le-bullpen-et-le-champ-exterieur-comme-cible-a-la-trade-deadline\/#primaryimage\"},\"image\":{\"@id\":\"https:\/\/theplayoffs.news\/fr\/actualite-mlb\/orioles-le-bullpen-et-le-champ-exterieur-comme-cible-a-la-trade-deadline\/#primaryimage\"},\"thumbnailUrl\":\"https:\/\/theplayoffs.news\/fr\/wp-content\/uploads\/2024\/05\/USATSI_23212942.jpg\",\"datePublished\":\"2024-05-17T09:42:21+00:00\",\"dateModified\":\"2024-05-17T11:42:21+02:00\",\"author\":{\"@id\":\"https:\/\/theplayoffs.news\/fr\/#\/schema\/person\/eee5b69ad5d3c51cabe881c839dbe133\"},\"breadcrumb\":{\"@id\":\"https:\/\/theplayoffs.news\/fr\/actualite-mlb\/orioles-le-bullpen-et-le-champ-exterieur-comme-cible-a-la-trade-deadline\/#breadcrumb\"},\"inLanguage\":\"fr-FR\",\"potentialAction\":[{\"@type\":\"ReadAction\",\"target\":[\"https:\/\/theplayoffs.news\/fr\/actualite-mlb\/orioles-le-bullpen-et-le-champ-exterieur-comme-cible-a-la-trade-deadline\/\"]}]},{\"@type\":\"ImageObject\",\"inLanguage\":\"fr-FR\",\"@id\":\"https:\/\/theplayoffs.news\/fr\/actualite-mlb\/orioles-le-bullpen-et-le-champ-exterieur-comme-cible-a-la-trade-deadline\/#primaryimage\",\"url\":\"https:\/\/theplayoffs.news\/fr\/wp-content\/uploads\/2024\/05\/USATSI_23212942.jpg\",\"contentUrl\":\"https:\/\/theplayoffs.news\/fr\/wp-content\/uploads\/2024\/05\/USATSI_23212942.jpg\",\"width\":1920,\"height\":1280,\"caption\":\"May 5, 2024; Cincinnati, Ohio, USA; The Baltimore Orioles logo on the sleeve of designated hitter Gunnar Henderson (2) as he prepares on deck during the seventh inning against the Cincinnati Reds at Great American Ball Park. Mandatory Credit: Katie Stratman-USA TODAY Sports\"},{\"@type\":\"BreadcrumbList\",\"@id\":\"https:\/\/theplayoffs.news\/fr\/actualite-mlb\/orioles-le-bullpen-et-le-champ-exterieur-comme-cible-a-la-trade-deadline\/#breadcrumb\",\"itemListElement\":[{\"@type\":\"ListItem\",\"position\":1,\"name\":\"Accueil\",\"item\":\"https:\/\/theplayoffs.news\/fr\/\"},{\"@type\":\"ListItem\",\"position\":2,\"name\":\"Orioles : le bullpen et le champ ext\u00e9rieur comme cible \u00e0 la trade deadline ?\"}]},{\"@type\":\"WebSite\",\"@id\":\"https:\/\/theplayoffs.news\/fr\/#website\",\"url\":\"https:\/\/theplayoffs.news\/fr\/\",\"name\":\"The Playoffs FR\",\"description\":\"NBA-NFL-NHL-MLB\",\"potentialAction\":[{\"@type\":\"SearchAction\",\"target\":{\"@type\":\"EntryPoint\",\"urlTemplate\":\"https:\/\/theplayoffs.news\/fr\/?s={search_term_string}\"},\"query-input\":{\"@type\":\"PropertyValueSpecification\",\"valueRequired\":true,\"valueName\":\"search_term_string\"}}],\"inLanguage\":\"fr-FR\"},{\"@type\":\"Person\",\"@id\":\"https:\/\/theplayoffs.news\/fr\/#\/schema\/person\/eee5b69ad5d3c51cabe881c839dbe133\",\"name\":\"Charles Taudin\",\"image\":{\"@type\":\"ImageObject\",\"inLanguage\":\"fr-FR\",\"@id\":\"https:\/\/theplayoffs.news\/fr\/#\/schema\/person\/image\/\",\"url\":\"https:\/\/secure.gravatar.com\/avatar\/59a1e772205ce9fd255edfcafc93013736822e20261f294c5753b20c41ede9f2?s=96&d=mm&r=g\",\"contentUrl\":\"https:\/\/secure.gravatar.com\/avatar\/59a1e772205ce9fd255edfcafc93013736822e20261f294c5753b20c41ede9f2?s=96&d=mm&r=g\",\"caption\":\"Charles Taudin\"},\"description\":\"R\u00e9dacteur en chef global de The Playoffs, j\u2019ai cr\u00e9\u00e9 The Free Agent, devenu The Playoffs FR, en 2020 durant la pand\u00e9mie. Amoureux depuis des ann\u00e9es des 4 sports majeurs am\u00e9ricains, j\u2019organise maintenant la strat\u00e9gie \u00e9ditoriale et les r\u00e9seaux sociaux de l\u2019ensemble des versions de The Playoffs. Il m\u2019arrive encore d\u2019\u00e9crire sur certains sports que j\u2019affectionne particuli\u00e8rement comme la NFL ou la MLB. Si vous devez retenir qu\u2019une chose : Eli Manning est le vrai GOAT pour avoir battu deux fois Tom Brady.\",\"sameAs\":[\"https:\/\/www.instagram.com\/ctaudin_\/\"],\"url\":\"https:\/\/theplayoffs.news\/fr\/author\/charles-taudin\/\"}]}<\/script>\n<!-- \/ Yoast SEO plugin. -->","yoast_head_json":{"title":"Orioles : le bullpen et le champ ext&eacute;rieur comme cible &agrave; la trade deadline ? - The Playoffs FR","robots":{"index":"index","follow":"follow","max-snippet":"max-snippet:-1","max-image-preview":"max-image-preview:large","max-video-preview":"max-video-preview:-1"},"canonical":"https:\/\/theplayoffs.news\/fr\/actualite-mlb\/orioles-le-bullpen-et-le-champ-exterieur-comme-cible-a-la-trade-deadline\/","og_locale":"fr_FR","og_type":"article","og_title":"Orioles : le bullpen et le champ ext&eacute;rieur comme cible &agrave; la trade deadline ? - The Playoffs FR","og_url":"https:\/\/theplayoffs.news\/fr\/actualite-mlb\/orioles-le-bullpen-et-le-champ-exterieur-comme-cible-a-la-trade-deadline\/","og_site_name":"The Playoffs FR","article_publisher":"https:\/\/www.facebook.com\/TheFreeAgentFR\/","article_modified_time":"2024-05-17T08:49:57+00:00","og_image":[{"width":1920,"height":1280,"url":"https:\/\/theplayoffs.news\/fr\/wp-content\/uploads\/2024\/05\/USATSI_23212942.jpg","type":"image\/jpeg"}],"author":"Charles Taudin","twitter_card":"summary_large_image","twitter_creator":"@TheFreeAgentFR","twitter_site":"@TheFreeAgentFR","twitter_misc":{"\u00c9crit par":"Charles Taudin","Dur\u00e9e de lecture estim\u00e9e":"2 minutes"},"schema":{"@context":"https:\/\/schema.org","@graph":[{"@type":"WebPage","@id":"https:\/\/theplayoffs.news\/fr\/actualite-mlb\/orioles-le-bullpen-et-le-champ-exterieur-comme-cible-a-la-trade-deadline\/","url":"https:\/\/theplayoffs.news\/fr\/actualite-mlb\/orioles-le-bullpen-et-le-champ-exterieur-comme-cible-a-la-trade-deadline\/","name":"Orioles : le bullpen et le champ ext\u00e9rieur comme cible \u00e0 la trade deadline ? - The Playoffs FR","isPartOf":{"@id":"https:\/\/theplayoffs.news\/fr\/#website"},"primaryImageOfPage":{"@id":"https:\/\/theplayoffs.news\/fr\/actualite-mlb\/orioles-le-bullpen-et-le-champ-exterieur-comme-cible-a-la-trade-deadline\/#primaryimage"},"image":{"@id":"https:\/\/theplayoffs.news\/fr\/actualite-mlb\/orioles-le-bullpen-et-le-champ-exterieur-comme-cible-a-la-trade-deadline\/#primaryimage"},"thumbnailUrl":"https:\/\/theplayoffs.news\/fr\/wp-content\/uploads\/2024\/05\/USATSI_23212942.jpg","datePublished":"2024-05-17T09:42:21+00:00","dateModified":"2024-05-17T11:42:21+02:00","author":{"@id":"https:\/\/theplayoffs.news\/fr\/#\/schema\/person\/eee5b69ad5d3c51cabe881c839dbe133"},"breadcrumb":{"@id":"https:\/\/theplayoffs.news\/fr\/actualite-mlb\/orioles-le-bullpen-et-le-champ-exterieur-comme-cible-a-la-trade-deadline\/#breadcrumb"},"inLanguage":"fr-FR","potentialAction":[{"@type":"ReadAction","target":["https:\/\/theplayoffs.news\/fr\/actualite-mlb\/orioles-le-bullpen-et-le-champ-exterieur-comme-cible-a-la-trade-deadline\/"]}]},{"@type":"ImageObject","inLanguage":"fr-FR","@id":"https:\/\/theplayoffs.news\/fr\/actualite-mlb\/orioles-le-bullpen-et-le-champ-exterieur-comme-cible-a-la-trade-deadline\/#primaryimage","url":"https:\/\/theplayoffs.news\/fr\/wp-content\/uploads\/2024\/05\/USATSI_23212942.jpg","contentUrl":"https:\/\/theplayoffs.news\/fr\/wp-content\/uploads\/2024\/05\/USATSI_23212942.jpg","width":1920,"height":1280,"caption":"May 5, 2024; Cincinnati, Ohio, USA; The Baltimore Orioles logo on the sleeve of designated hitter Gunnar Henderson (2) as he prepares on deck during the seventh inning against the Cincinnati Reds at Great American Ball Park. Mandatory Credit: Katie Stratman-USA TODAY Sports"},{"@type":"BreadcrumbList","@id":"https:\/\/theplayoffs.news\/fr\/actualite-mlb\/orioles-le-bullpen-et-le-champ-exterieur-comme-cible-a-la-trade-deadline\/#breadcrumb","itemListElement":[{"@type":"ListItem","position":1,"name":"Accueil","item":"https:\/\/theplayoffs.news\/fr\/"},{"@type":"ListItem","position":2,"name":"Orioles : le bullpen et le champ ext\u00e9rieur comme cible \u00e0 la trade deadline ?"}]},{"@type":"WebSite","@id":"https:\/\/theplayoffs.news\/fr\/#website","url":"https:\/\/theplayoffs.news\/fr\/","name":"The Playoffs FR","description":"NBA-NFL-NHL-MLB","potentialAction":[{"@type":"SearchAction","target":{"@type":"EntryPoint","urlTemplate":"https:\/\/theplayoffs.news\/fr\/?s={search_term_string}"},"query-input":{"@type":"PropertyValueSpecification","valueRequired":true,"valueName":"search_term_string"}}],"inLanguage":"fr-FR"},{"@type":"Person","@id":"https:\/\/theplayoffs.news\/fr\/#\/schema\/person\/eee5b69ad5d3c51cabe881c839dbe133","name":"Charles Taudin","image":{"@type":"ImageObject","inLanguage":"fr-FR","@id":"https:\/\/theplayoffs.news\/fr\/#\/schema\/person\/image\/","url":"https:\/\/secure.gravatar.com\/avatar\/59a1e772205ce9fd255edfcafc93013736822e20261f294c5753b20c41ede9f2?s=96&d=mm&r=g","contentUrl":"https:\/\/secure.gravatar.com\/avatar\/59a1e772205ce9fd255edfcafc93013736822e20261f294c5753b20c41ede9f2?s=96&d=mm&r=g","caption":"Charles Taudin"},"description":"R\u00e9dacteur en chef global de The Playoffs, j\u2019ai cr\u00e9\u00e9 The Free Agent, devenu The Playoffs FR, en 2020 durant la pand\u00e9mie. Amoureux depuis des ann\u00e9es des 4 sports majeurs am\u00e9ricains, j\u2019organise maintenant la strat\u00e9gie \u00e9ditoriale et les r\u00e9seaux sociaux de l\u2019ensemble des versions de The Playoffs. Il m\u2019arrive encore d\u2019\u00e9crire sur certains sports que j\u2019affectionne particuli\u00e8rement comme la NFL ou la MLB. Si vous devez retenir qu\u2019une chose : Eli Manning est le vrai GOAT pour avoir battu deux fois Tom Brady.","sameAs":["https:\/\/www.instagram.com\/ctaudin_\/"],"url":"https:\/\/theplayoffs.news\/fr\/author\/charles-taudin\/"}]}},"_links":{"self":[{"href":"https:\/\/theplayoffs.news\/fr\/wp-json\/wp\/v2\/posts\/1432844","targetHints":{"allow":["GET"]}}],"collection":[{"href":"https:\/\/theplayoffs.news\/fr\/wp-json\/wp\/v2\/posts"}],"about":[{"href":"https:\/\/theplayoffs.news\/fr\/wp-json\/wp\/v2\/types\/post"}],"author":[{"embeddable":true,"href":"https:\/\/theplayoffs.news\/fr\/wp-json\/wp\/v2\/users\/13"}],"replies":[{"embeddable":true,"href":"https:\/\/theplayoffs.news\/fr\/wp-json\/wp\/v2\/comments?post=1432844"}],"version-history":[{"count":3,"href":"https:\/\/theplayoffs.news\/fr\/wp-json\/wp\/v2\/posts\/1432844\/revisions"}],"predecessor-version":[{"id":1432848,"href":"https:\/\/theplayoffs.news\/fr\/wp-json\/wp\/v2\/posts\/1432844\/revisions\/1432848"}],"wp:featuredmedia":[{"embeddable":true,"href":"https:\/\/theplayoffs.news\/fr\/wp-json\/wp\/v2\/media\/1432845"}],"wp:attachment":[{"href":"https:\/\/theplayoffs.news\/fr\/wp-json\/wp\/v2\/media?parent=1432844"}],"wp:term":[{"taxonomy":"category","embeddable":true,"href":"https:\/\/theplayoffs.news\/fr\/wp-json\/wp\/v2\/categories?post=1432844"},{"taxonomy":"post_tag","embeddable":true,"href":"https:\/\/theplayoffs.news\/fr\/wp-json\/wp\/v2\/tags?post=1432844"},{"taxonomy":"sport","embeddable":true,"href":"https:\/\/theplayoffs.news\/fr\/wp-json\/wp\/v2\/sport?post=1432844"},{"taxonomy":"saison","embeddable":true,"href":"https:\/\/theplayoffs.news\/fr\/wp-json\/wp\/v2\/saison?post=1432844"}],"curies":[{"name":"wp","href":"https:\/\/api.w.org\/{rel}","templated":true}]}}