{"id":1432678,"date":"2024-05-17T07:01:24","date_gmt":"2024-05-17T05:01:24","guid":{"rendered":"https:\/\/theplayoffs.news\/fr\/?p=1432678"},"modified":"2024-05-16T20:06:10","modified_gmt":"2024-05-16T18:06:10","slug":"jared-goff-est-surmotive-apres-sa-prolongation-de-contrat","status":"publish","type":"post","link":"https:\/\/theplayoffs.news\/fr\/actualite-nfl\/jared-goff-est-surmotive-apres-sa-prolongation-de-contrat\/","title":{"rendered":"Jared Goff est &lsquo;surmotiv\u00e9&rsquo; apr\u00e8s sa prolongation de contrat"},"content":{"rendered":"<h2>Pour la premi&egrave;re fois depuis la signature de sa prolongation XXL de 212 millions de dollars sur 4 ans, Jared Goff s&rsquo;est exprim&eacute; devant la presse.<\/h2><p>Deuxi&egrave;me quarterback le mieux pay&eacute; de la NFL &agrave; ce jour, <a href=\"https:\/\/theplayoffs.news\/fr\/joueur\/jared-goff-nfl-6093558\/\" class=\"trk-cta-link\" data-cta-trk='{\"ctaType\":\"Link\",\"ctaSubType\":\"main\"}'><strong>Jared Goff<\/strong><\/a> peut &agrave; pr&eacute;sent se projeter sur le long terme avec les Lions et poursuivre les ambitions de la franchise. Toujours sans apparition au Super Bowl, et de fait sans Lombardi, les Lions voient en Goff celui qui peut les aider.<\/p><p>Une chose est s&ucirc;re : Jared Goff est &laquo;&nbsp;plus motiv&eacute; que jamais&nbsp;&raquo;.<\/p><blockquote><p>&laquo; Je suis plus motiv&eacute; et plus excit&eacute; que jamais &agrave; l&rsquo;id&eacute;e de faire encore plus d&rsquo;efforts et de mettre la p&eacute;dale douce pour apporter un Super Bowl &agrave; cette ville &raquo;, <a href=\"https:\/\/www.nytimes.com\/athletic\/5499065\/2024\/05\/16\/jared-goff-lions-extension-super-bowl\/\" class=\"trk-cta-link\" data-cta-trk='{\"ctaType\":\"Link\",\"ctaSubType\":\"main\"}'>a d&eacute;clar&eacute; Goff<\/a>. &laquo; Et c&rsquo;est ce qui est le plus important. Un jour, je ne serai plus le quarterback ici. Et je pourrai me souvenir des jours o&ugrave; je le suis (le quarterback ici) et o&ugrave; je l&rsquo;ai &eacute;t&eacute; sans regret et en sachant que j&rsquo;ai fait tout ce que j&rsquo;ai pu pour que cela se produise&hellip; ce serait le but ultime &raquo;.<\/p><\/blockquote><p>cette prolongation s&rsquo;est inscrite dans la lign&eacute;e de celle r&eacute;alis&eacute;e depuis le d&eacute;but de l&rsquo;intersaison afin de s&eacute;curiser sur le long-terme les talents r&eacute;cemment acquis. La franchise en est persuad&eacute;e : elle est taill&eacute;e pour aller gagner un Super Bowl et la finale de conf&eacute;rence de l&rsquo;an dernier les conforte dans cette id&eacute;e.<\/p><p>Pour Jared Goff, le montant de ce contrat ne refl&egrave;te que son d&eacute;sir de s&eacute;curit&eacute;. Le montant du ch&egrave;que n&rsquo;&eacute;tait pas sa priorit&eacute; :<\/p><blockquote><p>&laquo; C&rsquo;&eacute;tait surtout une question de s&eacute;curit&eacute; &raquo;, a r&eacute;pondu Goff, lorsqu&rsquo;on lui a demand&eacute; ce qu&rsquo;il attendait du processus de n&eacute;gociation. &laquo; Je pense que l&rsquo;on peut aller et venir sur les chiffres et tout le reste, mais ce n&rsquo;est pas vraiment ce qui m&rsquo;a le plus pr&eacute;occup&eacute;. C&rsquo;&eacute;tait la s&eacute;curit&eacute;, la clause de non-&eacute;change et toutes ces choses, en sachant que tout cela &eacute;tait l&agrave;. Je me suis senti en s&eacute;curit&eacute; et je sais que je peux maintenant mettre tout cela derri&egrave;re moi et me r&eacute;jouir de ce qui m&rsquo;attend.&nbsp;&raquo;<\/p><\/blockquote><p>Le quarterback se sent bien, l&rsquo;&eacute;quipe est stable ainsi que le front office et le staff technique : tous les ingr&eacute;dients d&rsquo;une nouvelle bonne saison sont l&agrave;.<\/p><p>&nbsp;<\/p><div class=\"modal-image-setImageMetadata\">\n<p class=\"ng-binding\">Cr&eacute;dit photo :&nbsp; Junfu Han \/ USA TODAY NETWORK<\/p>\n<\/div>\n","protected":false},"excerpt":{"rendered":"","protected":false},"author":13,"featured_media":1432681,"comment_status":"open","ping_status":"closed","sticky":false,"template":"","format":"standard","meta":{"inline_featured_image":false,"kia_subtitle":"","_mux_skip_reasons":[],"proofreadBy":0,"footnotes":""},"categories":[118,40],"tags":[134,935],"sport":[],"saison":[],"class_list":["post-1432678","post","type-post","status-publish","format-standard","has-post-thumbnail","hentry","category-actualite-nfl","category-nfl","tag-detroit-lions","tag-jared-goff"],"acf":[],"yoast_head":"<!-- This site is optimized with the Yoast SEO plugin v24.2 - https:\/\/yoast.com\/wordpress\/plugins\/seo\/ -->\n<title>Jared Goff est &#039;surmotiv&eacute;&#039; apr&egrave;s sa prolongation de contrat - The Playoffs FR<\/title>\n<meta name=\"robots\" content=\"index, follow, max-snippet:-1, max-image-preview:large, max-video-preview:-1\" \/>\n<link rel=\"canonical\" href=\"https:\/\/theplayoffs.news\/fr\/actualite-nfl\/jared-goff-est-surmotive-apres-sa-prolongation-de-contrat\/\" \/>\n<meta property=\"og:locale\" content=\"fr_FR\" \/>\n<meta property=\"og:type\" content=\"article\" \/>\n<meta property=\"og:title\" content=\"Jared Goff est &#039;surmotiv&eacute;&#039; apr&egrave;s sa prolongation de contrat - The Playoffs FR\" \/>\n<meta property=\"og:url\" content=\"https:\/\/theplayoffs.news\/fr\/actualite-nfl\/jared-goff-est-surmotive-apres-sa-prolongation-de-contrat\/\" \/>\n<meta property=\"og:site_name\" content=\"The Playoffs FR\" \/>\n<meta property=\"article:publisher\" content=\"https:\/\/www.facebook.com\/TheFreeAgentFR\/\" \/>\n<meta property=\"article:modified_time\" content=\"2024-05-17T07:01:24+02:00\" \/>\n<meta property=\"og:image\" content=\"https:\/\/theplayoffs.news\/fr\/wp-content\/uploads\/2024\/05\/USATSI_23289222.jpg\" \/>\n\t<meta property=\"og:image:width\" content=\"1920\" \/>\n\t<meta property=\"og:image:height\" content=\"1280\" \/>\n\t<meta property=\"og:image:type\" content=\"image\/jpeg\" \/>\n<meta name=\"author\" content=\"Charles Taudin\" \/>\n<meta name=\"twitter:card\" content=\"summary_large_image\" \/>\n<meta name=\"twitter:creator\" content=\"@TheFreeAgentFR\" \/>\n<meta name=\"twitter:site\" content=\"@TheFreeAgentFR\" \/>\n<meta name=\"twitter:label1\" content=\"\u00c9crit par\" \/>\n\t<meta name=\"twitter:data1\" content=\"Charles Taudin\" \/>\n\t<meta name=\"twitter:label2\" content=\"Dur\u00e9e de lecture estim\u00e9e\" \/>\n\t<meta name=\"twitter:data2\" content=\"2 minutes\" \/>\n<script type=\"application\/ld+json\" class=\"yoast-schema-graph\">{\"@context\":\"https:\/\/schema.org\",\"@graph\":[{\"@type\":\"WebPage\",\"@id\":\"https:\/\/theplayoffs.news\/fr\/actualite-nfl\/jared-goff-est-surmotive-apres-sa-prolongation-de-contrat\/\",\"url\":\"https:\/\/theplayoffs.news\/fr\/actualite-nfl\/jared-goff-est-surmotive-apres-sa-prolongation-de-contrat\/\",\"name\":\"Jared Goff est \\\\'surmotiv\u00e9\\\\' apr\u00e8s sa prolongation de contrat - The Playoffs FR\",\"isPartOf\":{\"@id\":\"https:\/\/theplayoffs.news\/fr\/#website\"},\"primaryImageOfPage\":{\"@id\":\"https:\/\/theplayoffs.news\/fr\/actualite-nfl\/jared-goff-est-surmotive-apres-sa-prolongation-de-contrat\/#primaryimage\"},\"image\":{\"@id\":\"https:\/\/theplayoffs.news\/fr\/actualite-nfl\/jared-goff-est-surmotive-apres-sa-prolongation-de-contrat\/#primaryimage\"},\"thumbnailUrl\":\"https:\/\/theplayoffs.news\/fr\/wp-content\/uploads\/2024\/05\/USATSI_23289222.jpg\",\"datePublished\":\"2024-05-17T05:01:24+00:00\",\"dateModified\":\"2024-05-17T07:01:24+02:00\",\"author\":{\"@id\":\"https:\/\/theplayoffs.news\/fr\/#\/schema\/person\/eee5b69ad5d3c51cabe881c839dbe133\"},\"breadcrumb\":{\"@id\":\"https:\/\/theplayoffs.news\/fr\/actualite-nfl\/jared-goff-est-surmotive-apres-sa-prolongation-de-contrat\/#breadcrumb\"},\"inLanguage\":\"fr-FR\",\"potentialAction\":[{\"@type\":\"ReadAction\",\"target\":[\"https:\/\/theplayoffs.news\/fr\/actualite-nfl\/jared-goff-est-surmotive-apres-sa-prolongation-de-contrat\/\"]}]},{\"@type\":\"ImageObject\",\"inLanguage\":\"fr-FR\",\"@id\":\"https:\/\/theplayoffs.news\/fr\/actualite-nfl\/jared-goff-est-surmotive-apres-sa-prolongation-de-contrat\/#primaryimage\",\"url\":\"https:\/\/theplayoffs.news\/fr\/wp-content\/uploads\/2024\/05\/USATSI_23289222.jpg\",\"contentUrl\":\"https:\/\/theplayoffs.news\/fr\/wp-content\/uploads\/2024\/05\/USATSI_23289222.jpg\",\"width\":1920,\"height\":1280,\"caption\":\"Detroit Lions quarterback Jared Goff speaks at Detroit Lions headquarters and training facility in Allen Park on Thursday, May 16, 2024.\"},{\"@type\":\"BreadcrumbList\",\"@id\":\"https:\/\/theplayoffs.news\/fr\/actualite-nfl\/jared-goff-est-surmotive-apres-sa-prolongation-de-contrat\/#breadcrumb\",\"itemListElement\":[{\"@type\":\"ListItem\",\"position\":1,\"name\":\"Accueil\",\"item\":\"https:\/\/theplayoffs.news\/fr\/\"},{\"@type\":\"ListItem\",\"position\":2,\"name\":\"Jared Goff est &lsquo;surmotiv\u00e9&rsquo; apr\u00e8s sa prolongation de contrat\"}]},{\"@type\":\"WebSite\",\"@id\":\"https:\/\/theplayoffs.news\/fr\/#website\",\"url\":\"https:\/\/theplayoffs.news\/fr\/\",\"name\":\"The Playoffs FR\",\"description\":\"NBA-NFL-NHL-MLB\",\"potentialAction\":[{\"@type\":\"SearchAction\",\"target\":{\"@type\":\"EntryPoint\",\"urlTemplate\":\"https:\/\/theplayoffs.news\/fr\/?s={search_term_string}\"},\"query-input\":{\"@type\":\"PropertyValueSpecification\",\"valueRequired\":true,\"valueName\":\"search_term_string\"}}],\"inLanguage\":\"fr-FR\"},{\"@type\":\"Person\",\"@id\":\"https:\/\/theplayoffs.news\/fr\/#\/schema\/person\/eee5b69ad5d3c51cabe881c839dbe133\",\"name\":\"Charles Taudin\",\"image\":{\"@type\":\"ImageObject\",\"inLanguage\":\"fr-FR\",\"@id\":\"https:\/\/theplayoffs.news\/fr\/#\/schema\/person\/image\/\",\"url\":\"https:\/\/secure.gravatar.com\/avatar\/59a1e772205ce9fd255edfcafc93013736822e20261f294c5753b20c41ede9f2?s=96&d=mm&r=g\",\"contentUrl\":\"https:\/\/secure.gravatar.com\/avatar\/59a1e772205ce9fd255edfcafc93013736822e20261f294c5753b20c41ede9f2?s=96&d=mm&r=g\",\"caption\":\"Charles Taudin\"},\"description\":\"R\u00e9dacteur en chef global de The Playoffs, j\u2019ai cr\u00e9\u00e9 The Free Agent, devenu The Playoffs FR, en 2020 durant la pand\u00e9mie. Amoureux depuis des ann\u00e9es des 4 sports majeurs am\u00e9ricains, j\u2019organise maintenant la strat\u00e9gie \u00e9ditoriale et les r\u00e9seaux sociaux de l\u2019ensemble des versions de The Playoffs. Il m\u2019arrive encore d\u2019\u00e9crire sur certains sports que j\u2019affectionne particuli\u00e8rement comme la NFL ou la MLB. Si vous devez retenir qu\u2019une chose : Eli Manning est le vrai GOAT pour avoir battu deux fois Tom Brady.\",\"sameAs\":[\"https:\/\/www.instagram.com\/ctaudin_\/\"],\"url\":\"https:\/\/theplayoffs.news\/fr\/author\/charles-taudin\/\"}]}<\/script>\n<!-- \/ Yoast SEO plugin. -->","yoast_head_json":{"title":"Jared Goff est &#039;surmotiv&eacute;&#039; apr&egrave;s sa prolongation de contrat - The Playoffs FR","robots":{"index":"index","follow":"follow","max-snippet":"max-snippet:-1","max-image-preview":"max-image-preview:large","max-video-preview":"max-video-preview:-1"},"canonical":"https:\/\/theplayoffs.news\/fr\/actualite-nfl\/jared-goff-est-surmotive-apres-sa-prolongation-de-contrat\/","og_locale":"fr_FR","og_type":"article","og_title":"Jared Goff est &#039;surmotiv&eacute;&#039; apr&egrave;s sa prolongation de contrat - The Playoffs FR","og_url":"https:\/\/theplayoffs.news\/fr\/actualite-nfl\/jared-goff-est-surmotive-apres-sa-prolongation-de-contrat\/","og_site_name":"The Playoffs FR","article_publisher":"https:\/\/www.facebook.com\/TheFreeAgentFR\/","article_modified_time":"2024-05-16T18:06:10+00:00","og_image":[{"width":1920,"height":1280,"url":"https:\/\/theplayoffs.news\/fr\/wp-content\/uploads\/2024\/05\/USATSI_23289222.jpg","type":"image\/jpeg"}],"author":"Charles Taudin","twitter_card":"summary_large_image","twitter_creator":"@TheFreeAgentFR","twitter_site":"@TheFreeAgentFR","twitter_misc":{"\u00c9crit par":"Charles Taudin","Dur\u00e9e de lecture estim\u00e9e":"2 minutes"},"schema":{"@context":"https:\/\/schema.org","@graph":[{"@type":"WebPage","@id":"https:\/\/theplayoffs.news\/fr\/actualite-nfl\/jared-goff-est-surmotive-apres-sa-prolongation-de-contrat\/","url":"https:\/\/theplayoffs.news\/fr\/actualite-nfl\/jared-goff-est-surmotive-apres-sa-prolongation-de-contrat\/","name":"Jared Goff est \\'surmotiv\u00e9\\' apr\u00e8s sa prolongation de contrat - The Playoffs FR","isPartOf":{"@id":"https:\/\/theplayoffs.news\/fr\/#website"},"primaryImageOfPage":{"@id":"https:\/\/theplayoffs.news\/fr\/actualite-nfl\/jared-goff-est-surmotive-apres-sa-prolongation-de-contrat\/#primaryimage"},"image":{"@id":"https:\/\/theplayoffs.news\/fr\/actualite-nfl\/jared-goff-est-surmotive-apres-sa-prolongation-de-contrat\/#primaryimage"},"thumbnailUrl":"https:\/\/theplayoffs.news\/fr\/wp-content\/uploads\/2024\/05\/USATSI_23289222.jpg","datePublished":"2024-05-17T05:01:24+00:00","dateModified":"2024-05-17T07:01:24+02:00","author":{"@id":"https:\/\/theplayoffs.news\/fr\/#\/schema\/person\/eee5b69ad5d3c51cabe881c839dbe133"},"breadcrumb":{"@id":"https:\/\/theplayoffs.news\/fr\/actualite-nfl\/jared-goff-est-surmotive-apres-sa-prolongation-de-contrat\/#breadcrumb"},"inLanguage":"fr-FR","potentialAction":[{"@type":"ReadAction","target":["https:\/\/theplayoffs.news\/fr\/actualite-nfl\/jared-goff-est-surmotive-apres-sa-prolongation-de-contrat\/"]}]},{"@type":"ImageObject","inLanguage":"fr-FR","@id":"https:\/\/theplayoffs.news\/fr\/actualite-nfl\/jared-goff-est-surmotive-apres-sa-prolongation-de-contrat\/#primaryimage","url":"https:\/\/theplayoffs.news\/fr\/wp-content\/uploads\/2024\/05\/USATSI_23289222.jpg","contentUrl":"https:\/\/theplayoffs.news\/fr\/wp-content\/uploads\/2024\/05\/USATSI_23289222.jpg","width":1920,"height":1280,"caption":"Detroit Lions quarterback Jared Goff speaks at Detroit Lions headquarters and training facility in Allen Park on Thursday, May 16, 2024."},{"@type":"BreadcrumbList","@id":"https:\/\/theplayoffs.news\/fr\/actualite-nfl\/jared-goff-est-surmotive-apres-sa-prolongation-de-contrat\/#breadcrumb","itemListElement":[{"@type":"ListItem","position":1,"name":"Accueil","item":"https:\/\/theplayoffs.news\/fr\/"},{"@type":"ListItem","position":2,"name":"Jared Goff est &lsquo;surmotiv\u00e9&rsquo; apr\u00e8s sa prolongation de contrat"}]},{"@type":"WebSite","@id":"https:\/\/theplayoffs.news\/fr\/#website","url":"https:\/\/theplayoffs.news\/fr\/","name":"The Playoffs FR","description":"NBA-NFL-NHL-MLB","potentialAction":[{"@type":"SearchAction","target":{"@type":"EntryPoint","urlTemplate":"https:\/\/theplayoffs.news\/fr\/?s={search_term_string}"},"query-input":{"@type":"PropertyValueSpecification","valueRequired":true,"valueName":"search_term_string"}}],"inLanguage":"fr-FR"},{"@type":"Person","@id":"https:\/\/theplayoffs.news\/fr\/#\/schema\/person\/eee5b69ad5d3c51cabe881c839dbe133","name":"Charles Taudin","image":{"@type":"ImageObject","inLanguage":"fr-FR","@id":"https:\/\/theplayoffs.news\/fr\/#\/schema\/person\/image\/","url":"https:\/\/secure.gravatar.com\/avatar\/59a1e772205ce9fd255edfcafc93013736822e20261f294c5753b20c41ede9f2?s=96&d=mm&r=g","contentUrl":"https:\/\/secure.gravatar.com\/avatar\/59a1e772205ce9fd255edfcafc93013736822e20261f294c5753b20c41ede9f2?s=96&d=mm&r=g","caption":"Charles Taudin"},"description":"R\u00e9dacteur en chef global de The Playoffs, j\u2019ai cr\u00e9\u00e9 The Free Agent, devenu The Playoffs FR, en 2020 durant la pand\u00e9mie. Amoureux depuis des ann\u00e9es des 4 sports majeurs am\u00e9ricains, j\u2019organise maintenant la strat\u00e9gie \u00e9ditoriale et les r\u00e9seaux sociaux de l\u2019ensemble des versions de The Playoffs. Il m\u2019arrive encore d\u2019\u00e9crire sur certains sports que j\u2019affectionne particuli\u00e8rement comme la NFL ou la MLB. Si vous devez retenir qu\u2019une chose : Eli Manning est le vrai GOAT pour avoir battu deux fois Tom Brady.","sameAs":["https:\/\/www.instagram.com\/ctaudin_\/"],"url":"https:\/\/theplayoffs.news\/fr\/author\/charles-taudin\/"}]}},"_links":{"self":[{"href":"https:\/\/theplayoffs.news\/fr\/wp-json\/wp\/v2\/posts\/1432678","targetHints":{"allow":["GET"]}}],"collection":[{"href":"https:\/\/theplayoffs.news\/fr\/wp-json\/wp\/v2\/posts"}],"about":[{"href":"https:\/\/theplayoffs.news\/fr\/wp-json\/wp\/v2\/types\/post"}],"author":[{"embeddable":true,"href":"https:\/\/theplayoffs.news\/fr\/wp-json\/wp\/v2\/users\/13"}],"replies":[{"embeddable":true,"href":"https:\/\/theplayoffs.news\/fr\/wp-json\/wp\/v2\/comments?post=1432678"}],"version-history":[{"count":2,"href":"https:\/\/theplayoffs.news\/fr\/wp-json\/wp\/v2\/posts\/1432678\/revisions"}],"predecessor-version":[{"id":1432684,"href":"https:\/\/theplayoffs.news\/fr\/wp-json\/wp\/v2\/posts\/1432678\/revisions\/1432684"}],"wp:featuredmedia":[{"embeddable":true,"href":"https:\/\/theplayoffs.news\/fr\/wp-json\/wp\/v2\/media\/1432681"}],"wp:attachment":[{"href":"https:\/\/theplayoffs.news\/fr\/wp-json\/wp\/v2\/media?parent=1432678"}],"wp:term":[{"taxonomy":"category","embeddable":true,"href":"https:\/\/theplayoffs.news\/fr\/wp-json\/wp\/v2\/categories?post=1432678"},{"taxonomy":"post_tag","embeddable":true,"href":"https:\/\/theplayoffs.news\/fr\/wp-json\/wp\/v2\/tags?post=1432678"},{"taxonomy":"sport","embeddable":true,"href":"https:\/\/theplayoffs.news\/fr\/wp-json\/wp\/v2\/sport?post=1432678"},{"taxonomy":"saison","embeddable":true,"href":"https:\/\/theplayoffs.news\/fr\/wp-json\/wp\/v2\/saison?post=1432678"}],"curies":[{"name":"wp","href":"https:\/\/api.w.org\/{rel}","templated":true}]}}