{"id":1431962,"date":"2024-05-14T14:03:54","date_gmt":"2024-05-14T12:03:54","guid":{"rendered":"https:\/\/theplayoffs.news\/fr\/?p=1431962"},"modified":"2024-05-14T14:03:54","modified_gmt":"2024-05-14T12:03:54","slug":"valeri-nichushkin-ecope-de-6-mois","status":"publish","type":"post","link":"https:\/\/theplayoffs.news\/fr\/actualite-nhl\/valeri-nichushkin-ecope-de-6-mois\/","title":{"rendered":"Valeri Nichushkin \u00e9cope de 6 mois de suspension"},"content":{"rendered":"<h2>Alors que les Avalanche tirent de l&rsquo;arri&egrave;re dans cette s&eacute;rie face aux Dallas Stars, le Russe Valeri Nichushkin se voit &eacute;coper de 6 mois de suspension suite &agrave; son int&eacute;gration dans le programme d&rsquo;aide aux joueurs<\/h2><p><a href=\"https:\/\/x.com\/JayOnSC\/status\/1790273244441788918\" class=\"trk-cta-link\" data-cta-trk='{\"ctaType\":\"Link\",\"ctaSubType\":\"main\"}'>Une nouvelle qui vient ternir la fin de saison de L&rsquo;Avalanche.<\/a><\/p><p>Suite &agrave; son int&eacute;gration dans le programme d&rsquo;aide des joueurs suite &agrave; un probl&egrave;me de d&eacute;pendance, <a href=\"https:\/\/theplayoffs.news\/fr\/joueur\/valeri-nichushkin-nhl-6084006\/\" class=\"trk-cta-link\" data-cta-trk='{\"ctaType\":\"Link\",\"ctaSubType\":\"main\"}'>Valeri Nichushkin<\/a> s&rsquo;est vu p&eacute;naliser &agrave; hauteur de 6 mois, une nouvelle qui fait mal pour le coach de Colorado, Jared Bednar.<\/p><blockquote><p><em>&laquo; &Ccedil;a fait mal &agrave; notre &eacute;quipe, &ccedil;a ne fait pas de doute. Il est un grand joueur&hellip; Je veux ce qu&rsquo;il y a de mieux pour sa famille et lui. J&rsquo;esp&egrave;re qu&rsquo;il pourra trouver de l&rsquo;aide et la paix int&eacute;rieure. &raquo;<\/em><\/p><\/blockquote><p>La convention collective indique que la troisi&egrave;me phase du programme est d&eacute;clench&eacute;e lorsque arrive &laquo; une violation du plan de traitement &eacute;labor&eacute; durant la deuxi&egrave;me phase &raquo;.<\/p><p>Valeri Nichushkin aura la possibilit&eacute; de r&eacute;int&eacute;grer la Ligue nationale en novembre prochain.<\/p><p>Une nouvelle qui d&eacute;sole bon nombre de joueurs de l&rsquo;Avalanche.<\/p><blockquote><p><em>&laquo;&nbsp;Je pense qu&rsquo;&agrave; ce stade, les choses sont ce qu&rsquo;elles sont. Malheureusement, c&rsquo;est arriv&eacute;&nbsp;&raquo;, a d&eacute;clar&eacute; l&rsquo;attaquant de l&rsquo;Avalanche <a href=\"https:\/\/theplayoffs.news\/fr\/joueur\/andrew-cogliano-nhl-7310\/\" class=\"trk-cta-link\" data-cta-trk='{\"ctaType\":\"Link\",\"ctaSubType\":\"main\"}'>Andrew Cogliano<\/a>. &laquo;&nbsp;Je pense que nous nous concentrons sur notre travail. Nous sommes au deuxi&egrave;me tour des s&eacute;ries &eacute;liminatoires. C&rsquo;est un m&eacute;tier difficile ; c&rsquo;est notre travail et nous donnons tout ce que nous avons.<\/em><\/p><\/blockquote><blockquote class=\"twitter-tweet\" data-width=\"500\" data-dnt=\"true\">\n<p lang=\"en\" dir=\"ltr\">Avalanche head coach Jared Bednar speaks on the Valeri Nichushkin situation. <a href=\"https:\/\/t.co\/kRYaKz1yQV\" class=\"trk-cta-link\" data-cta-trk='{\"ctaType\":\"Link\",\"ctaSubType\":\"main\"}'>pic.twitter.com\/kRYaKz1yQV<\/a><\/p>\n<p>&mdash; JayOnSC (@JayOnSC) <a href=\"https:\/\/twitter.com\/JayOnSC\/status\/1790273244441788918?ref_src=twsrc%5Etfw\" class=\"trk-cta-link\" data-cta-trk='{\"ctaType\":\"Link\",\"ctaSubType\":\"main\"}'>May 14, 2024<\/a><\/p><\/blockquote><p><script async src=\"https:\/\/platform.twitter.com\/widgets.js\" charset=\"utf-8\"><\/script><\/p><p>Credit Photo : Isaiah J. Downing-USA TODAY Sports<\/p>\n","protected":false},"excerpt":{"rendered":"","protected":false},"author":180310241,"featured_media":1432011,"comment_status":"open","ping_status":"closed","sticky":false,"template":"","format":"standard","meta":{"inline_featured_image":false,"kia_subtitle":"","_mux_skip_reasons":[],"proofreadBy":0,"footnotes":""},"categories":[187,26],"tags":[91,1176],"sport":[2784],"saison":[6111],"class_list":["post-1431962","post","type-post","status-publish","format-standard","has-post-thumbnail","hentry","category-actualite-nhl","category-nhl","tag-colorado-avalanche","tag-valeri-nichushkin","sport-nhl","saison-6111"],"acf":[],"yoast_head":"<!-- This site is optimized with the Yoast SEO plugin v24.2 - https:\/\/yoast.com\/wordpress\/plugins\/seo\/ -->\n<title>Valeri Nichushkin &eacute;cope de 6 mois de suspension - The Playoffs FR<\/title>\n<meta name=\"robots\" content=\"index, follow, max-snippet:-1, max-image-preview:large, max-video-preview:-1\" \/>\n<link rel=\"canonical\" href=\"https:\/\/theplayoffs.news\/fr\/actualite-nhl\/valeri-nichushkin-ecope-de-6-mois\/\" \/>\n<meta property=\"og:locale\" content=\"fr_FR\" \/>\n<meta property=\"og:type\" content=\"article\" \/>\n<meta property=\"og:title\" content=\"Valeri Nichushkin &eacute;cope de 6 mois de suspension - The Playoffs FR\" \/>\n<meta property=\"og:url\" content=\"https:\/\/theplayoffs.news\/fr\/actualite-nhl\/valeri-nichushkin-ecope-de-6-mois\/\" \/>\n<meta property=\"og:site_name\" content=\"The Playoffs FR\" \/>\n<meta property=\"article:publisher\" content=\"https:\/\/www.facebook.com\/TheFreeAgentFR\/\" \/>\n<meta property=\"article:modified_time\" content=\"2024-05-14T14:03:54+02:00\" \/>\n<meta property=\"og:image\" content=\"https:\/\/theplayoffs.news\/fr\/wp-content\/uploads\/2024\/05\/Photo-Valeri-Nichushkin.jpg\" \/>\n\t<meta property=\"og:image:width\" content=\"1920\" \/>\n\t<meta property=\"og:image:height\" content=\"1281\" \/>\n\t<meta property=\"og:image:type\" content=\"image\/jpeg\" \/>\n<meta name=\"author\" content=\"Augustin Riveron\" \/>\n<meta name=\"twitter:card\" content=\"summary_large_image\" \/>\n<meta name=\"twitter:creator\" content=\"@TheFreeAgentFR\" \/>\n<meta name=\"twitter:site\" content=\"@TheFreeAgentFR\" \/>\n<meta name=\"twitter:label1\" content=\"\u00c9crit par\" \/>\n\t<meta name=\"twitter:data1\" content=\"Augustin Riveron\" \/>\n\t<meta name=\"twitter:label2\" content=\"Dur\u00e9e de lecture estim\u00e9e\" \/>\n\t<meta name=\"twitter:data2\" content=\"1 minute\" \/>\n<script type=\"application\/ld+json\" class=\"yoast-schema-graph\">{\"@context\":\"https:\/\/schema.org\",\"@graph\":[{\"@type\":\"WebPage\",\"@id\":\"https:\/\/theplayoffs.news\/fr\/actualite-nhl\/valeri-nichushkin-ecope-de-6-mois\/\",\"url\":\"https:\/\/theplayoffs.news\/fr\/actualite-nhl\/valeri-nichushkin-ecope-de-6-mois\/\",\"name\":\"Valeri Nichushkin \u00e9cope de 6 mois de suspension - The Playoffs FR\",\"isPartOf\":{\"@id\":\"https:\/\/theplayoffs.news\/fr\/#website\"},\"primaryImageOfPage\":{\"@id\":\"https:\/\/theplayoffs.news\/fr\/actualite-nhl\/valeri-nichushkin-ecope-de-6-mois\/#primaryimage\"},\"image\":{\"@id\":\"https:\/\/theplayoffs.news\/fr\/actualite-nhl\/valeri-nichushkin-ecope-de-6-mois\/#primaryimage\"},\"thumbnailUrl\":\"https:\/\/theplayoffs.news\/fr\/wp-content\/uploads\/2024\/05\/Photo-Valeri-Nichushkin.jpg\",\"datePublished\":\"2024-05-14T12:03:54+00:00\",\"dateModified\":\"2024-05-14T12:03:54+00:00\",\"author\":{\"@id\":\"https:\/\/theplayoffs.news\/fr\/#\/schema\/person\/6c57838882f89046acb1a469126746b7\"},\"breadcrumb\":{\"@id\":\"https:\/\/theplayoffs.news\/fr\/actualite-nhl\/valeri-nichushkin-ecope-de-6-mois\/#breadcrumb\"},\"inLanguage\":\"fr-FR\",\"potentialAction\":[{\"@type\":\"ReadAction\",\"target\":[\"https:\/\/theplayoffs.news\/fr\/actualite-nhl\/valeri-nichushkin-ecope-de-6-mois\/\"]}]},{\"@type\":\"ImageObject\",\"inLanguage\":\"fr-FR\",\"@id\":\"https:\/\/theplayoffs.news\/fr\/actualite-nhl\/valeri-nichushkin-ecope-de-6-mois\/#primaryimage\",\"url\":\"https:\/\/theplayoffs.news\/fr\/wp-content\/uploads\/2024\/05\/Photo-Valeri-Nichushkin.jpg\",\"contentUrl\":\"https:\/\/theplayoffs.news\/fr\/wp-content\/uploads\/2024\/05\/Photo-Valeri-Nichushkin.jpg\",\"width\":1920,\"height\":1281,\"caption\":\"May 11, 2024; Denver, Colorado, USA; Colorado Avalanche defenseman Jack Johnson (3) controls the puck ahead of Dallas Stars left wing Jamie Benn (14) and right wing Valeri Nichushkin (13) in the third period in game three of the second round of the 2024 Stanley Cup Playoffs at Ball Arena. Mandatory Credit: Isaiah J. Downing-USA TODAY Sports\"},{\"@type\":\"BreadcrumbList\",\"@id\":\"https:\/\/theplayoffs.news\/fr\/actualite-nhl\/valeri-nichushkin-ecope-de-6-mois\/#breadcrumb\",\"itemListElement\":[{\"@type\":\"ListItem\",\"position\":1,\"name\":\"Accueil\",\"item\":\"https:\/\/theplayoffs.news\/fr\/\"},{\"@type\":\"ListItem\",\"position\":2,\"name\":\"Valeri Nichushkin \u00e9cope de 6 mois de suspension\"}]},{\"@type\":\"WebSite\",\"@id\":\"https:\/\/theplayoffs.news\/fr\/#website\",\"url\":\"https:\/\/theplayoffs.news\/fr\/\",\"name\":\"The Playoffs FR\",\"description\":\"NBA-NFL-NHL-MLB\",\"potentialAction\":[{\"@type\":\"SearchAction\",\"target\":{\"@type\":\"EntryPoint\",\"urlTemplate\":\"https:\/\/theplayoffs.news\/fr\/?s={search_term_string}\"},\"query-input\":{\"@type\":\"PropertyValueSpecification\",\"valueRequired\":true,\"valueName\":\"search_term_string\"}}],\"inLanguage\":\"fr-FR\"},{\"@type\":\"Person\",\"@id\":\"https:\/\/theplayoffs.news\/fr\/#\/schema\/person\/6c57838882f89046acb1a469126746b7\",\"name\":\"Augustin Riveron\",\"image\":{\"@type\":\"ImageObject\",\"inLanguage\":\"fr-FR\",\"@id\":\"https:\/\/theplayoffs.news\/fr\/#\/schema\/person\/image\/\",\"url\":\"https:\/\/secure.gravatar.com\/avatar\/a60ae09e43d53d832185e44e4832a6bbb342aaf556e8b223a779777ab6267eec?s=96&d=mm&r=g\",\"contentUrl\":\"https:\/\/secure.gravatar.com\/avatar\/a60ae09e43d53d832185e44e4832a6bbb342aaf556e8b223a779777ab6267eec?s=96&d=mm&r=g\",\"caption\":\"Augustin Riveron\"},\"url\":\"https:\/\/theplayoffs.news\/fr\/author\/augustin-riveronwin-sport-school-org\/\"}]}<\/script>\n<!-- \/ Yoast SEO plugin. -->","yoast_head_json":{"title":"Valeri Nichushkin &eacute;cope de 6 mois de suspension - The Playoffs FR","robots":{"index":"index","follow":"follow","max-snippet":"max-snippet:-1","max-image-preview":"max-image-preview:large","max-video-preview":"max-video-preview:-1"},"canonical":"https:\/\/theplayoffs.news\/fr\/actualite-nhl\/valeri-nichushkin-ecope-de-6-mois\/","og_locale":"fr_FR","og_type":"article","og_title":"Valeri Nichushkin &eacute;cope de 6 mois de suspension - The Playoffs FR","og_url":"https:\/\/theplayoffs.news\/fr\/actualite-nhl\/valeri-nichushkin-ecope-de-6-mois\/","og_site_name":"The Playoffs FR","article_publisher":"https:\/\/www.facebook.com\/TheFreeAgentFR\/","og_image":[{"width":1920,"height":1281,"url":"https:\/\/theplayoffs.news\/fr\/wp-content\/uploads\/2024\/05\/Photo-Valeri-Nichushkin.jpg","type":"image\/jpeg"}],"author":"Augustin Riveron","twitter_card":"summary_large_image","twitter_creator":"@TheFreeAgentFR","twitter_site":"@TheFreeAgentFR","twitter_misc":{"\u00c9crit par":"Augustin Riveron","Dur\u00e9e de lecture estim\u00e9e":"1 minute"},"schema":{"@context":"https:\/\/schema.org","@graph":[{"@type":"WebPage","@id":"https:\/\/theplayoffs.news\/fr\/actualite-nhl\/valeri-nichushkin-ecope-de-6-mois\/","url":"https:\/\/theplayoffs.news\/fr\/actualite-nhl\/valeri-nichushkin-ecope-de-6-mois\/","name":"Valeri Nichushkin \u00e9cope de 6 mois de suspension - The Playoffs FR","isPartOf":{"@id":"https:\/\/theplayoffs.news\/fr\/#website"},"primaryImageOfPage":{"@id":"https:\/\/theplayoffs.news\/fr\/actualite-nhl\/valeri-nichushkin-ecope-de-6-mois\/#primaryimage"},"image":{"@id":"https:\/\/theplayoffs.news\/fr\/actualite-nhl\/valeri-nichushkin-ecope-de-6-mois\/#primaryimage"},"thumbnailUrl":"https:\/\/theplayoffs.news\/fr\/wp-content\/uploads\/2024\/05\/Photo-Valeri-Nichushkin.jpg","datePublished":"2024-05-14T12:03:54+00:00","dateModified":"2024-05-14T12:03:54+00:00","author":{"@id":"https:\/\/theplayoffs.news\/fr\/#\/schema\/person\/6c57838882f89046acb1a469126746b7"},"breadcrumb":{"@id":"https:\/\/theplayoffs.news\/fr\/actualite-nhl\/valeri-nichushkin-ecope-de-6-mois\/#breadcrumb"},"inLanguage":"fr-FR","potentialAction":[{"@type":"ReadAction","target":["https:\/\/theplayoffs.news\/fr\/actualite-nhl\/valeri-nichushkin-ecope-de-6-mois\/"]}]},{"@type":"ImageObject","inLanguage":"fr-FR","@id":"https:\/\/theplayoffs.news\/fr\/actualite-nhl\/valeri-nichushkin-ecope-de-6-mois\/#primaryimage","url":"https:\/\/theplayoffs.news\/fr\/wp-content\/uploads\/2024\/05\/Photo-Valeri-Nichushkin.jpg","contentUrl":"https:\/\/theplayoffs.news\/fr\/wp-content\/uploads\/2024\/05\/Photo-Valeri-Nichushkin.jpg","width":1920,"height":1281,"caption":"May 11, 2024; Denver, Colorado, USA; Colorado Avalanche defenseman Jack Johnson (3) controls the puck ahead of Dallas Stars left wing Jamie Benn (14) and right wing Valeri Nichushkin (13) in the third period in game three of the second round of the 2024 Stanley Cup Playoffs at Ball Arena. Mandatory Credit: Isaiah J. Downing-USA TODAY Sports"},{"@type":"BreadcrumbList","@id":"https:\/\/theplayoffs.news\/fr\/actualite-nhl\/valeri-nichushkin-ecope-de-6-mois\/#breadcrumb","itemListElement":[{"@type":"ListItem","position":1,"name":"Accueil","item":"https:\/\/theplayoffs.news\/fr\/"},{"@type":"ListItem","position":2,"name":"Valeri Nichushkin \u00e9cope de 6 mois de suspension"}]},{"@type":"WebSite","@id":"https:\/\/theplayoffs.news\/fr\/#website","url":"https:\/\/theplayoffs.news\/fr\/","name":"The Playoffs FR","description":"NBA-NFL-NHL-MLB","potentialAction":[{"@type":"SearchAction","target":{"@type":"EntryPoint","urlTemplate":"https:\/\/theplayoffs.news\/fr\/?s={search_term_string}"},"query-input":{"@type":"PropertyValueSpecification","valueRequired":true,"valueName":"search_term_string"}}],"inLanguage":"fr-FR"},{"@type":"Person","@id":"https:\/\/theplayoffs.news\/fr\/#\/schema\/person\/6c57838882f89046acb1a469126746b7","name":"Augustin Riveron","image":{"@type":"ImageObject","inLanguage":"fr-FR","@id":"https:\/\/theplayoffs.news\/fr\/#\/schema\/person\/image\/","url":"https:\/\/secure.gravatar.com\/avatar\/a60ae09e43d53d832185e44e4832a6bbb342aaf556e8b223a779777ab6267eec?s=96&d=mm&r=g","contentUrl":"https:\/\/secure.gravatar.com\/avatar\/a60ae09e43d53d832185e44e4832a6bbb342aaf556e8b223a779777ab6267eec?s=96&d=mm&r=g","caption":"Augustin Riveron"},"url":"https:\/\/theplayoffs.news\/fr\/author\/augustin-riveronwin-sport-school-org\/"}]}},"_links":{"self":[{"href":"https:\/\/theplayoffs.news\/fr\/wp-json\/wp\/v2\/posts\/1431962","targetHints":{"allow":["GET"]}}],"collection":[{"href":"https:\/\/theplayoffs.news\/fr\/wp-json\/wp\/v2\/posts"}],"about":[{"href":"https:\/\/theplayoffs.news\/fr\/wp-json\/wp\/v2\/types\/post"}],"author":[{"embeddable":true,"href":"https:\/\/theplayoffs.news\/fr\/wp-json\/wp\/v2\/users\/180310241"}],"replies":[{"embeddable":true,"href":"https:\/\/theplayoffs.news\/fr\/wp-json\/wp\/v2\/comments?post=1431962"}],"version-history":[{"count":3,"href":"https:\/\/theplayoffs.news\/fr\/wp-json\/wp\/v2\/posts\/1431962\/revisions"}],"predecessor-version":[{"id":1432015,"href":"https:\/\/theplayoffs.news\/fr\/wp-json\/wp\/v2\/posts\/1431962\/revisions\/1432015"}],"wp:featuredmedia":[{"embeddable":true,"href":"https:\/\/theplayoffs.news\/fr\/wp-json\/wp\/v2\/media\/1432011"}],"wp:attachment":[{"href":"https:\/\/theplayoffs.news\/fr\/wp-json\/wp\/v2\/media?parent=1431962"}],"wp:term":[{"taxonomy":"category","embeddable":true,"href":"https:\/\/theplayoffs.news\/fr\/wp-json\/wp\/v2\/categories?post=1431962"},{"taxonomy":"post_tag","embeddable":true,"href":"https:\/\/theplayoffs.news\/fr\/wp-json\/wp\/v2\/tags?post=1431962"},{"taxonomy":"sport","embeddable":true,"href":"https:\/\/theplayoffs.news\/fr\/wp-json\/wp\/v2\/sport?post=1431962"},{"taxonomy":"saison","embeddable":true,"href":"https:\/\/theplayoffs.news\/fr\/wp-json\/wp\/v2\/saison?post=1431962"}],"curies":[{"name":"wp","href":"https:\/\/api.w.org\/{rel}","templated":true}]}}