{"id":1431814,"date":"2024-05-13T18:24:44","date_gmt":"2024-05-13T16:24:44","guid":{"rendered":"https:\/\/theplayoffs.news\/fr\/?p=1431814"},"modified":"2024-05-13T18:24:44","modified_gmt":"2024-05-13T16:24:44","slug":"luka-doncic-nouveau-incertain-match-4","status":"publish","type":"post","link":"https:\/\/theplayoffs.news\/fr\/actualite-nba\/luka-doncic-nouveau-incertain-match-4\/","title":{"rendered":"Luka Don\u010di\u0107 de nouveau incertain pour le match 4 cette nuit"},"content":{"rendered":"<h2><strong>NBA &ndash; Suite des demi-finales de conf&eacute;rence cette nuit lors des Playoffs NBA. Les Dallas Mavericks recevront le Thunder d&rsquo;Oklahoma City &agrave; l&rsquo;occasion du match 4 (3h30 heure fran&ccedil;aise). Comme depuis plusieurs matchs maintenant, Luka Don&#269;i&#263; est incertain pour la rencontre. <\/strong><\/h2><p><strong>&nbsp;<\/strong><\/p><p>Les jours se suivent et se ressemblent concernant l&rsquo;&eacute;tat de sant&eacute; de Luka Don&#269;i&#263;, superstar des Mavericks. Diminu&eacute; depuis le d&eacute;but des Playoffs, le slov&egrave;ne doit composer avec un corps meurtri. Comme cela &eacute;tait d&eacute;j&agrave; le cas au premier tour face aux Clippers, Don&#269;i&#263; est souffrant.<\/p><p><a href=\"https:\/\/www.espn.com\/nba\/injuries\" class=\"trk-cta-link\" data-cta-trk='{\"ctaType\":\"Link\",\"ctaSubType\":\"main\"}'>Tim MacMahon pour <em>ESPN.com <\/em><\/a>indique que c&rsquo;est toujours en raison d&rsquo;une petite entorse au genou droit, qu&rsquo;il tra&icirc;ne depuis un bon mois maintenant, que Don&#269;i&#263; est incertain. <a href=\"https:\/\/theplayoffs.news\/fr\/nba-basketball\/luka-doncic-incertain-pour-le-match-3\/\" class=\"trk-cta-link\" data-cta-trk='{\"ctaType\":\"Link\",\"ctaSubType\":\"main\"}'>Comme pour le match 3<\/a>, le joueur de 25 ans souffre aussi de douleurs &agrave; la cheville gauche.<\/p><blockquote class=\"twitter-tweet\" data-width=\"500\" data-dnt=\"true\">\n<p lang=\"en\" dir=\"ltr\">Luka gets loose for Game 3 in Dallas&hellip; NEXT on ABC! <a href=\"https:\/\/t.co\/qmziIjYM5Q\" class=\"trk-cta-link\" data-cta-trk='{\"ctaType\":\"Link\",\"ctaSubType\":\"main\"}'>pic.twitter.com\/qmziIjYM5Q<\/a><\/p>\n<p>&mdash; NBA (@NBA) <a href=\"https:\/\/twitter.com\/NBA\/status\/1789377580279177530?ref_src=twsrc%5Etfw\" class=\"trk-cta-link\" data-cta-trk='{\"ctaType\":\"Link\",\"ctaSubType\":\"main\"}'>May 11, 2024<\/a><\/p><\/blockquote><p><script async src=\"https:\/\/platform.twitter.com\/widgets.js\" charset=\"utf-8\"><\/script><\/p><p>Jusqu&rsquo;ici, toutes ces g&ecirc;nes n&rsquo;ont pas emp&ecirc;ch&eacute; Don&#269;i&#263; de tenir son rang puisqu&rsquo;il a disput&eacute; l&rsquo;enti&egrave;ret&eacute; des matchs de Playoffs de son &eacute;quipe. Le tout avec la mani&egrave;re puisqu&rsquo;il tourne pour l&rsquo;instant &agrave; 23.3 points, 10.3 rebonds et 7 passes d&eacute;cisives de moyenne dans la s&eacute;rie face au Thunder que Dallas m&egrave;ne 2-1.<\/p><p>&Agrave; priori, Luka Don&#269;i&#263; devrait jouer ce soir &agrave; moins d&rsquo;une grande surprise. Des &eacute;volutions sur sa participation au match de cette nuit devraient tomber au fil de la soir&eacute;e.<\/p><p>&nbsp;<\/p><p>Match 4 entre Mavericks et Thunder cette &agrave; l&rsquo;American Airlines Center de Dallas. Coup d&rsquo;envoi 3h30 heure fran&ccedil;aise.<\/p><p>&copy; Alonzo Adams-USA TODAY Sports<\/p>\n","protected":false},"excerpt":{"rendered":"","protected":false},"author":180310210,"featured_media":1431815,"comment_status":"open","ping_status":"closed","sticky":false,"template":"","format":"standard","meta":{"inline_featured_image":false,"kia_subtitle":"","_mux_skip_reasons":[],"proofreadBy":0,"footnotes":""},"categories":[110,10],"tags":[595,545],"sport":[2783],"saison":[6111],"class_list":["post-1431814","post","type-post","status-publish","format-standard","has-post-thumbnail","hentry","category-actualite-nba","category-nba","tag-dallas-mavericks","tag-luka-doncic","sport-nba","saison-6111"],"acf":[],"yoast_head":"<!-- This site is optimized with the Yoast SEO plugin v24.2 - https:\/\/yoast.com\/wordpress\/plugins\/seo\/ -->\n<title>Luka Don\u010di\u0107 de nouveau incertain pour le match 4 cette nuit - The Playoffs FR<\/title>\n<meta name=\"robots\" content=\"index, follow, max-snippet:-1, max-image-preview:large, max-video-preview:-1\" \/>\n<link rel=\"canonical\" href=\"https:\/\/theplayoffs.news\/fr\/actualite-nba\/luka-doncic-nouveau-incertain-match-4\/\" \/>\n<meta property=\"og:locale\" content=\"fr_FR\" \/>\n<meta property=\"og:type\" content=\"article\" \/>\n<meta property=\"og:title\" content=\"Luka Don\u010di\u0107 de nouveau incertain pour le match 4 cette nuit - The Playoffs FR\" \/>\n<meta property=\"og:url\" content=\"https:\/\/theplayoffs.news\/fr\/actualite-nba\/luka-doncic-nouveau-incertain-match-4\/\" \/>\n<meta property=\"og:site_name\" content=\"The Playoffs FR\" \/>\n<meta property=\"article:publisher\" content=\"https:\/\/www.facebook.com\/TheFreeAgentFR\/\" \/>\n<meta property=\"article:modified_time\" content=\"2024-05-13T18:24:44+02:00\" \/>\n<meta property=\"og:image\" content=\"https:\/\/theplayoffs.news\/fr\/wp-content\/uploads\/2024\/05\/USATSI_23232535.jpg\" \/>\n\t<meta property=\"og:image:width\" content=\"1369\" \/>\n\t<meta property=\"og:image:height\" content=\"1920\" \/>\n\t<meta property=\"og:image:type\" content=\"image\/jpeg\" \/>\n<meta name=\"author\" content=\"Romain Balle\" \/>\n<meta name=\"twitter:card\" content=\"summary_large_image\" \/>\n<meta name=\"twitter:creator\" content=\"@TheFreeAgentFR\" \/>\n<meta name=\"twitter:site\" content=\"@TheFreeAgentFR\" \/>\n<meta name=\"twitter:label1\" content=\"\u00c9crit par\" \/>\n\t<meta name=\"twitter:data1\" content=\"Romain Balle\" \/>\n\t<meta name=\"twitter:label2\" content=\"Dur\u00e9e de lecture estim\u00e9e\" \/>\n\t<meta name=\"twitter:data2\" content=\"1 minute\" \/>\n<script type=\"application\/ld+json\" class=\"yoast-schema-graph\">{\"@context\":\"https:\/\/schema.org\",\"@graph\":[{\"@type\":\"WebPage\",\"@id\":\"https:\/\/theplayoffs.news\/fr\/actualite-nba\/luka-doncic-nouveau-incertain-match-4\/\",\"url\":\"https:\/\/theplayoffs.news\/fr\/actualite-nba\/luka-doncic-nouveau-incertain-match-4\/\",\"name\":\"Luka Don\u010di\u0107 de nouveau incertain pour le match 4 cette nuit - The Playoffs FR\",\"isPartOf\":{\"@id\":\"https:\/\/theplayoffs.news\/fr\/#website\"},\"primaryImageOfPage\":{\"@id\":\"https:\/\/theplayoffs.news\/fr\/actualite-nba\/luka-doncic-nouveau-incertain-match-4\/#primaryimage\"},\"image\":{\"@id\":\"https:\/\/theplayoffs.news\/fr\/actualite-nba\/luka-doncic-nouveau-incertain-match-4\/#primaryimage\"},\"thumbnailUrl\":\"https:\/\/theplayoffs.news\/fr\/wp-content\/uploads\/2024\/05\/USATSI_23232535.jpg\",\"datePublished\":\"2024-05-13T16:24:44+00:00\",\"dateModified\":\"2024-05-13T16:24:44+00:00\",\"author\":{\"@id\":\"https:\/\/theplayoffs.news\/fr\/#\/schema\/person\/6d5286c8c5dec1bbd3e6341f17a41111\"},\"breadcrumb\":{\"@id\":\"https:\/\/theplayoffs.news\/fr\/actualite-nba\/luka-doncic-nouveau-incertain-match-4\/#breadcrumb\"},\"inLanguage\":\"fr-FR\",\"potentialAction\":[{\"@type\":\"ReadAction\",\"target\":[\"https:\/\/theplayoffs.news\/fr\/actualite-nba\/luka-doncic-nouveau-incertain-match-4\/\"]}]},{\"@type\":\"ImageObject\",\"inLanguage\":\"fr-FR\",\"@id\":\"https:\/\/theplayoffs.news\/fr\/actualite-nba\/luka-doncic-nouveau-incertain-match-4\/#primaryimage\",\"url\":\"https:\/\/theplayoffs.news\/fr\/wp-content\/uploads\/2024\/05\/USATSI_23232535.jpg\",\"contentUrl\":\"https:\/\/theplayoffs.news\/fr\/wp-content\/uploads\/2024\/05\/USATSI_23232535.jpg\",\"width\":1369,\"height\":1920,\"caption\":\"May 9, 2024; Oklahoma City, Oklahoma, USA; Dallas Mavericks guard Luka Doncic (77) warms up before the start of their game against the Oklahoma City Thunder in game two of the second round for the 2024 NBA playoffs at Paycom Center. Mandatory Credit: Alonzo Adams-USA TODAY Sports\"},{\"@type\":\"BreadcrumbList\",\"@id\":\"https:\/\/theplayoffs.news\/fr\/actualite-nba\/luka-doncic-nouveau-incertain-match-4\/#breadcrumb\",\"itemListElement\":[{\"@type\":\"ListItem\",\"position\":1,\"name\":\"Accueil\",\"item\":\"https:\/\/theplayoffs.news\/fr\/\"},{\"@type\":\"ListItem\",\"position\":2,\"name\":\"Luka Don\u010di\u0107 de nouveau incertain pour le match 4 cette nuit\"}]},{\"@type\":\"WebSite\",\"@id\":\"https:\/\/theplayoffs.news\/fr\/#website\",\"url\":\"https:\/\/theplayoffs.news\/fr\/\",\"name\":\"The Playoffs FR\",\"description\":\"NBA-NFL-NHL-MLB\",\"potentialAction\":[{\"@type\":\"SearchAction\",\"target\":{\"@type\":\"EntryPoint\",\"urlTemplate\":\"https:\/\/theplayoffs.news\/fr\/?s={search_term_string}\"},\"query-input\":{\"@type\":\"PropertyValueSpecification\",\"valueRequired\":true,\"valueName\":\"search_term_string\"}}],\"inLanguage\":\"fr-FR\"},{\"@type\":\"Person\",\"@id\":\"https:\/\/theplayoffs.news\/fr\/#\/schema\/person\/6d5286c8c5dec1bbd3e6341f17a41111\",\"name\":\"Romain Balle\",\"image\":{\"@type\":\"ImageObject\",\"inLanguage\":\"fr-FR\",\"@id\":\"https:\/\/theplayoffs.news\/fr\/#\/schema\/person\/image\/\",\"url\":\"https:\/\/secure.gravatar.com\/avatar\/05ddb849264c48c5ab2084b8927e8da5ec4ccb05c2bd91acb1c3d4c2785ce057?s=96&d=mm&r=g\",\"contentUrl\":\"https:\/\/secure.gravatar.com\/avatar\/05ddb849264c48c5ab2084b8927e8da5ec4ccb05c2bd91acb1c3d4c2785ce057?s=96&d=mm&r=g\",\"caption\":\"Romain Balle\"},\"url\":\"https:\/\/theplayoffs.news\/fr\/author\/romainballe02gmail-com\/\"}]}<\/script>\n<!-- \/ Yoast SEO plugin. -->","yoast_head_json":{"title":"Luka Don\u010di\u0107 de nouveau incertain pour le match 4 cette nuit - The Playoffs FR","robots":{"index":"index","follow":"follow","max-snippet":"max-snippet:-1","max-image-preview":"max-image-preview:large","max-video-preview":"max-video-preview:-1"},"canonical":"https:\/\/theplayoffs.news\/fr\/actualite-nba\/luka-doncic-nouveau-incertain-match-4\/","og_locale":"fr_FR","og_type":"article","og_title":"Luka Don\u010di\u0107 de nouveau incertain pour le match 4 cette nuit - The Playoffs FR","og_url":"https:\/\/theplayoffs.news\/fr\/actualite-nba\/luka-doncic-nouveau-incertain-match-4\/","og_site_name":"The Playoffs FR","article_publisher":"https:\/\/www.facebook.com\/TheFreeAgentFR\/","og_image":[{"width":1369,"height":1920,"url":"https:\/\/theplayoffs.news\/fr\/wp-content\/uploads\/2024\/05\/USATSI_23232535.jpg","type":"image\/jpeg"}],"author":"Romain Balle","twitter_card":"summary_large_image","twitter_creator":"@TheFreeAgentFR","twitter_site":"@TheFreeAgentFR","twitter_misc":{"\u00c9crit par":"Romain Balle","Dur\u00e9e de lecture estim\u00e9e":"1 minute"},"schema":{"@context":"https:\/\/schema.org","@graph":[{"@type":"WebPage","@id":"https:\/\/theplayoffs.news\/fr\/actualite-nba\/luka-doncic-nouveau-incertain-match-4\/","url":"https:\/\/theplayoffs.news\/fr\/actualite-nba\/luka-doncic-nouveau-incertain-match-4\/","name":"Luka Don\u010di\u0107 de nouveau incertain pour le match 4 cette nuit - The Playoffs FR","isPartOf":{"@id":"https:\/\/theplayoffs.news\/fr\/#website"},"primaryImageOfPage":{"@id":"https:\/\/theplayoffs.news\/fr\/actualite-nba\/luka-doncic-nouveau-incertain-match-4\/#primaryimage"},"image":{"@id":"https:\/\/theplayoffs.news\/fr\/actualite-nba\/luka-doncic-nouveau-incertain-match-4\/#primaryimage"},"thumbnailUrl":"https:\/\/theplayoffs.news\/fr\/wp-content\/uploads\/2024\/05\/USATSI_23232535.jpg","datePublished":"2024-05-13T16:24:44+00:00","dateModified":"2024-05-13T16:24:44+00:00","author":{"@id":"https:\/\/theplayoffs.news\/fr\/#\/schema\/person\/6d5286c8c5dec1bbd3e6341f17a41111"},"breadcrumb":{"@id":"https:\/\/theplayoffs.news\/fr\/actualite-nba\/luka-doncic-nouveau-incertain-match-4\/#breadcrumb"},"inLanguage":"fr-FR","potentialAction":[{"@type":"ReadAction","target":["https:\/\/theplayoffs.news\/fr\/actualite-nba\/luka-doncic-nouveau-incertain-match-4\/"]}]},{"@type":"ImageObject","inLanguage":"fr-FR","@id":"https:\/\/theplayoffs.news\/fr\/actualite-nba\/luka-doncic-nouveau-incertain-match-4\/#primaryimage","url":"https:\/\/theplayoffs.news\/fr\/wp-content\/uploads\/2024\/05\/USATSI_23232535.jpg","contentUrl":"https:\/\/theplayoffs.news\/fr\/wp-content\/uploads\/2024\/05\/USATSI_23232535.jpg","width":1369,"height":1920,"caption":"May 9, 2024; Oklahoma City, Oklahoma, USA; Dallas Mavericks guard Luka Doncic (77) warms up before the start of their game against the Oklahoma City Thunder in game two of the second round for the 2024 NBA playoffs at Paycom Center. Mandatory Credit: Alonzo Adams-USA TODAY Sports"},{"@type":"BreadcrumbList","@id":"https:\/\/theplayoffs.news\/fr\/actualite-nba\/luka-doncic-nouveau-incertain-match-4\/#breadcrumb","itemListElement":[{"@type":"ListItem","position":1,"name":"Accueil","item":"https:\/\/theplayoffs.news\/fr\/"},{"@type":"ListItem","position":2,"name":"Luka Don\u010di\u0107 de nouveau incertain pour le match 4 cette nuit"}]},{"@type":"WebSite","@id":"https:\/\/theplayoffs.news\/fr\/#website","url":"https:\/\/theplayoffs.news\/fr\/","name":"The Playoffs FR","description":"NBA-NFL-NHL-MLB","potentialAction":[{"@type":"SearchAction","target":{"@type":"EntryPoint","urlTemplate":"https:\/\/theplayoffs.news\/fr\/?s={search_term_string}"},"query-input":{"@type":"PropertyValueSpecification","valueRequired":true,"valueName":"search_term_string"}}],"inLanguage":"fr-FR"},{"@type":"Person","@id":"https:\/\/theplayoffs.news\/fr\/#\/schema\/person\/6d5286c8c5dec1bbd3e6341f17a41111","name":"Romain Balle","image":{"@type":"ImageObject","inLanguage":"fr-FR","@id":"https:\/\/theplayoffs.news\/fr\/#\/schema\/person\/image\/","url":"https:\/\/secure.gravatar.com\/avatar\/05ddb849264c48c5ab2084b8927e8da5ec4ccb05c2bd91acb1c3d4c2785ce057?s=96&d=mm&r=g","contentUrl":"https:\/\/secure.gravatar.com\/avatar\/05ddb849264c48c5ab2084b8927e8da5ec4ccb05c2bd91acb1c3d4c2785ce057?s=96&d=mm&r=g","caption":"Romain Balle"},"url":"https:\/\/theplayoffs.news\/fr\/author\/romainballe02gmail-com\/"}]}},"_links":{"self":[{"href":"https:\/\/theplayoffs.news\/fr\/wp-json\/wp\/v2\/posts\/1431814","targetHints":{"allow":["GET"]}}],"collection":[{"href":"https:\/\/theplayoffs.news\/fr\/wp-json\/wp\/v2\/posts"}],"about":[{"href":"https:\/\/theplayoffs.news\/fr\/wp-json\/wp\/v2\/types\/post"}],"author":[{"embeddable":true,"href":"https:\/\/theplayoffs.news\/fr\/wp-json\/wp\/v2\/users\/180310210"}],"replies":[{"embeddable":true,"href":"https:\/\/theplayoffs.news\/fr\/wp-json\/wp\/v2\/comments?post=1431814"}],"version-history":[{"count":3,"href":"https:\/\/theplayoffs.news\/fr\/wp-json\/wp\/v2\/posts\/1431814\/revisions"}],"predecessor-version":[{"id":1431819,"href":"https:\/\/theplayoffs.news\/fr\/wp-json\/wp\/v2\/posts\/1431814\/revisions\/1431819"}],"wp:featuredmedia":[{"embeddable":true,"href":"https:\/\/theplayoffs.news\/fr\/wp-json\/wp\/v2\/media\/1431815"}],"wp:attachment":[{"href":"https:\/\/theplayoffs.news\/fr\/wp-json\/wp\/v2\/media?parent=1431814"}],"wp:term":[{"taxonomy":"category","embeddable":true,"href":"https:\/\/theplayoffs.news\/fr\/wp-json\/wp\/v2\/categories?post=1431814"},{"taxonomy":"post_tag","embeddable":true,"href":"https:\/\/theplayoffs.news\/fr\/wp-json\/wp\/v2\/tags?post=1431814"},{"taxonomy":"sport","embeddable":true,"href":"https:\/\/theplayoffs.news\/fr\/wp-json\/wp\/v2\/sport?post=1431814"},{"taxonomy":"saison","embeddable":true,"href":"https:\/\/theplayoffs.news\/fr\/wp-json\/wp\/v2\/saison?post=1431814"}],"curies":[{"name":"wp","href":"https:\/\/api.w.org\/{rel}","templated":true}]}}