{"id":1431626,"date":"2024-05-13T08:19:37","date_gmt":"2024-05-13T06:19:37","guid":{"rendered":"https:\/\/theplayoffs.news\/fr\/?p=1431626"},"modified":"2024-05-13T08:19:37","modified_gmt":"2024-05-13T06:19:37","slug":"hawks-atlanta-1-st-pick-draft","status":"publish","type":"post","link":"https:\/\/theplayoffs.news\/fr\/actualite-nba\/hawks-atlanta-1-st-pick-draft\/","title":{"rendered":"Que vont faire les Hawks d&rsquo;Atlanta avec leur 1st pick \u00e0 la draft ?"},"content":{"rendered":"<h2>NBA &ndash; Les Hawks d&rsquo;Atlanta ont obtenu le premier choix pour la prochaine<a href=\"https:\/\/theplayoffs.news\/fr\/nba-basketball\/les-resultats-de-la-nba-lottery-2024\/\" class=\"trk-cta-link\" data-cta-trk='{\"ctaType\":\"Link\",\"ctaSubType\":\"main\"}'> Draft NBA<\/a>. Quels sont les possibilit&eacute;s dans les semaines &agrave; venir pour ATL ?<\/h2><p>&nbsp;<\/p><p>Historiquement, c&rsquo;est la premi&egrave;re fois depuis 1975 qu&rsquo;Atlanta obtient le premier choix de la draft (cette ann&eacute;e-l&agrave;, la franchise avait r&eacute;cup&eacute;r&eacute; David Thompson qui &eacute;tait parti jouer en ABA, il n&rsquo;avait donc jamais port&eacute; le maillot des Hawks).<\/p><blockquote class=\"twitter-tweet\" data-width=\"500\" data-dnt=\"true\">\n<p lang=\"en\" dir=\"ltr\">Last time Atlanta Hawks drafted with the first pick, it was 1975 &#129400;<\/p>\n<p>Note that David Thompson never played for the Hawks. <a href=\"https:\/\/t.co\/SeEpKX3Ehb\" class=\"trk-cta-link\" data-cta-trk='{\"ctaType\":\"Link\",\"ctaSubType\":\"main\"}'>pic.twitter.com\/SeEpKX3Ehb<\/a><\/p>\n<p>&mdash; Yvan Montgury, The Gravedigger (@YvanMontgury) <a href=\"https:\/\/twitter.com\/YvanMontgury\/status\/1789741120966008995?ref_src=twsrc%5Etfw\" class=\"trk-cta-link\" data-cta-trk='{\"ctaType\":\"Link\",\"ctaSubType\":\"main\"}'>May 12, 2024<\/a><\/p><\/blockquote><p><script async src=\"https:\/\/platform.twitter.com\/widgets.js\" charset=\"utf-8\"><\/script><\/p><p>Avec ce premier choix, inattendu pour l&rsquo;&eacute;quipe de G&eacute;orgie (3% de chance d&rsquo;obtenir le pick #1), la franchise va devoir r&eacute;fl&eacute;chir pour optimiser au mieux cette nouvelle donn&eacute;e pour l&rsquo;avenir de la franchise.<\/p><h3>Un trade est-il enviseageable ?<\/h3><p>Dans une classe de Draft qui semble assez compliqu&eacute; de classer (<em>les mocks draft de Yahoo &ndash; ESPN &ndash; The Athletic ne se rejoignent pas sur les premiers picks<\/em>), ce choix premium serait il une solution pour tenter un &eacute;norme trade ?<\/p><p>Certainement pas, selon Lauren L. Wiliams, journaliste pour le Atlanta Journal-Constitution, qui explique que Landry Fields, le GM des Hawks, aurait annonc&eacute; que ce choix num&eacute;ro #1 n&rsquo;est pas fait pour bouger d&rsquo;Atlanta.<\/p><blockquote class=\"twitter-tweet\" data-width=\"500\" data-dnt=\"true\">\n<p lang=\"fr\" dir=\"ltr\">Selon <a href=\"https:\/\/twitter.com\/WilliamsLaurenL?ref_src=twsrc%5Etfw\" class=\"trk-cta-link\" data-cta-trk='{\"ctaType\":\"Link\",\"ctaSubType\":\"main\"}'>@WilliamsLaurenL<\/a>, Landry Fields aurait annonc&eacute; qu'il ne comptait absolument pas trader le pick.<\/p>\n<p>R&eacute;action du CM : un pick 1 &ccedil;a ne se trade pas mais c'est aussi exactement ce que j'aurais dit si je voulais le trader pour qu'il conserve sa valeur.<\/p>\n<p>&mdash; Hawks Nation France &#127467;&#127479; (@ATLHawksFR) <a href=\"https:\/\/twitter.com\/ATLHawksFR\/status\/1789769668569260396?ref_src=twsrc%5Etfw\" class=\"trk-cta-link\" data-cta-trk='{\"ctaType\":\"Link\",\"ctaSubType\":\"main\"}'>May 12, 2024<\/a><\/p><\/blockquote><p><script async src=\"https:\/\/platform.twitter.com\/widgets.js\" charset=\"utf-8\"><\/script><\/p><p>Cependant, aucune certitude ne concerne le choix de joueur qu&rsquo;Atlanta va faire pour cette draft.<\/p><blockquote><p><span class=\"HwtZe\" lang=\"fr\"><span class=\"jCAhz ChMk0b\"><span class=\"ryNqvb\">Il n&rsquo;y a pas vraiment de consensus parmi les &eacute;quipes sur ce que les Hawks feront de ce pick #1&Prime;, selon les propos de Sam Vecenie pour The Athletic.<\/span><\/span><\/span><\/p><\/blockquote><p>&nbsp;<\/p><p>Alex Sarr, le joueur fran&ccedil;ais, class&eacute; num&eacute;ro #1 dans de nombreuses <a href=\"https:\/\/sports.yahoo.com\/2024-nba-mock-draft-70-who-will-the-hawks-take-at-no-1-our-projections-for-every-pick-with-lottery-order-now-set-195807070.html\" class=\"trk-cta-link\" data-cta-trk='{\"ctaType\":\"Link\",\"ctaSubType\":\"main\"}'><em>mock draft<\/em><\/a>, semble tenir tout de m&ecirc;me la corde pour rejoindre la franchise d&rsquo;Atlanta. Le joueur pourrait devenir un partenaire de choix autour de Trae Young, si ce dernier reste en G&eacute;orgie &hellip;<\/p><p>\n<div id=\"attachment_1349781\" style=\"width: 1930px\" class=\"wp-caption alignnone\"><img loading=\"lazy\" decoding=\"async\" aria-describedby=\"caption-attachment-1349781\" class=\"size-full wp-image-1349781\" src=\"https:\/\/theplayoffs.news\/fr\/wp-content\/uploads\/2024\/02\/USATSI_22508121.jpg\" alt=\"Trae Young\" width=\"1920\" height=\"1280\" srcset=\"https:\/\/theplayoffs.news\/fr\/wp-content\/uploads\/2024\/02\/USATSI_22508121.jpg 1920w, https:\/\/theplayoffs.news\/fr\/wp-content\/uploads\/2024\/02\/USATSI_22508121-300x200.jpg 300w, https:\/\/theplayoffs.news\/fr\/wp-content\/uploads\/2024\/02\/USATSI_22508121-1030x687.jpg 1030w, https:\/\/theplayoffs.news\/fr\/wp-content\/uploads\/2024\/02\/USATSI_22508121-768x512.jpg 768w, https:\/\/theplayoffs.news\/fr\/wp-content\/uploads\/2024\/02\/USATSI_22508121-1536x1024.jpg 1536w, https:\/\/theplayoffs.news\/fr\/wp-content\/uploads\/2024\/02\/USATSI_22508121-1500x1000.jpg 1500w, https:\/\/theplayoffs.news\/fr\/wp-content\/uploads\/2024\/02\/USATSI_22508121-705x470.jpg 705w, https:\/\/theplayoffs.news\/fr\/wp-content\/uploads\/2024\/02\/USATSI_22508121-1320x880.jpg 1320w\" sizes=\"auto, (max-width: 1920px) 100vw, 1920px\" \/><p id=\"caption-attachment-1349781\" class=\"wp-caption-text\">Feb 12, 2024; Credit: Dale Zanine-USA TODAY Sports<\/p><\/div>\n<\/p><p>&nbsp;<\/p><div class=\"lRu31\" dir=\"ltr\"><span class=\"HwtZe\" lang=\"fr\"><span class=\"jCAhz ChMk0b\"><span class=\"ryNqvb\">Atlanta a plus d&rsquo;un mois pour d&eacute;cider de la direction &agrave; prendre, alors que la draft se d&eacute;roulera sur deux soir&eacute;es, les 26 et 27 Juin prochain.<br>\n<\/span><\/span><\/span><\/div><div dir=\"ltr\"><\/div><div class=\"lRu31\" dir=\"ltr\">\n<p><strong><span class=\"HwtZe\" lang=\"fr\"><span class=\"jCAhz ChMk0b\"><span class=\"ryNqvb\">Compte tenu de l&rsquo;incertitude globale entourant l&rsquo;&eacute;quipe, tous les regards seront tourn&eacute;s dans les semaines &agrave; venir vers les Hawks.<\/span><\/span><\/span><\/strong><\/p>\n<div class=\"OvtS8d\"><\/div>\n<div id=\"ow1952\"><\/div>\n<\/div><div class=\"UdTY9 WdefRb\" aria-hidden=\"true\" data-location=\"2\">\n<div class=\"kO6q6e\"><\/div>\n<\/div>\n","protected":false},"excerpt":{"rendered":"","protected":false},"author":180310001,"featured_media":1431628,"comment_status":"open","ping_status":"closed","sticky":false,"template":"","format":"standard","meta":{"inline_featured_image":false,"kia_subtitle":"","_mux_skip_reasons":[],"proofreadBy":0,"footnotes":""},"categories":[110,10],"tags":[107,84,500,5954,7251],"sport":[2783],"saison":[6111],"class_list":["post-1431626","post","type-post","status-publish","format-standard","has-post-thumbnail","hentry","category-actualite-nba","category-nba","tag-atlanta","tag-draft","tag-hawks","tag-lottery","tag-sarr","sport-nba","saison-6111"],"acf":[],"yoast_head":"<!-- This site is optimized with the Yoast SEO plugin v24.2 - https:\/\/yoast.com\/wordpress\/plugins\/seo\/ -->\n<title>Que vont faire les Hawks d&#039;Atlanta avec leur 1st pick &agrave; la draft ? - The Playoffs FR<\/title>\n<meta name=\"robots\" content=\"index, follow, max-snippet:-1, max-image-preview:large, max-video-preview:-1\" \/>\n<link rel=\"canonical\" href=\"https:\/\/theplayoffs.news\/fr\/actualite-nba\/hawks-atlanta-1-st-pick-draft\/\" \/>\n<meta property=\"og:locale\" content=\"fr_FR\" \/>\n<meta property=\"og:type\" content=\"article\" \/>\n<meta property=\"og:title\" content=\"Que vont faire les Hawks d&#039;Atlanta avec leur 1st pick &agrave; la draft ? - The Playoffs FR\" \/>\n<meta property=\"og:url\" content=\"https:\/\/theplayoffs.news\/fr\/actualite-nba\/hawks-atlanta-1-st-pick-draft\/\" \/>\n<meta property=\"og:site_name\" content=\"The Playoffs FR\" \/>\n<meta property=\"article:publisher\" content=\"https:\/\/www.facebook.com\/TheFreeAgentFR\/\" \/>\n<meta property=\"article:modified_time\" content=\"2024-05-13T08:19:37+02:00\" \/>\n<meta property=\"og:image\" content=\"https:\/\/theplayoffs.news\/fr\/wp-content\/uploads\/2024\/05\/USATSI_23256307_168402440_lowres.jpg\" \/>\n\t<meta property=\"og:image:width\" content=\"1920\" \/>\n\t<meta property=\"og:image:height\" content=\"1280\" \/>\n\t<meta property=\"og:image:type\" content=\"image\/jpeg\" \/>\n<meta name=\"author\" content=\"Christopher Marrec-Top\" \/>\n<meta name=\"twitter:card\" content=\"summary_large_image\" \/>\n<meta name=\"twitter:creator\" content=\"@TheFreeAgentFR\" \/>\n<meta name=\"twitter:site\" content=\"@TheFreeAgentFR\" \/>\n<meta name=\"twitter:label1\" content=\"\u00c9crit par\" \/>\n\t<meta name=\"twitter:data1\" content=\"Christopher Marrec-Top\" \/>\n\t<meta name=\"twitter:label2\" content=\"Dur\u00e9e de lecture estim\u00e9e\" \/>\n\t<meta name=\"twitter:data2\" content=\"2 minutes\" \/>\n<script type=\"application\/ld+json\" class=\"yoast-schema-graph\">{\"@context\":\"https:\/\/schema.org\",\"@graph\":[{\"@type\":\"WebPage\",\"@id\":\"https:\/\/theplayoffs.news\/fr\/actualite-nba\/hawks-atlanta-1-st-pick-draft\/\",\"url\":\"https:\/\/theplayoffs.news\/fr\/actualite-nba\/hawks-atlanta-1-st-pick-draft\/\",\"name\":\"Que vont faire les Hawks d\\\\'Atlanta avec leur 1st pick \u00e0 la draft ? - The Playoffs FR\",\"isPartOf\":{\"@id\":\"https:\/\/theplayoffs.news\/fr\/#website\"},\"primaryImageOfPage\":{\"@id\":\"https:\/\/theplayoffs.news\/fr\/actualite-nba\/hawks-atlanta-1-st-pick-draft\/#primaryimage\"},\"image\":{\"@id\":\"https:\/\/theplayoffs.news\/fr\/actualite-nba\/hawks-atlanta-1-st-pick-draft\/#primaryimage\"},\"thumbnailUrl\":\"https:\/\/theplayoffs.news\/fr\/wp-content\/uploads\/2024\/05\/USATSI_23256307_168402440_lowres.jpg\",\"datePublished\":\"2024-05-13T06:19:37+00:00\",\"dateModified\":\"2024-05-13T06:19:37+00:00\",\"author\":{\"@id\":\"https:\/\/theplayoffs.news\/fr\/#\/schema\/person\/863ce84969b07bfc09ef81750720e42a\"},\"breadcrumb\":{\"@id\":\"https:\/\/theplayoffs.news\/fr\/actualite-nba\/hawks-atlanta-1-st-pick-draft\/#breadcrumb\"},\"inLanguage\":\"fr-FR\",\"potentialAction\":[{\"@type\":\"ReadAction\",\"target\":[\"https:\/\/theplayoffs.news\/fr\/actualite-nba\/hawks-atlanta-1-st-pick-draft\/\"]}]},{\"@type\":\"ImageObject\",\"inLanguage\":\"fr-FR\",\"@id\":\"https:\/\/theplayoffs.news\/fr\/actualite-nba\/hawks-atlanta-1-st-pick-draft\/#primaryimage\",\"url\":\"https:\/\/theplayoffs.news\/fr\/wp-content\/uploads\/2024\/05\/USATSI_23256307_168402440_lowres.jpg\",\"contentUrl\":\"https:\/\/theplayoffs.news\/fr\/wp-content\/uploads\/2024\/05\/USATSI_23256307_168402440_lowres.jpg\",\"width\":1920,\"height\":1280,\"caption\":\"May 12, 2024; Chicago, IL, USA; Atlanta Hawks general manager Landry Fields after the Hawks get the number one pick in the 2024 NBA Draft Lottery at McCormick Place West. Mandatory Credit: David Banks-USA TODAY Sports\"},{\"@type\":\"BreadcrumbList\",\"@id\":\"https:\/\/theplayoffs.news\/fr\/actualite-nba\/hawks-atlanta-1-st-pick-draft\/#breadcrumb\",\"itemListElement\":[{\"@type\":\"ListItem\",\"position\":1,\"name\":\"Accueil\",\"item\":\"https:\/\/theplayoffs.news\/fr\/\"},{\"@type\":\"ListItem\",\"position\":2,\"name\":\"Que vont faire les Hawks d&rsquo;Atlanta avec leur 1st pick \u00e0 la draft ?\"}]},{\"@type\":\"WebSite\",\"@id\":\"https:\/\/theplayoffs.news\/fr\/#website\",\"url\":\"https:\/\/theplayoffs.news\/fr\/\",\"name\":\"The Playoffs FR\",\"description\":\"NBA-NFL-NHL-MLB\",\"potentialAction\":[{\"@type\":\"SearchAction\",\"target\":{\"@type\":\"EntryPoint\",\"urlTemplate\":\"https:\/\/theplayoffs.news\/fr\/?s={search_term_string}\"},\"query-input\":{\"@type\":\"PropertyValueSpecification\",\"valueRequired\":true,\"valueName\":\"search_term_string\"}}],\"inLanguage\":\"fr-FR\"},{\"@type\":\"Person\",\"@id\":\"https:\/\/theplayoffs.news\/fr\/#\/schema\/person\/863ce84969b07bfc09ef81750720e42a\",\"name\":\"Christopher Marrec-Top\",\"image\":{\"@type\":\"ImageObject\",\"inLanguage\":\"fr-FR\",\"@id\":\"https:\/\/theplayoffs.news\/fr\/#\/schema\/person\/image\/\",\"url\":\"https:\/\/secure.gravatar.com\/avatar\/3102192a417211661aecac9ec415c973058438e49145f224d4e3273853f80021?s=96&d=mm&r=g\",\"contentUrl\":\"https:\/\/secure.gravatar.com\/avatar\/3102192a417211661aecac9ec415c973058438e49145f224d4e3273853f80021?s=96&d=mm&r=g\",\"caption\":\"Christopher Marrec-Top\"},\"description\":\"Christopher, 37 ans et biberonn\u00e9 au cidre et aux cr\u00eapes (rien de plus normal pour un breton). Animateur du podcast \\\\\\\"And One\\\\\\\", d\u00e9di\u00e9 \u00e0 l\u2019univers du basket (NBA, WNBA, Draft), et r\u00e9dacteur pour le site ThePlayoffs. Je suis entr\u00e9 dans le monde des m\u00e9dias il y a quelques ann\u00e9es en tant que novice, mais ma passion pour le sport m\u2019anime au quotidien. Admirateur inconditionnel d\\\\'un certain \\\\\\\"Chosen One\\\\\\\", je l\\\\'ai particuli\u00e8rement suivi avec un maillot noir orn\u00e9 d\\\\'un grand C (avec le maillot \\\\\\\"purple and gold\\\\\\\" il se d\u00e9brouille toujours pas trop mal). Amoureux du sport am\u00e9ricain dans son ensemble, je reste fid\u00e8le \u00e0 la discipline fond\u00e9e par James Naismith. ENJOY !! Et longue vie \u00e0 ThePlayoffs !\",\"url\":\"https:\/\/theplayoffs.news\/fr\/author\/christophertop\/\"}]}<\/script>\n<!-- \/ Yoast SEO plugin. -->","yoast_head_json":{"title":"Que vont faire les Hawks d&#039;Atlanta avec leur 1st pick &agrave; la draft ? - The Playoffs FR","robots":{"index":"index","follow":"follow","max-snippet":"max-snippet:-1","max-image-preview":"max-image-preview:large","max-video-preview":"max-video-preview:-1"},"canonical":"https:\/\/theplayoffs.news\/fr\/actualite-nba\/hawks-atlanta-1-st-pick-draft\/","og_locale":"fr_FR","og_type":"article","og_title":"Que vont faire les Hawks d&#039;Atlanta avec leur 1st pick &agrave; la draft ? - The Playoffs FR","og_url":"https:\/\/theplayoffs.news\/fr\/actualite-nba\/hawks-atlanta-1-st-pick-draft\/","og_site_name":"The Playoffs FR","article_publisher":"https:\/\/www.facebook.com\/TheFreeAgentFR\/","og_image":[{"width":1920,"height":1280,"url":"https:\/\/theplayoffs.news\/fr\/wp-content\/uploads\/2024\/05\/USATSI_23256307_168402440_lowres.jpg","type":"image\/jpeg"}],"author":"Christopher Marrec-Top","twitter_card":"summary_large_image","twitter_creator":"@TheFreeAgentFR","twitter_site":"@TheFreeAgentFR","twitter_misc":{"\u00c9crit par":"Christopher Marrec-Top","Dur\u00e9e de lecture estim\u00e9e":"2 minutes"},"schema":{"@context":"https:\/\/schema.org","@graph":[{"@type":"WebPage","@id":"https:\/\/theplayoffs.news\/fr\/actualite-nba\/hawks-atlanta-1-st-pick-draft\/","url":"https:\/\/theplayoffs.news\/fr\/actualite-nba\/hawks-atlanta-1-st-pick-draft\/","name":"Que vont faire les Hawks d\\'Atlanta avec leur 1st pick \u00e0 la draft ? - The Playoffs FR","isPartOf":{"@id":"https:\/\/theplayoffs.news\/fr\/#website"},"primaryImageOfPage":{"@id":"https:\/\/theplayoffs.news\/fr\/actualite-nba\/hawks-atlanta-1-st-pick-draft\/#primaryimage"},"image":{"@id":"https:\/\/theplayoffs.news\/fr\/actualite-nba\/hawks-atlanta-1-st-pick-draft\/#primaryimage"},"thumbnailUrl":"https:\/\/theplayoffs.news\/fr\/wp-content\/uploads\/2024\/05\/USATSI_23256307_168402440_lowres.jpg","datePublished":"2024-05-13T06:19:37+00:00","dateModified":"2024-05-13T06:19:37+00:00","author":{"@id":"https:\/\/theplayoffs.news\/fr\/#\/schema\/person\/863ce84969b07bfc09ef81750720e42a"},"breadcrumb":{"@id":"https:\/\/theplayoffs.news\/fr\/actualite-nba\/hawks-atlanta-1-st-pick-draft\/#breadcrumb"},"inLanguage":"fr-FR","potentialAction":[{"@type":"ReadAction","target":["https:\/\/theplayoffs.news\/fr\/actualite-nba\/hawks-atlanta-1-st-pick-draft\/"]}]},{"@type":"ImageObject","inLanguage":"fr-FR","@id":"https:\/\/theplayoffs.news\/fr\/actualite-nba\/hawks-atlanta-1-st-pick-draft\/#primaryimage","url":"https:\/\/theplayoffs.news\/fr\/wp-content\/uploads\/2024\/05\/USATSI_23256307_168402440_lowres.jpg","contentUrl":"https:\/\/theplayoffs.news\/fr\/wp-content\/uploads\/2024\/05\/USATSI_23256307_168402440_lowres.jpg","width":1920,"height":1280,"caption":"May 12, 2024; Chicago, IL, USA; Atlanta Hawks general manager Landry Fields after the Hawks get the number one pick in the 2024 NBA Draft Lottery at McCormick Place West. Mandatory Credit: David Banks-USA TODAY Sports"},{"@type":"BreadcrumbList","@id":"https:\/\/theplayoffs.news\/fr\/actualite-nba\/hawks-atlanta-1-st-pick-draft\/#breadcrumb","itemListElement":[{"@type":"ListItem","position":1,"name":"Accueil","item":"https:\/\/theplayoffs.news\/fr\/"},{"@type":"ListItem","position":2,"name":"Que vont faire les Hawks d&rsquo;Atlanta avec leur 1st pick \u00e0 la draft ?"}]},{"@type":"WebSite","@id":"https:\/\/theplayoffs.news\/fr\/#website","url":"https:\/\/theplayoffs.news\/fr\/","name":"The Playoffs FR","description":"NBA-NFL-NHL-MLB","potentialAction":[{"@type":"SearchAction","target":{"@type":"EntryPoint","urlTemplate":"https:\/\/theplayoffs.news\/fr\/?s={search_term_string}"},"query-input":{"@type":"PropertyValueSpecification","valueRequired":true,"valueName":"search_term_string"}}],"inLanguage":"fr-FR"},{"@type":"Person","@id":"https:\/\/theplayoffs.news\/fr\/#\/schema\/person\/863ce84969b07bfc09ef81750720e42a","name":"Christopher Marrec-Top","image":{"@type":"ImageObject","inLanguage":"fr-FR","@id":"https:\/\/theplayoffs.news\/fr\/#\/schema\/person\/image\/","url":"https:\/\/secure.gravatar.com\/avatar\/3102192a417211661aecac9ec415c973058438e49145f224d4e3273853f80021?s=96&d=mm&r=g","contentUrl":"https:\/\/secure.gravatar.com\/avatar\/3102192a417211661aecac9ec415c973058438e49145f224d4e3273853f80021?s=96&d=mm&r=g","caption":"Christopher Marrec-Top"},"description":"Christopher, 37 ans et biberonn\u00e9 au cidre et aux cr\u00eapes (rien de plus normal pour un breton). Animateur du podcast \\\"And One\\\", d\u00e9di\u00e9 \u00e0 l\u2019univers du basket (NBA, WNBA, Draft), et r\u00e9dacteur pour le site ThePlayoffs. Je suis entr\u00e9 dans le monde des m\u00e9dias il y a quelques ann\u00e9es en tant que novice, mais ma passion pour le sport m\u2019anime au quotidien. Admirateur inconditionnel d\\'un certain \\\"Chosen One\\\", je l\\'ai particuli\u00e8rement suivi avec un maillot noir orn\u00e9 d\\'un grand C (avec le maillot \\\"purple and gold\\\" il se d\u00e9brouille toujours pas trop mal). Amoureux du sport am\u00e9ricain dans son ensemble, je reste fid\u00e8le \u00e0 la discipline fond\u00e9e par James Naismith. ENJOY !! Et longue vie \u00e0 ThePlayoffs !","url":"https:\/\/theplayoffs.news\/fr\/author\/christophertop\/"}]}},"_links":{"self":[{"href":"https:\/\/theplayoffs.news\/fr\/wp-json\/wp\/v2\/posts\/1431626","targetHints":{"allow":["GET"]}}],"collection":[{"href":"https:\/\/theplayoffs.news\/fr\/wp-json\/wp\/v2\/posts"}],"about":[{"href":"https:\/\/theplayoffs.news\/fr\/wp-json\/wp\/v2\/types\/post"}],"author":[{"embeddable":true,"href":"https:\/\/theplayoffs.news\/fr\/wp-json\/wp\/v2\/users\/180310001"}],"replies":[{"embeddable":true,"href":"https:\/\/theplayoffs.news\/fr\/wp-json\/wp\/v2\/comments?post=1431626"}],"version-history":[{"count":6,"href":"https:\/\/theplayoffs.news\/fr\/wp-json\/wp\/v2\/posts\/1431626\/revisions"}],"predecessor-version":[{"id":1431674,"href":"https:\/\/theplayoffs.news\/fr\/wp-json\/wp\/v2\/posts\/1431626\/revisions\/1431674"}],"wp:featuredmedia":[{"embeddable":true,"href":"https:\/\/theplayoffs.news\/fr\/wp-json\/wp\/v2\/media\/1431628"}],"wp:attachment":[{"href":"https:\/\/theplayoffs.news\/fr\/wp-json\/wp\/v2\/media?parent=1431626"}],"wp:term":[{"taxonomy":"category","embeddable":true,"href":"https:\/\/theplayoffs.news\/fr\/wp-json\/wp\/v2\/categories?post=1431626"},{"taxonomy":"post_tag","embeddable":true,"href":"https:\/\/theplayoffs.news\/fr\/wp-json\/wp\/v2\/tags?post=1431626"},{"taxonomy":"sport","embeddable":true,"href":"https:\/\/theplayoffs.news\/fr\/wp-json\/wp\/v2\/sport?post=1431626"},{"taxonomy":"saison","embeddable":true,"href":"https:\/\/theplayoffs.news\/fr\/wp-json\/wp\/v2\/saison?post=1431626"}],"curies":[{"name":"wp","href":"https:\/\/api.w.org\/{rel}","templated":true}]}}