{"id":1431036,"date":"2024-05-10T11:40:15","date_gmt":"2024-05-10T09:40:15","guid":{"rendered":"https:\/\/theplayoffs.news\/fr\/?p=1431036"},"modified":"2024-05-10T11:40:15","modified_gmt":"2024-05-10T09:40:15","slug":"les-los-angeles-lakers-veulent-garder-lebron-james","status":"publish","type":"post","link":"https:\/\/theplayoffs.news\/fr\/actualite-nba\/les-los-angeles-lakers-veulent-garder-lebron-james\/","title":{"rendered":"Les Los Angeles Lakers veulent garder Lebron James"},"content":{"rendered":"<h2 style=\"text-align: justify;\" data-sider-select-id=\"440588f6-1f57-46fd-aa92-0f77c4a5f96e\">Les Los Angeles Lakers esp&egrave;rent conserver leur star LeBron James cet &eacute;t&eacute;.<\/h2><p style=\"text-align: justify;\" data-sider-select-id=\"440588f6-1f57-46fd-aa92-0f77c4a5f96e\"><a href=\"https:\/\/bleacherreport.com\/articles\/10120484-lebron-james-rumors-lakers-plan-to-sign-star-to-contract-at-any-term-that-he-wants\" class=\"trk-cta-link\" data-cta-trk='{\"ctaType\":\"Link\",\"ctaSubType\":\"main\"}'>Dave McMenamin d&rsquo;ESPN a rapport&eacute; jeudi que l&rsquo;&eacute;quipe est pr&ecirc;te &agrave; lui proposer n&rsquo;importe quelle dur&eacute;e de contrat.&nbsp;<\/a><\/p><blockquote>\n<p data-sider-select-id=\"440588f6-1f57-46fd-aa92-0f77c4a5f96e\">&laquo;&nbsp;Les Los Angeles Lakers ont l&rsquo;intention de faire revenir LeBron James pour n&rsquo;importe quelle dur&eacute;e qu&rsquo;il souhaite&nbsp;&raquo;, a d&eacute;clar&eacute; McMenamin lors de l&rsquo;&eacute;mission The Rich Eisen Show (marque 16:15). &laquo;&nbsp;Que ce soit pour un contrat d&rsquo;un an, deux ans, trois ans, peu importe. Ils aimeraient continuer &agrave; avoir LeBron James sous le maillot pourpre et or jusqu&rsquo;&agrave; ce qu&rsquo;il d&eacute;cide de prendre sa retraite, quelle que soit la dur&eacute;e.&nbsp;&raquo;<\/p>\n<\/blockquote><p style=\"text-align: justify;\"><a href=\"https:\/\/theplayoffs.news\/fr\/joueur\/lebron-james-nba-3932\/\" class=\"trk-cta-link\" data-cta-trk='{\"ctaType\":\"Link\",\"ctaSubType\":\"main\"}'>Lebron James<\/a> a une player option cet &eacute;t&eacute; et peut rester avec les Lakers pour la saison 2024-25 ou devenir agent libre, ce qui lui laisse une grande d&eacute;cision &agrave; prendre.<\/p><p style=\"text-align: justify;\">Il pourrait choisir de rester au Los Angeles Lakers aux c&ocirc;t&eacute;s d&rsquo;Anthony Davis dans l&rsquo;espoir de remporter un autre championnat avant de prendre sa retraite, mais il pourrait &eacute;galement explorer d&rsquo;autres options ailleurs.<\/p><p style=\"text-align: justify;\">Anthony Davis a sign&eacute; une extension de trois ans avec les Lakers avant la saison 2023, il restera donc &agrave; Los Angeles &agrave; moins d&rsquo;un &eacute;change.<\/p><p style=\"text-align: justify;\" data-sider-select-id=\"7bfa596d-fdcc-4bf9-9a4f-c5a54e34ae3a\">Un autre &eacute;l&eacute;ment &agrave; prendre en compte est le fils de James, Bronny, qui pourrait &ecirc;tre en NBA la saison prochaine. Bronny pr&eacute;voit de se pr&eacute;senter &agrave; la draft NBA, mais il est &eacute;galement entr&eacute; dans le portail de transfert, il a donc toujours la possibilit&eacute; de retourner &agrave; l&rsquo;universit&eacute;.<\/p><p style=\"text-align: justify;\">James avait d&eacute;clar&eacute; l&rsquo;ann&eacute;e derni&egrave;re qu&rsquo;il voulait jouer avec son fils en NBA, mais il n&rsquo;est pas clair s&rsquo;il signera avec l&rsquo;&eacute;quipe &mdash; si une &eacute;quipe le s&eacute;lectionne, pour Bronny.<\/p><p style=\"text-align: justify;\">Quoi que James d&eacute;cide de faire cet &eacute;t&eacute;, il aura probablement de nombreuses options. Malgr&eacute; son statut de joueur le plus &acirc;g&eacute; de la ligue, James a affich&eacute; des moyennes de 25,7 points, 8,3 passes d&eacute;cisives et 7,3 rebonds l&rsquo;ann&eacute;e derni&egrave;re et ne montre aucun signe de ralentissement.<\/p><p style=\"text-align: justify;\">Les Los Angeles Lakers sont pr&ecirc;ts &agrave; &ecirc;tre flexibles avec James concernant son contrat, ce qui pourrait jouer en leur faveur alors qu&rsquo;ils cherchent &agrave; le resigner.<\/p><p>&nbsp;<\/p><p>Cr&eacute;dit photo&nbsp; : Jason Parkhurst-USA TODAY Sports<\/p>\n","protected":false},"excerpt":{"rendered":"","protected":false},"author":180310243,"featured_media":1431038,"comment_status":"open","ping_status":"closed","sticky":false,"template":"","format":"standard","meta":{"inline_featured_image":false,"kia_subtitle":"","_mux_skip_reasons":[],"proofreadBy":0,"footnotes":""},"categories":[110,10],"tags":[116,117],"sport":[2783],"saison":[3453],"class_list":["post-1431036","post","type-post","status-publish","format-standard","has-post-thumbnail","hentry","category-actualite-nba","category-nba","tag-lebron-james","tag-los-angeles-lakers","sport-nba","saison-3453"],"acf":[],"yoast_head":"<!-- This site is optimized with the Yoast SEO plugin v24.2 - https:\/\/yoast.com\/wordpress\/plugins\/seo\/ -->\n<title>Les Los Angeles Lakers veulent garder Lebron James - The Playoffs FR<\/title>\n<meta name=\"robots\" content=\"index, follow, max-snippet:-1, max-image-preview:large, max-video-preview:-1\" \/>\n<link rel=\"canonical\" href=\"https:\/\/theplayoffs.news\/fr\/actualite-nba\/les-los-angeles-lakers-veulent-garder-lebron-james\/\" \/>\n<meta property=\"og:locale\" content=\"fr_FR\" \/>\n<meta property=\"og:type\" content=\"article\" \/>\n<meta property=\"og:title\" content=\"Les Los Angeles Lakers veulent garder Lebron James - The Playoffs FR\" \/>\n<meta property=\"og:url\" content=\"https:\/\/theplayoffs.news\/fr\/actualite-nba\/les-los-angeles-lakers-veulent-garder-lebron-james\/\" \/>\n<meta property=\"og:site_name\" content=\"The Playoffs FR\" \/>\n<meta property=\"article:publisher\" content=\"https:\/\/www.facebook.com\/TheFreeAgentFR\/\" \/>\n<meta property=\"article:modified_time\" content=\"2024-05-10T11:40:15+02:00\" \/>\n<meta property=\"og:image\" content=\"https:\/\/theplayoffs.news\/fr\/wp-content\/uploads\/2024\/05\/USATSI_23134328.jpg\" \/>\n\t<meta property=\"og:image:width\" content=\"1920\" \/>\n\t<meta property=\"og:image:height\" content=\"1297\" \/>\n\t<meta property=\"og:image:type\" content=\"image\/jpeg\" \/>\n<meta name=\"author\" content=\"Luc lemercier\" \/>\n<meta name=\"twitter:card\" content=\"summary_large_image\" \/>\n<meta name=\"twitter:creator\" content=\"@TheFreeAgentFR\" \/>\n<meta name=\"twitter:site\" content=\"@TheFreeAgentFR\" \/>\n<meta name=\"twitter:label1\" content=\"\u00c9crit par\" \/>\n\t<meta name=\"twitter:data1\" content=\"Luc lemercier\" \/>\n\t<meta name=\"twitter:label2\" content=\"Dur\u00e9e de lecture estim\u00e9e\" \/>\n\t<meta name=\"twitter:data2\" content=\"2 minutes\" \/>\n<script type=\"application\/ld+json\" class=\"yoast-schema-graph\">{\"@context\":\"https:\/\/schema.org\",\"@graph\":[{\"@type\":\"WebPage\",\"@id\":\"https:\/\/theplayoffs.news\/fr\/actualite-nba\/les-los-angeles-lakers-veulent-garder-lebron-james\/\",\"url\":\"https:\/\/theplayoffs.news\/fr\/actualite-nba\/les-los-angeles-lakers-veulent-garder-lebron-james\/\",\"name\":\"Les Los Angeles Lakers veulent garder Lebron James - The Playoffs FR\",\"isPartOf\":{\"@id\":\"https:\/\/theplayoffs.news\/fr\/#website\"},\"primaryImageOfPage\":{\"@id\":\"https:\/\/theplayoffs.news\/fr\/actualite-nba\/les-los-angeles-lakers-veulent-garder-lebron-james\/#primaryimage\"},\"image\":{\"@id\":\"https:\/\/theplayoffs.news\/fr\/actualite-nba\/les-los-angeles-lakers-veulent-garder-lebron-james\/#primaryimage\"},\"thumbnailUrl\":\"https:\/\/theplayoffs.news\/fr\/wp-content\/uploads\/2024\/05\/USATSI_23134328.jpg\",\"datePublished\":\"2024-05-10T09:40:15+00:00\",\"dateModified\":\"2024-05-10T09:40:15+00:00\",\"author\":{\"@id\":\"https:\/\/theplayoffs.news\/fr\/#\/schema\/person\/801c54a27bc55531da5bcae43d637b35\"},\"breadcrumb\":{\"@id\":\"https:\/\/theplayoffs.news\/fr\/actualite-nba\/les-los-angeles-lakers-veulent-garder-lebron-james\/#breadcrumb\"},\"inLanguage\":\"fr-FR\",\"potentialAction\":[{\"@type\":\"ReadAction\",\"target\":[\"https:\/\/theplayoffs.news\/fr\/actualite-nba\/les-los-angeles-lakers-veulent-garder-lebron-james\/\"]}]},{\"@type\":\"ImageObject\",\"inLanguage\":\"fr-FR\",\"@id\":\"https:\/\/theplayoffs.news\/fr\/actualite-nba\/les-los-angeles-lakers-veulent-garder-lebron-james\/#primaryimage\",\"url\":\"https:\/\/theplayoffs.news\/fr\/wp-content\/uploads\/2024\/05\/USATSI_23134328.jpg\",\"contentUrl\":\"https:\/\/theplayoffs.news\/fr\/wp-content\/uploads\/2024\/05\/USATSI_23134328.jpg\",\"width\":1920,\"height\":1297,\"caption\":\"Apr 27, 2024; Los Angeles, California, USA; Los Angeles Lakers forward LeBron James (23) during the fourth quarter in game four of the first round for the 2024 NBA playoffs against the Denver Nuggets at Crypto.com Arena. Mandatory Credit: Jason Parkhurst-USA TODAY Sports\"},{\"@type\":\"BreadcrumbList\",\"@id\":\"https:\/\/theplayoffs.news\/fr\/actualite-nba\/les-los-angeles-lakers-veulent-garder-lebron-james\/#breadcrumb\",\"itemListElement\":[{\"@type\":\"ListItem\",\"position\":1,\"name\":\"Accueil\",\"item\":\"https:\/\/theplayoffs.news\/fr\/\"},{\"@type\":\"ListItem\",\"position\":2,\"name\":\"Les Los Angeles Lakers veulent garder Lebron James\"}]},{\"@type\":\"WebSite\",\"@id\":\"https:\/\/theplayoffs.news\/fr\/#website\",\"url\":\"https:\/\/theplayoffs.news\/fr\/\",\"name\":\"The Playoffs FR\",\"description\":\"NBA-NFL-NHL-MLB\",\"potentialAction\":[{\"@type\":\"SearchAction\",\"target\":{\"@type\":\"EntryPoint\",\"urlTemplate\":\"https:\/\/theplayoffs.news\/fr\/?s={search_term_string}\"},\"query-input\":{\"@type\":\"PropertyValueSpecification\",\"valueRequired\":true,\"valueName\":\"search_term_string\"}}],\"inLanguage\":\"fr-FR\"},{\"@type\":\"Person\",\"@id\":\"https:\/\/theplayoffs.news\/fr\/#\/schema\/person\/801c54a27bc55531da5bcae43d637b35\",\"name\":\"Luc lemercier\",\"image\":{\"@type\":\"ImageObject\",\"inLanguage\":\"fr-FR\",\"@id\":\"https:\/\/theplayoffs.news\/fr\/#\/schema\/person\/image\/\",\"url\":\"https:\/\/secure.gravatar.com\/avatar\/589c260bbb94457b6669c7e720679779767022dd620aaeb224cce2bacab793e7?s=96&d=mm&r=g\",\"contentUrl\":\"https:\/\/secure.gravatar.com\/avatar\/589c260bbb94457b6669c7e720679779767022dd620aaeb224cce2bacab793e7?s=96&d=mm&r=g\",\"caption\":\"Luc lemercier\"},\"url\":\"https:\/\/theplayoffs.news\/fr\/author\/luc-lemercierhotmail-fr\/\"}]}<\/script>\n<!-- \/ Yoast SEO plugin. -->","yoast_head_json":{"title":"Les Los Angeles Lakers veulent garder Lebron James - The Playoffs FR","robots":{"index":"index","follow":"follow","max-snippet":"max-snippet:-1","max-image-preview":"max-image-preview:large","max-video-preview":"max-video-preview:-1"},"canonical":"https:\/\/theplayoffs.news\/fr\/actualite-nba\/les-los-angeles-lakers-veulent-garder-lebron-james\/","og_locale":"fr_FR","og_type":"article","og_title":"Les Los Angeles Lakers veulent garder Lebron James - The Playoffs FR","og_url":"https:\/\/theplayoffs.news\/fr\/actualite-nba\/les-los-angeles-lakers-veulent-garder-lebron-james\/","og_site_name":"The Playoffs FR","article_publisher":"https:\/\/www.facebook.com\/TheFreeAgentFR\/","og_image":[{"width":1920,"height":1297,"url":"https:\/\/theplayoffs.news\/fr\/wp-content\/uploads\/2024\/05\/USATSI_23134328.jpg","type":"image\/jpeg"}],"author":"Luc lemercier","twitter_card":"summary_large_image","twitter_creator":"@TheFreeAgentFR","twitter_site":"@TheFreeAgentFR","twitter_misc":{"\u00c9crit par":"Luc lemercier","Dur\u00e9e de lecture estim\u00e9e":"2 minutes"},"schema":{"@context":"https:\/\/schema.org","@graph":[{"@type":"WebPage","@id":"https:\/\/theplayoffs.news\/fr\/actualite-nba\/les-los-angeles-lakers-veulent-garder-lebron-james\/","url":"https:\/\/theplayoffs.news\/fr\/actualite-nba\/les-los-angeles-lakers-veulent-garder-lebron-james\/","name":"Les Los Angeles Lakers veulent garder Lebron James - The Playoffs FR","isPartOf":{"@id":"https:\/\/theplayoffs.news\/fr\/#website"},"primaryImageOfPage":{"@id":"https:\/\/theplayoffs.news\/fr\/actualite-nba\/les-los-angeles-lakers-veulent-garder-lebron-james\/#primaryimage"},"image":{"@id":"https:\/\/theplayoffs.news\/fr\/actualite-nba\/les-los-angeles-lakers-veulent-garder-lebron-james\/#primaryimage"},"thumbnailUrl":"https:\/\/theplayoffs.news\/fr\/wp-content\/uploads\/2024\/05\/USATSI_23134328.jpg","datePublished":"2024-05-10T09:40:15+00:00","dateModified":"2024-05-10T09:40:15+00:00","author":{"@id":"https:\/\/theplayoffs.news\/fr\/#\/schema\/person\/801c54a27bc55531da5bcae43d637b35"},"breadcrumb":{"@id":"https:\/\/theplayoffs.news\/fr\/actualite-nba\/les-los-angeles-lakers-veulent-garder-lebron-james\/#breadcrumb"},"inLanguage":"fr-FR","potentialAction":[{"@type":"ReadAction","target":["https:\/\/theplayoffs.news\/fr\/actualite-nba\/les-los-angeles-lakers-veulent-garder-lebron-james\/"]}]},{"@type":"ImageObject","inLanguage":"fr-FR","@id":"https:\/\/theplayoffs.news\/fr\/actualite-nba\/les-los-angeles-lakers-veulent-garder-lebron-james\/#primaryimage","url":"https:\/\/theplayoffs.news\/fr\/wp-content\/uploads\/2024\/05\/USATSI_23134328.jpg","contentUrl":"https:\/\/theplayoffs.news\/fr\/wp-content\/uploads\/2024\/05\/USATSI_23134328.jpg","width":1920,"height":1297,"caption":"Apr 27, 2024; Los Angeles, California, USA; Los Angeles Lakers forward LeBron James (23) during the fourth quarter in game four of the first round for the 2024 NBA playoffs against the Denver Nuggets at Crypto.com Arena. Mandatory Credit: Jason Parkhurst-USA TODAY Sports"},{"@type":"BreadcrumbList","@id":"https:\/\/theplayoffs.news\/fr\/actualite-nba\/les-los-angeles-lakers-veulent-garder-lebron-james\/#breadcrumb","itemListElement":[{"@type":"ListItem","position":1,"name":"Accueil","item":"https:\/\/theplayoffs.news\/fr\/"},{"@type":"ListItem","position":2,"name":"Les Los Angeles Lakers veulent garder Lebron James"}]},{"@type":"WebSite","@id":"https:\/\/theplayoffs.news\/fr\/#website","url":"https:\/\/theplayoffs.news\/fr\/","name":"The Playoffs FR","description":"NBA-NFL-NHL-MLB","potentialAction":[{"@type":"SearchAction","target":{"@type":"EntryPoint","urlTemplate":"https:\/\/theplayoffs.news\/fr\/?s={search_term_string}"},"query-input":{"@type":"PropertyValueSpecification","valueRequired":true,"valueName":"search_term_string"}}],"inLanguage":"fr-FR"},{"@type":"Person","@id":"https:\/\/theplayoffs.news\/fr\/#\/schema\/person\/801c54a27bc55531da5bcae43d637b35","name":"Luc lemercier","image":{"@type":"ImageObject","inLanguage":"fr-FR","@id":"https:\/\/theplayoffs.news\/fr\/#\/schema\/person\/image\/","url":"https:\/\/secure.gravatar.com\/avatar\/589c260bbb94457b6669c7e720679779767022dd620aaeb224cce2bacab793e7?s=96&d=mm&r=g","contentUrl":"https:\/\/secure.gravatar.com\/avatar\/589c260bbb94457b6669c7e720679779767022dd620aaeb224cce2bacab793e7?s=96&d=mm&r=g","caption":"Luc lemercier"},"url":"https:\/\/theplayoffs.news\/fr\/author\/luc-lemercierhotmail-fr\/"}]}},"_links":{"self":[{"href":"https:\/\/theplayoffs.news\/fr\/wp-json\/wp\/v2\/posts\/1431036","targetHints":{"allow":["GET"]}}],"collection":[{"href":"https:\/\/theplayoffs.news\/fr\/wp-json\/wp\/v2\/posts"}],"about":[{"href":"https:\/\/theplayoffs.news\/fr\/wp-json\/wp\/v2\/types\/post"}],"author":[{"embeddable":true,"href":"https:\/\/theplayoffs.news\/fr\/wp-json\/wp\/v2\/users\/180310243"}],"replies":[{"embeddable":true,"href":"https:\/\/theplayoffs.news\/fr\/wp-json\/wp\/v2\/comments?post=1431036"}],"version-history":[{"count":3,"href":"https:\/\/theplayoffs.news\/fr\/wp-json\/wp\/v2\/posts\/1431036\/revisions"}],"predecessor-version":[{"id":1431041,"href":"https:\/\/theplayoffs.news\/fr\/wp-json\/wp\/v2\/posts\/1431036\/revisions\/1431041"}],"wp:featuredmedia":[{"embeddable":true,"href":"https:\/\/theplayoffs.news\/fr\/wp-json\/wp\/v2\/media\/1431038"}],"wp:attachment":[{"href":"https:\/\/theplayoffs.news\/fr\/wp-json\/wp\/v2\/media?parent=1431036"}],"wp:term":[{"taxonomy":"category","embeddable":true,"href":"https:\/\/theplayoffs.news\/fr\/wp-json\/wp\/v2\/categories?post=1431036"},{"taxonomy":"post_tag","embeddable":true,"href":"https:\/\/theplayoffs.news\/fr\/wp-json\/wp\/v2\/tags?post=1431036"},{"taxonomy":"sport","embeddable":true,"href":"https:\/\/theplayoffs.news\/fr\/wp-json\/wp\/v2\/sport?post=1431036"},{"taxonomy":"saison","embeddable":true,"href":"https:\/\/theplayoffs.news\/fr\/wp-json\/wp\/v2\/saison?post=1431036"}],"curies":[{"name":"wp","href":"https:\/\/api.w.org\/{rel}","templated":true}]}}