{"id":1430459,"date":"2024-05-07T21:45:44","date_gmt":"2024-05-07T19:45:44","guid":{"rendered":"https:\/\/theplayoffs.news\/fr\/?p=1430459"},"modified":"2024-05-07T21:45:44","modified_gmt":"2024-05-07T19:45:44","slug":"les-49ers-en-demandaient-ils-trop-pour-brandon-aiyuk","status":"publish","type":"post","link":"https:\/\/theplayoffs.news\/fr\/actualite-nfl\/les-49ers-en-demandaient-ils-trop-pour-brandon-aiyuk\/","title":{"rendered":"Les 49ers en demandaient-ils trop pour Brandon Aiyuk ?"},"content":{"rendered":"<h2>Les 49ers ont tent&eacute; d&rsquo;&eacute;changer Brandon Aiyuk lors de la Draft NFL 2024 : sans succ&egrave;s.<\/h2><p>Lors de la Draft NFL 2024, de nombreuses rumeurs ont commenc&eacute; &agrave; monter ce qui concerne la possibilit&eacute; pour les 49ers d&rsquo;&eacute;changer Deebo Samuel et Brandon Aiyuk. Jeremy Fowler d&rsquo;ESPN a depuis confirm&eacute; ces rumeurs mais aucun &eacute;change n&rsquo;a abouti.<\/p><p>Les 49ers ont discut&eacute; avec de nombreuses &eacute;quipes en particulier pour Brandon Aiyuk. Cependant, ils n&rsquo;ont pas r&eacute;ussi &agrave; se mettre d&rsquo;accord. Pourquoi ? San Francisco demandait un choix au premier tour de la Draft NFL 2024, ce qu&rsquo;aucune &eacute;quipe n&rsquo;&eacute;tait pr&ecirc;te &agrave; offrir pour Brandon Aiyuk.<\/p><p>Les 49ers se basaient sur l&rsquo;&eacute;change entre les Titans et les Eagles qui avait vu AJ Brown partir des Titans vers les Eagles en &eacute;change de 18&egrave;me choix de la Draft NFL 2022.<\/p><p>Les choix des 49ers durant cette draft ont surpris beaucoup de personnes au sein de la NFL rapporte Fowler. En particulier celui r&eacute;alis&eacute; au premier tour. Ils ont s&eacute;lectionn&eacute; Ricky Pearsall en 31&egrave;me position alors qu&rsquo;il aurait pu &ecirc;tre choisi plus tard. Mais les 49ers avaient-ils peur de terminer la Draft NFL 2024 sans WR ? Le myst&egrave;re reste entier.<\/p><p>Quoi qu&rsquo;il en soit, l&rsquo;avenir de Brandon Aiyuk chez les 49ers n&rsquo;est toujours pas fix&eacute;. Ce dernier demande une prolongation de contrat avec une augmentation de salaire mais les deux parties n&rsquo;arrivent pas &agrave; se mettre d&rsquo;accord.<\/p><p>Credit photo : Sergio Estrada-USA TODAY Sports<\/p>\n","protected":false},"excerpt":{"rendered":"","protected":false},"author":180309795,"featured_media":1427289,"comment_status":"open","ping_status":"closed","sticky":false,"template":"","format":"standard","meta":{"inline_featured_image":false,"kia_subtitle":"","_mux_skip_reasons":[],"proofreadBy":0,"footnotes":""},"categories":[118,40],"tags":[939],"sport":[2785],"saison":[6111],"class_list":["post-1430459","post","type-post","status-publish","format-standard","has-post-thumbnail","hentry","category-actualite-nfl","category-nfl","tag-san-francisco-49ers","sport-nfl","saison-6111"],"acf":[],"yoast_head":"<!-- This site is optimized with the Yoast SEO plugin v24.2 - https:\/\/yoast.com\/wordpress\/plugins\/seo\/ -->\n<title>Les 49ers en demandaient-ils trop pour Brandon Aiyuk ? - The Playoffs FR<\/title>\n<meta name=\"robots\" content=\"index, follow, max-snippet:-1, max-image-preview:large, max-video-preview:-1\" \/>\n<link rel=\"canonical\" href=\"https:\/\/theplayoffs.news\/fr\/actualite-nfl\/les-49ers-en-demandaient-ils-trop-pour-brandon-aiyuk\/\" \/>\n<meta property=\"og:locale\" content=\"fr_FR\" \/>\n<meta property=\"og:type\" content=\"article\" \/>\n<meta property=\"og:title\" content=\"Les 49ers en demandaient-ils trop pour Brandon Aiyuk ? - The Playoffs FR\" \/>\n<meta property=\"og:url\" content=\"https:\/\/theplayoffs.news\/fr\/actualite-nfl\/les-49ers-en-demandaient-ils-trop-pour-brandon-aiyuk\/\" \/>\n<meta property=\"og:site_name\" content=\"The Playoffs FR\" \/>\n<meta property=\"article:publisher\" content=\"https:\/\/www.facebook.com\/TheFreeAgentFR\/\" \/>\n<meta property=\"article:modified_time\" content=\"2024-05-07T21:45:44+02:00\" \/>\n<meta property=\"og:image\" content=\"https:\/\/theplayoffs.news\/fr\/wp-content\/uploads\/2024\/04\/USATSI_22242769.jpg\" \/>\n\t<meta property=\"og:image:width\" content=\"1920\" \/>\n\t<meta property=\"og:image:height\" content=\"1281\" \/>\n\t<meta property=\"og:image:type\" content=\"image\/jpeg\" \/>\n<meta name=\"author\" content=\"Damien Viottolo\" \/>\n<meta name=\"twitter:card\" content=\"summary_large_image\" \/>\n<meta name=\"twitter:creator\" content=\"@TheFreeAgentFR\" \/>\n<meta name=\"twitter:site\" content=\"@TheFreeAgentFR\" \/>\n<meta name=\"twitter:label1\" content=\"\u00c9crit par\" \/>\n\t<meta name=\"twitter:data1\" content=\"Damien Viottolo\" \/>\n\t<meta name=\"twitter:label2\" content=\"Dur\u00e9e de lecture estim\u00e9e\" \/>\n\t<meta name=\"twitter:data2\" content=\"1 minute\" \/>\n<script type=\"application\/ld+json\" class=\"yoast-schema-graph\">{\"@context\":\"https:\/\/schema.org\",\"@graph\":[{\"@type\":\"WebPage\",\"@id\":\"https:\/\/theplayoffs.news\/fr\/actualite-nfl\/les-49ers-en-demandaient-ils-trop-pour-brandon-aiyuk\/\",\"url\":\"https:\/\/theplayoffs.news\/fr\/actualite-nfl\/les-49ers-en-demandaient-ils-trop-pour-brandon-aiyuk\/\",\"name\":\"Les 49ers en demandaient-ils trop pour Brandon Aiyuk ? - The Playoffs FR\",\"isPartOf\":{\"@id\":\"https:\/\/theplayoffs.news\/fr\/#website\"},\"primaryImageOfPage\":{\"@id\":\"https:\/\/theplayoffs.news\/fr\/actualite-nfl\/les-49ers-en-demandaient-ils-trop-pour-brandon-aiyuk\/#primaryimage\"},\"image\":{\"@id\":\"https:\/\/theplayoffs.news\/fr\/actualite-nfl\/les-49ers-en-demandaient-ils-trop-pour-brandon-aiyuk\/#primaryimage\"},\"thumbnailUrl\":\"https:\/\/theplayoffs.news\/fr\/wp-content\/uploads\/2024\/04\/USATSI_22242769.jpg\",\"datePublished\":\"2024-05-07T19:45:44+00:00\",\"dateModified\":\"2024-05-07T19:45:44+00:00\",\"author\":{\"@id\":\"https:\/\/theplayoffs.news\/fr\/#\/schema\/person\/73084b933851a05764c1c3d9b89d8543\"},\"breadcrumb\":{\"@id\":\"https:\/\/theplayoffs.news\/fr\/actualite-nfl\/les-49ers-en-demandaient-ils-trop-pour-brandon-aiyuk\/#breadcrumb\"},\"inLanguage\":\"fr-FR\",\"potentialAction\":[{\"@type\":\"ReadAction\",\"target\":[\"https:\/\/theplayoffs.news\/fr\/actualite-nfl\/les-49ers-en-demandaient-ils-trop-pour-brandon-aiyuk\/\"]}]},{\"@type\":\"ImageObject\",\"inLanguage\":\"fr-FR\",\"@id\":\"https:\/\/theplayoffs.news\/fr\/actualite-nfl\/les-49ers-en-demandaient-ils-trop-pour-brandon-aiyuk\/#primaryimage\",\"url\":\"https:\/\/theplayoffs.news\/fr\/wp-content\/uploads\/2024\/04\/USATSI_22242769.jpg\",\"contentUrl\":\"https:\/\/theplayoffs.news\/fr\/wp-content\/uploads\/2024\/04\/USATSI_22242769.jpg\",\"width\":1920,\"height\":1281,\"caption\":\"Jan 7, 2024; Santa Clara, California, USA; San Francisco 49ers wide receiver Brandon Aiyuk (11) celebrates after a play against the Los Angeles Rams during the first quarter at Levi\\\\'s Stadium. Mandatory Credit: Sergio Estrada-USA TODAY Sports\"},{\"@type\":\"BreadcrumbList\",\"@id\":\"https:\/\/theplayoffs.news\/fr\/actualite-nfl\/les-49ers-en-demandaient-ils-trop-pour-brandon-aiyuk\/#breadcrumb\",\"itemListElement\":[{\"@type\":\"ListItem\",\"position\":1,\"name\":\"Accueil\",\"item\":\"https:\/\/theplayoffs.news\/fr\/\"},{\"@type\":\"ListItem\",\"position\":2,\"name\":\"Les 49ers en demandaient-ils trop pour Brandon Aiyuk ?\"}]},{\"@type\":\"WebSite\",\"@id\":\"https:\/\/theplayoffs.news\/fr\/#website\",\"url\":\"https:\/\/theplayoffs.news\/fr\/\",\"name\":\"The Playoffs FR\",\"description\":\"NBA-NFL-NHL-MLB\",\"potentialAction\":[{\"@type\":\"SearchAction\",\"target\":{\"@type\":\"EntryPoint\",\"urlTemplate\":\"https:\/\/theplayoffs.news\/fr\/?s={search_term_string}\"},\"query-input\":{\"@type\":\"PropertyValueSpecification\",\"valueRequired\":true,\"valueName\":\"search_term_string\"}}],\"inLanguage\":\"fr-FR\"},{\"@type\":\"Person\",\"@id\":\"https:\/\/theplayoffs.news\/fr\/#\/schema\/person\/73084b933851a05764c1c3d9b89d8543\",\"name\":\"Damien Viottolo\",\"image\":{\"@type\":\"ImageObject\",\"inLanguage\":\"fr-FR\",\"@id\":\"https:\/\/theplayoffs.news\/fr\/#\/schema\/person\/image\/\",\"url\":\"https:\/\/secure.gravatar.com\/avatar\/b4898b6250f932f028b8d5a79d8c3f31e7f0ec90943f46a9364c077ab76a518e?s=96&d=mm&r=g\",\"contentUrl\":\"https:\/\/secure.gravatar.com\/avatar\/b4898b6250f932f028b8d5a79d8c3f31e7f0ec90943f46a9364c077ab76a518e?s=96&d=mm&r=g\",\"caption\":\"Damien Viottolo\"},\"url\":\"https:\/\/theplayoffs.news\/fr\/author\/damienviottolo\/\"}]}<\/script>\n<!-- \/ Yoast SEO plugin. -->","yoast_head_json":{"title":"Les 49ers en demandaient-ils trop pour Brandon Aiyuk ? - The Playoffs FR","robots":{"index":"index","follow":"follow","max-snippet":"max-snippet:-1","max-image-preview":"max-image-preview:large","max-video-preview":"max-video-preview:-1"},"canonical":"https:\/\/theplayoffs.news\/fr\/actualite-nfl\/les-49ers-en-demandaient-ils-trop-pour-brandon-aiyuk\/","og_locale":"fr_FR","og_type":"article","og_title":"Les 49ers en demandaient-ils trop pour Brandon Aiyuk ? - The Playoffs FR","og_url":"https:\/\/theplayoffs.news\/fr\/actualite-nfl\/les-49ers-en-demandaient-ils-trop-pour-brandon-aiyuk\/","og_site_name":"The Playoffs FR","article_publisher":"https:\/\/www.facebook.com\/TheFreeAgentFR\/","og_image":[{"width":1920,"height":1281,"url":"https:\/\/theplayoffs.news\/fr\/wp-content\/uploads\/2024\/04\/USATSI_22242769.jpg","type":"image\/jpeg"}],"author":"Damien Viottolo","twitter_card":"summary_large_image","twitter_creator":"@TheFreeAgentFR","twitter_site":"@TheFreeAgentFR","twitter_misc":{"\u00c9crit par":"Damien Viottolo","Dur\u00e9e de lecture estim\u00e9e":"1 minute"},"schema":{"@context":"https:\/\/schema.org","@graph":[{"@type":"WebPage","@id":"https:\/\/theplayoffs.news\/fr\/actualite-nfl\/les-49ers-en-demandaient-ils-trop-pour-brandon-aiyuk\/","url":"https:\/\/theplayoffs.news\/fr\/actualite-nfl\/les-49ers-en-demandaient-ils-trop-pour-brandon-aiyuk\/","name":"Les 49ers en demandaient-ils trop pour Brandon Aiyuk ? - The Playoffs FR","isPartOf":{"@id":"https:\/\/theplayoffs.news\/fr\/#website"},"primaryImageOfPage":{"@id":"https:\/\/theplayoffs.news\/fr\/actualite-nfl\/les-49ers-en-demandaient-ils-trop-pour-brandon-aiyuk\/#primaryimage"},"image":{"@id":"https:\/\/theplayoffs.news\/fr\/actualite-nfl\/les-49ers-en-demandaient-ils-trop-pour-brandon-aiyuk\/#primaryimage"},"thumbnailUrl":"https:\/\/theplayoffs.news\/fr\/wp-content\/uploads\/2024\/04\/USATSI_22242769.jpg","datePublished":"2024-05-07T19:45:44+00:00","dateModified":"2024-05-07T19:45:44+00:00","author":{"@id":"https:\/\/theplayoffs.news\/fr\/#\/schema\/person\/73084b933851a05764c1c3d9b89d8543"},"breadcrumb":{"@id":"https:\/\/theplayoffs.news\/fr\/actualite-nfl\/les-49ers-en-demandaient-ils-trop-pour-brandon-aiyuk\/#breadcrumb"},"inLanguage":"fr-FR","potentialAction":[{"@type":"ReadAction","target":["https:\/\/theplayoffs.news\/fr\/actualite-nfl\/les-49ers-en-demandaient-ils-trop-pour-brandon-aiyuk\/"]}]},{"@type":"ImageObject","inLanguage":"fr-FR","@id":"https:\/\/theplayoffs.news\/fr\/actualite-nfl\/les-49ers-en-demandaient-ils-trop-pour-brandon-aiyuk\/#primaryimage","url":"https:\/\/theplayoffs.news\/fr\/wp-content\/uploads\/2024\/04\/USATSI_22242769.jpg","contentUrl":"https:\/\/theplayoffs.news\/fr\/wp-content\/uploads\/2024\/04\/USATSI_22242769.jpg","width":1920,"height":1281,"caption":"Jan 7, 2024; Santa Clara, California, USA; San Francisco 49ers wide receiver Brandon Aiyuk (11) celebrates after a play against the Los Angeles Rams during the first quarter at Levi\\'s Stadium. Mandatory Credit: Sergio Estrada-USA TODAY Sports"},{"@type":"BreadcrumbList","@id":"https:\/\/theplayoffs.news\/fr\/actualite-nfl\/les-49ers-en-demandaient-ils-trop-pour-brandon-aiyuk\/#breadcrumb","itemListElement":[{"@type":"ListItem","position":1,"name":"Accueil","item":"https:\/\/theplayoffs.news\/fr\/"},{"@type":"ListItem","position":2,"name":"Les 49ers en demandaient-ils trop pour Brandon Aiyuk ?"}]},{"@type":"WebSite","@id":"https:\/\/theplayoffs.news\/fr\/#website","url":"https:\/\/theplayoffs.news\/fr\/","name":"The Playoffs FR","description":"NBA-NFL-NHL-MLB","potentialAction":[{"@type":"SearchAction","target":{"@type":"EntryPoint","urlTemplate":"https:\/\/theplayoffs.news\/fr\/?s={search_term_string}"},"query-input":{"@type":"PropertyValueSpecification","valueRequired":true,"valueName":"search_term_string"}}],"inLanguage":"fr-FR"},{"@type":"Person","@id":"https:\/\/theplayoffs.news\/fr\/#\/schema\/person\/73084b933851a05764c1c3d9b89d8543","name":"Damien Viottolo","image":{"@type":"ImageObject","inLanguage":"fr-FR","@id":"https:\/\/theplayoffs.news\/fr\/#\/schema\/person\/image\/","url":"https:\/\/secure.gravatar.com\/avatar\/b4898b6250f932f028b8d5a79d8c3f31e7f0ec90943f46a9364c077ab76a518e?s=96&d=mm&r=g","contentUrl":"https:\/\/secure.gravatar.com\/avatar\/b4898b6250f932f028b8d5a79d8c3f31e7f0ec90943f46a9364c077ab76a518e?s=96&d=mm&r=g","caption":"Damien Viottolo"},"url":"https:\/\/theplayoffs.news\/fr\/author\/damienviottolo\/"}]}},"_links":{"self":[{"href":"https:\/\/theplayoffs.news\/fr\/wp-json\/wp\/v2\/posts\/1430459","targetHints":{"allow":["GET"]}}],"collection":[{"href":"https:\/\/theplayoffs.news\/fr\/wp-json\/wp\/v2\/posts"}],"about":[{"href":"https:\/\/theplayoffs.news\/fr\/wp-json\/wp\/v2\/types\/post"}],"author":[{"embeddable":true,"href":"https:\/\/theplayoffs.news\/fr\/wp-json\/wp\/v2\/users\/180309795"}],"replies":[{"embeddable":true,"href":"https:\/\/theplayoffs.news\/fr\/wp-json\/wp\/v2\/comments?post=1430459"}],"version-history":[{"count":3,"href":"https:\/\/theplayoffs.news\/fr\/wp-json\/wp\/v2\/posts\/1430459\/revisions"}],"predecessor-version":[{"id":1430463,"href":"https:\/\/theplayoffs.news\/fr\/wp-json\/wp\/v2\/posts\/1430459\/revisions\/1430463"}],"wp:featuredmedia":[{"embeddable":true,"href":"https:\/\/theplayoffs.news\/fr\/wp-json\/wp\/v2\/media\/1427289"}],"wp:attachment":[{"href":"https:\/\/theplayoffs.news\/fr\/wp-json\/wp\/v2\/media?parent=1430459"}],"wp:term":[{"taxonomy":"category","embeddable":true,"href":"https:\/\/theplayoffs.news\/fr\/wp-json\/wp\/v2\/categories?post=1430459"},{"taxonomy":"post_tag","embeddable":true,"href":"https:\/\/theplayoffs.news\/fr\/wp-json\/wp\/v2\/tags?post=1430459"},{"taxonomy":"sport","embeddable":true,"href":"https:\/\/theplayoffs.news\/fr\/wp-json\/wp\/v2\/sport?post=1430459"},{"taxonomy":"saison","embeddable":true,"href":"https:\/\/theplayoffs.news\/fr\/wp-json\/wp\/v2\/saison?post=1430459"}],"curies":[{"name":"wp","href":"https:\/\/api.w.org\/{rel}","templated":true}]}}