{"id":1430454,"date":"2024-05-07T21:30:35","date_gmt":"2024-05-07T19:30:35","guid":{"rendered":"https:\/\/theplayoffs.news\/fr\/?p=1430454"},"modified":"2024-05-07T21:30:35","modified_gmt":"2024-05-07T19:30:35","slug":"mathias-lacombe-va-faire-ses-debuts-avec-les-white-sox-dans-les-ligues-mineures","status":"publish","type":"post","link":"https:\/\/theplayoffs.news\/fr\/actualite-mlb\/mathias-lacombe-va-faire-ses-debuts-avec-les-white-sox-dans-les-ligues-mineures\/","title":{"rendered":"Mathias LaCombe va faire ses d\u00e9buts avec les White Sox dans les ligues mineures !"},"content":{"rendered":"<h2>Mathias LaCombe va faire ses d&eacute;buts dans les ligues mineures avec les White Sox.<\/h2><p>C&rsquo;est un grand jour pour Mathias LaCombe et le baseball fran&ccedil;ais. Ce dernier va faire ses d&eacute;buts avec les Chicago White Sox dans les ligues mineures. Il va lancer contre les Mariners dans les Rookie Leagues.<\/p><blockquote class=\"twitter-tweet\" data-width=\"500\" data-dnt=\"true\">\n<p lang=\"fr\" dir=\"ltr\">Let's go WSox&hellip;&#128170;&#9918;&#65039;&#128293;<br>1er start officiel en <a href=\"https:\/\/twitter.com\/MiLB?ref_src=twsrc%5Etfw\" class=\"trk-cta-link\" data-cta-trk='{\"ctaType\":\"Link\",\"ctaSubType\":\"main\"}'>@MiLB<\/a> pour <a href=\"https:\/\/twitter.com\/LacombeMathias4?ref_src=twsrc%5Etfw\" class=\"trk-cta-link\" data-cta-trk='{\"ctaType\":\"Link\",\"ctaSubType\":\"main\"}'>@LacombeMathias4<\/a> avec <a href=\"https:\/\/twitter.com\/whitesox?ref_src=twsrc%5Etfw\" class=\"trk-cta-link\" data-cta-trk='{\"ctaType\":\"Link\",\"ctaSubType\":\"main\"}'>@whitesox<\/a>&hellip;!! <a href=\"https:\/\/t.co\/evANvXfmRP\" class=\"trk-cta-link\" data-cta-trk='{\"ctaType\":\"Link\",\"ctaSubType\":\"main\"}'>https:\/\/t.co\/evANvXfmRP<\/a> <a href=\"https:\/\/t.co\/AuLjuY0kUc\" class=\"trk-cta-link\" data-cta-trk='{\"ctaType\":\"Link\",\"ctaSubType\":\"main\"}'>pic.twitter.com\/AuLjuY0kUc<\/a><\/p>\n<p>&mdash; Micha&euml;l LaCombe (@MichalLACOMBE2) <a href=\"https:\/\/twitter.com\/MichalLACOMBE2\/status\/1787899156465414401?ref_src=twsrc%5Etfw\" class=\"trk-cta-link\" data-cta-trk='{\"ctaType\":\"Link\",\"ctaSubType\":\"main\"}'>May 7, 2024<\/a><\/p><\/blockquote><p><script async src=\"https:\/\/platform.twitter.com\/widgets.js\" charset=\"utf-8\"><\/script><\/p><p>Mathias LaCombe veut marquer l&rsquo;histoire en devenant le premier lanceur fran&ccedil;ais &agrave; &eacute;voluer en MLB. Quoi qu&rsquo;il en soit, cette titularisation en Rookie League est d&eacute;j&agrave; une premi&egrave;re &eacute;tape tr&egrave;s positive pour son parcours. <a href=\"https:\/\/theplayoffs.news\/fr\/mlb\/mathias-lacombe-signe-contrat-white-sox\/\" class=\"trk-cta-link\" data-cta-trk='{\"ctaType\":\"Link\",\"ctaSubType\":\"main\"}'>Il est seulement d&eacute;j&agrave; le deuxi&egrave;me joueur fran&ccedil;ais &agrave; avoir &eacute;t&eacute; draft&eacute; en MLB.<\/a><\/p><p>Nous souhaitons le meilleur &agrave; Mathias LaCombe pour ce moment si sp&eacute;cial !<\/p><p>Pour suivre le parcours de Mathias LaCombe aux Etats-Unis, vous pouvez<a href=\"https:\/\/theplayoffs.news\/fr\/mlb\/mathias-lacombe-et-le-reve-americian-episode-1-la-preparation\/\" class=\"trk-cta-link\" data-cta-trk='{\"ctaType\":\"Link\",\"ctaSubType\":\"main\"}'> cliquer ici.<\/a><\/p><p>&nbsp;<\/p>\n","protected":false},"excerpt":{"rendered":"","protected":false},"author":180309795,"featured_media":1283799,"comment_status":"open","ping_status":"closed","sticky":false,"template":"","format":"standard","meta":{"inline_featured_image":false,"kia_subtitle":"","_mux_skip_reasons":[],"proofreadBy":0,"footnotes":""},"categories":[188,2816,9],"tags":[1011],"sport":[2786],"saison":[6111],"class_list":["post-1430454","post","type-post","status-publish","format-standard","has-post-thumbnail","hentry","category-actualite-mlb","category-d1-baseball","category-mlb","tag-chicago-white-sox","sport-mlb","saison-6111"],"acf":[],"yoast_head":"<!-- This site is optimized with the Yoast SEO plugin v24.2 - https:\/\/yoast.com\/wordpress\/plugins\/seo\/ -->\n<title>Mathias LaCombe va faire ses d&eacute;buts avec les White Sox dans les ligues mineures ! - The Playoffs FR<\/title>\n<meta name=\"robots\" content=\"index, follow, max-snippet:-1, max-image-preview:large, max-video-preview:-1\" \/>\n<link rel=\"canonical\" href=\"https:\/\/theplayoffs.news\/fr\/actualite-mlb\/mathias-lacombe-va-faire-ses-debuts-avec-les-white-sox-dans-les-ligues-mineures\/\" \/>\n<meta property=\"og:locale\" content=\"fr_FR\" \/>\n<meta property=\"og:type\" content=\"article\" \/>\n<meta property=\"og:title\" content=\"Mathias LaCombe va faire ses d&eacute;buts avec les White Sox dans les ligues mineures ! - The Playoffs FR\" \/>\n<meta property=\"og:url\" content=\"https:\/\/theplayoffs.news\/fr\/actualite-mlb\/mathias-lacombe-va-faire-ses-debuts-avec-les-white-sox-dans-les-ligues-mineures\/\" \/>\n<meta property=\"og:site_name\" content=\"The Playoffs FR\" \/>\n<meta property=\"article:publisher\" content=\"https:\/\/www.facebook.com\/TheFreeAgentFR\/\" \/>\n<meta property=\"article:modified_time\" content=\"2024-05-07T21:30:35+02:00\" \/>\n<meta property=\"og:image\" content=\"https:\/\/theplayoffs.news\/fr\/wp-content\/uploads\/2024\/01\/Mathias-Lacombe.jpg\" \/>\n\t<meta property=\"og:image:width\" content=\"1080\" \/>\n\t<meta property=\"og:image:height\" content=\"810\" \/>\n\t<meta property=\"og:image:type\" content=\"image\/jpeg\" \/>\n<meta name=\"author\" content=\"Damien Viottolo\" \/>\n<meta name=\"twitter:card\" content=\"summary_large_image\" \/>\n<meta name=\"twitter:creator\" content=\"@TheFreeAgentFR\" \/>\n<meta name=\"twitter:site\" content=\"@TheFreeAgentFR\" \/>\n<meta name=\"twitter:label1\" content=\"\u00c9crit par\" \/>\n\t<meta name=\"twitter:data1\" content=\"Damien Viottolo\" \/>\n\t<meta name=\"twitter:label2\" content=\"Dur\u00e9e de lecture estim\u00e9e\" \/>\n\t<meta name=\"twitter:data2\" content=\"1 minute\" \/>\n<script type=\"application\/ld+json\" class=\"yoast-schema-graph\">{\"@context\":\"https:\/\/schema.org\",\"@graph\":[{\"@type\":\"WebPage\",\"@id\":\"https:\/\/theplayoffs.news\/fr\/actualite-mlb\/mathias-lacombe-va-faire-ses-debuts-avec-les-white-sox-dans-les-ligues-mineures\/\",\"url\":\"https:\/\/theplayoffs.news\/fr\/actualite-mlb\/mathias-lacombe-va-faire-ses-debuts-avec-les-white-sox-dans-les-ligues-mineures\/\",\"name\":\"Mathias LaCombe va faire ses d\u00e9buts avec les White Sox dans les ligues mineures ! - The Playoffs FR\",\"isPartOf\":{\"@id\":\"https:\/\/theplayoffs.news\/fr\/#website\"},\"primaryImageOfPage\":{\"@id\":\"https:\/\/theplayoffs.news\/fr\/actualite-mlb\/mathias-lacombe-va-faire-ses-debuts-avec-les-white-sox-dans-les-ligues-mineures\/#primaryimage\"},\"image\":{\"@id\":\"https:\/\/theplayoffs.news\/fr\/actualite-mlb\/mathias-lacombe-va-faire-ses-debuts-avec-les-white-sox-dans-les-ligues-mineures\/#primaryimage\"},\"thumbnailUrl\":\"https:\/\/theplayoffs.news\/fr\/wp-content\/uploads\/2024\/01\/Mathias-Lacombe.jpg\",\"datePublished\":\"2024-05-07T19:30:35+00:00\",\"dateModified\":\"2024-05-07T19:30:35+00:00\",\"author\":{\"@id\":\"https:\/\/theplayoffs.news\/fr\/#\/schema\/person\/73084b933851a05764c1c3d9b89d8543\"},\"breadcrumb\":{\"@id\":\"https:\/\/theplayoffs.news\/fr\/actualite-mlb\/mathias-lacombe-va-faire-ses-debuts-avec-les-white-sox-dans-les-ligues-mineures\/#breadcrumb\"},\"inLanguage\":\"fr-FR\",\"potentialAction\":[{\"@type\":\"ReadAction\",\"target\":[\"https:\/\/theplayoffs.news\/fr\/actualite-mlb\/mathias-lacombe-va-faire-ses-debuts-avec-les-white-sox-dans-les-ligues-mineures\/\"]}]},{\"@type\":\"ImageObject\",\"inLanguage\":\"fr-FR\",\"@id\":\"https:\/\/theplayoffs.news\/fr\/actualite-mlb\/mathias-lacombe-va-faire-ses-debuts-avec-les-white-sox-dans-les-ligues-mineures\/#primaryimage\",\"url\":\"https:\/\/theplayoffs.news\/fr\/wp-content\/uploads\/2024\/01\/Mathias-Lacombe.jpg\",\"contentUrl\":\"https:\/\/theplayoffs.news\/fr\/wp-content\/uploads\/2024\/01\/Mathias-Lacombe.jpg\",\"width\":1080,\"height\":810},{\"@type\":\"BreadcrumbList\",\"@id\":\"https:\/\/theplayoffs.news\/fr\/actualite-mlb\/mathias-lacombe-va-faire-ses-debuts-avec-les-white-sox-dans-les-ligues-mineures\/#breadcrumb\",\"itemListElement\":[{\"@type\":\"ListItem\",\"position\":1,\"name\":\"Accueil\",\"item\":\"https:\/\/theplayoffs.news\/fr\/\"},{\"@type\":\"ListItem\",\"position\":2,\"name\":\"Mathias LaCombe va faire ses d\u00e9buts avec les White Sox dans les ligues mineures !\"}]},{\"@type\":\"WebSite\",\"@id\":\"https:\/\/theplayoffs.news\/fr\/#website\",\"url\":\"https:\/\/theplayoffs.news\/fr\/\",\"name\":\"The Playoffs FR\",\"description\":\"NBA-NFL-NHL-MLB\",\"potentialAction\":[{\"@type\":\"SearchAction\",\"target\":{\"@type\":\"EntryPoint\",\"urlTemplate\":\"https:\/\/theplayoffs.news\/fr\/?s={search_term_string}\"},\"query-input\":{\"@type\":\"PropertyValueSpecification\",\"valueRequired\":true,\"valueName\":\"search_term_string\"}}],\"inLanguage\":\"fr-FR\"},{\"@type\":\"Person\",\"@id\":\"https:\/\/theplayoffs.news\/fr\/#\/schema\/person\/73084b933851a05764c1c3d9b89d8543\",\"name\":\"Damien Viottolo\",\"image\":{\"@type\":\"ImageObject\",\"inLanguage\":\"fr-FR\",\"@id\":\"https:\/\/theplayoffs.news\/fr\/#\/schema\/person\/image\/\",\"url\":\"https:\/\/secure.gravatar.com\/avatar\/b4898b6250f932f028b8d5a79d8c3f31e7f0ec90943f46a9364c077ab76a518e?s=96&d=mm&r=g\",\"contentUrl\":\"https:\/\/secure.gravatar.com\/avatar\/b4898b6250f932f028b8d5a79d8c3f31e7f0ec90943f46a9364c077ab76a518e?s=96&d=mm&r=g\",\"caption\":\"Damien Viottolo\"},\"url\":\"https:\/\/theplayoffs.news\/fr\/author\/damienviottolo\/\"}]}<\/script>\n<!-- \/ Yoast SEO plugin. -->","yoast_head_json":{"title":"Mathias LaCombe va faire ses d&eacute;buts avec les White Sox dans les ligues mineures ! - The Playoffs FR","robots":{"index":"index","follow":"follow","max-snippet":"max-snippet:-1","max-image-preview":"max-image-preview:large","max-video-preview":"max-video-preview:-1"},"canonical":"https:\/\/theplayoffs.news\/fr\/actualite-mlb\/mathias-lacombe-va-faire-ses-debuts-avec-les-white-sox-dans-les-ligues-mineures\/","og_locale":"fr_FR","og_type":"article","og_title":"Mathias LaCombe va faire ses d&eacute;buts avec les White Sox dans les ligues mineures ! - The Playoffs FR","og_url":"https:\/\/theplayoffs.news\/fr\/actualite-mlb\/mathias-lacombe-va-faire-ses-debuts-avec-les-white-sox-dans-les-ligues-mineures\/","og_site_name":"The Playoffs FR","article_publisher":"https:\/\/www.facebook.com\/TheFreeAgentFR\/","og_image":[{"width":1080,"height":810,"url":"https:\/\/theplayoffs.news\/fr\/wp-content\/uploads\/2024\/01\/Mathias-Lacombe.jpg","type":"image\/jpeg"}],"author":"Damien Viottolo","twitter_card":"summary_large_image","twitter_creator":"@TheFreeAgentFR","twitter_site":"@TheFreeAgentFR","twitter_misc":{"\u00c9crit par":"Damien Viottolo","Dur\u00e9e de lecture estim\u00e9e":"1 minute"},"schema":{"@context":"https:\/\/schema.org","@graph":[{"@type":"WebPage","@id":"https:\/\/theplayoffs.news\/fr\/actualite-mlb\/mathias-lacombe-va-faire-ses-debuts-avec-les-white-sox-dans-les-ligues-mineures\/","url":"https:\/\/theplayoffs.news\/fr\/actualite-mlb\/mathias-lacombe-va-faire-ses-debuts-avec-les-white-sox-dans-les-ligues-mineures\/","name":"Mathias LaCombe va faire ses d\u00e9buts avec les White Sox dans les ligues mineures ! - The Playoffs FR","isPartOf":{"@id":"https:\/\/theplayoffs.news\/fr\/#website"},"primaryImageOfPage":{"@id":"https:\/\/theplayoffs.news\/fr\/actualite-mlb\/mathias-lacombe-va-faire-ses-debuts-avec-les-white-sox-dans-les-ligues-mineures\/#primaryimage"},"image":{"@id":"https:\/\/theplayoffs.news\/fr\/actualite-mlb\/mathias-lacombe-va-faire-ses-debuts-avec-les-white-sox-dans-les-ligues-mineures\/#primaryimage"},"thumbnailUrl":"https:\/\/theplayoffs.news\/fr\/wp-content\/uploads\/2024\/01\/Mathias-Lacombe.jpg","datePublished":"2024-05-07T19:30:35+00:00","dateModified":"2024-05-07T19:30:35+00:00","author":{"@id":"https:\/\/theplayoffs.news\/fr\/#\/schema\/person\/73084b933851a05764c1c3d9b89d8543"},"breadcrumb":{"@id":"https:\/\/theplayoffs.news\/fr\/actualite-mlb\/mathias-lacombe-va-faire-ses-debuts-avec-les-white-sox-dans-les-ligues-mineures\/#breadcrumb"},"inLanguage":"fr-FR","potentialAction":[{"@type":"ReadAction","target":["https:\/\/theplayoffs.news\/fr\/actualite-mlb\/mathias-lacombe-va-faire-ses-debuts-avec-les-white-sox-dans-les-ligues-mineures\/"]}]},{"@type":"ImageObject","inLanguage":"fr-FR","@id":"https:\/\/theplayoffs.news\/fr\/actualite-mlb\/mathias-lacombe-va-faire-ses-debuts-avec-les-white-sox-dans-les-ligues-mineures\/#primaryimage","url":"https:\/\/theplayoffs.news\/fr\/wp-content\/uploads\/2024\/01\/Mathias-Lacombe.jpg","contentUrl":"https:\/\/theplayoffs.news\/fr\/wp-content\/uploads\/2024\/01\/Mathias-Lacombe.jpg","width":1080,"height":810},{"@type":"BreadcrumbList","@id":"https:\/\/theplayoffs.news\/fr\/actualite-mlb\/mathias-lacombe-va-faire-ses-debuts-avec-les-white-sox-dans-les-ligues-mineures\/#breadcrumb","itemListElement":[{"@type":"ListItem","position":1,"name":"Accueil","item":"https:\/\/theplayoffs.news\/fr\/"},{"@type":"ListItem","position":2,"name":"Mathias LaCombe va faire ses d\u00e9buts avec les White Sox dans les ligues mineures !"}]},{"@type":"WebSite","@id":"https:\/\/theplayoffs.news\/fr\/#website","url":"https:\/\/theplayoffs.news\/fr\/","name":"The Playoffs FR","description":"NBA-NFL-NHL-MLB","potentialAction":[{"@type":"SearchAction","target":{"@type":"EntryPoint","urlTemplate":"https:\/\/theplayoffs.news\/fr\/?s={search_term_string}"},"query-input":{"@type":"PropertyValueSpecification","valueRequired":true,"valueName":"search_term_string"}}],"inLanguage":"fr-FR"},{"@type":"Person","@id":"https:\/\/theplayoffs.news\/fr\/#\/schema\/person\/73084b933851a05764c1c3d9b89d8543","name":"Damien Viottolo","image":{"@type":"ImageObject","inLanguage":"fr-FR","@id":"https:\/\/theplayoffs.news\/fr\/#\/schema\/person\/image\/","url":"https:\/\/secure.gravatar.com\/avatar\/b4898b6250f932f028b8d5a79d8c3f31e7f0ec90943f46a9364c077ab76a518e?s=96&d=mm&r=g","contentUrl":"https:\/\/secure.gravatar.com\/avatar\/b4898b6250f932f028b8d5a79d8c3f31e7f0ec90943f46a9364c077ab76a518e?s=96&d=mm&r=g","caption":"Damien Viottolo"},"url":"https:\/\/theplayoffs.news\/fr\/author\/damienviottolo\/"}]}},"_links":{"self":[{"href":"https:\/\/theplayoffs.news\/fr\/wp-json\/wp\/v2\/posts\/1430454","targetHints":{"allow":["GET"]}}],"collection":[{"href":"https:\/\/theplayoffs.news\/fr\/wp-json\/wp\/v2\/posts"}],"about":[{"href":"https:\/\/theplayoffs.news\/fr\/wp-json\/wp\/v2\/types\/post"}],"author":[{"embeddable":true,"href":"https:\/\/theplayoffs.news\/fr\/wp-json\/wp\/v2\/users\/180309795"}],"replies":[{"embeddable":true,"href":"https:\/\/theplayoffs.news\/fr\/wp-json\/wp\/v2\/comments?post=1430454"}],"version-history":[{"count":3,"href":"https:\/\/theplayoffs.news\/fr\/wp-json\/wp\/v2\/posts\/1430454\/revisions"}],"predecessor-version":[{"id":1430458,"href":"https:\/\/theplayoffs.news\/fr\/wp-json\/wp\/v2\/posts\/1430454\/revisions\/1430458"}],"wp:featuredmedia":[{"embeddable":true,"href":"https:\/\/theplayoffs.news\/fr\/wp-json\/wp\/v2\/media\/1283799"}],"wp:attachment":[{"href":"https:\/\/theplayoffs.news\/fr\/wp-json\/wp\/v2\/media?parent=1430454"}],"wp:term":[{"taxonomy":"category","embeddable":true,"href":"https:\/\/theplayoffs.news\/fr\/wp-json\/wp\/v2\/categories?post=1430454"},{"taxonomy":"post_tag","embeddable":true,"href":"https:\/\/theplayoffs.news\/fr\/wp-json\/wp\/v2\/tags?post=1430454"},{"taxonomy":"sport","embeddable":true,"href":"https:\/\/theplayoffs.news\/fr\/wp-json\/wp\/v2\/sport?post=1430454"},{"taxonomy":"saison","embeddable":true,"href":"https:\/\/theplayoffs.news\/fr\/wp-json\/wp\/v2\/saison?post=1430454"}],"curies":[{"name":"wp","href":"https:\/\/api.w.org\/{rel}","templated":true}]}}