{"id":1430355,"date":"2024-05-07T12:35:42","date_gmt":"2024-05-07T10:35:42","guid":{"rendered":"https:\/\/theplayoffs.news\/fr\/?p=1430355"},"modified":"2024-05-07T11:49:06","modified_gmt":"2024-05-07T09:49:06","slug":"rob-blake-decu-par-la-fin-de-saison-des-kings","status":"publish","type":"post","link":"https:\/\/theplayoffs.news\/fr\/actualite-nhl\/rob-blake-decu-par-la-fin-de-saison-des-kings\/","title":{"rendered":"Rob Blake d\u00e9\u00e7u par la fin de saison des Kings"},"content":{"rendered":"<h2>&Eacute;limin&eacute; une nouvelle fois par les Oilers d&rsquo;Edmonton au premier tour des s&eacute;ries &eacute;liminatoire de la NHL, Rob Blake et les Kings commencent d&eacute;j&agrave; &agrave; pr&eacute;parer la saison suivante.<\/h2><p>M&ecirc;me si l&rsquo;&eacute;quipe semble avoir fait des progr&egrave;s cette saison, cette d&eacute;faite donne un coup derri&egrave;re la t&ecirc;te &agrave; cette &eacute;quipe. Un joueur en particulier s&rsquo;est r&eacute;v&eacute;l&eacute; plut&ocirc;t d&eacute;cevant : <a href=\"https:\/\/theplayoffs.news\/fr\/joueur\/pierre-luc-dubois-nhl-8049666\/\" class=\"trk-cta-link\" data-cta-trk='{\"ctaType\":\"Link\",\"ctaSubType\":\"main\"}'><strong>Pierre-Luc Dubois<\/strong><\/a>. Mais pas question de lui jeter la pierre du c&ocirc;t&eacute; de Blake, le directeur g&eacute;n&eacute;ral voit plut&ocirc;t un challenge pour son staff :<\/p><blockquote><p>&laquo; Nous devons l&rsquo;am&eacute;liorer &raquo;, <a href=\"https:\/\/www.latimes.com\/sports\/hockey\/kings\/story\/2024-05-06\/rob-blake-speaks-about-kings-his-future-with-team\" class=\"trk-cta-link\" data-cta-trk='{\"ctaType\":\"Link\",\"ctaSubType\":\"main\"}'>a d&eacute;clar&eacute; Blake<\/a>. &laquo; Il a eu des performances constantes tout au long de sa carri&egrave;re et s&rsquo;en est &eacute;cart&eacute; cette ann&eacute;e. C&rsquo;est donc &agrave; nous, en tant qu&rsquo;&eacute;quipe, entra&icirc;neurs et dirigeants, de l&rsquo;aider &agrave; devenir plus productif pour nous &raquo;.<\/p><\/blockquote><p>Pierre-Luc Dubois a connu une premi&egrave;re saison compliqu&eacute;e avec les Kings apr&egrave;s la signature de son contrat de 8 ans et 68 millions de dollars. Il a compil&eacute; 16 buts et 24 assistances cette saison, ses plus bas totaux en carri&egrave;re (hors saison Covid).<\/p><p>Mais pas question de racheter ses derni&egrave;res ann&eacute;es de contrat apr&egrave;s seulement une ann&eacute;e.<\/p><h3>De l&rsquo;am&eacute;lioration mais le flou sur plusieurs points<\/h3><p>Aux yeux de Rob Blake, l&rsquo;&eacute;quipe a progress&eacute; cette saison et semble aller dans la bonne direction. Mais malgr&eacute; tout cela, des zones de flou persistent notamment sur la question de l&rsquo;entra&icirc;neur et du gardien de but.<\/p><blockquote><p>&laquo; Nous n&rsquo;avons pas de solution &agrave; long terme, si ce n&rsquo;est que nous avons un jeune joueur qui a tr&egrave;s bien jou&eacute; en Ontario &raquo;, a-t-il d&eacute;clar&eacute;. &laquo; Il faut du temps pour ce poste.&nbsp;&raquo;<\/p><\/blockquote><p>En effet, hormis Aaron Dell qui poss&egrave;de de l&rsquo;exp&eacute;rience en NHL, les Kings pourraient avoir &agrave; se tourner vers un jeune gardien de 23 ans sans exp&eacute;rience au plus haut niveau, Erik Portillo. Ses performances en AHL ont &eacute;t&eacute; plut&ocirc;t bonnes.<\/p><p>Le cas de Jim Hiller est aussi incertains.<\/p><p>Sa mission &eacute;tait d&rsquo;amener les Kings en playoffs lors de sa nomination &agrave; la place de Todd McLellan en f&eacute;vrier dernier. Mission accomplie, mais est-ce que ce sera suffisant pour obtenir le poste &agrave; plein temps ?<\/p><p>&nbsp;<\/p><p>Credit Photo : Kirby Lee-USA TODAY Sports<\/p>\n","protected":false},"excerpt":{"rendered":"","protected":false},"author":13,"featured_media":1430358,"comment_status":"open","ping_status":"closed","sticky":false,"template":"","format":"standard","meta":{"inline_featured_image":false,"kia_subtitle":"","_mux_skip_reasons":[],"proofreadBy":0,"footnotes":""},"categories":[187,26],"tags":[353,808,4261],"sport":[],"saison":[],"class_list":["post-1430355","post","type-post","status-publish","format-standard","has-post-thumbnail","hentry","category-actualite-nhl","category-nhl","tag-los-angeles-kings","tag-pierre-luc-dubois","tag-rob-blake"],"acf":[],"yoast_head":"<!-- This site is optimized with the Yoast SEO plugin v24.2 - https:\/\/yoast.com\/wordpress\/plugins\/seo\/ -->\n<title>Rob Blake d&eacute;&ccedil;u par la fin de saison des Kings - The Playoffs FR<\/title>\n<meta name=\"robots\" content=\"index, follow, max-snippet:-1, max-image-preview:large, max-video-preview:-1\" \/>\n<link rel=\"canonical\" href=\"https:\/\/theplayoffs.news\/fr\/actualite-nhl\/rob-blake-decu-par-la-fin-de-saison-des-kings\/\" \/>\n<meta property=\"og:locale\" content=\"fr_FR\" \/>\n<meta property=\"og:type\" content=\"article\" \/>\n<meta property=\"og:title\" content=\"Rob Blake d&eacute;&ccedil;u par la fin de saison des Kings - The Playoffs FR\" \/>\n<meta property=\"og:url\" content=\"https:\/\/theplayoffs.news\/fr\/actualite-nhl\/rob-blake-decu-par-la-fin-de-saison-des-kings\/\" \/>\n<meta property=\"og:site_name\" content=\"The Playoffs FR\" \/>\n<meta property=\"article:publisher\" content=\"https:\/\/www.facebook.com\/TheFreeAgentFR\/\" \/>\n<meta property=\"article:modified_time\" content=\"2024-05-07T12:35:42+02:00\" \/>\n<meta property=\"og:image\" content=\"https:\/\/theplayoffs.news\/fr\/wp-content\/uploads\/2024\/05\/USATSI_10012777.jpg\" \/>\n\t<meta property=\"og:image:width\" content=\"1920\" \/>\n\t<meta property=\"og:image:height\" content=\"1267\" \/>\n\t<meta property=\"og:image:type\" content=\"image\/jpeg\" \/>\n<meta name=\"author\" content=\"Charles Taudin\" \/>\n<meta name=\"twitter:card\" content=\"summary_large_image\" \/>\n<meta name=\"twitter:creator\" content=\"@TheFreeAgentFR\" \/>\n<meta name=\"twitter:site\" content=\"@TheFreeAgentFR\" \/>\n<meta name=\"twitter:label1\" content=\"\u00c9crit par\" \/>\n\t<meta name=\"twitter:data1\" content=\"Charles Taudin\" \/>\n\t<meta name=\"twitter:label2\" content=\"Dur\u00e9e de lecture estim\u00e9e\" \/>\n\t<meta name=\"twitter:data2\" content=\"2 minutes\" \/>\n<script type=\"application\/ld+json\" class=\"yoast-schema-graph\">{\"@context\":\"https:\/\/schema.org\",\"@graph\":[{\"@type\":\"WebPage\",\"@id\":\"https:\/\/theplayoffs.news\/fr\/actualite-nhl\/rob-blake-decu-par-la-fin-de-saison-des-kings\/\",\"url\":\"https:\/\/theplayoffs.news\/fr\/actualite-nhl\/rob-blake-decu-par-la-fin-de-saison-des-kings\/\",\"name\":\"Rob Blake d\u00e9\u00e7u par la fin de saison des Kings - The Playoffs FR\",\"isPartOf\":{\"@id\":\"https:\/\/theplayoffs.news\/fr\/#website\"},\"primaryImageOfPage\":{\"@id\":\"https:\/\/theplayoffs.news\/fr\/actualite-nhl\/rob-blake-decu-par-la-fin-de-saison-des-kings\/#primaryimage\"},\"image\":{\"@id\":\"https:\/\/theplayoffs.news\/fr\/actualite-nhl\/rob-blake-decu-par-la-fin-de-saison-des-kings\/#primaryimage\"},\"thumbnailUrl\":\"https:\/\/theplayoffs.news\/fr\/wp-content\/uploads\/2024\/05\/USATSI_10012777.jpg\",\"datePublished\":\"2024-05-07T10:35:42+00:00\",\"dateModified\":\"2024-05-07T12:35:42+02:00\",\"author\":{\"@id\":\"https:\/\/theplayoffs.news\/fr\/#\/schema\/person\/eee5b69ad5d3c51cabe881c839dbe133\"},\"breadcrumb\":{\"@id\":\"https:\/\/theplayoffs.news\/fr\/actualite-nhl\/rob-blake-decu-par-la-fin-de-saison-des-kings\/#breadcrumb\"},\"inLanguage\":\"fr-FR\",\"potentialAction\":[{\"@type\":\"ReadAction\",\"target\":[\"https:\/\/theplayoffs.news\/fr\/actualite-nhl\/rob-blake-decu-par-la-fin-de-saison-des-kings\/\"]}]},{\"@type\":\"ImageObject\",\"inLanguage\":\"fr-FR\",\"@id\":\"https:\/\/theplayoffs.news\/fr\/actualite-nhl\/rob-blake-decu-par-la-fin-de-saison-des-kings\/#primaryimage\",\"url\":\"https:\/\/theplayoffs.news\/fr\/wp-content\/uploads\/2024\/05\/USATSI_10012777.jpg\",\"contentUrl\":\"https:\/\/theplayoffs.news\/fr\/wp-content\/uploads\/2024\/05\/USATSI_10012777.jpg\",\"width\":1920,\"height\":1267,\"caption\":\"Apr 11, 2017; Los Angeles, CA, USA; Rob Blake is introduced as Los Angeles Kings general manager during press conference at the Staples Center. Mandatory Credit: Kirby Lee-USA TODAY Sports\"},{\"@type\":\"BreadcrumbList\",\"@id\":\"https:\/\/theplayoffs.news\/fr\/actualite-nhl\/rob-blake-decu-par-la-fin-de-saison-des-kings\/#breadcrumb\",\"itemListElement\":[{\"@type\":\"ListItem\",\"position\":1,\"name\":\"Accueil\",\"item\":\"https:\/\/theplayoffs.news\/fr\/\"},{\"@type\":\"ListItem\",\"position\":2,\"name\":\"Rob Blake d\u00e9\u00e7u par la fin de saison des Kings\"}]},{\"@type\":\"WebSite\",\"@id\":\"https:\/\/theplayoffs.news\/fr\/#website\",\"url\":\"https:\/\/theplayoffs.news\/fr\/\",\"name\":\"The Playoffs FR\",\"description\":\"NBA-NFL-NHL-MLB\",\"potentialAction\":[{\"@type\":\"SearchAction\",\"target\":{\"@type\":\"EntryPoint\",\"urlTemplate\":\"https:\/\/theplayoffs.news\/fr\/?s={search_term_string}\"},\"query-input\":{\"@type\":\"PropertyValueSpecification\",\"valueRequired\":true,\"valueName\":\"search_term_string\"}}],\"inLanguage\":\"fr-FR\"},{\"@type\":\"Person\",\"@id\":\"https:\/\/theplayoffs.news\/fr\/#\/schema\/person\/eee5b69ad5d3c51cabe881c839dbe133\",\"name\":\"Charles Taudin\",\"image\":{\"@type\":\"ImageObject\",\"inLanguage\":\"fr-FR\",\"@id\":\"https:\/\/theplayoffs.news\/fr\/#\/schema\/person\/image\/\",\"url\":\"https:\/\/secure.gravatar.com\/avatar\/59a1e772205ce9fd255edfcafc93013736822e20261f294c5753b20c41ede9f2?s=96&d=mm&r=g\",\"contentUrl\":\"https:\/\/secure.gravatar.com\/avatar\/59a1e772205ce9fd255edfcafc93013736822e20261f294c5753b20c41ede9f2?s=96&d=mm&r=g\",\"caption\":\"Charles Taudin\"},\"description\":\"R\u00e9dacteur en chef global de The Playoffs, j\u2019ai cr\u00e9\u00e9 The Free Agent, devenu The Playoffs FR, en 2020 durant la pand\u00e9mie. Amoureux depuis des ann\u00e9es des 4 sports majeurs am\u00e9ricains, j\u2019organise maintenant la strat\u00e9gie \u00e9ditoriale et les r\u00e9seaux sociaux de l\u2019ensemble des versions de The Playoffs. Il m\u2019arrive encore d\u2019\u00e9crire sur certains sports que j\u2019affectionne particuli\u00e8rement comme la NFL ou la MLB. Si vous devez retenir qu\u2019une chose : Eli Manning est le vrai GOAT pour avoir battu deux fois Tom Brady.\",\"sameAs\":[\"https:\/\/www.instagram.com\/ctaudin_\/\"],\"url\":\"https:\/\/theplayoffs.news\/fr\/author\/charles-taudin\/\"}]}<\/script>\n<!-- \/ Yoast SEO plugin. -->","yoast_head_json":{"title":"Rob Blake d&eacute;&ccedil;u par la fin de saison des Kings - The Playoffs FR","robots":{"index":"index","follow":"follow","max-snippet":"max-snippet:-1","max-image-preview":"max-image-preview:large","max-video-preview":"max-video-preview:-1"},"canonical":"https:\/\/theplayoffs.news\/fr\/actualite-nhl\/rob-blake-decu-par-la-fin-de-saison-des-kings\/","og_locale":"fr_FR","og_type":"article","og_title":"Rob Blake d&eacute;&ccedil;u par la fin de saison des Kings - The Playoffs FR","og_url":"https:\/\/theplayoffs.news\/fr\/actualite-nhl\/rob-blake-decu-par-la-fin-de-saison-des-kings\/","og_site_name":"The Playoffs FR","article_publisher":"https:\/\/www.facebook.com\/TheFreeAgentFR\/","article_modified_time":"2024-05-07T09:49:06+00:00","og_image":[{"width":1920,"height":1267,"url":"https:\/\/theplayoffs.news\/fr\/wp-content\/uploads\/2024\/05\/USATSI_10012777.jpg","type":"image\/jpeg"}],"author":"Charles Taudin","twitter_card":"summary_large_image","twitter_creator":"@TheFreeAgentFR","twitter_site":"@TheFreeAgentFR","twitter_misc":{"\u00c9crit par":"Charles Taudin","Dur\u00e9e de lecture estim\u00e9e":"2 minutes"},"schema":{"@context":"https:\/\/schema.org","@graph":[{"@type":"WebPage","@id":"https:\/\/theplayoffs.news\/fr\/actualite-nhl\/rob-blake-decu-par-la-fin-de-saison-des-kings\/","url":"https:\/\/theplayoffs.news\/fr\/actualite-nhl\/rob-blake-decu-par-la-fin-de-saison-des-kings\/","name":"Rob Blake d\u00e9\u00e7u par la fin de saison des Kings - The Playoffs FR","isPartOf":{"@id":"https:\/\/theplayoffs.news\/fr\/#website"},"primaryImageOfPage":{"@id":"https:\/\/theplayoffs.news\/fr\/actualite-nhl\/rob-blake-decu-par-la-fin-de-saison-des-kings\/#primaryimage"},"image":{"@id":"https:\/\/theplayoffs.news\/fr\/actualite-nhl\/rob-blake-decu-par-la-fin-de-saison-des-kings\/#primaryimage"},"thumbnailUrl":"https:\/\/theplayoffs.news\/fr\/wp-content\/uploads\/2024\/05\/USATSI_10012777.jpg","datePublished":"2024-05-07T10:35:42+00:00","dateModified":"2024-05-07T12:35:42+02:00","author":{"@id":"https:\/\/theplayoffs.news\/fr\/#\/schema\/person\/eee5b69ad5d3c51cabe881c839dbe133"},"breadcrumb":{"@id":"https:\/\/theplayoffs.news\/fr\/actualite-nhl\/rob-blake-decu-par-la-fin-de-saison-des-kings\/#breadcrumb"},"inLanguage":"fr-FR","potentialAction":[{"@type":"ReadAction","target":["https:\/\/theplayoffs.news\/fr\/actualite-nhl\/rob-blake-decu-par-la-fin-de-saison-des-kings\/"]}]},{"@type":"ImageObject","inLanguage":"fr-FR","@id":"https:\/\/theplayoffs.news\/fr\/actualite-nhl\/rob-blake-decu-par-la-fin-de-saison-des-kings\/#primaryimage","url":"https:\/\/theplayoffs.news\/fr\/wp-content\/uploads\/2024\/05\/USATSI_10012777.jpg","contentUrl":"https:\/\/theplayoffs.news\/fr\/wp-content\/uploads\/2024\/05\/USATSI_10012777.jpg","width":1920,"height":1267,"caption":"Apr 11, 2017; Los Angeles, CA, USA; Rob Blake is introduced as Los Angeles Kings general manager during press conference at the Staples Center. Mandatory Credit: Kirby Lee-USA TODAY Sports"},{"@type":"BreadcrumbList","@id":"https:\/\/theplayoffs.news\/fr\/actualite-nhl\/rob-blake-decu-par-la-fin-de-saison-des-kings\/#breadcrumb","itemListElement":[{"@type":"ListItem","position":1,"name":"Accueil","item":"https:\/\/theplayoffs.news\/fr\/"},{"@type":"ListItem","position":2,"name":"Rob Blake d\u00e9\u00e7u par la fin de saison des Kings"}]},{"@type":"WebSite","@id":"https:\/\/theplayoffs.news\/fr\/#website","url":"https:\/\/theplayoffs.news\/fr\/","name":"The Playoffs FR","description":"NBA-NFL-NHL-MLB","potentialAction":[{"@type":"SearchAction","target":{"@type":"EntryPoint","urlTemplate":"https:\/\/theplayoffs.news\/fr\/?s={search_term_string}"},"query-input":{"@type":"PropertyValueSpecification","valueRequired":true,"valueName":"search_term_string"}}],"inLanguage":"fr-FR"},{"@type":"Person","@id":"https:\/\/theplayoffs.news\/fr\/#\/schema\/person\/eee5b69ad5d3c51cabe881c839dbe133","name":"Charles Taudin","image":{"@type":"ImageObject","inLanguage":"fr-FR","@id":"https:\/\/theplayoffs.news\/fr\/#\/schema\/person\/image\/","url":"https:\/\/secure.gravatar.com\/avatar\/59a1e772205ce9fd255edfcafc93013736822e20261f294c5753b20c41ede9f2?s=96&d=mm&r=g","contentUrl":"https:\/\/secure.gravatar.com\/avatar\/59a1e772205ce9fd255edfcafc93013736822e20261f294c5753b20c41ede9f2?s=96&d=mm&r=g","caption":"Charles Taudin"},"description":"R\u00e9dacteur en chef global de The Playoffs, j\u2019ai cr\u00e9\u00e9 The Free Agent, devenu The Playoffs FR, en 2020 durant la pand\u00e9mie. Amoureux depuis des ann\u00e9es des 4 sports majeurs am\u00e9ricains, j\u2019organise maintenant la strat\u00e9gie \u00e9ditoriale et les r\u00e9seaux sociaux de l\u2019ensemble des versions de The Playoffs. Il m\u2019arrive encore d\u2019\u00e9crire sur certains sports que j\u2019affectionne particuli\u00e8rement comme la NFL ou la MLB. Si vous devez retenir qu\u2019une chose : Eli Manning est le vrai GOAT pour avoir battu deux fois Tom Brady.","sameAs":["https:\/\/www.instagram.com\/ctaudin_\/"],"url":"https:\/\/theplayoffs.news\/fr\/author\/charles-taudin\/"}]}},"_links":{"self":[{"href":"https:\/\/theplayoffs.news\/fr\/wp-json\/wp\/v2\/posts\/1430355","targetHints":{"allow":["GET"]}}],"collection":[{"href":"https:\/\/theplayoffs.news\/fr\/wp-json\/wp\/v2\/posts"}],"about":[{"href":"https:\/\/theplayoffs.news\/fr\/wp-json\/wp\/v2\/types\/post"}],"author":[{"embeddable":true,"href":"https:\/\/theplayoffs.news\/fr\/wp-json\/wp\/v2\/users\/13"}],"replies":[{"embeddable":true,"href":"https:\/\/theplayoffs.news\/fr\/wp-json\/wp\/v2\/comments?post=1430355"}],"version-history":[{"count":2,"href":"https:\/\/theplayoffs.news\/fr\/wp-json\/wp\/v2\/posts\/1430355\/revisions"}],"predecessor-version":[{"id":1430360,"href":"https:\/\/theplayoffs.news\/fr\/wp-json\/wp\/v2\/posts\/1430355\/revisions\/1430360"}],"wp:featuredmedia":[{"embeddable":true,"href":"https:\/\/theplayoffs.news\/fr\/wp-json\/wp\/v2\/media\/1430358"}],"wp:attachment":[{"href":"https:\/\/theplayoffs.news\/fr\/wp-json\/wp\/v2\/media?parent=1430355"}],"wp:term":[{"taxonomy":"category","embeddable":true,"href":"https:\/\/theplayoffs.news\/fr\/wp-json\/wp\/v2\/categories?post=1430355"},{"taxonomy":"post_tag","embeddable":true,"href":"https:\/\/theplayoffs.news\/fr\/wp-json\/wp\/v2\/tags?post=1430355"},{"taxonomy":"sport","embeddable":true,"href":"https:\/\/theplayoffs.news\/fr\/wp-json\/wp\/v2\/sport?post=1430355"},{"taxonomy":"saison","embeddable":true,"href":"https:\/\/theplayoffs.news\/fr\/wp-json\/wp\/v2\/saison?post=1430355"}],"curies":[{"name":"wp","href":"https:\/\/api.w.org\/{rel}","templated":true}]}}