{"id":1430153,"date":"2024-05-06T16:01:46","date_gmt":"2024-05-06T14:01:46","guid":{"rendered":"https:\/\/theplayoffs.news\/fr\/?p=1430153"},"modified":"2024-05-06T16:01:46","modified_gmt":"2024-05-06T14:01:46","slug":"la-belle-histoire-de-patrick-mcsweeney","status":"publish","type":"post","link":"https:\/\/theplayoffs.news\/fr\/actualite-nfl\/la-belle-histoire-de-patrick-mcsweeney\/","title":{"rendered":"La belle histoire de Patrick McSweeney"},"content":{"rendered":"<h2><strong>NFL &ndash; L&rsquo;intersaison bat son plein en NFL en ce d&eacute;but du mois de mai. Aujourd&rsquo;hui, focus sur une belle histoire entre les New York Jets et Patrick McSweeney, qui esp&egrave;re int&eacute;grer le groupe final pour la saison 2024.<\/strong><\/h2><p><strong>&nbsp;<\/strong><\/p><p>Patrick McSweeney. Ce nom ne vous dit probablement rien, et, pas de panique, vous n&rsquo;&ecirc;tes pas un inculte de la NFL. &Agrave; vrai dire, pas grand monde ne conna&icirc;t ce nom. Joueur de 23 ans &eacute;voluant au poste de tight end, McSweeney n&rsquo;a pas &eacute;t&eacute; draft&eacute; par les Jets il y a une dizaine de jours.<\/p><p>En revanche il a &eacute;t&eacute; appel&eacute; &agrave; participer &agrave; leur mini-camp pour rookie afin d&rsquo;int&eacute;grer l&rsquo;effectif. Un clin d&rsquo;&oelig;il fort &agrave; l&rsquo;&eacute;v&egrave;nement le plus tragique de l&rsquo;histoire des &Eacute;tats-Unis, le 11 Septembre 2001.<\/p><blockquote class=\"twitter-tweet\" data-width=\"500\" data-dnt=\"true\">\n<p lang=\"en\" dir=\"ltr\">Timothy McSweeney was a Jets season ticket holder and FDNY firefighter who won six awards for heroism before dying in the 9\/11 terrorist attacks.<\/p>\n<p>When he passed, he had a 9-month-old son named Patrick. This weekend, Patrick participated in the Jets rookie minicamp.<\/p>\n<p>READ &#128071;<\/p>\n<p>&mdash; New York Jets (@nyjets) <a href=\"https:\/\/twitter.com\/nyjets\/status\/1787146649602597265?ref_src=twsrc%5Etfw\" class=\"trk-cta-link\" data-cta-trk='{\"ctaType\":\"Link\",\"ctaSubType\":\"main\"}'>May 5, 2024<\/a><\/p><\/blockquote><p><script async src=\"https:\/\/platform.twitter.com\/widgets.js\" charset=\"utf-8\"><\/script><\/p><h3><strong>Son p&egrave;re, pompier, d&eacute;c&eacute;d&eacute; lors du drame du 11 Septembre 2001, &eacute;tait un grand supporter des Jets<\/strong><\/h3><p><strong>&nbsp;<\/strong><\/p><p>En effet, le p&egrave;re de Patrick McSweeney se nommait Timothy McSweeney. Cet habitant de Staten Island a rejoint le &laquo;&nbsp;Fire Department of the city of New York&nbsp;&raquo; (les pompiers de New York) en 1987.<\/p><p>Au cours de sa carri&egrave;re de soldat du feu, Timothy McSweeney a re&ccedil;u six distinctions pour h&eacute;ro&iuml;sme. Un sinistre jour de Septembre 2001, il fut appel&eacute; &agrave; la tour nord du World Trade Center. Il y trouvera malheureusement la mort tout comme de nombreux autres coll&egrave;gues de la &laquo;&nbsp;Ladder 3&nbsp;&raquo;, qui a subi ce jour-l&agrave; des pertes les plus lourdes de toute l&rsquo;histoire de toutes les compagnies de pompiers du FDNY.<\/p><p>Timothy McSweeney &eacute;tait en outre <a href=\"https:\/\/www.newyorkjets.com\/news\/jets-rookie-minicamp-patrick-mcsweeney-honoring-father-9-11\" class=\"trk-cta-link\" data-cta-trk='{\"ctaType\":\"Link\",\"ctaSubType\":\"main\"}'>d&eacute;tenteur d&rsquo;un abonnement &agrave; l&rsquo;ann&eacute;e aux matchs des New York Jets<\/a> dont il &eacute;tait un fervent supporter.<\/p><p>&laquo;&nbsp;Malheureusement, je n&rsquo;ai pas vraiment de souvenirs avec lui physiquement, mais j&rsquo;ai l&rsquo;impression de le conna&icirc;tre &agrave; travers les histoires qu&rsquo;on m&rsquo;a racont&eacute;es&nbsp;&raquo; commente Patrick McSweeney, &acirc;g&eacute; de 9 mois le 11 Septembre 2001.<\/p><p>&Agrave; son tour fan des Jets en grandissant, Patrick s&rsquo;est toujours inspir&eacute; de son p&egrave;re pour se construire, &laquo; Il mettait toujours les autres en premier, il &eacute;tait tr&egrave;s altruiste. Il y a une chose que j&rsquo;essaie d&rsquo;incarner en m&rsquo;inspirant de lui, et cela va peut-&ecirc;tre para&icirc;tre clich&eacute;, mais quand il rentrait dans un immeuble, il essayait de sauver des gens innocents.<\/p><p>Il ne pr&ecirc;tait pas attention &agrave; l&rsquo;apparence des gens, &agrave; leur couleur de peau ou &agrave; leur religion. Il essayait juste de les sauver. C&rsquo;est ce dont j&rsquo;essaie de toujours me souvenir. C&rsquo;est important de traiter tout le monde avec &eacute;quit&eacute; et respect et c&rsquo;est comme &ccedil;a que j&rsquo;ai toujours essay&eacute; d&rsquo;&ecirc;tre.&nbsp;&raquo; livre celui qui a grandi &agrave; Staten Island et qui avait pour mod&egrave;le Leon Washington ou Santonio Holmes.<\/p><p>&nbsp;<\/p><h3><strong>Il va retrouver Robert Saleh, aussi affect&eacute; par les &eacute;v&egrave;nements du 11 Septembre<\/strong><\/h3><p><strong>&nbsp;<\/strong><\/p><p>Lors du mini-camp cette semaine, Patrick McSweeney sera sous la houlette de Robert Saleh, entra&icirc;neur en chef des <a href=\"https:\/\/theplayoffs.news\/fr\/joueur\/brady-latham-nfl-9134356\/\" class=\"trk-cta-link\" data-cta-trk='{\"ctaType\":\"Link\",\"ctaSubType\":\"main\"}'>Jets<\/a>, qui a aussi &eacute;t&eacute; touch&eacute; par le 11 Septembre 2001.<\/p><p>Effectivement, le fr&egrave;re de Robert Saleh, David, &eacute;tait lui au 64<sup>e<\/sup> &eacute;tage de la tour sud du World Trade Center au moment des attaques ayant cout&eacute; la vie de presque 3&nbsp;000 personnes. Il s&rsquo;en est sorti sain et sauf, mais Robert Saleh a mis quelques mois &agrave; se remettre de ces tragiques &eacute;v&egrave;nements &agrave; l&rsquo;&eacute;poque.<\/p><p>&nbsp;<\/p><p>\n<div id=\"attachment_1430155\" style=\"width: 684px\" class=\"wp-caption aligncenter\"><img loading=\"lazy\" decoding=\"async\" aria-describedby=\"caption-attachment-1430155\" class=\" wp-image-1430155\" src=\"https:\/\/theplayoffs.news\/fr\/wp-content\/uploads\/2024\/05\/USATSI_22187153-300x200.jpg\" alt=\"\" width=\"674\" height=\"449\" srcset=\"https:\/\/theplayoffs.news\/fr\/wp-content\/uploads\/2024\/05\/USATSI_22187153-300x200.jpg 300w, https:\/\/theplayoffs.news\/fr\/wp-content\/uploads\/2024\/05\/USATSI_22187153-1030x687.jpg 1030w, https:\/\/theplayoffs.news\/fr\/wp-content\/uploads\/2024\/05\/USATSI_22187153-768x512.jpg 768w, https:\/\/theplayoffs.news\/fr\/wp-content\/uploads\/2024\/05\/USATSI_22187153-1536x1024.jpg 1536w, https:\/\/theplayoffs.news\/fr\/wp-content\/uploads\/2024\/05\/USATSI_22187153-1500x1000.jpg 1500w, https:\/\/theplayoffs.news\/fr\/wp-content\/uploads\/2024\/05\/USATSI_22187153-705x470.jpg 705w, https:\/\/theplayoffs.news\/fr\/wp-content\/uploads\/2024\/05\/USATSI_22187153-1320x880.jpg 1320w, https:\/\/theplayoffs.news\/fr\/wp-content\/uploads\/2024\/05\/USATSI_22187153.jpg 1920w\" sizes=\"auto, (max-width: 674px) 100vw, 674px\" \/><p id=\"caption-attachment-1430155\" class=\"wp-caption-text\">Robert Saleh a aussi souffert personellement du 11 Septembre 2001. Mandatory Credit: Scott Galvin-USA TODAY Sports<\/p><\/div>\n<\/p><h3><strong>McSweeney, un joueur &agrave; qui rien n&rsquo;a &eacute;t&eacute; donn&eacute; dans sa carri&egrave;re<\/strong><\/h3><p><strong>&nbsp;<\/strong><\/p><p>Patrick McSweeney tentera donc d&rsquo;int&eacute;grer l&rsquo;effectif &eacute;largi des Jets &agrave; l&rsquo;issue de ce mini-camp. Tight end depuis ses ann&eacute;es lyc&eacute;es, le new-yorkais a d&ucirc; se frayer un chemin pour en arriver l&agrave;. Lors de sa derni&egrave;re saison lyc&eacute;enne, il n&rsquo;a aucune offre d&rsquo;une quelconque universit&eacute;.<\/p><p>Aid&eacute; par son oncle, Eddie O&rsquo;Connor, ancien joueur de l&rsquo;universit&eacute; de Fordham, il va lui-m&ecirc;me se cr&eacute;er son opportunit&eacute; universitaire, &laquo;&nbsp;je n&rsquo;&eacute;tais pas tr&egrave;s c&ocirc;t&eacute; &agrave; l&rsquo;&eacute;poque, eux [<em>Coastal Carolina]<\/em> n&rsquo;ont pas r&eacute;ussi &agrave; me trouver mais nous, nous avons r&eacute;ussi &agrave; les trouver, &agrave; l&rsquo;aide de mon beau-p&egrave;re &eacute;galement, qui m&rsquo;a amen&eacute; &agrave; une s&eacute;ance de rep&eacute;rage de l&rsquo;universit&eacute; de Coastal. [&hellip;]<\/p><p>&Agrave; la fin de ma derni&egrave;re ann&eacute;e au lyc&eacute;e, je suis rentr&eacute; en contact avec eux, avec des e-mails, et ils m&rsquo;ont finalement offert une visite l&agrave;-bas. J&rsquo;ai donc accept&eacute; et j&rsquo;&eacute;tais le gars un peu en sursis. J&rsquo;ai en quelque sorte progress&eacute; dans la hi&eacute;rarchie.&nbsp;&raquo; se rem&eacute;more McSweeney, qui ne sera pas draft&eacute; et devra une nouvelle fois faire ses preuves par la voie du rep&eacute;rage.<\/p><p>&nbsp;<\/p><p>\n<div id=\"attachment_1430161\" style=\"width: 654px\" class=\"wp-caption aligncenter\"><img loading=\"lazy\" decoding=\"async\" aria-describedby=\"caption-attachment-1430161\" class=\" wp-image-1430161\" src=\"https:\/\/theplayoffs.news\/fr\/wp-content\/uploads\/2024\/05\/USATSI_21116987-300x200.jpg\" alt=\"\" width=\"644\" height=\"430\" srcset=\"https:\/\/theplayoffs.news\/fr\/wp-content\/uploads\/2024\/05\/USATSI_21116987-300x200.jpg 300w, https:\/\/theplayoffs.news\/fr\/wp-content\/uploads\/2024\/05\/USATSI_21116987-1030x687.jpg 1030w, https:\/\/theplayoffs.news\/fr\/wp-content\/uploads\/2024\/05\/USATSI_21116987-768x512.jpg 768w, https:\/\/theplayoffs.news\/fr\/wp-content\/uploads\/2024\/05\/USATSI_21116987-1536x1024.jpg 1536w, https:\/\/theplayoffs.news\/fr\/wp-content\/uploads\/2024\/05\/USATSI_21116987-1500x1000.jpg 1500w, https:\/\/theplayoffs.news\/fr\/wp-content\/uploads\/2024\/05\/USATSI_21116987-705x470.jpg 705w, https:\/\/theplayoffs.news\/fr\/wp-content\/uploads\/2024\/05\/USATSI_21116987-1320x880.jpg 1320w, https:\/\/theplayoffs.news\/fr\/wp-content\/uploads\/2024\/05\/USATSI_21116987.jpg 1920w\" sizes=\"auto, (max-width: 644px) 100vw, 644px\" \/><p id=\"caption-attachment-1430161\" class=\"wp-caption-text\">Mandatory Credit: Vincent Carchietta-USA TODAY Sports<\/p><\/div>\n<\/p><p>La d&eacute;termination de McSweeney &agrave; franchir les &eacute;tapes en NFL, un peu &agrave; la fa&ccedil;on dont son p&egrave;re a pu le faire il y a une quarantaine d&rsquo;ann&eacute;e au FDNY, est une flamme &eacute;ternelle entretenue par le principal concern&eacute;, &laquo;&nbsp;<em>[Ma m&egrave;re]<\/em> nous dit qu&rsquo;il serait fier de nous [<em>il a un fr&egrave;re et une s&oelig;ur]<\/em>. Il nous regarde de l&agrave;-haut. Le fait que je sois ici maintenant, cela le fait probablement sauter de joie. Il est heureux mais j&rsquo;encore du travail &agrave; faire. Et il faut que je continue.&nbsp;&raquo; conclut Patrick McSweeney, dont l&rsquo;histoire nous rappelle qu&rsquo;en plus qu&rsquo;une ligue sportive, la NFL est aussi un formidable berceau d&rsquo;histoires personnelles, sociales, politiques ou culturelles.<\/p><p>&nbsp;<\/p><p>&copy; Winslow Townson-USA TODAY Sports<\/p>\n","protected":false},"excerpt":{"rendered":"","protected":false},"author":180310210,"featured_media":1430154,"comment_status":"open","ping_status":"closed","sticky":false,"template":"","format":"standard","meta":{"inline_featured_image":false,"kia_subtitle":"","_mux_skip_reasons":[],"proofreadBy":0,"footnotes":""},"categories":[118,40],"tags":[732,7223],"sport":[2785],"saison":[6111],"class_list":["post-1430153","post","type-post","status-publish","format-standard","has-post-thumbnail","hentry","category-actualite-nfl","category-nfl","tag-new-york-jets","tag-patrick-mcsweeney","sport-nfl","saison-6111"],"acf":[],"yoast_head":"<!-- This site is optimized with the Yoast SEO plugin v24.2 - https:\/\/yoast.com\/wordpress\/plugins\/seo\/ -->\n<title>La belle histoire de Patrick McSweeney - The Playoffs FR<\/title>\n<meta name=\"robots\" content=\"index, follow, max-snippet:-1, max-image-preview:large, max-video-preview:-1\" \/>\n<link rel=\"canonical\" href=\"https:\/\/theplayoffs.news\/fr\/actualite-nfl\/la-belle-histoire-de-patrick-mcsweeney\/\" \/>\n<meta property=\"og:locale\" content=\"fr_FR\" \/>\n<meta property=\"og:type\" content=\"article\" \/>\n<meta property=\"og:title\" content=\"La belle histoire de Patrick McSweeney - The Playoffs FR\" \/>\n<meta property=\"og:url\" content=\"https:\/\/theplayoffs.news\/fr\/actualite-nfl\/la-belle-histoire-de-patrick-mcsweeney\/\" \/>\n<meta property=\"og:site_name\" content=\"The Playoffs FR\" \/>\n<meta property=\"article:publisher\" content=\"https:\/\/www.facebook.com\/TheFreeAgentFR\/\" \/>\n<meta property=\"article:modified_time\" content=\"2024-05-06T16:01:46+02:00\" \/>\n<meta property=\"og:image\" content=\"https:\/\/theplayoffs.news\/fr\/wp-content\/uploads\/2024\/05\/USATSI_15477355.jpg\" \/>\n\t<meta property=\"og:image:width\" content=\"1920\" \/>\n\t<meta property=\"og:image:height\" content=\"1280\" \/>\n\t<meta property=\"og:image:type\" content=\"image\/jpeg\" \/>\n<meta name=\"author\" content=\"Romain Balle\" \/>\n<meta name=\"twitter:card\" content=\"summary_large_image\" \/>\n<meta name=\"twitter:creator\" content=\"@TheFreeAgentFR\" \/>\n<meta name=\"twitter:site\" content=\"@TheFreeAgentFR\" \/>\n<meta name=\"twitter:label1\" content=\"\u00c9crit par\" \/>\n\t<meta name=\"twitter:data1\" content=\"Romain Balle\" \/>\n\t<meta name=\"twitter:label2\" content=\"Dur\u00e9e de lecture estim\u00e9e\" \/>\n\t<meta name=\"twitter:data2\" content=\"5 minutes\" \/>\n<script type=\"application\/ld+json\" class=\"yoast-schema-graph\">{\"@context\":\"https:\/\/schema.org\",\"@graph\":[{\"@type\":\"WebPage\",\"@id\":\"https:\/\/theplayoffs.news\/fr\/actualite-nfl\/la-belle-histoire-de-patrick-mcsweeney\/\",\"url\":\"https:\/\/theplayoffs.news\/fr\/actualite-nfl\/la-belle-histoire-de-patrick-mcsweeney\/\",\"name\":\"La belle histoire de Patrick McSweeney - The Playoffs FR\",\"isPartOf\":{\"@id\":\"https:\/\/theplayoffs.news\/fr\/#website\"},\"primaryImageOfPage\":{\"@id\":\"https:\/\/theplayoffs.news\/fr\/actualite-nfl\/la-belle-histoire-de-patrick-mcsweeney\/#primaryimage\"},\"image\":{\"@id\":\"https:\/\/theplayoffs.news\/fr\/actualite-nfl\/la-belle-histoire-de-patrick-mcsweeney\/#primaryimage\"},\"thumbnailUrl\":\"https:\/\/theplayoffs.news\/fr\/wp-content\/uploads\/2024\/05\/USATSI_15477355.jpg\",\"datePublished\":\"2024-05-06T14:01:46+00:00\",\"dateModified\":\"2024-05-06T14:01:46+00:00\",\"author\":{\"@id\":\"https:\/\/theplayoffs.news\/fr\/#\/schema\/person\/6d5286c8c5dec1bbd3e6341f17a41111\"},\"breadcrumb\":{\"@id\":\"https:\/\/theplayoffs.news\/fr\/actualite-nfl\/la-belle-histoire-de-patrick-mcsweeney\/#breadcrumb\"},\"inLanguage\":\"fr-FR\",\"potentialAction\":[{\"@type\":\"ReadAction\",\"target\":[\"https:\/\/theplayoffs.news\/fr\/actualite-nfl\/la-belle-histoire-de-patrick-mcsweeney\/\"]}]},{\"@type\":\"ImageObject\",\"inLanguage\":\"fr-FR\",\"@id\":\"https:\/\/theplayoffs.news\/fr\/actualite-nfl\/la-belle-histoire-de-patrick-mcsweeney\/#primaryimage\",\"url\":\"https:\/\/theplayoffs.news\/fr\/wp-content\/uploads\/2024\/05\/USATSI_15477355.jpg\",\"contentUrl\":\"https:\/\/theplayoffs.news\/fr\/wp-content\/uploads\/2024\/05\/USATSI_15477355.jpg\",\"width\":1920,\"height\":1280,\"caption\":\"Jan 3, 2021; Foxborough, Massachusetts, USA; The New York Jets logo is seen on a helmet during the first half of their game against the New England Patriots at Gillette Stadium. Mandatory Credit: Winslow Townson-USA TODAY Sports\"},{\"@type\":\"BreadcrumbList\",\"@id\":\"https:\/\/theplayoffs.news\/fr\/actualite-nfl\/la-belle-histoire-de-patrick-mcsweeney\/#breadcrumb\",\"itemListElement\":[{\"@type\":\"ListItem\",\"position\":1,\"name\":\"Accueil\",\"item\":\"https:\/\/theplayoffs.news\/fr\/\"},{\"@type\":\"ListItem\",\"position\":2,\"name\":\"La belle histoire de Patrick McSweeney\"}]},{\"@type\":\"WebSite\",\"@id\":\"https:\/\/theplayoffs.news\/fr\/#website\",\"url\":\"https:\/\/theplayoffs.news\/fr\/\",\"name\":\"The Playoffs FR\",\"description\":\"NBA-NFL-NHL-MLB\",\"potentialAction\":[{\"@type\":\"SearchAction\",\"target\":{\"@type\":\"EntryPoint\",\"urlTemplate\":\"https:\/\/theplayoffs.news\/fr\/?s={search_term_string}\"},\"query-input\":{\"@type\":\"PropertyValueSpecification\",\"valueRequired\":true,\"valueName\":\"search_term_string\"}}],\"inLanguage\":\"fr-FR\"},{\"@type\":\"Person\",\"@id\":\"https:\/\/theplayoffs.news\/fr\/#\/schema\/person\/6d5286c8c5dec1bbd3e6341f17a41111\",\"name\":\"Romain Balle\",\"image\":{\"@type\":\"ImageObject\",\"inLanguage\":\"fr-FR\",\"@id\":\"https:\/\/theplayoffs.news\/fr\/#\/schema\/person\/image\/\",\"url\":\"https:\/\/secure.gravatar.com\/avatar\/05ddb849264c48c5ab2084b8927e8da5ec4ccb05c2bd91acb1c3d4c2785ce057?s=96&d=mm&r=g\",\"contentUrl\":\"https:\/\/secure.gravatar.com\/avatar\/05ddb849264c48c5ab2084b8927e8da5ec4ccb05c2bd91acb1c3d4c2785ce057?s=96&d=mm&r=g\",\"caption\":\"Romain Balle\"},\"url\":\"https:\/\/theplayoffs.news\/fr\/author\/romainballe02gmail-com\/\"}]}<\/script>\n<!-- \/ Yoast SEO plugin. -->","yoast_head_json":{"title":"La belle histoire de Patrick McSweeney - The Playoffs FR","robots":{"index":"index","follow":"follow","max-snippet":"max-snippet:-1","max-image-preview":"max-image-preview:large","max-video-preview":"max-video-preview:-1"},"canonical":"https:\/\/theplayoffs.news\/fr\/actualite-nfl\/la-belle-histoire-de-patrick-mcsweeney\/","og_locale":"fr_FR","og_type":"article","og_title":"La belle histoire de Patrick McSweeney - The Playoffs FR","og_url":"https:\/\/theplayoffs.news\/fr\/actualite-nfl\/la-belle-histoire-de-patrick-mcsweeney\/","og_site_name":"The Playoffs FR","article_publisher":"https:\/\/www.facebook.com\/TheFreeAgentFR\/","og_image":[{"width":1920,"height":1280,"url":"https:\/\/theplayoffs.news\/fr\/wp-content\/uploads\/2024\/05\/USATSI_15477355.jpg","type":"image\/jpeg"}],"author":"Romain Balle","twitter_card":"summary_large_image","twitter_creator":"@TheFreeAgentFR","twitter_site":"@TheFreeAgentFR","twitter_misc":{"\u00c9crit par":"Romain Balle","Dur\u00e9e de lecture estim\u00e9e":"5 minutes"},"schema":{"@context":"https:\/\/schema.org","@graph":[{"@type":"WebPage","@id":"https:\/\/theplayoffs.news\/fr\/actualite-nfl\/la-belle-histoire-de-patrick-mcsweeney\/","url":"https:\/\/theplayoffs.news\/fr\/actualite-nfl\/la-belle-histoire-de-patrick-mcsweeney\/","name":"La belle histoire de Patrick McSweeney - The Playoffs FR","isPartOf":{"@id":"https:\/\/theplayoffs.news\/fr\/#website"},"primaryImageOfPage":{"@id":"https:\/\/theplayoffs.news\/fr\/actualite-nfl\/la-belle-histoire-de-patrick-mcsweeney\/#primaryimage"},"image":{"@id":"https:\/\/theplayoffs.news\/fr\/actualite-nfl\/la-belle-histoire-de-patrick-mcsweeney\/#primaryimage"},"thumbnailUrl":"https:\/\/theplayoffs.news\/fr\/wp-content\/uploads\/2024\/05\/USATSI_15477355.jpg","datePublished":"2024-05-06T14:01:46+00:00","dateModified":"2024-05-06T14:01:46+00:00","author":{"@id":"https:\/\/theplayoffs.news\/fr\/#\/schema\/person\/6d5286c8c5dec1bbd3e6341f17a41111"},"breadcrumb":{"@id":"https:\/\/theplayoffs.news\/fr\/actualite-nfl\/la-belle-histoire-de-patrick-mcsweeney\/#breadcrumb"},"inLanguage":"fr-FR","potentialAction":[{"@type":"ReadAction","target":["https:\/\/theplayoffs.news\/fr\/actualite-nfl\/la-belle-histoire-de-patrick-mcsweeney\/"]}]},{"@type":"ImageObject","inLanguage":"fr-FR","@id":"https:\/\/theplayoffs.news\/fr\/actualite-nfl\/la-belle-histoire-de-patrick-mcsweeney\/#primaryimage","url":"https:\/\/theplayoffs.news\/fr\/wp-content\/uploads\/2024\/05\/USATSI_15477355.jpg","contentUrl":"https:\/\/theplayoffs.news\/fr\/wp-content\/uploads\/2024\/05\/USATSI_15477355.jpg","width":1920,"height":1280,"caption":"Jan 3, 2021; Foxborough, Massachusetts, USA; The New York Jets logo is seen on a helmet during the first half of their game against the New England Patriots at Gillette Stadium. Mandatory Credit: Winslow Townson-USA TODAY Sports"},{"@type":"BreadcrumbList","@id":"https:\/\/theplayoffs.news\/fr\/actualite-nfl\/la-belle-histoire-de-patrick-mcsweeney\/#breadcrumb","itemListElement":[{"@type":"ListItem","position":1,"name":"Accueil","item":"https:\/\/theplayoffs.news\/fr\/"},{"@type":"ListItem","position":2,"name":"La belle histoire de Patrick McSweeney"}]},{"@type":"WebSite","@id":"https:\/\/theplayoffs.news\/fr\/#website","url":"https:\/\/theplayoffs.news\/fr\/","name":"The Playoffs FR","description":"NBA-NFL-NHL-MLB","potentialAction":[{"@type":"SearchAction","target":{"@type":"EntryPoint","urlTemplate":"https:\/\/theplayoffs.news\/fr\/?s={search_term_string}"},"query-input":{"@type":"PropertyValueSpecification","valueRequired":true,"valueName":"search_term_string"}}],"inLanguage":"fr-FR"},{"@type":"Person","@id":"https:\/\/theplayoffs.news\/fr\/#\/schema\/person\/6d5286c8c5dec1bbd3e6341f17a41111","name":"Romain Balle","image":{"@type":"ImageObject","inLanguage":"fr-FR","@id":"https:\/\/theplayoffs.news\/fr\/#\/schema\/person\/image\/","url":"https:\/\/secure.gravatar.com\/avatar\/05ddb849264c48c5ab2084b8927e8da5ec4ccb05c2bd91acb1c3d4c2785ce057?s=96&d=mm&r=g","contentUrl":"https:\/\/secure.gravatar.com\/avatar\/05ddb849264c48c5ab2084b8927e8da5ec4ccb05c2bd91acb1c3d4c2785ce057?s=96&d=mm&r=g","caption":"Romain Balle"},"url":"https:\/\/theplayoffs.news\/fr\/author\/romainballe02gmail-com\/"}]}},"_links":{"self":[{"href":"https:\/\/theplayoffs.news\/fr\/wp-json\/wp\/v2\/posts\/1430153","targetHints":{"allow":["GET"]}}],"collection":[{"href":"https:\/\/theplayoffs.news\/fr\/wp-json\/wp\/v2\/posts"}],"about":[{"href":"https:\/\/theplayoffs.news\/fr\/wp-json\/wp\/v2\/types\/post"}],"author":[{"embeddable":true,"href":"https:\/\/theplayoffs.news\/fr\/wp-json\/wp\/v2\/users\/180310210"}],"replies":[{"embeddable":true,"href":"https:\/\/theplayoffs.news\/fr\/wp-json\/wp\/v2\/comments?post=1430153"}],"version-history":[{"count":1,"href":"https:\/\/theplayoffs.news\/fr\/wp-json\/wp\/v2\/posts\/1430153\/revisions"}],"predecessor-version":[{"id":1430163,"href":"https:\/\/theplayoffs.news\/fr\/wp-json\/wp\/v2\/posts\/1430153\/revisions\/1430163"}],"wp:featuredmedia":[{"embeddable":true,"href":"https:\/\/theplayoffs.news\/fr\/wp-json\/wp\/v2\/media\/1430154"}],"wp:attachment":[{"href":"https:\/\/theplayoffs.news\/fr\/wp-json\/wp\/v2\/media?parent=1430153"}],"wp:term":[{"taxonomy":"category","embeddable":true,"href":"https:\/\/theplayoffs.news\/fr\/wp-json\/wp\/v2\/categories?post=1430153"},{"taxonomy":"post_tag","embeddable":true,"href":"https:\/\/theplayoffs.news\/fr\/wp-json\/wp\/v2\/tags?post=1430153"},{"taxonomy":"sport","embeddable":true,"href":"https:\/\/theplayoffs.news\/fr\/wp-json\/wp\/v2\/sport?post=1430153"},{"taxonomy":"saison","embeddable":true,"href":"https:\/\/theplayoffs.news\/fr\/wp-json\/wp\/v2\/saison?post=1430153"}],"curies":[{"name":"wp","href":"https:\/\/api.w.org\/{rel}","templated":true}]}}