{"id":1429980,"date":"2024-05-05T14:31:28","date_gmt":"2024-05-05T12:31:28","guid":{"rendered":"https:\/\/theplayoffs.news\/fr\/?p=1429980"},"modified":"2024-05-05T14:20:19","modified_gmt":"2024-05-05T12:20:19","slug":"peter-bendix-president-des-marlins-mecontent-du-debut-de-saison","status":"publish","type":"post","link":"https:\/\/theplayoffs.news\/fr\/actualite-mlb\/peter-bendix-president-des-marlins-mecontent-du-debut-de-saison\/","title":{"rendered":"Peter Bendix, pr\u00e9sident des Marlins, m\u00e9content du d\u00e9but de saison"},"content":{"rendered":"<h2>Les Marlins ont appuy&eacute; tr&egrave;s vite cette saison sur le bouton urgence en faisant partir <a href=\"https:\/\/theplayoffs.news\/fr\/mlb\/luis-arraez-marlins-file-chez-les-padres\/\" class=\"trk-cta-link\" data-cta-trk='{\"ctaType\":\"Link\",\"ctaSubType\":\"main\"}'><strong>Luis Arraez<\/strong><\/a> vers les Padres.<\/h2><p>Un choix qui r&eacute;sulte d&rsquo;un d&eacute;but de saison catastrophique des Marlins qui, sauf miracle absolu, ne devraient pas jouer les playoffs cette saison. Un d&eacute;but de saison que le pr&eacute;sident de la franchise, Peter Bendix trouve regrettable.<\/p><blockquote><p>&laquo; Nous sommes tr&egrave;s d&eacute;&ccedil;us &raquo;, <a href=\"https:\/\/www.miamiherald.com\/sports\/mlb\/miami-marlins\/article288309450.html\" class=\"trk-cta-link\" data-cta-trk='{\"ctaType\":\"Link\",\"ctaSubType\":\"main\"}'>a d&eacute;clar&eacute; Peter Bendix, selon McPherson.<\/a> &laquo; Je sais que les joueurs sont tr&egrave;s d&eacute;&ccedil;us. Tout le monde ici est tr&egrave;s d&eacute;&ccedil;u. Mais c&rsquo;est aussi quelque chose que nous ne pouvons pas changer pour l&rsquo;instant &raquo;.<\/p><\/blockquote><p>L&rsquo;offre propos&eacute;e par les Padres ne pouvait &ecirc;tre refus&eacute;e par les Marlins, Bendix se f&eacute;licitant m&ecirc;me des contre parties acquises lors de cet &eacute;change. EN &eacute;change de leur frappeur, les Marlins ont re&ccedil;u : &nbsp;<strong>Dillon Head<\/strong>, <strong>Jakob Marsee<\/strong>, <strong>Nathan Martorella<\/strong>, et le releveur <strong>Woo-Suk Go.<\/strong><\/p><p>Marsee et Head sont d&rsquo;ailleurs deux excellentes contrepartie, se situant dans le Top 10 des prospects des Padres selon MLB.com.<\/p><p>Malgr&eacute; ce d&eacute;part, Peter Bendix refuse de parler de &laquo;&nbsp;reconstruction&nbsp;&raquo; gardant le cap vers une &eacute;quipe comp&eacute;titive gagnant 90 matchs chaque ann&eacute;e. Mais l&rsquo;inexp&eacute;rience des nouveaux venus au plus haut niveau pose naturellement la question d&rsquo;un &eacute;ventuel calendrier pour revenir au plus haut niveau.<\/p><p>Pour le moment, les Marlins sont sans doute dans l&rsquo;optique de mieux figurer cette saison.<\/p><p>&nbsp;<\/p><p>Credit Photo : Sam Navarro-USA TODAY Sports<\/p>\n","protected":false},"excerpt":{"rendered":"","protected":false},"author":13,"featured_media":1429986,"comment_status":"open","ping_status":"closed","sticky":false,"template":"","format":"standard","meta":{"inline_featured_image":false,"kia_subtitle":"","_mux_skip_reasons":[],"proofreadBy":0,"footnotes":""},"categories":[188,9],"tags":[443,7220],"sport":[],"saison":[],"class_list":["post-1429980","post","type-post","status-publish","format-standard","has-post-thumbnail","hentry","category-actualite-mlb","category-mlb","tag-miami-marlins","tag-peter-bendix"],"acf":[],"yoast_head":"<!-- This site is optimized with the Yoast SEO plugin v24.2 - https:\/\/yoast.com\/wordpress\/plugins\/seo\/ -->\n<title>Peter Bendix, pr&eacute;sident des Marlins, m&eacute;content du d&eacute;but de saison - The Playoffs FR<\/title>\n<meta name=\"robots\" content=\"index, follow, max-snippet:-1, max-image-preview:large, max-video-preview:-1\" \/>\n<link rel=\"canonical\" href=\"https:\/\/theplayoffs.news\/fr\/actualite-mlb\/peter-bendix-president-des-marlins-mecontent-du-debut-de-saison\/\" \/>\n<meta property=\"og:locale\" content=\"fr_FR\" \/>\n<meta property=\"og:type\" content=\"article\" \/>\n<meta property=\"og:title\" content=\"Peter Bendix, pr&eacute;sident des Marlins, m&eacute;content du d&eacute;but de saison - The Playoffs FR\" \/>\n<meta property=\"og:url\" content=\"https:\/\/theplayoffs.news\/fr\/actualite-mlb\/peter-bendix-president-des-marlins-mecontent-du-debut-de-saison\/\" \/>\n<meta property=\"og:site_name\" content=\"The Playoffs FR\" \/>\n<meta property=\"article:publisher\" content=\"https:\/\/www.facebook.com\/TheFreeAgentFR\/\" \/>\n<meta property=\"article:modified_time\" content=\"2024-05-05T14:31:28+02:00\" \/>\n<meta property=\"og:image\" content=\"https:\/\/theplayoffs.news\/fr\/wp-content\/uploads\/2024\/05\/USATSI_22545211.jpg\" \/>\n\t<meta property=\"og:image:width\" content=\"1920\" \/>\n\t<meta property=\"og:image:height\" content=\"1280\" \/>\n\t<meta property=\"og:image:type\" content=\"image\/jpeg\" \/>\n<meta name=\"author\" content=\"Charles Taudin\" \/>\n<meta name=\"twitter:card\" content=\"summary_large_image\" \/>\n<meta name=\"twitter:creator\" content=\"@TheFreeAgentFR\" \/>\n<meta name=\"twitter:site\" content=\"@TheFreeAgentFR\" \/>\n<meta name=\"twitter:label1\" content=\"\u00c9crit par\" \/>\n\t<meta name=\"twitter:data1\" content=\"Charles Taudin\" \/>\n\t<meta name=\"twitter:label2\" content=\"Dur\u00e9e de lecture estim\u00e9e\" \/>\n\t<meta name=\"twitter:data2\" content=\"1 minute\" \/>\n<script type=\"application\/ld+json\" class=\"yoast-schema-graph\">{\"@context\":\"https:\/\/schema.org\",\"@graph\":[{\"@type\":\"WebPage\",\"@id\":\"https:\/\/theplayoffs.news\/fr\/actualite-mlb\/peter-bendix-president-des-marlins-mecontent-du-debut-de-saison\/\",\"url\":\"https:\/\/theplayoffs.news\/fr\/actualite-mlb\/peter-bendix-president-des-marlins-mecontent-du-debut-de-saison\/\",\"name\":\"Peter Bendix, pr\u00e9sident des Marlins, m\u00e9content du d\u00e9but de saison - The Playoffs FR\",\"isPartOf\":{\"@id\":\"https:\/\/theplayoffs.news\/fr\/#website\"},\"primaryImageOfPage\":{\"@id\":\"https:\/\/theplayoffs.news\/fr\/actualite-mlb\/peter-bendix-president-des-marlins-mecontent-du-debut-de-saison\/#primaryimage\"},\"image\":{\"@id\":\"https:\/\/theplayoffs.news\/fr\/actualite-mlb\/peter-bendix-president-des-marlins-mecontent-du-debut-de-saison\/#primaryimage\"},\"thumbnailUrl\":\"https:\/\/theplayoffs.news\/fr\/wp-content\/uploads\/2024\/05\/USATSI_22545211.jpg\",\"datePublished\":\"2024-05-05T12:31:28+00:00\",\"dateModified\":\"2024-05-05T14:31:28+02:00\",\"author\":{\"@id\":\"https:\/\/theplayoffs.news\/fr\/#\/schema\/person\/eee5b69ad5d3c51cabe881c839dbe133\"},\"breadcrumb\":{\"@id\":\"https:\/\/theplayoffs.news\/fr\/actualite-mlb\/peter-bendix-president-des-marlins-mecontent-du-debut-de-saison\/#breadcrumb\"},\"inLanguage\":\"fr-FR\",\"potentialAction\":[{\"@type\":\"ReadAction\",\"target\":[\"https:\/\/theplayoffs.news\/fr\/actualite-mlb\/peter-bendix-president-des-marlins-mecontent-du-debut-de-saison\/\"]}]},{\"@type\":\"ImageObject\",\"inLanguage\":\"fr-FR\",\"@id\":\"https:\/\/theplayoffs.news\/fr\/actualite-mlb\/peter-bendix-president-des-marlins-mecontent-du-debut-de-saison\/#primaryimage\",\"url\":\"https:\/\/theplayoffs.news\/fr\/wp-content\/uploads\/2024\/05\/USATSI_22545211.jpg\",\"contentUrl\":\"https:\/\/theplayoffs.news\/fr\/wp-content\/uploads\/2024\/05\/USATSI_22545211.jpg\",\"width\":1920,\"height\":1280,\"caption\":\"Feb 17, 2024; Jupiter, FL, USA; Miami Marlins president of baseball operations Peter Bendix watches during a spring training workout at the Marlins Player Development &amp; Scouting Complex. Mandatory Credit: Sam Navarro-USA TODAY Sports\"},{\"@type\":\"BreadcrumbList\",\"@id\":\"https:\/\/theplayoffs.news\/fr\/actualite-mlb\/peter-bendix-president-des-marlins-mecontent-du-debut-de-saison\/#breadcrumb\",\"itemListElement\":[{\"@type\":\"ListItem\",\"position\":1,\"name\":\"Accueil\",\"item\":\"https:\/\/theplayoffs.news\/fr\/\"},{\"@type\":\"ListItem\",\"position\":2,\"name\":\"Peter Bendix, pr\u00e9sident des Marlins, m\u00e9content du d\u00e9but de saison\"}]},{\"@type\":\"WebSite\",\"@id\":\"https:\/\/theplayoffs.news\/fr\/#website\",\"url\":\"https:\/\/theplayoffs.news\/fr\/\",\"name\":\"The Playoffs FR\",\"description\":\"NBA-NFL-NHL-MLB\",\"potentialAction\":[{\"@type\":\"SearchAction\",\"target\":{\"@type\":\"EntryPoint\",\"urlTemplate\":\"https:\/\/theplayoffs.news\/fr\/?s={search_term_string}\"},\"query-input\":{\"@type\":\"PropertyValueSpecification\",\"valueRequired\":true,\"valueName\":\"search_term_string\"}}],\"inLanguage\":\"fr-FR\"},{\"@type\":\"Person\",\"@id\":\"https:\/\/theplayoffs.news\/fr\/#\/schema\/person\/eee5b69ad5d3c51cabe881c839dbe133\",\"name\":\"Charles Taudin\",\"image\":{\"@type\":\"ImageObject\",\"inLanguage\":\"fr-FR\",\"@id\":\"https:\/\/theplayoffs.news\/fr\/#\/schema\/person\/image\/\",\"url\":\"https:\/\/secure.gravatar.com\/avatar\/59a1e772205ce9fd255edfcafc93013736822e20261f294c5753b20c41ede9f2?s=96&d=mm&r=g\",\"contentUrl\":\"https:\/\/secure.gravatar.com\/avatar\/59a1e772205ce9fd255edfcafc93013736822e20261f294c5753b20c41ede9f2?s=96&d=mm&r=g\",\"caption\":\"Charles Taudin\"},\"description\":\"R\u00e9dacteur en chef global de The Playoffs, j\u2019ai cr\u00e9\u00e9 The Free Agent, devenu The Playoffs FR, en 2020 durant la pand\u00e9mie. Amoureux depuis des ann\u00e9es des 4 sports majeurs am\u00e9ricains, j\u2019organise maintenant la strat\u00e9gie \u00e9ditoriale et les r\u00e9seaux sociaux de l\u2019ensemble des versions de The Playoffs. Il m\u2019arrive encore d\u2019\u00e9crire sur certains sports que j\u2019affectionne particuli\u00e8rement comme la NFL ou la MLB. Si vous devez retenir qu\u2019une chose : Eli Manning est le vrai GOAT pour avoir battu deux fois Tom Brady.\",\"sameAs\":[\"https:\/\/www.instagram.com\/ctaudin_\/\"],\"url\":\"https:\/\/theplayoffs.news\/fr\/author\/charles-taudin\/\"}]}<\/script>\n<!-- \/ Yoast SEO plugin. -->","yoast_head_json":{"title":"Peter Bendix, pr&eacute;sident des Marlins, m&eacute;content du d&eacute;but de saison - The Playoffs FR","robots":{"index":"index","follow":"follow","max-snippet":"max-snippet:-1","max-image-preview":"max-image-preview:large","max-video-preview":"max-video-preview:-1"},"canonical":"https:\/\/theplayoffs.news\/fr\/actualite-mlb\/peter-bendix-president-des-marlins-mecontent-du-debut-de-saison\/","og_locale":"fr_FR","og_type":"article","og_title":"Peter Bendix, pr&eacute;sident des Marlins, m&eacute;content du d&eacute;but de saison - The Playoffs FR","og_url":"https:\/\/theplayoffs.news\/fr\/actualite-mlb\/peter-bendix-president-des-marlins-mecontent-du-debut-de-saison\/","og_site_name":"The Playoffs FR","article_publisher":"https:\/\/www.facebook.com\/TheFreeAgentFR\/","article_modified_time":"2024-05-05T12:20:19+00:00","og_image":[{"width":1920,"height":1280,"url":"https:\/\/theplayoffs.news\/fr\/wp-content\/uploads\/2024\/05\/USATSI_22545211.jpg","type":"image\/jpeg"}],"author":"Charles Taudin","twitter_card":"summary_large_image","twitter_creator":"@TheFreeAgentFR","twitter_site":"@TheFreeAgentFR","twitter_misc":{"\u00c9crit par":"Charles Taudin","Dur\u00e9e de lecture estim\u00e9e":"1 minute"},"schema":{"@context":"https:\/\/schema.org","@graph":[{"@type":"WebPage","@id":"https:\/\/theplayoffs.news\/fr\/actualite-mlb\/peter-bendix-president-des-marlins-mecontent-du-debut-de-saison\/","url":"https:\/\/theplayoffs.news\/fr\/actualite-mlb\/peter-bendix-president-des-marlins-mecontent-du-debut-de-saison\/","name":"Peter Bendix, pr\u00e9sident des Marlins, m\u00e9content du d\u00e9but de saison - The Playoffs FR","isPartOf":{"@id":"https:\/\/theplayoffs.news\/fr\/#website"},"primaryImageOfPage":{"@id":"https:\/\/theplayoffs.news\/fr\/actualite-mlb\/peter-bendix-president-des-marlins-mecontent-du-debut-de-saison\/#primaryimage"},"image":{"@id":"https:\/\/theplayoffs.news\/fr\/actualite-mlb\/peter-bendix-president-des-marlins-mecontent-du-debut-de-saison\/#primaryimage"},"thumbnailUrl":"https:\/\/theplayoffs.news\/fr\/wp-content\/uploads\/2024\/05\/USATSI_22545211.jpg","datePublished":"2024-05-05T12:31:28+00:00","dateModified":"2024-05-05T14:31:28+02:00","author":{"@id":"https:\/\/theplayoffs.news\/fr\/#\/schema\/person\/eee5b69ad5d3c51cabe881c839dbe133"},"breadcrumb":{"@id":"https:\/\/theplayoffs.news\/fr\/actualite-mlb\/peter-bendix-president-des-marlins-mecontent-du-debut-de-saison\/#breadcrumb"},"inLanguage":"fr-FR","potentialAction":[{"@type":"ReadAction","target":["https:\/\/theplayoffs.news\/fr\/actualite-mlb\/peter-bendix-president-des-marlins-mecontent-du-debut-de-saison\/"]}]},{"@type":"ImageObject","inLanguage":"fr-FR","@id":"https:\/\/theplayoffs.news\/fr\/actualite-mlb\/peter-bendix-president-des-marlins-mecontent-du-debut-de-saison\/#primaryimage","url":"https:\/\/theplayoffs.news\/fr\/wp-content\/uploads\/2024\/05\/USATSI_22545211.jpg","contentUrl":"https:\/\/theplayoffs.news\/fr\/wp-content\/uploads\/2024\/05\/USATSI_22545211.jpg","width":1920,"height":1280,"caption":"Feb 17, 2024; Jupiter, FL, USA; Miami Marlins president of baseball operations Peter Bendix watches during a spring training workout at the Marlins Player Development &amp; Scouting Complex. Mandatory Credit: Sam Navarro-USA TODAY Sports"},{"@type":"BreadcrumbList","@id":"https:\/\/theplayoffs.news\/fr\/actualite-mlb\/peter-bendix-president-des-marlins-mecontent-du-debut-de-saison\/#breadcrumb","itemListElement":[{"@type":"ListItem","position":1,"name":"Accueil","item":"https:\/\/theplayoffs.news\/fr\/"},{"@type":"ListItem","position":2,"name":"Peter Bendix, pr\u00e9sident des Marlins, m\u00e9content du d\u00e9but de saison"}]},{"@type":"WebSite","@id":"https:\/\/theplayoffs.news\/fr\/#website","url":"https:\/\/theplayoffs.news\/fr\/","name":"The Playoffs FR","description":"NBA-NFL-NHL-MLB","potentialAction":[{"@type":"SearchAction","target":{"@type":"EntryPoint","urlTemplate":"https:\/\/theplayoffs.news\/fr\/?s={search_term_string}"},"query-input":{"@type":"PropertyValueSpecification","valueRequired":true,"valueName":"search_term_string"}}],"inLanguage":"fr-FR"},{"@type":"Person","@id":"https:\/\/theplayoffs.news\/fr\/#\/schema\/person\/eee5b69ad5d3c51cabe881c839dbe133","name":"Charles Taudin","image":{"@type":"ImageObject","inLanguage":"fr-FR","@id":"https:\/\/theplayoffs.news\/fr\/#\/schema\/person\/image\/","url":"https:\/\/secure.gravatar.com\/avatar\/59a1e772205ce9fd255edfcafc93013736822e20261f294c5753b20c41ede9f2?s=96&d=mm&r=g","contentUrl":"https:\/\/secure.gravatar.com\/avatar\/59a1e772205ce9fd255edfcafc93013736822e20261f294c5753b20c41ede9f2?s=96&d=mm&r=g","caption":"Charles Taudin"},"description":"R\u00e9dacteur en chef global de The Playoffs, j\u2019ai cr\u00e9\u00e9 The Free Agent, devenu The Playoffs FR, en 2020 durant la pand\u00e9mie. Amoureux depuis des ann\u00e9es des 4 sports majeurs am\u00e9ricains, j\u2019organise maintenant la strat\u00e9gie \u00e9ditoriale et les r\u00e9seaux sociaux de l\u2019ensemble des versions de The Playoffs. Il m\u2019arrive encore d\u2019\u00e9crire sur certains sports que j\u2019affectionne particuli\u00e8rement comme la NFL ou la MLB. Si vous devez retenir qu\u2019une chose : Eli Manning est le vrai GOAT pour avoir battu deux fois Tom Brady.","sameAs":["https:\/\/www.instagram.com\/ctaudin_\/"],"url":"https:\/\/theplayoffs.news\/fr\/author\/charles-taudin\/"}]}},"_links":{"self":[{"href":"https:\/\/theplayoffs.news\/fr\/wp-json\/wp\/v2\/posts\/1429980","targetHints":{"allow":["GET"]}}],"collection":[{"href":"https:\/\/theplayoffs.news\/fr\/wp-json\/wp\/v2\/posts"}],"about":[{"href":"https:\/\/theplayoffs.news\/fr\/wp-json\/wp\/v2\/types\/post"}],"author":[{"embeddable":true,"href":"https:\/\/theplayoffs.news\/fr\/wp-json\/wp\/v2\/users\/13"}],"replies":[{"embeddable":true,"href":"https:\/\/theplayoffs.news\/fr\/wp-json\/wp\/v2\/comments?post=1429980"}],"version-history":[{"count":3,"href":"https:\/\/theplayoffs.news\/fr\/wp-json\/wp\/v2\/posts\/1429980\/revisions"}],"predecessor-version":[{"id":1429995,"href":"https:\/\/theplayoffs.news\/fr\/wp-json\/wp\/v2\/posts\/1429980\/revisions\/1429995"}],"wp:featuredmedia":[{"embeddable":true,"href":"https:\/\/theplayoffs.news\/fr\/wp-json\/wp\/v2\/media\/1429986"}],"wp:attachment":[{"href":"https:\/\/theplayoffs.news\/fr\/wp-json\/wp\/v2\/media?parent=1429980"}],"wp:term":[{"taxonomy":"category","embeddable":true,"href":"https:\/\/theplayoffs.news\/fr\/wp-json\/wp\/v2\/categories?post=1429980"},{"taxonomy":"post_tag","embeddable":true,"href":"https:\/\/theplayoffs.news\/fr\/wp-json\/wp\/v2\/tags?post=1429980"},{"taxonomy":"sport","embeddable":true,"href":"https:\/\/theplayoffs.news\/fr\/wp-json\/wp\/v2\/sport?post=1429980"},{"taxonomy":"saison","embeddable":true,"href":"https:\/\/theplayoffs.news\/fr\/wp-json\/wp\/v2\/saison?post=1429980"}],"curies":[{"name":"wp","href":"https:\/\/api.w.org\/{rel}","templated":true}]}}