{"id":1429424,"date":"2024-05-02T16:37:44","date_gmt":"2024-05-02T14:37:44","guid":{"rendered":"https:\/\/theplayoffs.news\/fr\/?p=1429424"},"modified":"2024-05-02T16:37:44","modified_gmt":"2024-05-02T14:37:44","slug":"porzingis-un-retour-pour-les-finales","status":"publish","type":"post","link":"https:\/\/theplayoffs.news\/fr\/actualite-nba\/porzingis-un-retour-pour-les-finales\/","title":{"rendered":"Kristaps Porzingis envisage un retour pour les finales de conf\u00e9rence"},"content":{"rendered":"<h2>Lors de la victoire d&eacute;cisive des Boston Celtics contre le Miami Heat lors du cinqui&egrave;me match, de bonnes nouvelles ont &eacute;merg&eacute; concernant Kristaps Porzingis.<\/h2><blockquote class=\"twitter-tweet\" data-width=\"500\" data-dnt=\"true\">\n<p lang=\"en\" dir=\"ltr\">Kristaps Porzingis actually rolled his ankle and was already limping a couple possessions before his non-contact injury. Here's the sequence: <a href=\"https:\/\/t.co\/hP6SBlzKok\" class=\"trk-cta-link\" data-cta-trk='{\"ctaType\":\"Link\",\"ctaSubType\":\"main\"}'>pic.twitter.com\/hP6SBlzKok<\/a><\/p>\n<p>&mdash; Tomek Kordylewski (@Timi_093) <a href=\"https:\/\/twitter.com\/Timi_093\/status\/1785106795486191922?ref_src=twsrc%5Etfw\" class=\"trk-cta-link\" data-cta-trk='{\"ctaType\":\"Link\",\"ctaSubType\":\"main\"}'>April 30, 2024<\/a><\/p><\/blockquote><p><script async src=\"https:\/\/platform.twitter.com\/widgets.js\" charset=\"utf-8\"><\/script><\/p><p>Chris Haynes, reporter en bord de terrain pour TNT, a indiqu&eacute; que Porzingis esp&eacute;rait revenir au jeu dans quelques semaines.<\/p><blockquote><p>&laquo;&nbsp;Il devrait &eacute;galement manquer la prochaine s&eacute;rie, mais il y a espoir de le voir revenir si les Celtics parviennent aux finales de la Conf&eacute;rence Est,&nbsp;&raquo; a d&eacute;clar&eacute; Haynes concernant l&rsquo;absence de Porzingis.<\/p><\/blockquote><p><a href=\"https:\/\/theplayoffs.news\/fr\/equipe\/boston-celtics-nba\/\" class=\"trk-cta-link\" data-cta-trk='{\"ctaType\":\"Link\",\"ctaSubType\":\"main\"}'>Boston<\/a> a d&ucirc; se passer de <a href=\"https:\/\/theplayoffs.news\/fr\/joueur\/kristaps-porzingis-nba-6205062\/\" class=\"trk-cta-link\" data-cta-trk='{\"ctaType\":\"Link\",\"ctaSubType\":\"main\"}'>Porzingis<\/a> pour le match 5 contre Miami &agrave; cause d&rsquo;une &eacute;longation du sol&eacute;us droit (mollet). Porzingis s&rsquo;est bless&eacute; lors du quatri&egrave;me match et a d&ucirc; quitter le terrain. Les examens compl&eacute;mentaires ont &eacute;cart&eacute; une blessure plus grave, comme une atteinte au tendon d&rsquo;Achille.<\/p><p>Les Celtics attendent maintenant de conna&icirc;tre leur adversaire entre les Cleveland Cavaliers et l&rsquo;Orlando Magic. Cleveland peut cl&ocirc;turer la s&eacute;rie avec une victoire lors du sixi&egrave;me match &agrave; Orlando vendredi. Si les Cavs remportent la s&eacute;rie en six matchs, les demi-finales de la conf&eacute;rence Est d&eacute;buteront &agrave; Boston le dimanche 5 mai. Si l&rsquo;Orlando parvient &agrave; imposer un septi&egrave;me match, les demi-finales d&eacute;buteront &agrave; Boston le mardi 7 mai.<\/p><p>&copy; Jim Rassol-USA TODAY Sports<\/p>\n","protected":false},"excerpt":{"rendered":"","protected":false},"author":180310234,"featured_media":1429426,"comment_status":"open","ping_status":"closed","sticky":false,"template":"","format":"standard","meta":{"inline_featured_image":false,"kia_subtitle":"","_mux_skip_reasons":[],"proofreadBy":0,"footnotes":""},"categories":[110],"tags":[47,1240],"sport":[2783],"saison":[3453],"class_list":["post-1429424","post","type-post","status-publish","format-standard","has-post-thumbnail","hentry","category-actualite-nba","tag-boston","tag-porzingis","sport-nba","saison-3453"],"acf":[],"yoast_head":"<!-- This site is optimized with the Yoast SEO plugin v24.2 - https:\/\/yoast.com\/wordpress\/plugins\/seo\/ -->\n<title>Kristaps Porzingis envisage un retour pour les finales de conf&eacute;rence - The Playoffs FR<\/title>\n<meta name=\"robots\" content=\"index, follow, max-snippet:-1, max-image-preview:large, max-video-preview:-1\" \/>\n<link rel=\"canonical\" href=\"https:\/\/theplayoffs.news\/fr\/actualite-nba\/porzingis-un-retour-pour-les-finales\/\" \/>\n<meta property=\"og:locale\" content=\"fr_FR\" \/>\n<meta property=\"og:type\" content=\"article\" \/>\n<meta property=\"og:title\" content=\"Kristaps Porzingis envisage un retour pour les finales de conf&eacute;rence - The Playoffs FR\" \/>\n<meta property=\"og:url\" content=\"https:\/\/theplayoffs.news\/fr\/actualite-nba\/porzingis-un-retour-pour-les-finales\/\" \/>\n<meta property=\"og:site_name\" content=\"The Playoffs FR\" \/>\n<meta property=\"article:publisher\" content=\"https:\/\/www.facebook.com\/TheFreeAgentFR\/\" \/>\n<meta property=\"article:modified_time\" content=\"2024-05-02T16:37:44+02:00\" \/>\n<meta property=\"og:image\" content=\"https:\/\/theplayoffs.news\/fr\/wp-content\/uploads\/2024\/05\/USATSI_23131602.jpg\" \/>\n\t<meta property=\"og:image:width\" content=\"1920\" \/>\n\t<meta property=\"og:image:height\" content=\"1280\" \/>\n\t<meta property=\"og:image:type\" content=\"image\/jpeg\" \/>\n<meta name=\"author\" content=\"Alexandre Gomes\" \/>\n<meta name=\"twitter:card\" content=\"summary_large_image\" \/>\n<meta name=\"twitter:creator\" content=\"@TheFreeAgentFR\" \/>\n<meta name=\"twitter:site\" content=\"@TheFreeAgentFR\" \/>\n<meta name=\"twitter:label1\" content=\"\u00c9crit par\" \/>\n\t<meta name=\"twitter:data1\" content=\"Alexandre Gomes\" \/>\n\t<meta name=\"twitter:label2\" content=\"Dur\u00e9e de lecture estim\u00e9e\" \/>\n\t<meta name=\"twitter:data2\" content=\"1 minute\" \/>\n<script type=\"application\/ld+json\" class=\"yoast-schema-graph\">{\"@context\":\"https:\/\/schema.org\",\"@graph\":[{\"@type\":\"WebPage\",\"@id\":\"https:\/\/theplayoffs.news\/fr\/actualite-nba\/porzingis-un-retour-pour-les-finales\/\",\"url\":\"https:\/\/theplayoffs.news\/fr\/actualite-nba\/porzingis-un-retour-pour-les-finales\/\",\"name\":\"Kristaps Porzingis envisage un retour pour les finales de conf\u00e9rence - The Playoffs FR\",\"isPartOf\":{\"@id\":\"https:\/\/theplayoffs.news\/fr\/#website\"},\"primaryImageOfPage\":{\"@id\":\"https:\/\/theplayoffs.news\/fr\/actualite-nba\/porzingis-un-retour-pour-les-finales\/#primaryimage\"},\"image\":{\"@id\":\"https:\/\/theplayoffs.news\/fr\/actualite-nba\/porzingis-un-retour-pour-les-finales\/#primaryimage\"},\"thumbnailUrl\":\"https:\/\/theplayoffs.news\/fr\/wp-content\/uploads\/2024\/05\/USATSI_23131602.jpg\",\"datePublished\":\"2024-05-02T14:37:44+00:00\",\"dateModified\":\"2024-05-02T14:37:44+00:00\",\"author\":{\"@id\":\"https:\/\/theplayoffs.news\/fr\/#\/schema\/person\/8271870c7368fee2ff5b2ba615997fff\"},\"breadcrumb\":{\"@id\":\"https:\/\/theplayoffs.news\/fr\/actualite-nba\/porzingis-un-retour-pour-les-finales\/#breadcrumb\"},\"inLanguage\":\"fr-FR\",\"potentialAction\":[{\"@type\":\"ReadAction\",\"target\":[\"https:\/\/theplayoffs.news\/fr\/actualite-nba\/porzingis-un-retour-pour-les-finales\/\"]}]},{\"@type\":\"ImageObject\",\"inLanguage\":\"fr-FR\",\"@id\":\"https:\/\/theplayoffs.news\/fr\/actualite-nba\/porzingis-un-retour-pour-les-finales\/#primaryimage\",\"url\":\"https:\/\/theplayoffs.news\/fr\/wp-content\/uploads\/2024\/05\/USATSI_23131602.jpg\",\"contentUrl\":\"https:\/\/theplayoffs.news\/fr\/wp-content\/uploads\/2024\/05\/USATSI_23131602.jpg\",\"width\":1920,\"height\":1280,\"caption\":\"Apr 27, 2024; Miami, Florida, USA; Boston Celtics center Kristaps Porzingis (8) warms-up before game three of the first round for the 2024 NBA playoffs against the Miami Heat at Kaseya Center. Mandatory Credit: Jim Rassol-USA TODAY Sports\"},{\"@type\":\"BreadcrumbList\",\"@id\":\"https:\/\/theplayoffs.news\/fr\/actualite-nba\/porzingis-un-retour-pour-les-finales\/#breadcrumb\",\"itemListElement\":[{\"@type\":\"ListItem\",\"position\":1,\"name\":\"Accueil\",\"item\":\"https:\/\/theplayoffs.news\/fr\/\"},{\"@type\":\"ListItem\",\"position\":2,\"name\":\"Kristaps Porzingis envisage un retour pour les finales de conf\u00e9rence\"}]},{\"@type\":\"WebSite\",\"@id\":\"https:\/\/theplayoffs.news\/fr\/#website\",\"url\":\"https:\/\/theplayoffs.news\/fr\/\",\"name\":\"The Playoffs FR\",\"description\":\"NBA-NFL-NHL-MLB\",\"potentialAction\":[{\"@type\":\"SearchAction\",\"target\":{\"@type\":\"EntryPoint\",\"urlTemplate\":\"https:\/\/theplayoffs.news\/fr\/?s={search_term_string}\"},\"query-input\":{\"@type\":\"PropertyValueSpecification\",\"valueRequired\":true,\"valueName\":\"search_term_string\"}}],\"inLanguage\":\"fr-FR\"},{\"@type\":\"Person\",\"@id\":\"https:\/\/theplayoffs.news\/fr\/#\/schema\/person\/8271870c7368fee2ff5b2ba615997fff\",\"name\":\"Alexandre Gomes\",\"image\":{\"@type\":\"ImageObject\",\"inLanguage\":\"fr-FR\",\"@id\":\"https:\/\/theplayoffs.news\/fr\/#\/schema\/person\/image\/\",\"url\":\"https:\/\/secure.gravatar.com\/avatar\/85734dd9d8139e75eb3558e9d1f8c28873597c2d782b41c9f078bed549b247e9?s=96&d=mm&r=g\",\"contentUrl\":\"https:\/\/secure.gravatar.com\/avatar\/85734dd9d8139e75eb3558e9d1f8c28873597c2d782b41c9f078bed549b247e9?s=96&d=mm&r=g\",\"caption\":\"Alexandre Gomes\"},\"url\":\"https:\/\/theplayoffs.news\/fr\/author\/agomespro93gmail-com\/\"}]}<\/script>\n<!-- \/ Yoast SEO plugin. -->","yoast_head_json":{"title":"Kristaps Porzingis envisage un retour pour les finales de conf&eacute;rence - The Playoffs FR","robots":{"index":"index","follow":"follow","max-snippet":"max-snippet:-1","max-image-preview":"max-image-preview:large","max-video-preview":"max-video-preview:-1"},"canonical":"https:\/\/theplayoffs.news\/fr\/actualite-nba\/porzingis-un-retour-pour-les-finales\/","og_locale":"fr_FR","og_type":"article","og_title":"Kristaps Porzingis envisage un retour pour les finales de conf&eacute;rence - The Playoffs FR","og_url":"https:\/\/theplayoffs.news\/fr\/actualite-nba\/porzingis-un-retour-pour-les-finales\/","og_site_name":"The Playoffs FR","article_publisher":"https:\/\/www.facebook.com\/TheFreeAgentFR\/","og_image":[{"width":1920,"height":1280,"url":"https:\/\/theplayoffs.news\/fr\/wp-content\/uploads\/2024\/05\/USATSI_23131602.jpg","type":"image\/jpeg"}],"author":"Alexandre Gomes","twitter_card":"summary_large_image","twitter_creator":"@TheFreeAgentFR","twitter_site":"@TheFreeAgentFR","twitter_misc":{"\u00c9crit par":"Alexandre Gomes","Dur\u00e9e de lecture estim\u00e9e":"1 minute"},"schema":{"@context":"https:\/\/schema.org","@graph":[{"@type":"WebPage","@id":"https:\/\/theplayoffs.news\/fr\/actualite-nba\/porzingis-un-retour-pour-les-finales\/","url":"https:\/\/theplayoffs.news\/fr\/actualite-nba\/porzingis-un-retour-pour-les-finales\/","name":"Kristaps Porzingis envisage un retour pour les finales de conf\u00e9rence - The Playoffs FR","isPartOf":{"@id":"https:\/\/theplayoffs.news\/fr\/#website"},"primaryImageOfPage":{"@id":"https:\/\/theplayoffs.news\/fr\/actualite-nba\/porzingis-un-retour-pour-les-finales\/#primaryimage"},"image":{"@id":"https:\/\/theplayoffs.news\/fr\/actualite-nba\/porzingis-un-retour-pour-les-finales\/#primaryimage"},"thumbnailUrl":"https:\/\/theplayoffs.news\/fr\/wp-content\/uploads\/2024\/05\/USATSI_23131602.jpg","datePublished":"2024-05-02T14:37:44+00:00","dateModified":"2024-05-02T14:37:44+00:00","author":{"@id":"https:\/\/theplayoffs.news\/fr\/#\/schema\/person\/8271870c7368fee2ff5b2ba615997fff"},"breadcrumb":{"@id":"https:\/\/theplayoffs.news\/fr\/actualite-nba\/porzingis-un-retour-pour-les-finales\/#breadcrumb"},"inLanguage":"fr-FR","potentialAction":[{"@type":"ReadAction","target":["https:\/\/theplayoffs.news\/fr\/actualite-nba\/porzingis-un-retour-pour-les-finales\/"]}]},{"@type":"ImageObject","inLanguage":"fr-FR","@id":"https:\/\/theplayoffs.news\/fr\/actualite-nba\/porzingis-un-retour-pour-les-finales\/#primaryimage","url":"https:\/\/theplayoffs.news\/fr\/wp-content\/uploads\/2024\/05\/USATSI_23131602.jpg","contentUrl":"https:\/\/theplayoffs.news\/fr\/wp-content\/uploads\/2024\/05\/USATSI_23131602.jpg","width":1920,"height":1280,"caption":"Apr 27, 2024; Miami, Florida, USA; Boston Celtics center Kristaps Porzingis (8) warms-up before game three of the first round for the 2024 NBA playoffs against the Miami Heat at Kaseya Center. Mandatory Credit: Jim Rassol-USA TODAY Sports"},{"@type":"BreadcrumbList","@id":"https:\/\/theplayoffs.news\/fr\/actualite-nba\/porzingis-un-retour-pour-les-finales\/#breadcrumb","itemListElement":[{"@type":"ListItem","position":1,"name":"Accueil","item":"https:\/\/theplayoffs.news\/fr\/"},{"@type":"ListItem","position":2,"name":"Kristaps Porzingis envisage un retour pour les finales de conf\u00e9rence"}]},{"@type":"WebSite","@id":"https:\/\/theplayoffs.news\/fr\/#website","url":"https:\/\/theplayoffs.news\/fr\/","name":"The Playoffs FR","description":"NBA-NFL-NHL-MLB","potentialAction":[{"@type":"SearchAction","target":{"@type":"EntryPoint","urlTemplate":"https:\/\/theplayoffs.news\/fr\/?s={search_term_string}"},"query-input":{"@type":"PropertyValueSpecification","valueRequired":true,"valueName":"search_term_string"}}],"inLanguage":"fr-FR"},{"@type":"Person","@id":"https:\/\/theplayoffs.news\/fr\/#\/schema\/person\/8271870c7368fee2ff5b2ba615997fff","name":"Alexandre Gomes","image":{"@type":"ImageObject","inLanguage":"fr-FR","@id":"https:\/\/theplayoffs.news\/fr\/#\/schema\/person\/image\/","url":"https:\/\/secure.gravatar.com\/avatar\/85734dd9d8139e75eb3558e9d1f8c28873597c2d782b41c9f078bed549b247e9?s=96&d=mm&r=g","contentUrl":"https:\/\/secure.gravatar.com\/avatar\/85734dd9d8139e75eb3558e9d1f8c28873597c2d782b41c9f078bed549b247e9?s=96&d=mm&r=g","caption":"Alexandre Gomes"},"url":"https:\/\/theplayoffs.news\/fr\/author\/agomespro93gmail-com\/"}]}},"_links":{"self":[{"href":"https:\/\/theplayoffs.news\/fr\/wp-json\/wp\/v2\/posts\/1429424","targetHints":{"allow":["GET"]}}],"collection":[{"href":"https:\/\/theplayoffs.news\/fr\/wp-json\/wp\/v2\/posts"}],"about":[{"href":"https:\/\/theplayoffs.news\/fr\/wp-json\/wp\/v2\/types\/post"}],"author":[{"embeddable":true,"href":"https:\/\/theplayoffs.news\/fr\/wp-json\/wp\/v2\/users\/180310234"}],"replies":[{"embeddable":true,"href":"https:\/\/theplayoffs.news\/fr\/wp-json\/wp\/v2\/comments?post=1429424"}],"version-history":[{"count":3,"href":"https:\/\/theplayoffs.news\/fr\/wp-json\/wp\/v2\/posts\/1429424\/revisions"}],"predecessor-version":[{"id":1429430,"href":"https:\/\/theplayoffs.news\/fr\/wp-json\/wp\/v2\/posts\/1429424\/revisions\/1429430"}],"wp:featuredmedia":[{"embeddable":true,"href":"https:\/\/theplayoffs.news\/fr\/wp-json\/wp\/v2\/media\/1429426"}],"wp:attachment":[{"href":"https:\/\/theplayoffs.news\/fr\/wp-json\/wp\/v2\/media?parent=1429424"}],"wp:term":[{"taxonomy":"category","embeddable":true,"href":"https:\/\/theplayoffs.news\/fr\/wp-json\/wp\/v2\/categories?post=1429424"},{"taxonomy":"post_tag","embeddable":true,"href":"https:\/\/theplayoffs.news\/fr\/wp-json\/wp\/v2\/tags?post=1429424"},{"taxonomy":"sport","embeddable":true,"href":"https:\/\/theplayoffs.news\/fr\/wp-json\/wp\/v2\/sport?post=1429424"},{"taxonomy":"saison","embeddable":true,"href":"https:\/\/theplayoffs.news\/fr\/wp-json\/wp\/v2\/saison?post=1429424"}],"curies":[{"name":"wp","href":"https:\/\/api.w.org\/{rel}","templated":true}]}}