{"id":1429334,"date":"2024-05-02T13:23:21","date_gmt":"2024-05-02T11:23:21","guid":{"rendered":"https:\/\/theplayoffs.news\/fr\/?p=1429334"},"modified":"2024-05-02T13:23:21","modified_gmt":"2024-05-02T11:23:21","slug":"cam-newton-inquiet-a-propos-de-caleb-williams","status":"publish","type":"post","link":"https:\/\/theplayoffs.news\/fr\/actualite-nfl\/cam-newton-inquiet-a-propos-de-caleb-williams\/","title":{"rendered":"Cam Newton inquiet \u00e0 propos de Caleb Williams"},"content":{"rendered":"<h2>Cam Newton s&rsquo;est exprim&eacute; dans son podcast &agrave; propos de ses inqui&eacute;tudes en ce qui concerne Caleb Williams.<\/h2><p>Caleb Williams a &eacute;t&eacute; s&eacute;lectionn&eacute; en premi&egrave;re position de la Draft NFL 2024 par les Chicago Bears. Beaucoup d&rsquo;espoirs sont plac&eacute;s en lui et il devra insuffler la renaissance des Bears. Cependant, Cam Newton est revenu sur les dangers de mettre autant de pression sur les &eacute;paules de Williams :<\/p><blockquote><p>&laquo;&nbsp;Je pense que son talent peut aussi &ecirc;tre ce qui va le mettre en difficult&eacute;. S&rsquo;il n&rsquo;est pas en mesure de r&eacute;ussir les lancers difficiles, mais comment arrivera-t-il &agrave; g&eacute;rer toute cette pression ? &Ccedil;a c&rsquo;est le plus dur, on ne peut pas s&rsquo;y pr&eacute;parer.&nbsp;&raquo;<\/p><\/blockquote><p>Caleb Williams avait r&eacute;alis&eacute; une saison 2022 qui l&rsquo;a men&eacute; jusqu&rsquo;au troph&eacute;e Heisman, sa capacit&eacute; &agrave; prendre des risques avait &eacute;t&eacute; payante pour lui. Cependant, en 2023 ces lancers compliqu&eacute;s sont de moins en moins pass&eacute;s et USC a r&eacute;alis&eacute; une saison d&eacute;cevante. Cam Newton s&rsquo;est ensuite exprim&eacute; en expliquant que Williams a les capacit&eacute;s de r&eacute;aliser ces lancers mais que la pression en NFL sera &eacute;norme et tr&egrave;s difficile &agrave; g&eacute;rer pour Caleb Williams.<\/p><p>En &eacute;tant le premier choix de la Draft et un joueur qui attire beaucoup l&rsquo;attention sur lui, Newton a aussi expliqu&eacute; qu&rsquo;il faudra s&rsquo;attendre &agrave; ce que les d&eacute;fenseurs ne lui fassent pas de cadeau. Il s&rsquo;agit d&rsquo;un &eacute;l&eacute;ment suppl&eacute;mentaire qui devrait lui mettre la pression la saison prochaine.<\/p><p>Credit photo : Detroit Free Press<\/p>\n","protected":false},"excerpt":{"rendered":"","protected":false},"author":180309795,"featured_media":1426959,"comment_status":"open","ping_status":"closed","sticky":false,"template":"","format":"standard","meta":{"inline_featured_image":false,"kia_subtitle":"","_mux_skip_reasons":[],"proofreadBy":0,"footnotes":""},"categories":[118,40],"tags":[887],"sport":[2785],"saison":[6111],"class_list":["post-1429334","post","type-post","status-publish","format-standard","has-post-thumbnail","hentry","category-actualite-nfl","category-nfl","tag-chicago-bears","sport-nfl","saison-6111"],"acf":[],"yoast_head":"<!-- This site is optimized with the Yoast SEO plugin v24.2 - https:\/\/yoast.com\/wordpress\/plugins\/seo\/ -->\n<title>Cam Newton inquiet &agrave; propos de Caleb Williams - The Playoffs FR<\/title>\n<meta name=\"robots\" content=\"index, follow, max-snippet:-1, max-image-preview:large, max-video-preview:-1\" \/>\n<link rel=\"canonical\" href=\"https:\/\/theplayoffs.news\/fr\/actualite-nfl\/cam-newton-inquiet-a-propos-de-caleb-williams\/\" \/>\n<meta property=\"og:locale\" content=\"fr_FR\" \/>\n<meta property=\"og:type\" content=\"article\" \/>\n<meta property=\"og:title\" content=\"Cam Newton inquiet &agrave; propos de Caleb Williams - The Playoffs FR\" \/>\n<meta property=\"og:url\" content=\"https:\/\/theplayoffs.news\/fr\/actualite-nfl\/cam-newton-inquiet-a-propos-de-caleb-williams\/\" \/>\n<meta property=\"og:site_name\" content=\"The Playoffs FR\" \/>\n<meta property=\"article:publisher\" content=\"https:\/\/www.facebook.com\/TheFreeAgentFR\/\" \/>\n<meta property=\"article:modified_time\" content=\"2024-05-02T13:23:21+02:00\" \/>\n<meta property=\"og:image\" content=\"https:\/\/theplayoffs.news\/fr\/wp-content\/uploads\/2024\/04\/USATSI_23104697.jpg\" \/>\n\t<meta property=\"og:image:width\" content=\"1920\" \/>\n\t<meta property=\"og:image:height\" content=\"1178\" \/>\n\t<meta property=\"og:image:type\" content=\"image\/jpeg\" \/>\n<meta name=\"author\" content=\"Damien Viottolo\" \/>\n<meta name=\"twitter:card\" content=\"summary_large_image\" \/>\n<meta name=\"twitter:creator\" content=\"@TheFreeAgentFR\" \/>\n<meta name=\"twitter:site\" content=\"@TheFreeAgentFR\" \/>\n<meta name=\"twitter:label1\" content=\"\u00c9crit par\" \/>\n\t<meta name=\"twitter:data1\" content=\"Damien Viottolo\" \/>\n\t<meta name=\"twitter:label2\" content=\"Dur\u00e9e de lecture estim\u00e9e\" \/>\n\t<meta name=\"twitter:data2\" content=\"1 minute\" \/>\n<script type=\"application\/ld+json\" class=\"yoast-schema-graph\">{\"@context\":\"https:\/\/schema.org\",\"@graph\":[{\"@type\":\"WebPage\",\"@id\":\"https:\/\/theplayoffs.news\/fr\/actualite-nfl\/cam-newton-inquiet-a-propos-de-caleb-williams\/\",\"url\":\"https:\/\/theplayoffs.news\/fr\/actualite-nfl\/cam-newton-inquiet-a-propos-de-caleb-williams\/\",\"name\":\"Cam Newton inquiet \u00e0 propos de Caleb Williams - The Playoffs FR\",\"isPartOf\":{\"@id\":\"https:\/\/theplayoffs.news\/fr\/#website\"},\"primaryImageOfPage\":{\"@id\":\"https:\/\/theplayoffs.news\/fr\/actualite-nfl\/cam-newton-inquiet-a-propos-de-caleb-williams\/#primaryimage\"},\"image\":{\"@id\":\"https:\/\/theplayoffs.news\/fr\/actualite-nfl\/cam-newton-inquiet-a-propos-de-caleb-williams\/#primaryimage\"},\"thumbnailUrl\":\"https:\/\/theplayoffs.news\/fr\/wp-content\/uploads\/2024\/04\/USATSI_23104697.jpg\",\"datePublished\":\"2024-05-02T11:23:21+00:00\",\"dateModified\":\"2024-05-02T11:23:21+00:00\",\"author\":{\"@id\":\"https:\/\/theplayoffs.news\/fr\/#\/schema\/person\/73084b933851a05764c1c3d9b89d8543\"},\"breadcrumb\":{\"@id\":\"https:\/\/theplayoffs.news\/fr\/actualite-nfl\/cam-newton-inquiet-a-propos-de-caleb-williams\/#breadcrumb\"},\"inLanguage\":\"fr-FR\",\"potentialAction\":[{\"@type\":\"ReadAction\",\"target\":[\"https:\/\/theplayoffs.news\/fr\/actualite-nfl\/cam-newton-inquiet-a-propos-de-caleb-williams\/\"]}]},{\"@type\":\"ImageObject\",\"inLanguage\":\"fr-FR\",\"@id\":\"https:\/\/theplayoffs.news\/fr\/actualite-nfl\/cam-newton-inquiet-a-propos-de-caleb-williams\/#primaryimage\",\"url\":\"https:\/\/theplayoffs.news\/fr\/wp-content\/uploads\/2024\/04\/USATSI_23104697.jpg\",\"contentUrl\":\"https:\/\/theplayoffs.news\/fr\/wp-content\/uploads\/2024\/04\/USATSI_23104697.jpg\",\"width\":1920,\"height\":1178,\"caption\":\"USC quarterback Caleb Williams, who is expected to be the first pick in this year\\\\'s NFL draft talks with reporters after the NFL Play Football Prospect Clinic at the Corner Ballpark in Detroit on Wednesday, April 24, 2024.\"},{\"@type\":\"BreadcrumbList\",\"@id\":\"https:\/\/theplayoffs.news\/fr\/actualite-nfl\/cam-newton-inquiet-a-propos-de-caleb-williams\/#breadcrumb\",\"itemListElement\":[{\"@type\":\"ListItem\",\"position\":1,\"name\":\"Accueil\",\"item\":\"https:\/\/theplayoffs.news\/fr\/\"},{\"@type\":\"ListItem\",\"position\":2,\"name\":\"Cam Newton inquiet \u00e0 propos de Caleb Williams\"}]},{\"@type\":\"WebSite\",\"@id\":\"https:\/\/theplayoffs.news\/fr\/#website\",\"url\":\"https:\/\/theplayoffs.news\/fr\/\",\"name\":\"The Playoffs FR\",\"description\":\"NBA-NFL-NHL-MLB\",\"potentialAction\":[{\"@type\":\"SearchAction\",\"target\":{\"@type\":\"EntryPoint\",\"urlTemplate\":\"https:\/\/theplayoffs.news\/fr\/?s={search_term_string}\"},\"query-input\":{\"@type\":\"PropertyValueSpecification\",\"valueRequired\":true,\"valueName\":\"search_term_string\"}}],\"inLanguage\":\"fr-FR\"},{\"@type\":\"Person\",\"@id\":\"https:\/\/theplayoffs.news\/fr\/#\/schema\/person\/73084b933851a05764c1c3d9b89d8543\",\"name\":\"Damien Viottolo\",\"image\":{\"@type\":\"ImageObject\",\"inLanguage\":\"fr-FR\",\"@id\":\"https:\/\/theplayoffs.news\/fr\/#\/schema\/person\/image\/\",\"url\":\"https:\/\/secure.gravatar.com\/avatar\/b4898b6250f932f028b8d5a79d8c3f31e7f0ec90943f46a9364c077ab76a518e?s=96&d=mm&r=g\",\"contentUrl\":\"https:\/\/secure.gravatar.com\/avatar\/b4898b6250f932f028b8d5a79d8c3f31e7f0ec90943f46a9364c077ab76a518e?s=96&d=mm&r=g\",\"caption\":\"Damien Viottolo\"},\"url\":\"https:\/\/theplayoffs.news\/fr\/author\/damienviottolo\/\"}]}<\/script>\n<!-- \/ Yoast SEO plugin. -->","yoast_head_json":{"title":"Cam Newton inquiet &agrave; propos de Caleb Williams - The Playoffs FR","robots":{"index":"index","follow":"follow","max-snippet":"max-snippet:-1","max-image-preview":"max-image-preview:large","max-video-preview":"max-video-preview:-1"},"canonical":"https:\/\/theplayoffs.news\/fr\/actualite-nfl\/cam-newton-inquiet-a-propos-de-caleb-williams\/","og_locale":"fr_FR","og_type":"article","og_title":"Cam Newton inquiet &agrave; propos de Caleb Williams - The Playoffs FR","og_url":"https:\/\/theplayoffs.news\/fr\/actualite-nfl\/cam-newton-inquiet-a-propos-de-caleb-williams\/","og_site_name":"The Playoffs FR","article_publisher":"https:\/\/www.facebook.com\/TheFreeAgentFR\/","og_image":[{"width":1920,"height":1178,"url":"https:\/\/theplayoffs.news\/fr\/wp-content\/uploads\/2024\/04\/USATSI_23104697.jpg","type":"image\/jpeg"}],"author":"Damien Viottolo","twitter_card":"summary_large_image","twitter_creator":"@TheFreeAgentFR","twitter_site":"@TheFreeAgentFR","twitter_misc":{"\u00c9crit par":"Damien Viottolo","Dur\u00e9e de lecture estim\u00e9e":"1 minute"},"schema":{"@context":"https:\/\/schema.org","@graph":[{"@type":"WebPage","@id":"https:\/\/theplayoffs.news\/fr\/actualite-nfl\/cam-newton-inquiet-a-propos-de-caleb-williams\/","url":"https:\/\/theplayoffs.news\/fr\/actualite-nfl\/cam-newton-inquiet-a-propos-de-caleb-williams\/","name":"Cam Newton inquiet \u00e0 propos de Caleb Williams - The Playoffs FR","isPartOf":{"@id":"https:\/\/theplayoffs.news\/fr\/#website"},"primaryImageOfPage":{"@id":"https:\/\/theplayoffs.news\/fr\/actualite-nfl\/cam-newton-inquiet-a-propos-de-caleb-williams\/#primaryimage"},"image":{"@id":"https:\/\/theplayoffs.news\/fr\/actualite-nfl\/cam-newton-inquiet-a-propos-de-caleb-williams\/#primaryimage"},"thumbnailUrl":"https:\/\/theplayoffs.news\/fr\/wp-content\/uploads\/2024\/04\/USATSI_23104697.jpg","datePublished":"2024-05-02T11:23:21+00:00","dateModified":"2024-05-02T11:23:21+00:00","author":{"@id":"https:\/\/theplayoffs.news\/fr\/#\/schema\/person\/73084b933851a05764c1c3d9b89d8543"},"breadcrumb":{"@id":"https:\/\/theplayoffs.news\/fr\/actualite-nfl\/cam-newton-inquiet-a-propos-de-caleb-williams\/#breadcrumb"},"inLanguage":"fr-FR","potentialAction":[{"@type":"ReadAction","target":["https:\/\/theplayoffs.news\/fr\/actualite-nfl\/cam-newton-inquiet-a-propos-de-caleb-williams\/"]}]},{"@type":"ImageObject","inLanguage":"fr-FR","@id":"https:\/\/theplayoffs.news\/fr\/actualite-nfl\/cam-newton-inquiet-a-propos-de-caleb-williams\/#primaryimage","url":"https:\/\/theplayoffs.news\/fr\/wp-content\/uploads\/2024\/04\/USATSI_23104697.jpg","contentUrl":"https:\/\/theplayoffs.news\/fr\/wp-content\/uploads\/2024\/04\/USATSI_23104697.jpg","width":1920,"height":1178,"caption":"USC quarterback Caleb Williams, who is expected to be the first pick in this year\\'s NFL draft talks with reporters after the NFL Play Football Prospect Clinic at the Corner Ballpark in Detroit on Wednesday, April 24, 2024."},{"@type":"BreadcrumbList","@id":"https:\/\/theplayoffs.news\/fr\/actualite-nfl\/cam-newton-inquiet-a-propos-de-caleb-williams\/#breadcrumb","itemListElement":[{"@type":"ListItem","position":1,"name":"Accueil","item":"https:\/\/theplayoffs.news\/fr\/"},{"@type":"ListItem","position":2,"name":"Cam Newton inquiet \u00e0 propos de Caleb Williams"}]},{"@type":"WebSite","@id":"https:\/\/theplayoffs.news\/fr\/#website","url":"https:\/\/theplayoffs.news\/fr\/","name":"The Playoffs FR","description":"NBA-NFL-NHL-MLB","potentialAction":[{"@type":"SearchAction","target":{"@type":"EntryPoint","urlTemplate":"https:\/\/theplayoffs.news\/fr\/?s={search_term_string}"},"query-input":{"@type":"PropertyValueSpecification","valueRequired":true,"valueName":"search_term_string"}}],"inLanguage":"fr-FR"},{"@type":"Person","@id":"https:\/\/theplayoffs.news\/fr\/#\/schema\/person\/73084b933851a05764c1c3d9b89d8543","name":"Damien Viottolo","image":{"@type":"ImageObject","inLanguage":"fr-FR","@id":"https:\/\/theplayoffs.news\/fr\/#\/schema\/person\/image\/","url":"https:\/\/secure.gravatar.com\/avatar\/b4898b6250f932f028b8d5a79d8c3f31e7f0ec90943f46a9364c077ab76a518e?s=96&d=mm&r=g","contentUrl":"https:\/\/secure.gravatar.com\/avatar\/b4898b6250f932f028b8d5a79d8c3f31e7f0ec90943f46a9364c077ab76a518e?s=96&d=mm&r=g","caption":"Damien Viottolo"},"url":"https:\/\/theplayoffs.news\/fr\/author\/damienviottolo\/"}]}},"_links":{"self":[{"href":"https:\/\/theplayoffs.news\/fr\/wp-json\/wp\/v2\/posts\/1429334","targetHints":{"allow":["GET"]}}],"collection":[{"href":"https:\/\/theplayoffs.news\/fr\/wp-json\/wp\/v2\/posts"}],"about":[{"href":"https:\/\/theplayoffs.news\/fr\/wp-json\/wp\/v2\/types\/post"}],"author":[{"embeddable":true,"href":"https:\/\/theplayoffs.news\/fr\/wp-json\/wp\/v2\/users\/180309795"}],"replies":[{"embeddable":true,"href":"https:\/\/theplayoffs.news\/fr\/wp-json\/wp\/v2\/comments?post=1429334"}],"version-history":[{"count":3,"href":"https:\/\/theplayoffs.news\/fr\/wp-json\/wp\/v2\/posts\/1429334\/revisions"}],"predecessor-version":[{"id":1429342,"href":"https:\/\/theplayoffs.news\/fr\/wp-json\/wp\/v2\/posts\/1429334\/revisions\/1429342"}],"wp:featuredmedia":[{"embeddable":true,"href":"https:\/\/theplayoffs.news\/fr\/wp-json\/wp\/v2\/media\/1426959"}],"wp:attachment":[{"href":"https:\/\/theplayoffs.news\/fr\/wp-json\/wp\/v2\/media?parent=1429334"}],"wp:term":[{"taxonomy":"category","embeddable":true,"href":"https:\/\/theplayoffs.news\/fr\/wp-json\/wp\/v2\/categories?post=1429334"},{"taxonomy":"post_tag","embeddable":true,"href":"https:\/\/theplayoffs.news\/fr\/wp-json\/wp\/v2\/tags?post=1429334"},{"taxonomy":"sport","embeddable":true,"href":"https:\/\/theplayoffs.news\/fr\/wp-json\/wp\/v2\/sport?post=1429334"},{"taxonomy":"saison","embeddable":true,"href":"https:\/\/theplayoffs.news\/fr\/wp-json\/wp\/v2\/saison?post=1429334"}],"curies":[{"name":"wp","href":"https:\/\/api.w.org\/{rel}","templated":true}]}}