{"id":1429033,"date":"2024-05-01T10:22:47","date_gmt":"2024-05-01T08:22:47","guid":{"rendered":"https:\/\/theplayoffs.news\/fr\/?p=1429033"},"modified":"2024-05-01T10:22:47","modified_gmt":"2024-05-01T08:22:47","slug":"mathias-lacombe-et-le-reve-americian-episode-1-la-preparation","status":"publish","type":"post","link":"https:\/\/theplayoffs.news\/fr\/actualite-mlb\/mathias-lacombe-et-le-reve-americian-episode-1-la-preparation\/","title":{"rendered":"Mathias Lacombe\u00a0et le \u00ab\u00a0R\u00eave am\u00e9rician\u00a0\u00bb \u00e9pisode 1\u00a0: La pr\u00e9paration\u00a0!"},"content":{"rendered":"<p style=\"text-align: justify\"><strong>Tout au long de la saison, The Free Agent vous propose de suivre le &laquo;&nbsp;R&ecirc;ve am&eacute;ricain&nbsp;&raquo; de Mathias Lacombe depuis l&rsquo;int&eacute;rieur. Aujourd&rsquo;hui nous ouvrons le bal avec le premier &eacute;pisode qui revient sur la pr&eacute;paration de notre grand espoir fran&ccedil;ais.<\/strong><\/p><p><img loading=\"lazy\" decoding=\"async\" class=\"alignnone wp-image-1283799 size-full\" src=\"https:\/\/theplayoffs.news\/fr\/wp-content\/uploads\/2024\/01\/Mathias-Lacombe.jpg\" alt=\"Mathias Lacombe\" width=\"1080\" height=\"810\" srcset=\"https:\/\/theplayoffs.news\/fr\/wp-content\/uploads\/2024\/01\/Mathias-Lacombe.jpg 1080w, https:\/\/theplayoffs.news\/fr\/wp-content\/uploads\/2024\/01\/Mathias-Lacombe-300x225.jpg 300w, https:\/\/theplayoffs.news\/fr\/wp-content\/uploads\/2024\/01\/Mathias-Lacombe-1030x773.jpg 1030w, https:\/\/theplayoffs.news\/fr\/wp-content\/uploads\/2024\/01\/Mathias-Lacombe-768x576.jpg 768w, https:\/\/theplayoffs.news\/fr\/wp-content\/uploads\/2024\/01\/Mathias-Lacombe-705x529.jpg 705w\" sizes=\"auto, (max-width: 1080px) 100vw, 1080px\" \/><\/p><h3 style=\"text-align: justify\">Mathias Lacombe&nbsp;: Les choses s&eacute;rieuses commencent&nbsp;!<\/h3><p style=\"text-align: justify\">Depuis l&rsquo;annonce de sa draft, l&rsquo;excitation &eacute;tait au rendez-vous pour <a href=\"https:\/\/theplayoffs.news\/fr\/mlb\/draft-mlb-2023\/\" class=\"trk-cta-link\" data-cta-trk='{\"ctaType\":\"Link\",\"ctaSubType\":\"main\"}'>Mathias Lacombe<\/a>. Apr&egrave;s un petit break dans sa famille pour les f&ecirc;tes de fin d&rsquo;ann&eacute;e, la p&eacute;pite issue des <a href=\"https:\/\/ffbs.fr\/dans-vos-clubs-7-les-pitchers-de-pineuilh\/\" class=\"trk-cta-link\" data-cta-trk='{\"ctaType\":\"Link\",\"ctaSubType\":\"main\"}'>Pitchers de Pineuilh<\/a>, est reparti vers l&rsquo;Arizona o&ugrave; se pr&eacute;pare son organisation, les <a href=\"https:\/\/theplayoffs.news\/fr\/equipe\/chicago-white-sox-mlb\/\" class=\"trk-cta-link\" data-cta-trk='{\"ctaType\":\"Link\",\"ctaSubType\":\"main\"}'>Chicago White Sox<\/a>.<\/p><blockquote class=\"twitter-tweet\" data-width=\"500\" data-dnt=\"true\">\n<p lang=\"fr\" dir=\"ltr\">Photo officielle 2024 de <a href=\"https:\/\/twitter.com\/LacombeMathias4?ref_src=twsrc%5Etfw\" class=\"trk-cta-link\" data-cta-trk='{\"ctaType\":\"Link\",\"ctaSubType\":\"main\"}'>@LacombeMathias4<\/a> pour sa 1&egrave;re saison <a href=\"https:\/\/twitter.com\/MiLB?ref_src=twsrc%5Etfw\" class=\"trk-cta-link\" data-cta-trk='{\"ctaType\":\"Link\",\"ctaSubType\":\"main\"}'>@MiLB<\/a> dans l'organisation des <a href=\"https:\/\/twitter.com\/whitesox?ref_src=twsrc%5Etfw\" class=\"trk-cta-link\" data-cta-trk='{\"ctaType\":\"Link\",\"ctaSubType\":\"main\"}'>@whitesox<\/a> <br>Go Mathias !!! &#128170;&#9918;&#65039;&#128293; <a href=\"https:\/\/t.co\/1drzT11c6Q\" class=\"trk-cta-link\" data-cta-trk='{\"ctaType\":\"Link\",\"ctaSubType\":\"main\"}'>pic.twitter.com\/1drzT11c6Q<\/a><\/p>\n<p>&mdash; Micha&euml;l LaCombe (@MichalLACOMBE2) <a href=\"https:\/\/twitter.com\/MichalLACOMBE2\/status\/1767069285308944569?ref_src=twsrc%5Etfw\" class=\"trk-cta-link\" data-cta-trk='{\"ctaType\":\"Link\",\"ctaSubType\":\"main\"}'>March 11, 2024<\/a><\/p><\/blockquote><p><script async src=\"https:\/\/platform.twitter.com\/widgets.js\" charset=\"utf-8\"><\/script><\/p><p style=\"text-align: justify\">Ses d&eacute;buts au camp du Spring training vont commencer le 13 f&eacute;vrier. Apr&egrave;s avoir pris ses quartiers dans un h&ocirc;tel la veille, avec un colocataire lui aussi draft&eacute; en 2023 mais par les <a href=\"https:\/\/theplayoffs.news\/fr\/equipe\/atlanta-braves-mlb\/\" class=\"trk-cta-link\" data-cta-trk='{\"ctaType\":\"Link\",\"ctaSubType\":\"main\"}'>Braves<\/a> et ensuite &eacute;chang&eacute; et envoy&eacute; chez les White Sox.<\/p><blockquote>\n<p style=\"text-align: justify\">&laquo;&nbsp;Je suis arriv&eacute; &agrave; l&rsquo;h&ocirc;tel, la veille du d&eacute;but des entra&icirc;nements. J&rsquo;ai rencontr&eacute; un nouveau colocataire, qui venait de se faire drafter par les Braves et puis &eacute;chang&eacute; chez les White Sox.&nbsp;&raquo; Mathias Lacombe<\/p>\n<\/blockquote><p style=\"text-align: justify\">Le lendemain, les choses s&eacute;rieuses commencent pour Mathias Lacombe qui va retrouver le camp d&rsquo;entra&icirc;nement qu&rsquo;il avait c&ocirc;toy&eacute; d&eacute;j&agrave; l&rsquo;&eacute;t&eacute; dernier. Petit changement, puisque cette fois-ci il sera uniquement du c&ocirc;t&eacute; des infrastructures r&eacute;serv&eacute;es aux joueurs des ligues mineures. Le c&ocirc;t&eacute; de l&rsquo;&eacute;quipe de la ligue majeure &eacute;tant aussi occup&eacute; par les joueurs des White Sox qui pr&eacute;parent eux aussi leur Spring Training.<\/p><p style=\"text-align: justify\">C&rsquo;est avec un peu d&rsquo;avance sur d&rsquo;autres joueurs que Mathias Lacombe va faire ses premiers entrainements, entour&eacute; d&rsquo;un peu plus d&rsquo;une centaine d&rsquo;autres joueurs.<\/p><blockquote>\n<p style=\"text-align: justify\">&laquo;&nbsp;Je suis arriv&eacute; au complexe et c&rsquo;&eacute;tait compl&egrave;tement diff&eacute;rent de ma premi&egrave;re fois puisque je n&rsquo;&eacute;tais que du c&ocirc;t&eacute; des Minors Leagues. Il y avait du monde, mais finalement pas tant que &ccedil;a puisqu&rsquo;on &eacute;tait 120. J&rsquo;&eacute;tais en &laquo;&nbsp;Early Camp&nbsp;&raquo;, c&rsquo;est-&agrave;-dire que j&rsquo;&eacute;tais en avance pour commencer la pr&eacute;paration.&nbsp;&raquo;<\/p>\n<\/blockquote><p style=\"text-align: justify\">Il y a eu une p&eacute;riode de trois semaines de pr&eacute;paration avant que les matchs du Spring Training ne commencent.<\/p><h3 style=\"text-align: justify\">Mathias Lacombe&nbsp;: Une pr&eacute;paration plus lente que les autres&nbsp;!<\/h3><p style=\"text-align: justify\">Au cours de ces trois semaines de pr&eacute;paration, les s&eacute;ances se r&eacute;sum&eacute;s &agrave; des s&eacute;ries de bullpen, puis des &laquo;&nbsp;Live at bat&nbsp;&raquo;, c&rsquo;est-&agrave;-dire que les lanceurs vont lancer face aux frappeurs des &eacute;quipes de ligues mineures.<\/p><p style=\"text-align: justify\">Les interactions avec les coachs sont assez faible. Pour autant, un petit meeting &agrave; lieu en d&eacute;but de saison, avec un document &agrave; remplir concernant la saison pr&eacute;c&eacute;dente et ensuite un entretien individuel pour parler des objectifs de la saison et les axes de travail.<\/p><blockquote>\n<p style=\"text-align: justify\">&laquo;&nbsp;On a un entretien individuel avec tous les coachs, que ce soient des lanceurs, de la salle de musculation. C&rsquo;est &agrave; ce moment-l&agrave; qu&rsquo;ils m&rsquo;ont dit qu&rsquo;ils voulaient que je sois lanceur partant.&nbsp;&raquo;<\/p>\n<\/blockquote><p style=\"text-align: justify\">Malheureusement, avec sa blessure survenue l&rsquo;&eacute;t&eacute; dernier, Mathias Lacombe a vu sa pr&eacute;paration chamboul&eacute;e par rapport aux autres lanceurs. En effet, alors que ces derniers r&eacute;alis&eacute;s d&eacute;j&agrave; des &laquo;&nbsp;Live at bat&nbsp;&raquo; et se pr&eacute;paraient &agrave; commencer les matchs, Mathias Lacombe &eacute;tait encore r&eacute;duit &agrave; faire des sessions de bullpen.<\/p><blockquote>\n<p style=\"text-align: justify\">&laquo;&nbsp;Ils ont voulu me pr&eacute;parer plus lentement que je ne l&rsquo;ai fait l&rsquo;&eacute;t&eacute; dernier pour ne pas que je me blesse de nouveau. Au d&eacute;but, je ne faisais que des sessions de bullpen de seulement 10 lancers. Je me pr&eacute;parais 3 jours pour une session de seulement 10 lancers, c&rsquo;&eacute;tait frustrant. Quand les autres commen&ccedil;aient les matchs, je venais tout juste de commencer &agrave; faire des &laquo;&nbsp;Live At bat&nbsp;&raquo;&nbsp;&raquo;<\/p>\n<\/blockquote><h3 style=\"text-align: justify\">Mathias Lacombe&nbsp;: Un petit coup de mou avant de repartir vers l&rsquo;avant<\/h3><p style=\"text-align: justify\">La situation &eacute;tait donc frustrante pour Mathias Lacombe qui n&rsquo;avait qu&rsquo;une h&acirc;te, commencer &agrave; jouer en match. Malheureusement, cette pr&eacute;paration ralentie n&rsquo;aura pas permis &agrave; notre p&eacute;pite de r&eacute;ellement s&rsquo;exprimer durant ce Spring training.<\/p><p style=\"text-align: justify\">A l&rsquo;aube du d&eacute;but de saison des ligues mineures et majeures, Mathias n&rsquo;&eacute;tait pas assez pr&ecirc;t pour &ecirc;tre affili&eacute;, ce qui veut dire que notre fran&ccedil;ais a d&ucirc; rester au complexe dans ce qu&rsquo;ils appellent &laquo;&nbsp;Extended Spring Training&nbsp;&raquo;.<\/p><blockquote>\n<p style=\"text-align: justify\">&laquo;&nbsp;Du coup je n&rsquo;&eacute;tais pas pr&ecirc;t pour le d&eacute;but de saison, donc je n&rsquo;ai pas &eacute;t&eacute; affili&eacute; et ils m&rsquo;ont mis en &laquo;&nbsp;Extended Spring Training&nbsp;&raquo;, ce qui veut dire qu&rsquo;il continue le spring training.&nbsp;&raquo;<\/p>\n<\/blockquote><p style=\"text-align: justify\">Une situation qui aura pes&eacute; sur le morale de Mathias Lacombe qui a donc connu un passage moins bien avec des performances loin des standards auxquels il est capable. En plus de cela, durant le Spring Training, Mathias Lacombe n&rsquo;a connu aucun jour de repos, enchainant les entrainements 7 jours sur 7.<\/p><blockquote>\n<p style=\"text-align: justify\">&laquo;&nbsp;Du 13 f&eacute;vrier au 25 mars, je n&rsquo;avais aucun jours de repos, c&rsquo;&eacute;tait entra&icirc;nement tous les jours. C&rsquo;est un rythme assez usant et &eacute;prouvant mentalement.&nbsp;&raquo;<\/p>\n<\/blockquote><p style=\"text-align: justify\">Heureusement, les joueurs sont suivis par un pr&eacute;parateur mental et psychologue.<\/p><blockquote>\n<p style=\"text-align: justify\">&laquo;&nbsp;Je m&rsquo;entrainais tous les jours sans avoir la r&eacute;compense de pouvoir jouer en match. C&rsquo;&eacute;tait vraiment que de l&rsquo;entrainement. Du coup j&rsquo;ai eu un petit coup de mou qui a dur&eacute; 2 semaines, ce qui a jou&eacute; sur mes performances. J&rsquo;en ai parl&eacute; &agrave; notre pr&eacute;parateur mental et psychologue. J&rsquo;en ai parl&eacute; aussi avec un des coachs de lanceurs que j&rsquo;appr&eacute;cie beaucoup. Ils m&rsquo;ont aid&eacute; et maintenant &ccedil;a va beaucoup mieux.&nbsp;&raquo;<\/p>\n<\/blockquote><p style=\"text-align: justify\">C&rsquo;est en vue de commencer en Rookie League, que Mathias Lacombe a poursuivie sa pr&eacute;paration du c&ocirc;t&eacute; de l&rsquo;Arizona. Au cours de cette p&eacute;riode, Mathias Lacombe a pu lancer au cours de trois matchs.<\/p><p style=\"text-align: justify\">A l&rsquo;issue de ces trois rencontres, Mathias Lacombe a senti une r&eacute;elle mont&eacute;e en puissance et le moral a commenc&eacute; &agrave; reremonter.<\/p><blockquote>\n<p style=\"text-align: justify\">&laquo;&nbsp;Le premier match j&rsquo;ai pas super bien lancer, le deuxi&egrave;me un peu mieux et le troisi&egrave;me j&rsquo;ai tr&egrave;s bien lanc&eacute;. Je sens que je monte en puissance. M&ecirc;me mentalement je me sens beaucoup mieux, surtout en sachant que la saison va bient&ocirc;t commencer.&nbsp;&raquo;<\/p>\n<\/blockquote><blockquote class=\"twitter-tweet\" data-width=\"500\" data-dnt=\"true\">\n<p lang=\"fr\" dir=\"ltr\">Premi&egrave;re sortie avec le maillot des White Sox pour notre  &#127467;&#127479; Mathias Lacombe face aux Padres ! <a href=\"https:\/\/t.co\/2AqudUTxiw\" class=\"trk-cta-link\" data-cta-trk='{\"ctaType\":\"Link\",\"ctaSubType\":\"main\"}'>https:\/\/t.co\/2AqudUTxiw<\/a><\/p>\n<p>&mdash; The Playoffs FR (@ThePlayoffsFR) <a href=\"https:\/\/twitter.com\/ThePlayoffsFR\/status\/1709465460117307524?ref_src=twsrc%5Etfw\" class=\"trk-cta-link\" data-cta-trk='{\"ctaType\":\"Link\",\"ctaSubType\":\"main\"}'>October 4, 2023<\/a><\/p><\/blockquote><p><script async src=\"https:\/\/platform.twitter.com\/widgets.js\" charset=\"utf-8\"><\/script><\/p><p style=\"text-align: justify\">Avec le d&eacute;but de la saison de MLB, Mathias Lacombe a bascul&eacute; du c&ocirc;t&eacute; des infrastructures r&eacute;serv&eacute;es &agrave; la ligue majeure. Une partie du complexe bien plus d&eacute;velopp&eacute;e et qui repr&eacute;sente une v&eacute;ritable opportunit&eacute; pour notre jeune lanceur afin de se pr&eacute;parer avec du mat&eacute;riel bien plus haut de gamme.<\/p><blockquote>\n<p style=\"text-align: justify\">&laquo;&nbsp;On est revenu dans le c&ocirc;t&eacute; Major League. On peut profiter d&rsquo;une salle de musculation plus grande, des plus grands bains d&rsquo;eau chaude et d&rsquo;eau froide pour la r&eacute;cup&eacute;ration, une plus grande salle de kin&eacute;. C&rsquo;est beaucoup plus confortable.&nbsp;&raquo;<\/p>\n<\/blockquote><p style=\"text-align: justify\">Cet &laquo;&nbsp;Extended Spring training&nbsp;&raquo; a pris fin samedi dernier. Il reste un match de pr&eacute;paration jeudi (donc demain ndlr), face aux Royals de Kansas City, un match durant lequel Mathias Lacombe est pr&eacute;vu pour lancer en tant que partant pour trois manches.<\/p><p style=\"text-align: justify\">La saison de &laquo;&nbsp;Rookie League commence donc lundi prochain. Apr&egrave;s une longue pr&eacute;paration, Mathias Lacombe va pouvoir pleinement s&rsquo;exprimer sur des matchs avec enjeux. Un moment que notre jeune p&eacute;pite attend avec impatience.<\/p><p style=\"text-align: justify\">De ces bonnes performances en Rookie League va d&eacute;pendre son avenir dans les &eacute;quipes de ligues mineures affili&eacute;es. Mathias Lacombe sait ce qu&rsquo;il lui reste &agrave; faire et on ne doute pas qu&rsquo;il parviendra une nouvelle fois &agrave; briller.<\/p>\n","protected":false},"excerpt":{"rendered":"","protected":false},"author":180309823,"featured_media":1283799,"comment_status":"open","ping_status":"closed","sticky":false,"template":"","format":"standard","meta":{"inline_featured_image":false,"kia_subtitle":"","_mux_skip_reasons":[],"proofreadBy":0,"footnotes":""},"categories":[188,9],"tags":[1011,2459],"sport":[2786],"saison":[6111],"class_list":["post-1429033","post","type-post","status-publish","format-standard","has-post-thumbnail","hentry","category-actualite-mlb","category-mlb","tag-chicago-white-sox","tag-mathias-lacombe","sport-mlb","saison-6111"],"acf":[],"yoast_head":"<!-- This site is optimized with the Yoast SEO plugin v24.2 - https:\/\/yoast.com\/wordpress\/plugins\/seo\/ -->\n<title>Mathias Lacombe&nbsp;et le &laquo;&nbsp;R&ecirc;ve am&eacute;rician&nbsp;&raquo; &eacute;pisode 1&nbsp;: La pr&eacute;paration&nbsp;! - The Playoffs FR<\/title>\n<meta name=\"robots\" content=\"index, follow, max-snippet:-1, max-image-preview:large, max-video-preview:-1\" \/>\n<link rel=\"canonical\" href=\"https:\/\/theplayoffs.news\/fr\/actualite-mlb\/mathias-lacombe-et-le-reve-americian-episode-1-la-preparation\/\" \/>\n<meta property=\"og:locale\" content=\"fr_FR\" \/>\n<meta property=\"og:type\" content=\"article\" \/>\n<meta property=\"og:title\" content=\"Mathias Lacombe&nbsp;et le &laquo;&nbsp;R&ecirc;ve am&eacute;rician&nbsp;&raquo; &eacute;pisode 1&nbsp;: La pr&eacute;paration&nbsp;! - The Playoffs FR\" \/>\n<meta property=\"og:url\" content=\"https:\/\/theplayoffs.news\/fr\/actualite-mlb\/mathias-lacombe-et-le-reve-americian-episode-1-la-preparation\/\" \/>\n<meta property=\"og:site_name\" content=\"The Playoffs FR\" \/>\n<meta property=\"article:publisher\" content=\"https:\/\/www.facebook.com\/TheFreeAgentFR\/\" \/>\n<meta property=\"article:modified_time\" content=\"2024-05-01T10:22:47+02:00\" \/>\n<meta property=\"og:image\" content=\"https:\/\/theplayoffs.news\/fr\/wp-content\/uploads\/2024\/01\/Mathias-Lacombe.jpg\" \/>\n\t<meta property=\"og:image:width\" content=\"1080\" \/>\n\t<meta property=\"og:image:height\" content=\"810\" \/>\n\t<meta property=\"og:image:type\" content=\"image\/jpeg\" \/>\n<meta name=\"author\" content=\"Nicolas Blanchard\" \/>\n<meta name=\"twitter:card\" content=\"summary_large_image\" \/>\n<meta name=\"twitter:creator\" content=\"@TheFreeAgentFR\" \/>\n<meta name=\"twitter:site\" content=\"@TheFreeAgentFR\" \/>\n<meta name=\"twitter:label1\" content=\"\u00c9crit par\" \/>\n\t<meta name=\"twitter:data1\" content=\"Nicolas Blanchard\" \/>\n\t<meta name=\"twitter:label2\" content=\"Dur\u00e9e de lecture estim\u00e9e\" \/>\n\t<meta name=\"twitter:data2\" content=\"6 minutes\" \/>\n<script type=\"application\/ld+json\" class=\"yoast-schema-graph\">{\"@context\":\"https:\/\/schema.org\",\"@graph\":[{\"@type\":\"WebPage\",\"@id\":\"https:\/\/theplayoffs.news\/fr\/actualite-mlb\/mathias-lacombe-et-le-reve-americian-episode-1-la-preparation\/\",\"url\":\"https:\/\/theplayoffs.news\/fr\/actualite-mlb\/mathias-lacombe-et-le-reve-americian-episode-1-la-preparation\/\",\"name\":\"Mathias Lacombe\u00a0et le \u00ab\u00a0R\u00eave am\u00e9rician\u00a0\u00bb \u00e9pisode 1\u00a0: La pr\u00e9paration\u00a0! - The Playoffs FR\",\"isPartOf\":{\"@id\":\"https:\/\/theplayoffs.news\/fr\/#website\"},\"primaryImageOfPage\":{\"@id\":\"https:\/\/theplayoffs.news\/fr\/actualite-mlb\/mathias-lacombe-et-le-reve-americian-episode-1-la-preparation\/#primaryimage\"},\"image\":{\"@id\":\"https:\/\/theplayoffs.news\/fr\/actualite-mlb\/mathias-lacombe-et-le-reve-americian-episode-1-la-preparation\/#primaryimage\"},\"thumbnailUrl\":\"https:\/\/theplayoffs.news\/fr\/wp-content\/uploads\/2024\/01\/Mathias-Lacombe.jpg\",\"datePublished\":\"2024-05-01T08:22:47+00:00\",\"dateModified\":\"2024-05-01T08:22:47+00:00\",\"author\":{\"@id\":\"https:\/\/theplayoffs.news\/fr\/#\/schema\/person\/940879031feb6d5e27cf3c6b69917900\"},\"breadcrumb\":{\"@id\":\"https:\/\/theplayoffs.news\/fr\/actualite-mlb\/mathias-lacombe-et-le-reve-americian-episode-1-la-preparation\/#breadcrumb\"},\"inLanguage\":\"fr-FR\",\"potentialAction\":[{\"@type\":\"ReadAction\",\"target\":[\"https:\/\/theplayoffs.news\/fr\/actualite-mlb\/mathias-lacombe-et-le-reve-americian-episode-1-la-preparation\/\"]}]},{\"@type\":\"ImageObject\",\"inLanguage\":\"fr-FR\",\"@id\":\"https:\/\/theplayoffs.news\/fr\/actualite-mlb\/mathias-lacombe-et-le-reve-americian-episode-1-la-preparation\/#primaryimage\",\"url\":\"https:\/\/theplayoffs.news\/fr\/wp-content\/uploads\/2024\/01\/Mathias-Lacombe.jpg\",\"contentUrl\":\"https:\/\/theplayoffs.news\/fr\/wp-content\/uploads\/2024\/01\/Mathias-Lacombe.jpg\",\"width\":1080,\"height\":810},{\"@type\":\"BreadcrumbList\",\"@id\":\"https:\/\/theplayoffs.news\/fr\/actualite-mlb\/mathias-lacombe-et-le-reve-americian-episode-1-la-preparation\/#breadcrumb\",\"itemListElement\":[{\"@type\":\"ListItem\",\"position\":1,\"name\":\"Accueil\",\"item\":\"https:\/\/theplayoffs.news\/fr\/\"},{\"@type\":\"ListItem\",\"position\":2,\"name\":\"Mathias Lacombe\u00a0et le \u00ab\u00a0R\u00eave am\u00e9rician\u00a0\u00bb \u00e9pisode 1\u00a0: La pr\u00e9paration\u00a0!\"}]},{\"@type\":\"WebSite\",\"@id\":\"https:\/\/theplayoffs.news\/fr\/#website\",\"url\":\"https:\/\/theplayoffs.news\/fr\/\",\"name\":\"The Playoffs FR\",\"description\":\"NBA-NFL-NHL-MLB\",\"potentialAction\":[{\"@type\":\"SearchAction\",\"target\":{\"@type\":\"EntryPoint\",\"urlTemplate\":\"https:\/\/theplayoffs.news\/fr\/?s={search_term_string}\"},\"query-input\":{\"@type\":\"PropertyValueSpecification\",\"valueRequired\":true,\"valueName\":\"search_term_string\"}}],\"inLanguage\":\"fr-FR\"},{\"@type\":\"Person\",\"@id\":\"https:\/\/theplayoffs.news\/fr\/#\/schema\/person\/940879031feb6d5e27cf3c6b69917900\",\"name\":\"Nicolas Blanchard\",\"image\":{\"@type\":\"ImageObject\",\"inLanguage\":\"fr-FR\",\"@id\":\"https:\/\/theplayoffs.news\/fr\/#\/schema\/person\/image\/\",\"url\":\"https:\/\/secure.gravatar.com\/avatar\/98953498460526f9290cb098aaa573c5e0a48837b1ca5807dd22cace83810899?s=96&d=mm&r=g\",\"contentUrl\":\"https:\/\/secure.gravatar.com\/avatar\/98953498460526f9290cb098aaa573c5e0a48837b1ca5807dd22cace83810899?s=96&d=mm&r=g\",\"caption\":\"Nicolas Blanchard\"},\"description\":\"Fan de MLB depuis une dizaine d\u2019ann\u00e9es, je suis tomb\u00e9 amoureux des Chicago Cubs lorsque j\u2019ai vu Bill Murray c\u00e9l\u00e9brer ce premier sacre depuis 108 ans. Mon premier contact avec le Sport US s\u2019est fait lorsque je suis tomb\u00e9 sur une VHS d\u2019Allen Iverson et se fut la r\u00e9v\u00e9lation. Je suis devenu r\u00e9dacteur depuis maintenant 4 ans et cela m\u2019apporte une nouvelle vision du Sport US \u00e0 la fois analytique et bien plus globale (et oui il faut couvrir toutes les \u00e9quipes m\u00eame les chaussettes rouges de Boston).\",\"url\":\"https:\/\/theplayoffs.news\/fr\/author\/nico4017\/\"}]}<\/script>\n<!-- \/ Yoast SEO plugin. -->","yoast_head_json":{"title":"Mathias Lacombe&nbsp;et le &laquo;&nbsp;R&ecirc;ve am&eacute;rician&nbsp;&raquo; &eacute;pisode 1&nbsp;: La pr&eacute;paration&nbsp;! - The Playoffs FR","robots":{"index":"index","follow":"follow","max-snippet":"max-snippet:-1","max-image-preview":"max-image-preview:large","max-video-preview":"max-video-preview:-1"},"canonical":"https:\/\/theplayoffs.news\/fr\/actualite-mlb\/mathias-lacombe-et-le-reve-americian-episode-1-la-preparation\/","og_locale":"fr_FR","og_type":"article","og_title":"Mathias Lacombe&nbsp;et le &laquo;&nbsp;R&ecirc;ve am&eacute;rician&nbsp;&raquo; &eacute;pisode 1&nbsp;: La pr&eacute;paration&nbsp;! - The Playoffs FR","og_url":"https:\/\/theplayoffs.news\/fr\/actualite-mlb\/mathias-lacombe-et-le-reve-americian-episode-1-la-preparation\/","og_site_name":"The Playoffs FR","article_publisher":"https:\/\/www.facebook.com\/TheFreeAgentFR\/","og_image":[{"width":1080,"height":810,"url":"https:\/\/theplayoffs.news\/fr\/wp-content\/uploads\/2024\/01\/Mathias-Lacombe.jpg","type":"image\/jpeg"}],"author":"Nicolas Blanchard","twitter_card":"summary_large_image","twitter_creator":"@TheFreeAgentFR","twitter_site":"@TheFreeAgentFR","twitter_misc":{"\u00c9crit par":"Nicolas Blanchard","Dur\u00e9e de lecture estim\u00e9e":"6 minutes"},"schema":{"@context":"https:\/\/schema.org","@graph":[{"@type":"WebPage","@id":"https:\/\/theplayoffs.news\/fr\/actualite-mlb\/mathias-lacombe-et-le-reve-americian-episode-1-la-preparation\/","url":"https:\/\/theplayoffs.news\/fr\/actualite-mlb\/mathias-lacombe-et-le-reve-americian-episode-1-la-preparation\/","name":"Mathias Lacombe\u00a0et le \u00ab\u00a0R\u00eave am\u00e9rician\u00a0\u00bb \u00e9pisode 1\u00a0: La pr\u00e9paration\u00a0! - The Playoffs FR","isPartOf":{"@id":"https:\/\/theplayoffs.news\/fr\/#website"},"primaryImageOfPage":{"@id":"https:\/\/theplayoffs.news\/fr\/actualite-mlb\/mathias-lacombe-et-le-reve-americian-episode-1-la-preparation\/#primaryimage"},"image":{"@id":"https:\/\/theplayoffs.news\/fr\/actualite-mlb\/mathias-lacombe-et-le-reve-americian-episode-1-la-preparation\/#primaryimage"},"thumbnailUrl":"https:\/\/theplayoffs.news\/fr\/wp-content\/uploads\/2024\/01\/Mathias-Lacombe.jpg","datePublished":"2024-05-01T08:22:47+00:00","dateModified":"2024-05-01T08:22:47+00:00","author":{"@id":"https:\/\/theplayoffs.news\/fr\/#\/schema\/person\/940879031feb6d5e27cf3c6b69917900"},"breadcrumb":{"@id":"https:\/\/theplayoffs.news\/fr\/actualite-mlb\/mathias-lacombe-et-le-reve-americian-episode-1-la-preparation\/#breadcrumb"},"inLanguage":"fr-FR","potentialAction":[{"@type":"ReadAction","target":["https:\/\/theplayoffs.news\/fr\/actualite-mlb\/mathias-lacombe-et-le-reve-americian-episode-1-la-preparation\/"]}]},{"@type":"ImageObject","inLanguage":"fr-FR","@id":"https:\/\/theplayoffs.news\/fr\/actualite-mlb\/mathias-lacombe-et-le-reve-americian-episode-1-la-preparation\/#primaryimage","url":"https:\/\/theplayoffs.news\/fr\/wp-content\/uploads\/2024\/01\/Mathias-Lacombe.jpg","contentUrl":"https:\/\/theplayoffs.news\/fr\/wp-content\/uploads\/2024\/01\/Mathias-Lacombe.jpg","width":1080,"height":810},{"@type":"BreadcrumbList","@id":"https:\/\/theplayoffs.news\/fr\/actualite-mlb\/mathias-lacombe-et-le-reve-americian-episode-1-la-preparation\/#breadcrumb","itemListElement":[{"@type":"ListItem","position":1,"name":"Accueil","item":"https:\/\/theplayoffs.news\/fr\/"},{"@type":"ListItem","position":2,"name":"Mathias Lacombe\u00a0et le \u00ab\u00a0R\u00eave am\u00e9rician\u00a0\u00bb \u00e9pisode 1\u00a0: La pr\u00e9paration\u00a0!"}]},{"@type":"WebSite","@id":"https:\/\/theplayoffs.news\/fr\/#website","url":"https:\/\/theplayoffs.news\/fr\/","name":"The Playoffs FR","description":"NBA-NFL-NHL-MLB","potentialAction":[{"@type":"SearchAction","target":{"@type":"EntryPoint","urlTemplate":"https:\/\/theplayoffs.news\/fr\/?s={search_term_string}"},"query-input":{"@type":"PropertyValueSpecification","valueRequired":true,"valueName":"search_term_string"}}],"inLanguage":"fr-FR"},{"@type":"Person","@id":"https:\/\/theplayoffs.news\/fr\/#\/schema\/person\/940879031feb6d5e27cf3c6b69917900","name":"Nicolas Blanchard","image":{"@type":"ImageObject","inLanguage":"fr-FR","@id":"https:\/\/theplayoffs.news\/fr\/#\/schema\/person\/image\/","url":"https:\/\/secure.gravatar.com\/avatar\/98953498460526f9290cb098aaa573c5e0a48837b1ca5807dd22cace83810899?s=96&d=mm&r=g","contentUrl":"https:\/\/secure.gravatar.com\/avatar\/98953498460526f9290cb098aaa573c5e0a48837b1ca5807dd22cace83810899?s=96&d=mm&r=g","caption":"Nicolas Blanchard"},"description":"Fan de MLB depuis une dizaine d\u2019ann\u00e9es, je suis tomb\u00e9 amoureux des Chicago Cubs lorsque j\u2019ai vu Bill Murray c\u00e9l\u00e9brer ce premier sacre depuis 108 ans. Mon premier contact avec le Sport US s\u2019est fait lorsque je suis tomb\u00e9 sur une VHS d\u2019Allen Iverson et se fut la r\u00e9v\u00e9lation. Je suis devenu r\u00e9dacteur depuis maintenant 4 ans et cela m\u2019apporte une nouvelle vision du Sport US \u00e0 la fois analytique et bien plus globale (et oui il faut couvrir toutes les \u00e9quipes m\u00eame les chaussettes rouges de Boston).","url":"https:\/\/theplayoffs.news\/fr\/author\/nico4017\/"}]}},"_links":{"self":[{"href":"https:\/\/theplayoffs.news\/fr\/wp-json\/wp\/v2\/posts\/1429033","targetHints":{"allow":["GET"]}}],"collection":[{"href":"https:\/\/theplayoffs.news\/fr\/wp-json\/wp\/v2\/posts"}],"about":[{"href":"https:\/\/theplayoffs.news\/fr\/wp-json\/wp\/v2\/types\/post"}],"author":[{"embeddable":true,"href":"https:\/\/theplayoffs.news\/fr\/wp-json\/wp\/v2\/users\/180309823"}],"replies":[{"embeddable":true,"href":"https:\/\/theplayoffs.news\/fr\/wp-json\/wp\/v2\/comments?post=1429033"}],"version-history":[{"count":2,"href":"https:\/\/theplayoffs.news\/fr\/wp-json\/wp\/v2\/posts\/1429033\/revisions"}],"predecessor-version":[{"id":1429040,"href":"https:\/\/theplayoffs.news\/fr\/wp-json\/wp\/v2\/posts\/1429033\/revisions\/1429040"}],"wp:featuredmedia":[{"embeddable":true,"href":"https:\/\/theplayoffs.news\/fr\/wp-json\/wp\/v2\/media\/1283799"}],"wp:attachment":[{"href":"https:\/\/theplayoffs.news\/fr\/wp-json\/wp\/v2\/media?parent=1429033"}],"wp:term":[{"taxonomy":"category","embeddable":true,"href":"https:\/\/theplayoffs.news\/fr\/wp-json\/wp\/v2\/categories?post=1429033"},{"taxonomy":"post_tag","embeddable":true,"href":"https:\/\/theplayoffs.news\/fr\/wp-json\/wp\/v2\/tags?post=1429033"},{"taxonomy":"sport","embeddable":true,"href":"https:\/\/theplayoffs.news\/fr\/wp-json\/wp\/v2\/sport?post=1429033"},{"taxonomy":"saison","embeddable":true,"href":"https:\/\/theplayoffs.news\/fr\/wp-json\/wp\/v2\/saison?post=1429033"}],"curies":[{"name":"wp","href":"https:\/\/api.w.org\/{rel}","templated":true}]}}