{"id":1428257,"date":"2024-04-29T11:31:46","date_gmt":"2024-04-29T09:31:46","guid":{"rendered":"https:\/\/theplayoffs.news\/fr\/?p=1428257"},"modified":"2024-04-29T11:31:46","modified_gmt":"2024-04-29T09:31:46","slug":"matt-carpenter-pas-de-date-de-retour","status":"publish","type":"post","link":"https:\/\/theplayoffs.news\/fr\/actualite-mlb\/matt-carpenter-pas-de-date-de-retour\/","title":{"rendered":"Matt Carpenter : pas de date de retour"},"content":{"rendered":"<h2>Le joueur des Cardinals, Matt Carpenter souffre d&rsquo;une blessure aux obliques et sa date de retour n&rsquo;est pas encore connue.<\/h2><blockquote class=\"twitter-tweet\" data-width=\"500\" data-dnt=\"true\">\n<p lang=\"en\" dir=\"ltr\">The <a href=\"https:\/\/twitter.com\/hashtag\/STLCards?src=hash&amp;ref_src=twsrc%5Etfw\" class=\"trk-cta-link\" data-cta-trk='{\"ctaType\":\"Link\",\"ctaSubType\":\"main\"}'>#STLCards<\/a> still have no date for when DH\/1B Matt Carpenter (strained oblique) will begin a Minor League rehab assignment. Carpenter, who has been out since April 2, has taken BP on the field several times, but he was recently shut down after receiving a cortisone injection.<\/p>\n<p>&mdash; John Denton (@JohnDenton555) <a href=\"https:\/\/twitter.com\/JohnDenton555\/status\/1784603993265590446?ref_src=twsrc%5Etfw\" class=\"trk-cta-link\" data-cta-trk='{\"ctaType\":\"Link\",\"ctaSubType\":\"main\"}'>April 28, 2024<\/a><\/p><\/blockquote><p><script async src=\"https:\/\/platform.twitter.com\/widgets.js\" charset=\"utf-8\"><\/script><\/p><p>Absent depuis d&eacute;j&agrave; 4 semaines, <a href=\"https:\/\/theplayoffs.news\/fr\/joueur\/matt-carpenter-mlb-62030\/\" class=\"trk-cta-link\" data-cta-trk='{\"ctaType\":\"Link\",\"ctaSubType\":\"main\"}'><strong>Matt Carpenter<\/strong><\/a> ne sait toujours pas quand il pourra d&eacute;buter son assignation en ligue mineure en vue d&rsquo;un retour en MLB. Apr&egrave;s avoir re&ccedil;u des injections de cortisone pour soigner sa blessure aux obliques, Carpenter reste toujours dans le flou.<\/p><p>Pourtant, Carpenter a particip&eacute; &agrave; des s&eacute;ances de frappe, indiquant qu&rsquo;il pourrait &ecirc;tre proche d&rsquo;un retour.<\/p><p>Arriv&eacute; cette intersaison pour un an avec les Cardinals, Carpenter n&rsquo;a jou&eacute; que 3 matchs depuis son retour.<\/p><p>&nbsp;<\/p><p>Credit Photo : Sam Navarro-USA TODAY Sports<\/p>\n","protected":false},"excerpt":{"rendered":"","protected":false},"author":180309799,"featured_media":1428261,"comment_status":"open","ping_status":"closed","sticky":false,"template":"","format":"standard","meta":{"inline_featured_image":false,"kia_subtitle":"","_mux_skip_reasons":[],"proofreadBy":0,"footnotes":""},"categories":[188,9],"tags":[4576,457],"sport":[],"saison":[],"class_list":["post-1428257","post","type-post","status-publish","format-standard","has-post-thumbnail","hentry","category-actualite-mlb","category-mlb","tag-matt-carpenter","tag-st-louis-cardinals"],"acf":[],"yoast_head":"<!-- This site is optimized with the Yoast SEO plugin v24.2 - https:\/\/yoast.com\/wordpress\/plugins\/seo\/ -->\n<title>Matt Carpenter : pas de date de retour - The Playoffs FR<\/title>\n<meta name=\"robots\" content=\"index, follow, max-snippet:-1, max-image-preview:large, max-video-preview:-1\" \/>\n<link rel=\"canonical\" href=\"https:\/\/theplayoffs.news\/fr\/actualite-mlb\/matt-carpenter-pas-de-date-de-retour\/\" \/>\n<meta property=\"og:locale\" content=\"fr_FR\" \/>\n<meta property=\"og:type\" content=\"article\" \/>\n<meta property=\"og:title\" content=\"Matt Carpenter : pas de date de retour - The Playoffs FR\" \/>\n<meta property=\"og:url\" content=\"https:\/\/theplayoffs.news\/fr\/actualite-mlb\/matt-carpenter-pas-de-date-de-retour\/\" \/>\n<meta property=\"og:site_name\" content=\"The Playoffs FR\" \/>\n<meta property=\"article:publisher\" content=\"https:\/\/www.facebook.com\/TheFreeAgentFR\/\" \/>\n<meta property=\"article:modified_time\" content=\"2024-04-29T11:31:46+02:00\" \/>\n<meta property=\"og:image\" content=\"https:\/\/theplayoffs.news\/fr\/wp-content\/uploads\/2024\/04\/USATSI_22658574.jpg\" \/>\n\t<meta property=\"og:image:width\" content=\"1920\" \/>\n\t<meta property=\"og:image:height\" content=\"1280\" \/>\n\t<meta property=\"og:image:type\" content=\"image\/jpeg\" \/>\n<meta name=\"author\" content=\"La r\u00e9daction\" \/>\n<meta name=\"twitter:card\" content=\"summary_large_image\" \/>\n<meta name=\"twitter:creator\" content=\"@TheFreeAgentFR\" \/>\n<meta name=\"twitter:site\" content=\"@TheFreeAgentFR\" \/>\n<meta name=\"twitter:label1\" content=\"\u00c9crit par\" \/>\n\t<meta name=\"twitter:data1\" content=\"La r\u00e9daction\" \/>\n\t<meta name=\"twitter:label2\" content=\"Dur\u00e9e de lecture estim\u00e9e\" \/>\n\t<meta name=\"twitter:data2\" content=\"1 minute\" \/>\n<script type=\"application\/ld+json\" class=\"yoast-schema-graph\">{\"@context\":\"https:\/\/schema.org\",\"@graph\":[{\"@type\":\"WebPage\",\"@id\":\"https:\/\/theplayoffs.news\/fr\/actualite-mlb\/matt-carpenter-pas-de-date-de-retour\/\",\"url\":\"https:\/\/theplayoffs.news\/fr\/actualite-mlb\/matt-carpenter-pas-de-date-de-retour\/\",\"name\":\"Matt Carpenter : pas de date de retour - The Playoffs FR\",\"isPartOf\":{\"@id\":\"https:\/\/theplayoffs.news\/fr\/#website\"},\"primaryImageOfPage\":{\"@id\":\"https:\/\/theplayoffs.news\/fr\/actualite-mlb\/matt-carpenter-pas-de-date-de-retour\/#primaryimage\"},\"image\":{\"@id\":\"https:\/\/theplayoffs.news\/fr\/actualite-mlb\/matt-carpenter-pas-de-date-de-retour\/#primaryimage\"},\"thumbnailUrl\":\"https:\/\/theplayoffs.news\/fr\/wp-content\/uploads\/2024\/04\/USATSI_22658574.jpg\",\"datePublished\":\"2024-04-29T09:31:46+00:00\",\"dateModified\":\"2024-04-29T09:31:46+00:00\",\"author\":{\"@id\":\"https:\/\/theplayoffs.news\/fr\/#\/schema\/person\/bb40426f4e478f9bd8cdbfeb4f2f9784\"},\"breadcrumb\":{\"@id\":\"https:\/\/theplayoffs.news\/fr\/actualite-mlb\/matt-carpenter-pas-de-date-de-retour\/#breadcrumb\"},\"inLanguage\":\"fr-FR\",\"potentialAction\":[{\"@type\":\"ReadAction\",\"target\":[\"https:\/\/theplayoffs.news\/fr\/actualite-mlb\/matt-carpenter-pas-de-date-de-retour\/\"]}]},{\"@type\":\"ImageObject\",\"inLanguage\":\"fr-FR\",\"@id\":\"https:\/\/theplayoffs.news\/fr\/actualite-mlb\/matt-carpenter-pas-de-date-de-retour\/#primaryimage\",\"url\":\"https:\/\/theplayoffs.news\/fr\/wp-content\/uploads\/2024\/04\/USATSI_22658574.jpg\",\"contentUrl\":\"https:\/\/theplayoffs.news\/fr\/wp-content\/uploads\/2024\/04\/USATSI_22658574.jpg\",\"width\":1920,\"height\":1280,\"caption\":\"Mar 1, 2024; Jupiter, Florida, USA; St. Louis Cardinals designated hitter Matt Carpenter (13) returns to the dugout after striking out against the New York Mets during the third inning at Roger Dean Chevrolet Stadium. Mandatory Credit: Sam Navarro-USA TODAY Sports\"},{\"@type\":\"BreadcrumbList\",\"@id\":\"https:\/\/theplayoffs.news\/fr\/actualite-mlb\/matt-carpenter-pas-de-date-de-retour\/#breadcrumb\",\"itemListElement\":[{\"@type\":\"ListItem\",\"position\":1,\"name\":\"Accueil\",\"item\":\"https:\/\/theplayoffs.news\/fr\/\"},{\"@type\":\"ListItem\",\"position\":2,\"name\":\"Matt Carpenter : pas de date de retour\"}]},{\"@type\":\"WebSite\",\"@id\":\"https:\/\/theplayoffs.news\/fr\/#website\",\"url\":\"https:\/\/theplayoffs.news\/fr\/\",\"name\":\"The Playoffs FR\",\"description\":\"NBA-NFL-NHL-MLB\",\"potentialAction\":[{\"@type\":\"SearchAction\",\"target\":{\"@type\":\"EntryPoint\",\"urlTemplate\":\"https:\/\/theplayoffs.news\/fr\/?s={search_term_string}\"},\"query-input\":{\"@type\":\"PropertyValueSpecification\",\"valueRequired\":true,\"valueName\":\"search_term_string\"}}],\"inLanguage\":\"fr-FR\"},{\"@type\":\"Person\",\"@id\":\"https:\/\/theplayoffs.news\/fr\/#\/schema\/person\/bb40426f4e478f9bd8cdbfeb4f2f9784\",\"name\":\"La r\u00e9daction\",\"image\":{\"@type\":\"ImageObject\",\"inLanguage\":\"fr-FR\",\"@id\":\"https:\/\/theplayoffs.news\/fr\/#\/schema\/person\/image\/\",\"url\":\"https:\/\/secure.gravatar.com\/avatar\/7e69b41460ab2c17d61c8c364b6a0ee006f957a70191383ef42be1f4733d6515?s=96&d=mm&r=g\",\"contentUrl\":\"https:\/\/secure.gravatar.com\/avatar\/7e69b41460ab2c17d61c8c364b6a0ee006f957a70191383ef42be1f4733d6515?s=96&d=mm&r=g\",\"caption\":\"La r\u00e9daction\"},\"description\":\"On dit qu\\\\'il faut un village pour s\\\\'occuper d\\\\'un enfant. Et bien c\\\\'est exactement ce dont il s\\\\'agit ici pour The Playoffs. La r\u00e9daction, ce sont vos r\u00e9dacteurs pr\u00e9f\u00e9r\u00e9s qui collaborent sur ces articles que vous lisez au quotidien.\u00a0\",\"url\":\"https:\/\/theplayoffs.news\/fr\/author\/freeagentfr\/\"}]}<\/script>\n<!-- \/ Yoast SEO plugin. -->","yoast_head_json":{"title":"Matt Carpenter : pas de date de retour - The Playoffs FR","robots":{"index":"index","follow":"follow","max-snippet":"max-snippet:-1","max-image-preview":"max-image-preview:large","max-video-preview":"max-video-preview:-1"},"canonical":"https:\/\/theplayoffs.news\/fr\/actualite-mlb\/matt-carpenter-pas-de-date-de-retour\/","og_locale":"fr_FR","og_type":"article","og_title":"Matt Carpenter : pas de date de retour - The Playoffs FR","og_url":"https:\/\/theplayoffs.news\/fr\/actualite-mlb\/matt-carpenter-pas-de-date-de-retour\/","og_site_name":"The Playoffs FR","article_publisher":"https:\/\/www.facebook.com\/TheFreeAgentFR\/","og_image":[{"width":1920,"height":1280,"url":"https:\/\/theplayoffs.news\/fr\/wp-content\/uploads\/2024\/04\/USATSI_22658574.jpg","type":"image\/jpeg"}],"author":"La r\u00e9daction","twitter_card":"summary_large_image","twitter_creator":"@TheFreeAgentFR","twitter_site":"@TheFreeAgentFR","twitter_misc":{"\u00c9crit par":"La r\u00e9daction","Dur\u00e9e de lecture estim\u00e9e":"1 minute"},"schema":{"@context":"https:\/\/schema.org","@graph":[{"@type":"WebPage","@id":"https:\/\/theplayoffs.news\/fr\/actualite-mlb\/matt-carpenter-pas-de-date-de-retour\/","url":"https:\/\/theplayoffs.news\/fr\/actualite-mlb\/matt-carpenter-pas-de-date-de-retour\/","name":"Matt Carpenter : pas de date de retour - The Playoffs FR","isPartOf":{"@id":"https:\/\/theplayoffs.news\/fr\/#website"},"primaryImageOfPage":{"@id":"https:\/\/theplayoffs.news\/fr\/actualite-mlb\/matt-carpenter-pas-de-date-de-retour\/#primaryimage"},"image":{"@id":"https:\/\/theplayoffs.news\/fr\/actualite-mlb\/matt-carpenter-pas-de-date-de-retour\/#primaryimage"},"thumbnailUrl":"https:\/\/theplayoffs.news\/fr\/wp-content\/uploads\/2024\/04\/USATSI_22658574.jpg","datePublished":"2024-04-29T09:31:46+00:00","dateModified":"2024-04-29T09:31:46+00:00","author":{"@id":"https:\/\/theplayoffs.news\/fr\/#\/schema\/person\/bb40426f4e478f9bd8cdbfeb4f2f9784"},"breadcrumb":{"@id":"https:\/\/theplayoffs.news\/fr\/actualite-mlb\/matt-carpenter-pas-de-date-de-retour\/#breadcrumb"},"inLanguage":"fr-FR","potentialAction":[{"@type":"ReadAction","target":["https:\/\/theplayoffs.news\/fr\/actualite-mlb\/matt-carpenter-pas-de-date-de-retour\/"]}]},{"@type":"ImageObject","inLanguage":"fr-FR","@id":"https:\/\/theplayoffs.news\/fr\/actualite-mlb\/matt-carpenter-pas-de-date-de-retour\/#primaryimage","url":"https:\/\/theplayoffs.news\/fr\/wp-content\/uploads\/2024\/04\/USATSI_22658574.jpg","contentUrl":"https:\/\/theplayoffs.news\/fr\/wp-content\/uploads\/2024\/04\/USATSI_22658574.jpg","width":1920,"height":1280,"caption":"Mar 1, 2024; Jupiter, Florida, USA; St. Louis Cardinals designated hitter Matt Carpenter (13) returns to the dugout after striking out against the New York Mets during the third inning at Roger Dean Chevrolet Stadium. Mandatory Credit: Sam Navarro-USA TODAY Sports"},{"@type":"BreadcrumbList","@id":"https:\/\/theplayoffs.news\/fr\/actualite-mlb\/matt-carpenter-pas-de-date-de-retour\/#breadcrumb","itemListElement":[{"@type":"ListItem","position":1,"name":"Accueil","item":"https:\/\/theplayoffs.news\/fr\/"},{"@type":"ListItem","position":2,"name":"Matt Carpenter : pas de date de retour"}]},{"@type":"WebSite","@id":"https:\/\/theplayoffs.news\/fr\/#website","url":"https:\/\/theplayoffs.news\/fr\/","name":"The Playoffs FR","description":"NBA-NFL-NHL-MLB","potentialAction":[{"@type":"SearchAction","target":{"@type":"EntryPoint","urlTemplate":"https:\/\/theplayoffs.news\/fr\/?s={search_term_string}"},"query-input":{"@type":"PropertyValueSpecification","valueRequired":true,"valueName":"search_term_string"}}],"inLanguage":"fr-FR"},{"@type":"Person","@id":"https:\/\/theplayoffs.news\/fr\/#\/schema\/person\/bb40426f4e478f9bd8cdbfeb4f2f9784","name":"La r\u00e9daction","image":{"@type":"ImageObject","inLanguage":"fr-FR","@id":"https:\/\/theplayoffs.news\/fr\/#\/schema\/person\/image\/","url":"https:\/\/secure.gravatar.com\/avatar\/7e69b41460ab2c17d61c8c364b6a0ee006f957a70191383ef42be1f4733d6515?s=96&d=mm&r=g","contentUrl":"https:\/\/secure.gravatar.com\/avatar\/7e69b41460ab2c17d61c8c364b6a0ee006f957a70191383ef42be1f4733d6515?s=96&d=mm&r=g","caption":"La r\u00e9daction"},"description":"On dit qu\\'il faut un village pour s\\'occuper d\\'un enfant. Et bien c\\'est exactement ce dont il s\\'agit ici pour The Playoffs. La r\u00e9daction, ce sont vos r\u00e9dacteurs pr\u00e9f\u00e9r\u00e9s qui collaborent sur ces articles que vous lisez au quotidien.\u00a0","url":"https:\/\/theplayoffs.news\/fr\/author\/freeagentfr\/"}]}},"_links":{"self":[{"href":"https:\/\/theplayoffs.news\/fr\/wp-json\/wp\/v2\/posts\/1428257","targetHints":{"allow":["GET"]}}],"collection":[{"href":"https:\/\/theplayoffs.news\/fr\/wp-json\/wp\/v2\/posts"}],"about":[{"href":"https:\/\/theplayoffs.news\/fr\/wp-json\/wp\/v2\/types\/post"}],"author":[{"embeddable":true,"href":"https:\/\/theplayoffs.news\/fr\/wp-json\/wp\/v2\/users\/180309799"}],"replies":[{"embeddable":true,"href":"https:\/\/theplayoffs.news\/fr\/wp-json\/wp\/v2\/comments?post=1428257"}],"version-history":[{"count":3,"href":"https:\/\/theplayoffs.news\/fr\/wp-json\/wp\/v2\/posts\/1428257\/revisions"}],"predecessor-version":[{"id":1428266,"href":"https:\/\/theplayoffs.news\/fr\/wp-json\/wp\/v2\/posts\/1428257\/revisions\/1428266"}],"wp:featuredmedia":[{"embeddable":true,"href":"https:\/\/theplayoffs.news\/fr\/wp-json\/wp\/v2\/media\/1428261"}],"wp:attachment":[{"href":"https:\/\/theplayoffs.news\/fr\/wp-json\/wp\/v2\/media?parent=1428257"}],"wp:term":[{"taxonomy":"category","embeddable":true,"href":"https:\/\/theplayoffs.news\/fr\/wp-json\/wp\/v2\/categories?post=1428257"},{"taxonomy":"post_tag","embeddable":true,"href":"https:\/\/theplayoffs.news\/fr\/wp-json\/wp\/v2\/tags?post=1428257"},{"taxonomy":"sport","embeddable":true,"href":"https:\/\/theplayoffs.news\/fr\/wp-json\/wp\/v2\/sport?post=1428257"},{"taxonomy":"saison","embeddable":true,"href":"https:\/\/theplayoffs.news\/fr\/wp-json\/wp\/v2\/saison?post=1428257"}],"curies":[{"name":"wp","href":"https:\/\/api.w.org\/{rel}","templated":true}]}}