{"id":1427338,"date":"2024-04-26T16:15:33","date_gmt":"2024-04-26T14:15:33","guid":{"rendered":"https:\/\/theplayoffs.news\/fr\/?p=1427338"},"modified":"2024-04-26T16:11:42","modified_gmt":"2024-04-26T14:11:42","slug":"khris-middleton-incertain-pour-le-game-3-face-aux-pacers","status":"publish","type":"post","link":"https:\/\/theplayoffs.news\/fr\/actualite-nba\/khris-middleton-incertain-pour-le-game-3-face-aux-pacers\/","title":{"rendered":"Khris Middleton incertain pour le Game 3 face aux Pacers"},"content":{"rendered":"<h2 style=\"text-align: justify;\"><a href=\"https:\/\/www.espn.co.uk\/nba\/story?id=40023966&amp;_slug_=bucks-khris-middleton-uncertain-game-3-ankle-injury\" class=\"trk-cta-link\" data-cta-trk='{\"ctaType\":\"Link\",\"ctaSubType\":\"main\"}'>Khris Middleton est incertain pour le match 3<\/a> de la s&eacute;rie &eacute;liminatoire les Indiana Pacers apr&egrave;s s&rsquo;&ecirc;tre bless&eacute; &agrave; la cheville lors du dernier match.<\/h2><p style=\"text-align: justify;\"><a href=\"https:\/\/theplayoffs.news\/fr\/joueur\/khris-middleton-nba-13218\/\" class=\"trk-cta-link\" data-cta-trk='{\"ctaType\":\"Link\",\"ctaSubType\":\"main\"}'>Khris Middleton<\/a> boitillait au premier quart-temps de la d&eacute;faite 125-108 des Bucks lors du match 2 mardi et est bri&egrave;vement retourn&eacute; dans le vestiaire, mais il est revenu apr&egrave;s s&rsquo;&ecirc;tre fait retaper la cheville droite et a fini par jouer 36 minutes.<\/p><p style=\"text-align: justify;\">L&rsquo;entra&icirc;neur des Bucks, Doc Rivers, a d&eacute;clar&eacute; que Middleton n&rsquo;avait pas du tout particip&eacute; &agrave; l&rsquo;entra&icirc;nement jeudi et n&rsquo;&eacute;tait pas s&ucirc;r de la disponibilit&eacute; du triple All-Star pour le match de vendredi &agrave; Indianapolis.<\/p><blockquote><p>&laquo;&nbsp;C&rsquo;est une autre situation o&ugrave; nous retenons notre souffle&nbsp;&raquo;, a d&eacute;clar&eacute; Rivers. &laquo;&nbsp;Honn&ecirc;tement, je ne sais pas.&nbsp;&raquo;<\/p><\/blockquote><p style=\"text-align: justify;\">Les Bucks et les Pacers sont &agrave; &eacute;galit&eacute; 1-1 dans la s&eacute;rie au meilleur des sept matchs. Khris Middleton a en moyenne marqu&eacute; 19 points, pris 7,5 rebonds et r&eacute;alis&eacute; 5 passes d&eacute;cisives lors des deux premiers matchs.<\/p><p style=\"text-align: justify;\">Milwaukee a d&eacute;j&agrave; jou&eacute; les deux premiers matchs de cette s&eacute;rie sans le double MVP Giannis Antetokounmpo, qui a &eacute;galement manqu&eacute; les trois derniers matchs de la saison r&eacute;guli&egrave;re des Bucks apr&egrave;s s&rsquo;&ecirc;tre bless&eacute; au mollet gauche lors d&rsquo;une victoire le 9 avril contre les Boston Celtics.<\/p><blockquote><p>&laquo;&nbsp;Il a fait beaucoup de travail sur le terrain aujourd&rsquo;hui, probablement le plus que j&rsquo;ai vu&nbsp;&raquo;, a d&eacute;clar&eacute; Rivers. &laquo;&nbsp;Rien en situation de jeu. Il tirait et se d&eacute;pla&ccedil;ait aujourd&rsquo;hui.&nbsp;&raquo;<\/p><\/blockquote><p style=\"text-align: justify;\">Antetokounmpo est list&eacute; comme incertain pour vendredi.<\/p><blockquote><p>&laquo;&nbsp;Je l&rsquo;ai vu bouger et ma mentalit&eacute; est qu&rsquo;il se rapproche&nbsp;&raquo;, a d&eacute;clar&eacute; Rivers. &laquo;&nbsp;Est-ce que cela signifie un jour, quatre jours ? Je ne suis pas s&ucirc;r.&nbsp;&raquo;<\/p><\/blockquote><p style=\"text-align: justify;\">Les Bucks ont jou&eacute; sans des joueurs cl&eacute;s &agrave; de nombreuses reprises cette ann&eacute;e. Les Bucks ont eu leurs trois meilleurs joueurs &ndash; Giannis Antetokounmpo, Khris Middleton et Damian Lillard &ndash; tous disponibles pour seulement cinq de leurs 35 derniers matchs.<\/p><p style=\"text-align: justify;\">Cette s&eacute;rie de 35 matchs couvre les 33 derniers matchs de la saison r&eacute;guli&egrave;re de Milwaukee et les deux premiers matchs de cette s&eacute;rie.<\/p><p style=\"text-align: justify;\">Cr&eacute;dit photo : Benny Sieu-USA TODAY Sports<\/p>\n","protected":false},"excerpt":{"rendered":"","protected":false},"author":180310243,"featured_media":1427342,"comment_status":"open","ping_status":"closed","sticky":false,"template":"","format":"standard","meta":{"inline_featured_image":false,"kia_subtitle":"","_mux_skip_reasons":[],"proofreadBy":0,"footnotes":""},"categories":[110,10],"tags":[2090,489],"sport":[2783],"saison":[3453],"class_list":["post-1427338","post","type-post","status-publish","format-standard","has-post-thumbnail","hentry","category-actualite-nba","category-nba","tag-khris-middleton","tag-milwaukee-bucks","sport-nba","saison-3453"],"acf":[],"yoast_head":"<!-- This site is optimized with the Yoast SEO plugin v24.2 - https:\/\/yoast.com\/wordpress\/plugins\/seo\/ -->\n<title>Khris Middleton incertain pour le Game 3 face aux Pacers - The Playoffs FR<\/title>\n<meta name=\"robots\" content=\"index, follow, max-snippet:-1, max-image-preview:large, max-video-preview:-1\" \/>\n<link rel=\"canonical\" href=\"https:\/\/theplayoffs.news\/fr\/actualite-nba\/khris-middleton-incertain-pour-le-game-3-face-aux-pacers\/\" \/>\n<meta property=\"og:locale\" content=\"fr_FR\" \/>\n<meta property=\"og:type\" content=\"article\" \/>\n<meta property=\"og:title\" content=\"Khris Middleton incertain pour le Game 3 face aux Pacers - The Playoffs FR\" \/>\n<meta property=\"og:url\" content=\"https:\/\/theplayoffs.news\/fr\/actualite-nba\/khris-middleton-incertain-pour-le-game-3-face-aux-pacers\/\" \/>\n<meta property=\"og:site_name\" content=\"The Playoffs FR\" \/>\n<meta property=\"article:publisher\" content=\"https:\/\/www.facebook.com\/TheFreeAgentFR\/\" \/>\n<meta property=\"article:modified_time\" content=\"2024-04-26T16:15:33+02:00\" \/>\n<meta property=\"og:image\" content=\"https:\/\/theplayoffs.news\/fr\/wp-content\/uploads\/2024\/04\/USATSI_23084775.jpg\" \/>\n\t<meta property=\"og:image:width\" content=\"1920\" \/>\n\t<meta property=\"og:image:height\" content=\"1280\" \/>\n\t<meta property=\"og:image:type\" content=\"image\/jpeg\" \/>\n<meta name=\"author\" content=\"Luc lemercier\" \/>\n<meta name=\"twitter:card\" content=\"summary_large_image\" \/>\n<meta name=\"twitter:creator\" content=\"@TheFreeAgentFR\" \/>\n<meta name=\"twitter:site\" content=\"@TheFreeAgentFR\" \/>\n<meta name=\"twitter:label1\" content=\"\u00c9crit par\" \/>\n\t<meta name=\"twitter:data1\" content=\"Luc lemercier\" \/>\n\t<meta name=\"twitter:label2\" content=\"Dur\u00e9e de lecture estim\u00e9e\" \/>\n\t<meta name=\"twitter:data2\" content=\"2 minutes\" \/>\n<script type=\"application\/ld+json\" class=\"yoast-schema-graph\">{\"@context\":\"https:\/\/schema.org\",\"@graph\":[{\"@type\":\"WebPage\",\"@id\":\"https:\/\/theplayoffs.news\/fr\/actualite-nba\/khris-middleton-incertain-pour-le-game-3-face-aux-pacers\/\",\"url\":\"https:\/\/theplayoffs.news\/fr\/actualite-nba\/khris-middleton-incertain-pour-le-game-3-face-aux-pacers\/\",\"name\":\"Khris Middleton incertain pour le Game 3 face aux Pacers - The Playoffs FR\",\"isPartOf\":{\"@id\":\"https:\/\/theplayoffs.news\/fr\/#website\"},\"primaryImageOfPage\":{\"@id\":\"https:\/\/theplayoffs.news\/fr\/actualite-nba\/khris-middleton-incertain-pour-le-game-3-face-aux-pacers\/#primaryimage\"},\"image\":{\"@id\":\"https:\/\/theplayoffs.news\/fr\/actualite-nba\/khris-middleton-incertain-pour-le-game-3-face-aux-pacers\/#primaryimage\"},\"thumbnailUrl\":\"https:\/\/theplayoffs.news\/fr\/wp-content\/uploads\/2024\/04\/USATSI_23084775.jpg\",\"datePublished\":\"2024-04-26T14:15:33+00:00\",\"dateModified\":\"2024-04-26T16:15:33+02:00\",\"author\":{\"@id\":\"https:\/\/theplayoffs.news\/fr\/#\/schema\/person\/801c54a27bc55531da5bcae43d637b35\"},\"breadcrumb\":{\"@id\":\"https:\/\/theplayoffs.news\/fr\/actualite-nba\/khris-middleton-incertain-pour-le-game-3-face-aux-pacers\/#breadcrumb\"},\"inLanguage\":\"fr-FR\",\"potentialAction\":[{\"@type\":\"ReadAction\",\"target\":[\"https:\/\/theplayoffs.news\/fr\/actualite-nba\/khris-middleton-incertain-pour-le-game-3-face-aux-pacers\/\"]}]},{\"@type\":\"ImageObject\",\"inLanguage\":\"fr-FR\",\"@id\":\"https:\/\/theplayoffs.news\/fr\/actualite-nba\/khris-middleton-incertain-pour-le-game-3-face-aux-pacers\/#primaryimage\",\"url\":\"https:\/\/theplayoffs.news\/fr\/wp-content\/uploads\/2024\/04\/USATSI_23084775.jpg\",\"contentUrl\":\"https:\/\/theplayoffs.news\/fr\/wp-content\/uploads\/2024\/04\/USATSI_23084775.jpg\",\"width\":1920,\"height\":1280,\"caption\":\"Apr 21, 2024; Milwaukee, Wisconsin, USA; Milwaukee Bucks forward Khris Middleton (22) grabs a rebound in the fourth quarter against the Indiana Pacers during game one of the first round for the 2024 NBA playoffs at Fiserv Forum. Mandatory Credit: Benny Sieu-USA TODAY Sports\"},{\"@type\":\"BreadcrumbList\",\"@id\":\"https:\/\/theplayoffs.news\/fr\/actualite-nba\/khris-middleton-incertain-pour-le-game-3-face-aux-pacers\/#breadcrumb\",\"itemListElement\":[{\"@type\":\"ListItem\",\"position\":1,\"name\":\"Accueil\",\"item\":\"https:\/\/theplayoffs.news\/fr\/\"},{\"@type\":\"ListItem\",\"position\":2,\"name\":\"Khris Middleton incertain pour le Game 3 face aux Pacers\"}]},{\"@type\":\"WebSite\",\"@id\":\"https:\/\/theplayoffs.news\/fr\/#website\",\"url\":\"https:\/\/theplayoffs.news\/fr\/\",\"name\":\"The Playoffs FR\",\"description\":\"NBA-NFL-NHL-MLB\",\"potentialAction\":[{\"@type\":\"SearchAction\",\"target\":{\"@type\":\"EntryPoint\",\"urlTemplate\":\"https:\/\/theplayoffs.news\/fr\/?s={search_term_string}\"},\"query-input\":{\"@type\":\"PropertyValueSpecification\",\"valueRequired\":true,\"valueName\":\"search_term_string\"}}],\"inLanguage\":\"fr-FR\"},{\"@type\":\"Person\",\"@id\":\"https:\/\/theplayoffs.news\/fr\/#\/schema\/person\/801c54a27bc55531da5bcae43d637b35\",\"name\":\"Luc lemercier\",\"image\":{\"@type\":\"ImageObject\",\"inLanguage\":\"fr-FR\",\"@id\":\"https:\/\/theplayoffs.news\/fr\/#\/schema\/person\/image\/\",\"url\":\"https:\/\/secure.gravatar.com\/avatar\/589c260bbb94457b6669c7e720679779767022dd620aaeb224cce2bacab793e7?s=96&d=mm&r=g\",\"contentUrl\":\"https:\/\/secure.gravatar.com\/avatar\/589c260bbb94457b6669c7e720679779767022dd620aaeb224cce2bacab793e7?s=96&d=mm&r=g\",\"caption\":\"Luc lemercier\"},\"url\":\"https:\/\/theplayoffs.news\/fr\/author\/luc-lemercierhotmail-fr\/\"}]}<\/script>\n<!-- \/ Yoast SEO plugin. -->","yoast_head_json":{"title":"Khris Middleton incertain pour le Game 3 face aux Pacers - The Playoffs FR","robots":{"index":"index","follow":"follow","max-snippet":"max-snippet:-1","max-image-preview":"max-image-preview:large","max-video-preview":"max-video-preview:-1"},"canonical":"https:\/\/theplayoffs.news\/fr\/actualite-nba\/khris-middleton-incertain-pour-le-game-3-face-aux-pacers\/","og_locale":"fr_FR","og_type":"article","og_title":"Khris Middleton incertain pour le Game 3 face aux Pacers - The Playoffs FR","og_url":"https:\/\/theplayoffs.news\/fr\/actualite-nba\/khris-middleton-incertain-pour-le-game-3-face-aux-pacers\/","og_site_name":"The Playoffs FR","article_publisher":"https:\/\/www.facebook.com\/TheFreeAgentFR\/","article_modified_time":"2024-04-26T14:11:42+00:00","og_image":[{"width":1920,"height":1280,"url":"https:\/\/theplayoffs.news\/fr\/wp-content\/uploads\/2024\/04\/USATSI_23084775.jpg","type":"image\/jpeg"}],"author":"Luc lemercier","twitter_card":"summary_large_image","twitter_creator":"@TheFreeAgentFR","twitter_site":"@TheFreeAgentFR","twitter_misc":{"\u00c9crit par":"Luc lemercier","Dur\u00e9e de lecture estim\u00e9e":"2 minutes"},"schema":{"@context":"https:\/\/schema.org","@graph":[{"@type":"WebPage","@id":"https:\/\/theplayoffs.news\/fr\/actualite-nba\/khris-middleton-incertain-pour-le-game-3-face-aux-pacers\/","url":"https:\/\/theplayoffs.news\/fr\/actualite-nba\/khris-middleton-incertain-pour-le-game-3-face-aux-pacers\/","name":"Khris Middleton incertain pour le Game 3 face aux Pacers - The Playoffs FR","isPartOf":{"@id":"https:\/\/theplayoffs.news\/fr\/#website"},"primaryImageOfPage":{"@id":"https:\/\/theplayoffs.news\/fr\/actualite-nba\/khris-middleton-incertain-pour-le-game-3-face-aux-pacers\/#primaryimage"},"image":{"@id":"https:\/\/theplayoffs.news\/fr\/actualite-nba\/khris-middleton-incertain-pour-le-game-3-face-aux-pacers\/#primaryimage"},"thumbnailUrl":"https:\/\/theplayoffs.news\/fr\/wp-content\/uploads\/2024\/04\/USATSI_23084775.jpg","datePublished":"2024-04-26T14:15:33+00:00","dateModified":"2024-04-26T16:15:33+02:00","author":{"@id":"https:\/\/theplayoffs.news\/fr\/#\/schema\/person\/801c54a27bc55531da5bcae43d637b35"},"breadcrumb":{"@id":"https:\/\/theplayoffs.news\/fr\/actualite-nba\/khris-middleton-incertain-pour-le-game-3-face-aux-pacers\/#breadcrumb"},"inLanguage":"fr-FR","potentialAction":[{"@type":"ReadAction","target":["https:\/\/theplayoffs.news\/fr\/actualite-nba\/khris-middleton-incertain-pour-le-game-3-face-aux-pacers\/"]}]},{"@type":"ImageObject","inLanguage":"fr-FR","@id":"https:\/\/theplayoffs.news\/fr\/actualite-nba\/khris-middleton-incertain-pour-le-game-3-face-aux-pacers\/#primaryimage","url":"https:\/\/theplayoffs.news\/fr\/wp-content\/uploads\/2024\/04\/USATSI_23084775.jpg","contentUrl":"https:\/\/theplayoffs.news\/fr\/wp-content\/uploads\/2024\/04\/USATSI_23084775.jpg","width":1920,"height":1280,"caption":"Apr 21, 2024; Milwaukee, Wisconsin, USA; Milwaukee Bucks forward Khris Middleton (22) grabs a rebound in the fourth quarter against the Indiana Pacers during game one of the first round for the 2024 NBA playoffs at Fiserv Forum. Mandatory Credit: Benny Sieu-USA TODAY Sports"},{"@type":"BreadcrumbList","@id":"https:\/\/theplayoffs.news\/fr\/actualite-nba\/khris-middleton-incertain-pour-le-game-3-face-aux-pacers\/#breadcrumb","itemListElement":[{"@type":"ListItem","position":1,"name":"Accueil","item":"https:\/\/theplayoffs.news\/fr\/"},{"@type":"ListItem","position":2,"name":"Khris Middleton incertain pour le Game 3 face aux Pacers"}]},{"@type":"WebSite","@id":"https:\/\/theplayoffs.news\/fr\/#website","url":"https:\/\/theplayoffs.news\/fr\/","name":"The Playoffs FR","description":"NBA-NFL-NHL-MLB","potentialAction":[{"@type":"SearchAction","target":{"@type":"EntryPoint","urlTemplate":"https:\/\/theplayoffs.news\/fr\/?s={search_term_string}"},"query-input":{"@type":"PropertyValueSpecification","valueRequired":true,"valueName":"search_term_string"}}],"inLanguage":"fr-FR"},{"@type":"Person","@id":"https:\/\/theplayoffs.news\/fr\/#\/schema\/person\/801c54a27bc55531da5bcae43d637b35","name":"Luc lemercier","image":{"@type":"ImageObject","inLanguage":"fr-FR","@id":"https:\/\/theplayoffs.news\/fr\/#\/schema\/person\/image\/","url":"https:\/\/secure.gravatar.com\/avatar\/589c260bbb94457b6669c7e720679779767022dd620aaeb224cce2bacab793e7?s=96&d=mm&r=g","contentUrl":"https:\/\/secure.gravatar.com\/avatar\/589c260bbb94457b6669c7e720679779767022dd620aaeb224cce2bacab793e7?s=96&d=mm&r=g","caption":"Luc lemercier"},"url":"https:\/\/theplayoffs.news\/fr\/author\/luc-lemercierhotmail-fr\/"}]}},"_links":{"self":[{"href":"https:\/\/theplayoffs.news\/fr\/wp-json\/wp\/v2\/posts\/1427338","targetHints":{"allow":["GET"]}}],"collection":[{"href":"https:\/\/theplayoffs.news\/fr\/wp-json\/wp\/v2\/posts"}],"about":[{"href":"https:\/\/theplayoffs.news\/fr\/wp-json\/wp\/v2\/types\/post"}],"author":[{"embeddable":true,"href":"https:\/\/theplayoffs.news\/fr\/wp-json\/wp\/v2\/users\/180310243"}],"replies":[{"embeddable":true,"href":"https:\/\/theplayoffs.news\/fr\/wp-json\/wp\/v2\/comments?post=1427338"}],"version-history":[{"count":4,"href":"https:\/\/theplayoffs.news\/fr\/wp-json\/wp\/v2\/posts\/1427338\/revisions"}],"predecessor-version":[{"id":1427354,"href":"https:\/\/theplayoffs.news\/fr\/wp-json\/wp\/v2\/posts\/1427338\/revisions\/1427354"}],"wp:featuredmedia":[{"embeddable":true,"href":"https:\/\/theplayoffs.news\/fr\/wp-json\/wp\/v2\/media\/1427342"}],"wp:attachment":[{"href":"https:\/\/theplayoffs.news\/fr\/wp-json\/wp\/v2\/media?parent=1427338"}],"wp:term":[{"taxonomy":"category","embeddable":true,"href":"https:\/\/theplayoffs.news\/fr\/wp-json\/wp\/v2\/categories?post=1427338"},{"taxonomy":"post_tag","embeddable":true,"href":"https:\/\/theplayoffs.news\/fr\/wp-json\/wp\/v2\/tags?post=1427338"},{"taxonomy":"sport","embeddable":true,"href":"https:\/\/theplayoffs.news\/fr\/wp-json\/wp\/v2\/sport?post=1427338"},{"taxonomy":"saison","embeddable":true,"href":"https:\/\/theplayoffs.news\/fr\/wp-json\/wp\/v2\/saison?post=1427338"}],"curies":[{"name":"wp","href":"https:\/\/api.w.org\/{rel}","templated":true}]}}