{"id":1427017,"date":"2024-04-25T15:30:09","date_gmt":"2024-04-25T13:30:09","guid":{"rendered":"https:\/\/theplayoffs.news\/fr\/?p=1427017"},"modified":"2024-04-25T15:18:53","modified_gmt":"2024-04-25T13:18:53","slug":"david-quinn-congedie-par-les-sharks","status":"publish","type":"post","link":"https:\/\/theplayoffs.news\/fr\/actualite-nhl\/david-quinn-congedie-par-les-sharks\/","title":{"rendered":"David Quinn cong\u00e9di\u00e9 par les Sharks"},"content":{"rendered":"<h2>Apr&egrave;s deux saisons compliqu&eacute;es chez des San Jose Sharks en reconstruction, David Quinn est finalement d&eacute;mis de ses fonctions et n&rsquo;est donc plus l&rsquo;entraineur en chef des Sharks<\/h2><p>En deux ans chez les Sharks, David Quinn c&rsquo;est 41 victoires, 98 d&eacute;faites et 25 d&eacute;faites en prolongation. Un bilan plus que d&eacute;sastreux, surtout cette ann&eacute;e, avec des d&eacute;faites qui tournaient souvent au ridicule, comme le samedi 4 novembre 2023 et une d&eacute;faite 10 &agrave; 2 contre les Pittsburgh Pinguins.<\/p><p>On ne peut pas dire non plus qu&rsquo;il est enti&egrave;rement responsable de cette saison catastrophique. Quand on voit des d&eacute;parts en pleine saison comme celui de Thomas Hertl ou bien d&rsquo;<a href=\"https:\/\/theplayoffs.news\/fr\/joueur\/anthony-duclair-nhl-6084172\/\" class=\"trk-cta-link\" data-cta-trk='{\"ctaType\":\"Link\",\"ctaSubType\":\"main\"}'>Anthony Duclair<\/a>, on se dit qu&rsquo;il est &eacute;videmment compliqu&eacute; de cr&eacute;er un semblant de collectif quand tes leaders partent comme &ccedil;a.<\/p><p>Mais selon le directeur g&eacute;n&eacute;ral des Sharks, Mike Grier, D<a href=\"https:\/\/x.com\/SanJoseSharks\/status\/1783214338054185009\" class=\"trk-cta-link\" data-cta-trk='{\"ctaType\":\"Link\",\"ctaSubType\":\"main\"}'>avid Quinn a abattu un travail formidable lors de son passage<\/a>.<\/p><blockquote><p><em>&laquo; Apr&egrave;s avoir suivi notre processus de rencontres internes de fin de saison et &eacute;valu&eacute; o&ugrave; nous en sommes en tant qu&rsquo;&eacute;quipe et o&ugrave; nous voulons nous rendre, nous avons pris la d&eacute;cision difficile de proc&eacute;der &agrave; un changement au poste d&rsquo;entra&icirc;neur-chef, a d&eacute;clar&eacute; Grier par voie de communiqu&eacute;. David est un bon entra&icirc;neur et une meilleure personne encore. Je tiens &agrave; le remercier personnellement pour son travail acharn&eacute; au cours des deux derni&egrave;res saisons. Son &eacute;quipe et lui ont fait un travail admirable dans des circonstances difficiles, et j&rsquo;appr&eacute;cie sinc&egrave;rement la fa&ccedil;on dont ils ont g&eacute;r&eacute; la situation. &raquo;<\/em><\/p><\/blockquote><p>Rien n&rsquo;a &eacute;t&eacute; communiqu&eacute; pour ce qui &eacute;tait du nouveau coach des Sharks, on souhaite en tout cas au nouvel entraineur des Sharks du succ&egrave;s pour remettre sur pied cette franchise historique. Et &agrave; David Quinn de retrouver un banc pour la saison prochaine.<\/p><blockquote class=\"twitter-tweet\" data-width=\"500\" data-dnt=\"true\">\n<p lang=\"en\" dir=\"ltr\">Thank you, Quinny.<\/p>\n<p>\"David is a good coach and an even better person. I would like to personally thank him for his hard work over these past two seasons.\" &ndash; Mike Grier <a href=\"https:\/\/t.co\/2NQHkhI9Rt\" class=\"trk-cta-link\" data-cta-trk='{\"ctaType\":\"Link\",\"ctaSubType\":\"main\"}'>pic.twitter.com\/2NQHkhI9Rt<\/a><\/p>\n<p>&mdash; San Jose Sharks (@SanJoseSharks) <a href=\"https:\/\/twitter.com\/SanJoseSharks\/status\/1783214338054185009?ref_src=twsrc%5Etfw\" class=\"trk-cta-link\" data-cta-trk='{\"ctaType\":\"Link\",\"ctaSubType\":\"main\"}'>April 24, 2024<\/a><\/p><\/blockquote><p><script async src=\"https:\/\/platform.twitter.com\/widgets.js\" charset=\"utf-8\"><\/script><\/p><p>Credit Photo : Robert Edwards-USA TODAY Sports<\/p>\n","protected":false},"excerpt":{"rendered":"","protected":false},"author":180310241,"featured_media":1427026,"comment_status":"open","ping_status":"closed","sticky":false,"template":"","format":"standard","meta":{"inline_featured_image":false,"kia_subtitle":"","_mux_skip_reasons":[],"proofreadBy":0,"footnotes":""},"categories":[187,26],"tags":[2518,354],"sport":[2784],"saison":[6111],"class_list":["post-1427017","post","type-post","status-publish","format-standard","has-post-thumbnail","hentry","category-actualite-nhl","category-nhl","tag-david-quinn","tag-san-jose-sharks","sport-nhl","saison-6111"],"acf":[],"yoast_head":"<!-- This site is optimized with the Yoast SEO plugin v24.2 - https:\/\/yoast.com\/wordpress\/plugins\/seo\/ -->\n<title>David Quinn cong&eacute;di&eacute; par les Sharks - The Playoffs FR<\/title>\n<meta name=\"robots\" content=\"index, follow, max-snippet:-1, max-image-preview:large, max-video-preview:-1\" \/>\n<link rel=\"canonical\" href=\"https:\/\/theplayoffs.news\/fr\/actualite-nhl\/david-quinn-congedie-par-les-sharks\/\" \/>\n<meta property=\"og:locale\" content=\"fr_FR\" \/>\n<meta property=\"og:type\" content=\"article\" \/>\n<meta property=\"og:title\" content=\"David Quinn cong&eacute;di&eacute; par les Sharks - The Playoffs FR\" \/>\n<meta property=\"og:url\" content=\"https:\/\/theplayoffs.news\/fr\/actualite-nhl\/david-quinn-congedie-par-les-sharks\/\" \/>\n<meta property=\"og:site_name\" content=\"The Playoffs FR\" \/>\n<meta property=\"article:publisher\" content=\"https:\/\/www.facebook.com\/TheFreeAgentFR\/\" \/>\n<meta property=\"article:modified_time\" content=\"2024-04-25T15:30:09+02:00\" \/>\n<meta property=\"og:image\" content=\"https:\/\/theplayoffs.news\/fr\/wp-content\/uploads\/2024\/04\/Photo-David-Quinn.jpg\" \/>\n\t<meta property=\"og:image:width\" content=\"1920\" \/>\n\t<meta property=\"og:image:height\" content=\"1280\" \/>\n\t<meta property=\"og:image:type\" content=\"image\/jpeg\" \/>\n<meta name=\"author\" content=\"Augustin Riveron\" \/>\n<meta name=\"twitter:card\" content=\"summary_large_image\" \/>\n<meta name=\"twitter:creator\" content=\"@TheFreeAgentFR\" \/>\n<meta name=\"twitter:site\" content=\"@TheFreeAgentFR\" \/>\n<meta name=\"twitter:label1\" content=\"\u00c9crit par\" \/>\n\t<meta name=\"twitter:data1\" content=\"Augustin Riveron\" \/>\n\t<meta name=\"twitter:label2\" content=\"Dur\u00e9e de lecture estim\u00e9e\" \/>\n\t<meta name=\"twitter:data2\" content=\"2 minutes\" \/>\n<script type=\"application\/ld+json\" class=\"yoast-schema-graph\">{\"@context\":\"https:\/\/schema.org\",\"@graph\":[{\"@type\":\"WebPage\",\"@id\":\"https:\/\/theplayoffs.news\/fr\/actualite-nhl\/david-quinn-congedie-par-les-sharks\/\",\"url\":\"https:\/\/theplayoffs.news\/fr\/actualite-nhl\/david-quinn-congedie-par-les-sharks\/\",\"name\":\"David Quinn cong\u00e9di\u00e9 par les Sharks - The Playoffs FR\",\"isPartOf\":{\"@id\":\"https:\/\/theplayoffs.news\/fr\/#website\"},\"primaryImageOfPage\":{\"@id\":\"https:\/\/theplayoffs.news\/fr\/actualite-nhl\/david-quinn-congedie-par-les-sharks\/#primaryimage\"},\"image\":{\"@id\":\"https:\/\/theplayoffs.news\/fr\/actualite-nhl\/david-quinn-congedie-par-les-sharks\/#primaryimage\"},\"thumbnailUrl\":\"https:\/\/theplayoffs.news\/fr\/wp-content\/uploads\/2024\/04\/Photo-David-Quinn.jpg\",\"datePublished\":\"2024-04-25T13:30:09+00:00\",\"dateModified\":\"2024-04-25T15:30:09+02:00\",\"author\":{\"@id\":\"https:\/\/theplayoffs.news\/fr\/#\/schema\/person\/6c57838882f89046acb1a469126746b7\"},\"breadcrumb\":{\"@id\":\"https:\/\/theplayoffs.news\/fr\/actualite-nhl\/david-quinn-congedie-par-les-sharks\/#breadcrumb\"},\"inLanguage\":\"fr-FR\",\"potentialAction\":[{\"@type\":\"ReadAction\",\"target\":[\"https:\/\/theplayoffs.news\/fr\/actualite-nhl\/david-quinn-congedie-par-les-sharks\/\"]}]},{\"@type\":\"ImageObject\",\"inLanguage\":\"fr-FR\",\"@id\":\"https:\/\/theplayoffs.news\/fr\/actualite-nhl\/david-quinn-congedie-par-les-sharks\/#primaryimage\",\"url\":\"https:\/\/theplayoffs.news\/fr\/wp-content\/uploads\/2024\/04\/Photo-David-Quinn.jpg\",\"contentUrl\":\"https:\/\/theplayoffs.news\/fr\/wp-content\/uploads\/2024\/04\/Photo-David-Quinn.jpg\",\"width\":1920,\"height\":1280,\"caption\":\"Mar 21, 2024; San Jose, California, USA; San Jose Sharks head coach David Quinn (center) and assistant coach Brian Wiseman watch game play against the Tampa Bay Lightning during the third period at SAP Center at San Jose. Mandatory Credit: Robert Edwards-USA TODAY Sports\"},{\"@type\":\"BreadcrumbList\",\"@id\":\"https:\/\/theplayoffs.news\/fr\/actualite-nhl\/david-quinn-congedie-par-les-sharks\/#breadcrumb\",\"itemListElement\":[{\"@type\":\"ListItem\",\"position\":1,\"name\":\"Accueil\",\"item\":\"https:\/\/theplayoffs.news\/fr\/\"},{\"@type\":\"ListItem\",\"position\":2,\"name\":\"David Quinn cong\u00e9di\u00e9 par les Sharks\"}]},{\"@type\":\"WebSite\",\"@id\":\"https:\/\/theplayoffs.news\/fr\/#website\",\"url\":\"https:\/\/theplayoffs.news\/fr\/\",\"name\":\"The Playoffs FR\",\"description\":\"NBA-NFL-NHL-MLB\",\"potentialAction\":[{\"@type\":\"SearchAction\",\"target\":{\"@type\":\"EntryPoint\",\"urlTemplate\":\"https:\/\/theplayoffs.news\/fr\/?s={search_term_string}\"},\"query-input\":{\"@type\":\"PropertyValueSpecification\",\"valueRequired\":true,\"valueName\":\"search_term_string\"}}],\"inLanguage\":\"fr-FR\"},{\"@type\":\"Person\",\"@id\":\"https:\/\/theplayoffs.news\/fr\/#\/schema\/person\/6c57838882f89046acb1a469126746b7\",\"name\":\"Augustin Riveron\",\"image\":{\"@type\":\"ImageObject\",\"inLanguage\":\"fr-FR\",\"@id\":\"https:\/\/theplayoffs.news\/fr\/#\/schema\/person\/image\/\",\"url\":\"https:\/\/secure.gravatar.com\/avatar\/a60ae09e43d53d832185e44e4832a6bbb342aaf556e8b223a779777ab6267eec?s=96&d=mm&r=g\",\"contentUrl\":\"https:\/\/secure.gravatar.com\/avatar\/a60ae09e43d53d832185e44e4832a6bbb342aaf556e8b223a779777ab6267eec?s=96&d=mm&r=g\",\"caption\":\"Augustin Riveron\"},\"url\":\"https:\/\/theplayoffs.news\/fr\/author\/augustin-riveronwin-sport-school-org\/\"}]}<\/script>\n<!-- \/ Yoast SEO plugin. -->","yoast_head_json":{"title":"David Quinn cong&eacute;di&eacute; par les Sharks - The Playoffs FR","robots":{"index":"index","follow":"follow","max-snippet":"max-snippet:-1","max-image-preview":"max-image-preview:large","max-video-preview":"max-video-preview:-1"},"canonical":"https:\/\/theplayoffs.news\/fr\/actualite-nhl\/david-quinn-congedie-par-les-sharks\/","og_locale":"fr_FR","og_type":"article","og_title":"David Quinn cong&eacute;di&eacute; par les Sharks - The Playoffs FR","og_url":"https:\/\/theplayoffs.news\/fr\/actualite-nhl\/david-quinn-congedie-par-les-sharks\/","og_site_name":"The Playoffs FR","article_publisher":"https:\/\/www.facebook.com\/TheFreeAgentFR\/","article_modified_time":"2024-04-25T13:18:53+00:00","og_image":[{"width":1920,"height":1280,"url":"https:\/\/theplayoffs.news\/fr\/wp-content\/uploads\/2024\/04\/Photo-David-Quinn.jpg","type":"image\/jpeg"}],"author":"Augustin Riveron","twitter_card":"summary_large_image","twitter_creator":"@TheFreeAgentFR","twitter_site":"@TheFreeAgentFR","twitter_misc":{"\u00c9crit par":"Augustin Riveron","Dur\u00e9e de lecture estim\u00e9e":"2 minutes"},"schema":{"@context":"https:\/\/schema.org","@graph":[{"@type":"WebPage","@id":"https:\/\/theplayoffs.news\/fr\/actualite-nhl\/david-quinn-congedie-par-les-sharks\/","url":"https:\/\/theplayoffs.news\/fr\/actualite-nhl\/david-quinn-congedie-par-les-sharks\/","name":"David Quinn cong\u00e9di\u00e9 par les Sharks - The Playoffs FR","isPartOf":{"@id":"https:\/\/theplayoffs.news\/fr\/#website"},"primaryImageOfPage":{"@id":"https:\/\/theplayoffs.news\/fr\/actualite-nhl\/david-quinn-congedie-par-les-sharks\/#primaryimage"},"image":{"@id":"https:\/\/theplayoffs.news\/fr\/actualite-nhl\/david-quinn-congedie-par-les-sharks\/#primaryimage"},"thumbnailUrl":"https:\/\/theplayoffs.news\/fr\/wp-content\/uploads\/2024\/04\/Photo-David-Quinn.jpg","datePublished":"2024-04-25T13:30:09+00:00","dateModified":"2024-04-25T15:30:09+02:00","author":{"@id":"https:\/\/theplayoffs.news\/fr\/#\/schema\/person\/6c57838882f89046acb1a469126746b7"},"breadcrumb":{"@id":"https:\/\/theplayoffs.news\/fr\/actualite-nhl\/david-quinn-congedie-par-les-sharks\/#breadcrumb"},"inLanguage":"fr-FR","potentialAction":[{"@type":"ReadAction","target":["https:\/\/theplayoffs.news\/fr\/actualite-nhl\/david-quinn-congedie-par-les-sharks\/"]}]},{"@type":"ImageObject","inLanguage":"fr-FR","@id":"https:\/\/theplayoffs.news\/fr\/actualite-nhl\/david-quinn-congedie-par-les-sharks\/#primaryimage","url":"https:\/\/theplayoffs.news\/fr\/wp-content\/uploads\/2024\/04\/Photo-David-Quinn.jpg","contentUrl":"https:\/\/theplayoffs.news\/fr\/wp-content\/uploads\/2024\/04\/Photo-David-Quinn.jpg","width":1920,"height":1280,"caption":"Mar 21, 2024; San Jose, California, USA; San Jose Sharks head coach David Quinn (center) and assistant coach Brian Wiseman watch game play against the Tampa Bay Lightning during the third period at SAP Center at San Jose. Mandatory Credit: Robert Edwards-USA TODAY Sports"},{"@type":"BreadcrumbList","@id":"https:\/\/theplayoffs.news\/fr\/actualite-nhl\/david-quinn-congedie-par-les-sharks\/#breadcrumb","itemListElement":[{"@type":"ListItem","position":1,"name":"Accueil","item":"https:\/\/theplayoffs.news\/fr\/"},{"@type":"ListItem","position":2,"name":"David Quinn cong\u00e9di\u00e9 par les Sharks"}]},{"@type":"WebSite","@id":"https:\/\/theplayoffs.news\/fr\/#website","url":"https:\/\/theplayoffs.news\/fr\/","name":"The Playoffs FR","description":"NBA-NFL-NHL-MLB","potentialAction":[{"@type":"SearchAction","target":{"@type":"EntryPoint","urlTemplate":"https:\/\/theplayoffs.news\/fr\/?s={search_term_string}"},"query-input":{"@type":"PropertyValueSpecification","valueRequired":true,"valueName":"search_term_string"}}],"inLanguage":"fr-FR"},{"@type":"Person","@id":"https:\/\/theplayoffs.news\/fr\/#\/schema\/person\/6c57838882f89046acb1a469126746b7","name":"Augustin Riveron","image":{"@type":"ImageObject","inLanguage":"fr-FR","@id":"https:\/\/theplayoffs.news\/fr\/#\/schema\/person\/image\/","url":"https:\/\/secure.gravatar.com\/avatar\/a60ae09e43d53d832185e44e4832a6bbb342aaf556e8b223a779777ab6267eec?s=96&d=mm&r=g","contentUrl":"https:\/\/secure.gravatar.com\/avatar\/a60ae09e43d53d832185e44e4832a6bbb342aaf556e8b223a779777ab6267eec?s=96&d=mm&r=g","caption":"Augustin Riveron"},"url":"https:\/\/theplayoffs.news\/fr\/author\/augustin-riveronwin-sport-school-org\/"}]}},"_links":{"self":[{"href":"https:\/\/theplayoffs.news\/fr\/wp-json\/wp\/v2\/posts\/1427017","targetHints":{"allow":["GET"]}}],"collection":[{"href":"https:\/\/theplayoffs.news\/fr\/wp-json\/wp\/v2\/posts"}],"about":[{"href":"https:\/\/theplayoffs.news\/fr\/wp-json\/wp\/v2\/types\/post"}],"author":[{"embeddable":true,"href":"https:\/\/theplayoffs.news\/fr\/wp-json\/wp\/v2\/users\/180310241"}],"replies":[{"embeddable":true,"href":"https:\/\/theplayoffs.news\/fr\/wp-json\/wp\/v2\/comments?post=1427017"}],"version-history":[{"count":3,"href":"https:\/\/theplayoffs.news\/fr\/wp-json\/wp\/v2\/posts\/1427017\/revisions"}],"predecessor-version":[{"id":1427030,"href":"https:\/\/theplayoffs.news\/fr\/wp-json\/wp\/v2\/posts\/1427017\/revisions\/1427030"}],"wp:featuredmedia":[{"embeddable":true,"href":"https:\/\/theplayoffs.news\/fr\/wp-json\/wp\/v2\/media\/1427026"}],"wp:attachment":[{"href":"https:\/\/theplayoffs.news\/fr\/wp-json\/wp\/v2\/media?parent=1427017"}],"wp:term":[{"taxonomy":"category","embeddable":true,"href":"https:\/\/theplayoffs.news\/fr\/wp-json\/wp\/v2\/categories?post=1427017"},{"taxonomy":"post_tag","embeddable":true,"href":"https:\/\/theplayoffs.news\/fr\/wp-json\/wp\/v2\/tags?post=1427017"},{"taxonomy":"sport","embeddable":true,"href":"https:\/\/theplayoffs.news\/fr\/wp-json\/wp\/v2\/sport?post=1427017"},{"taxonomy":"saison","embeddable":true,"href":"https:\/\/theplayoffs.news\/fr\/wp-json\/wp\/v2\/saison?post=1427017"}],"curies":[{"name":"wp","href":"https:\/\/api.w.org\/{rel}","templated":true}]}}