{"id":1426691,"date":"2024-04-24T14:50:04","date_gmt":"2024-04-24T12:50:04","guid":{"rendered":"https:\/\/theplayoffs.news\/fr\/?p=1426691"},"modified":"2024-04-24T14:39:57","modified_gmt":"2024-04-24T12:39:57","slug":"jakub-voracek-annonce-sa-retraite","status":"publish","type":"post","link":"https:\/\/theplayoffs.news\/fr\/actualite-nhl\/jakub-voracek-annonce-sa-retraite\/","title":{"rendered":"Jakub Voracek annonce sa retraite"},"content":{"rendered":"<h2>Apr&egrave;s 15 saisons au sein de la Ligue nationale, le joueur tch&egrave;que Jakub Voracek met un terme &agrave; sa carri&egrave;re &agrave; 34 ans<\/h2><p>Alors que les &eacute;quipes qui n&rsquo;ont pas r&eacute;ussi &agrave; se qualifier pour les playoffs cherchent d&eacute;j&agrave; &agrave; modifier leurs effectifs pour la saison prochaine, il est aussi temps pour certains de dire au revoir &agrave; la Ligue nationale, comme notre bon vieux <a href=\"https:\/\/theplayoffs.news\/fr\/joueur\/jakub-voracek-nhl-7562\/\" class=\"trk-cta-link\" data-cta-trk='{\"ctaType\":\"Link\",\"ctaSubType\":\"main\"}'>Jakub Voracek<\/a>.<\/p><p>Rep&ecirc;ch&eacute; par les Blue Jackets de Columbus avec le septi&egrave;me choix en 2007. Jakub Voracek a port&eacute; les couleurs de Columbus de 2008 &agrave; 2011 et de 2021 &agrave; 2023. Entre ses deux passages &agrave; Columbus, il est devenu un joueur embl&eacute;matique et respect&eacute; des Flyers de Philadelphie en arborant la tunique orange &agrave; 727 reprises.<\/p><p><a href=\"https:\/\/x.com\/FlyersNation\/status\/1782774363772563626\" class=\"trk-cta-link\" data-cta-trk='{\"ctaType\":\"Link\",\"ctaSubType\":\"main\"}'>En 1058 matchs en carri&egrave;re dans la LNH, Jakub Voracek a marqu&eacute; 223 fois et d&eacute;livr&eacute; 583 assistances pour 806 points.<\/a><\/p><blockquote class=\"twitter-tweet\" data-width=\"500\" data-dnt=\"true\">\n<p lang=\"en\" dir=\"ltr\">Congrats to Jakub Voracek on a great career &#128079;&#127881;<\/p>\n<p>Voracek had 604 points (177 G, 427 A) in 727 games with Philadelphia.<\/p>\n<p>He has the 5th most assists in <a href=\"https:\/\/twitter.com\/hashtag\/Flyers?src=hash&amp;ref_src=twsrc%5Etfw\" class=\"trk-cta-link\" data-cta-trk='{\"ctaType\":\"Link\",\"ctaSubType\":\"main\"}'>#Flyers<\/a> franchise history and the 10th most points &#129761;<\/p>\n<p>Voracek finishes with 806 points in 1,058 NHL games with CBJ and PHI. <a href=\"https:\/\/t.co\/P9QdHcP2fF\" class=\"trk-cta-link\" data-cta-trk='{\"ctaType\":\"Link\",\"ctaSubType\":\"main\"}'>pic.twitter.com\/P9QdHcP2fF<\/a><\/p>\n<p>&mdash; Flyers Nation (@FlyersNation) <a href=\"https:\/\/twitter.com\/FlyersNation\/status\/1782774363772563626?ref_src=twsrc%5Etfw\" class=\"trk-cta-link\" data-cta-trk='{\"ctaType\":\"Link\",\"ctaSubType\":\"main\"}'>April 23, 2024<\/a><\/p><\/blockquote><p><script async src=\"https:\/\/platform.twitter.com\/widgets.js\" charset=\"utf-8\"><\/script><\/p><p>Mais la raison qui l&rsquo;a pouss&eacute; &agrave; se retirer du hockey professionnel est un des mauvais c&ocirc;t&eacute;s de ce sport, comme Jakub Voracek nous l&rsquo;explique si bien.<\/p><blockquote><p><em>&laquo;C&rsquo;est en raison de ma t&ecirc;te et des blessures. C&rsquo;est juste fini, mais &ccedil;a fait partie d&rsquo;une carri&egrave;re de hockeyeur, a d&eacute;clar&eacute; Voracek. Une journ&eacute;e se termine et une autre commence avec quelque chose de nouveau&raquo;<\/em><\/p>\n<p><em>&laquo;Quatre [de mes commotions c&eacute;r&eacute;brales] &eacute;taient plus lourdes et huit plus petites&raquo;, a-t-il pr&eacute;cis&eacute;.<\/em><\/p>\n<p><em>&laquo;Ce n&rsquo;&eacute;tait pas difficile d&rsquo;accepter que c&rsquo;&eacute;tait fini. Je savais que ce n&rsquo;&eacute;tait plus possible. Et si quelque chose ne fonctionne pas, cela ne sert &agrave; rien de s&rsquo;inqui&eacute;ter. Je ne me plains pas quand un truc ne va pas. C&rsquo;est comme &ccedil;a. La vie n&rsquo;est pas seulement le hockey et j&rsquo;ai pens&eacute; comme &ccedil;a tout au long de ma carri&egrave;re. Je n&rsquo;ai rien &agrave; redire. J&rsquo;ai jou&eacute; 15 ans et plus de 1000 matchs, je suis satisfait. Il est temps de faire autre chose.&raquo;<\/em><\/p><\/blockquote><p>Une probl&eacute;matique trop souvent oubli&eacute;e et qu&rsquo;il va falloir tr&egrave;s vite mettre sur la table afin de continuer &agrave; appr&eacute;cier ce sport sans fermer les yeux sur ce qu&rsquo;il peut provoquer.<\/p><p>Credit Photo : Kyle Ross-USA TODAY Sports<\/p><p>&nbsp;<\/p>\n","protected":false},"excerpt":{"rendered":"","protected":false},"author":180310241,"featured_media":1426702,"comment_status":"open","ping_status":"closed","sticky":false,"template":"","format":"standard","meta":{"inline_featured_image":false,"kia_subtitle":"","_mux_skip_reasons":[],"proofreadBy":0,"footnotes":""},"categories":[187,26],"tags":[5604,332],"sport":[2784],"saison":[6111],"class_list":["post-1426691","post","type-post","status-publish","format-standard","has-post-thumbnail","hentry","category-actualite-nhl","category-nhl","tag-jakub-voracek","tag-philadelphia-flyers","sport-nhl","saison-6111"],"acf":[],"yoast_head":"<!-- This site is optimized with the Yoast SEO plugin v24.2 - https:\/\/yoast.com\/wordpress\/plugins\/seo\/ -->\n<title>Jakub Voracek annonce sa retraite - The Playoffs FR<\/title>\n<meta name=\"robots\" content=\"index, follow, max-snippet:-1, max-image-preview:large, max-video-preview:-1\" \/>\n<link rel=\"canonical\" href=\"https:\/\/theplayoffs.news\/fr\/actualite-nhl\/jakub-voracek-annonce-sa-retraite\/\" \/>\n<meta property=\"og:locale\" content=\"fr_FR\" \/>\n<meta property=\"og:type\" content=\"article\" \/>\n<meta property=\"og:title\" content=\"Jakub Voracek annonce sa retraite - The Playoffs FR\" \/>\n<meta property=\"og:url\" content=\"https:\/\/theplayoffs.news\/fr\/actualite-nhl\/jakub-voracek-annonce-sa-retraite\/\" \/>\n<meta property=\"og:site_name\" content=\"The Playoffs FR\" \/>\n<meta property=\"article:publisher\" content=\"https:\/\/www.facebook.com\/TheFreeAgentFR\/\" \/>\n<meta property=\"article:modified_time\" content=\"2024-04-24T14:50:04+02:00\" \/>\n<meta property=\"og:image\" content=\"https:\/\/theplayoffs.news\/fr\/wp-content\/uploads\/2024\/04\/Photo-Jakub-Voracek.jpg\" \/>\n\t<meta property=\"og:image:width\" content=\"1920\" \/>\n\t<meta property=\"og:image:height\" content=\"1277\" \/>\n\t<meta property=\"og:image:type\" content=\"image\/jpeg\" \/>\n<meta name=\"author\" content=\"Augustin Riveron\" \/>\n<meta name=\"twitter:card\" content=\"summary_large_image\" \/>\n<meta name=\"twitter:creator\" content=\"@TheFreeAgentFR\" \/>\n<meta name=\"twitter:site\" content=\"@TheFreeAgentFR\" \/>\n<meta name=\"twitter:label1\" content=\"\u00c9crit par\" \/>\n\t<meta name=\"twitter:data1\" content=\"Augustin Riveron\" \/>\n\t<meta name=\"twitter:label2\" content=\"Dur\u00e9e de lecture estim\u00e9e\" \/>\n\t<meta name=\"twitter:data2\" content=\"2 minutes\" \/>\n<script type=\"application\/ld+json\" class=\"yoast-schema-graph\">{\"@context\":\"https:\/\/schema.org\",\"@graph\":[{\"@type\":\"WebPage\",\"@id\":\"https:\/\/theplayoffs.news\/fr\/actualite-nhl\/jakub-voracek-annonce-sa-retraite\/\",\"url\":\"https:\/\/theplayoffs.news\/fr\/actualite-nhl\/jakub-voracek-annonce-sa-retraite\/\",\"name\":\"Jakub Voracek annonce sa retraite - The Playoffs FR\",\"isPartOf\":{\"@id\":\"https:\/\/theplayoffs.news\/fr\/#website\"},\"primaryImageOfPage\":{\"@id\":\"https:\/\/theplayoffs.news\/fr\/actualite-nhl\/jakub-voracek-annonce-sa-retraite\/#primaryimage\"},\"image\":{\"@id\":\"https:\/\/theplayoffs.news\/fr\/actualite-nhl\/jakub-voracek-annonce-sa-retraite\/#primaryimage\"},\"thumbnailUrl\":\"https:\/\/theplayoffs.news\/fr\/wp-content\/uploads\/2024\/04\/Photo-Jakub-Voracek.jpg\",\"datePublished\":\"2024-04-24T12:50:04+00:00\",\"dateModified\":\"2024-04-24T14:50:04+02:00\",\"author\":{\"@id\":\"https:\/\/theplayoffs.news\/fr\/#\/schema\/person\/6c57838882f89046acb1a469126746b7\"},\"breadcrumb\":{\"@id\":\"https:\/\/theplayoffs.news\/fr\/actualite-nhl\/jakub-voracek-annonce-sa-retraite\/#breadcrumb\"},\"inLanguage\":\"fr-FR\",\"potentialAction\":[{\"@type\":\"ReadAction\",\"target\":[\"https:\/\/theplayoffs.news\/fr\/actualite-nhl\/jakub-voracek-annonce-sa-retraite\/\"]}]},{\"@type\":\"ImageObject\",\"inLanguage\":\"fr-FR\",\"@id\":\"https:\/\/theplayoffs.news\/fr\/actualite-nhl\/jakub-voracek-annonce-sa-retraite\/#primaryimage\",\"url\":\"https:\/\/theplayoffs.news\/fr\/wp-content\/uploads\/2024\/04\/Photo-Jakub-Voracek.jpg\",\"contentUrl\":\"https:\/\/theplayoffs.news\/fr\/wp-content\/uploads\/2024\/04\/Photo-Jakub-Voracek.jpg\",\"width\":1920,\"height\":1277,\"caption\":\"Apr 17, 2021; Philadelphia, Pennsylvania, USA; Philadelphia Flyers right wing Jakub Voracek (93) looks on in the second period against the Washington Capitals at Wells Fargo Center. Mandatory Credit: Kyle Ross-USA TODAY Sports\"},{\"@type\":\"BreadcrumbList\",\"@id\":\"https:\/\/theplayoffs.news\/fr\/actualite-nhl\/jakub-voracek-annonce-sa-retraite\/#breadcrumb\",\"itemListElement\":[{\"@type\":\"ListItem\",\"position\":1,\"name\":\"Accueil\",\"item\":\"https:\/\/theplayoffs.news\/fr\/\"},{\"@type\":\"ListItem\",\"position\":2,\"name\":\"Jakub Voracek annonce sa retraite\"}]},{\"@type\":\"WebSite\",\"@id\":\"https:\/\/theplayoffs.news\/fr\/#website\",\"url\":\"https:\/\/theplayoffs.news\/fr\/\",\"name\":\"The Playoffs FR\",\"description\":\"NBA-NFL-NHL-MLB\",\"potentialAction\":[{\"@type\":\"SearchAction\",\"target\":{\"@type\":\"EntryPoint\",\"urlTemplate\":\"https:\/\/theplayoffs.news\/fr\/?s={search_term_string}\"},\"query-input\":{\"@type\":\"PropertyValueSpecification\",\"valueRequired\":true,\"valueName\":\"search_term_string\"}}],\"inLanguage\":\"fr-FR\"},{\"@type\":\"Person\",\"@id\":\"https:\/\/theplayoffs.news\/fr\/#\/schema\/person\/6c57838882f89046acb1a469126746b7\",\"name\":\"Augustin Riveron\",\"image\":{\"@type\":\"ImageObject\",\"inLanguage\":\"fr-FR\",\"@id\":\"https:\/\/theplayoffs.news\/fr\/#\/schema\/person\/image\/\",\"url\":\"https:\/\/secure.gravatar.com\/avatar\/a60ae09e43d53d832185e44e4832a6bbb342aaf556e8b223a779777ab6267eec?s=96&d=mm&r=g\",\"contentUrl\":\"https:\/\/secure.gravatar.com\/avatar\/a60ae09e43d53d832185e44e4832a6bbb342aaf556e8b223a779777ab6267eec?s=96&d=mm&r=g\",\"caption\":\"Augustin Riveron\"},\"url\":\"https:\/\/theplayoffs.news\/fr\/author\/augustin-riveronwin-sport-school-org\/\"}]}<\/script>\n<!-- \/ Yoast SEO plugin. -->","yoast_head_json":{"title":"Jakub Voracek annonce sa retraite - The Playoffs FR","robots":{"index":"index","follow":"follow","max-snippet":"max-snippet:-1","max-image-preview":"max-image-preview:large","max-video-preview":"max-video-preview:-1"},"canonical":"https:\/\/theplayoffs.news\/fr\/actualite-nhl\/jakub-voracek-annonce-sa-retraite\/","og_locale":"fr_FR","og_type":"article","og_title":"Jakub Voracek annonce sa retraite - The Playoffs FR","og_url":"https:\/\/theplayoffs.news\/fr\/actualite-nhl\/jakub-voracek-annonce-sa-retraite\/","og_site_name":"The Playoffs FR","article_publisher":"https:\/\/www.facebook.com\/TheFreeAgentFR\/","article_modified_time":"2024-04-24T12:39:57+00:00","og_image":[{"width":1920,"height":1277,"url":"https:\/\/theplayoffs.news\/fr\/wp-content\/uploads\/2024\/04\/Photo-Jakub-Voracek.jpg","type":"image\/jpeg"}],"author":"Augustin Riveron","twitter_card":"summary_large_image","twitter_creator":"@TheFreeAgentFR","twitter_site":"@TheFreeAgentFR","twitter_misc":{"\u00c9crit par":"Augustin Riveron","Dur\u00e9e de lecture estim\u00e9e":"2 minutes"},"schema":{"@context":"https:\/\/schema.org","@graph":[{"@type":"WebPage","@id":"https:\/\/theplayoffs.news\/fr\/actualite-nhl\/jakub-voracek-annonce-sa-retraite\/","url":"https:\/\/theplayoffs.news\/fr\/actualite-nhl\/jakub-voracek-annonce-sa-retraite\/","name":"Jakub Voracek annonce sa retraite - The Playoffs FR","isPartOf":{"@id":"https:\/\/theplayoffs.news\/fr\/#website"},"primaryImageOfPage":{"@id":"https:\/\/theplayoffs.news\/fr\/actualite-nhl\/jakub-voracek-annonce-sa-retraite\/#primaryimage"},"image":{"@id":"https:\/\/theplayoffs.news\/fr\/actualite-nhl\/jakub-voracek-annonce-sa-retraite\/#primaryimage"},"thumbnailUrl":"https:\/\/theplayoffs.news\/fr\/wp-content\/uploads\/2024\/04\/Photo-Jakub-Voracek.jpg","datePublished":"2024-04-24T12:50:04+00:00","dateModified":"2024-04-24T14:50:04+02:00","author":{"@id":"https:\/\/theplayoffs.news\/fr\/#\/schema\/person\/6c57838882f89046acb1a469126746b7"},"breadcrumb":{"@id":"https:\/\/theplayoffs.news\/fr\/actualite-nhl\/jakub-voracek-annonce-sa-retraite\/#breadcrumb"},"inLanguage":"fr-FR","potentialAction":[{"@type":"ReadAction","target":["https:\/\/theplayoffs.news\/fr\/actualite-nhl\/jakub-voracek-annonce-sa-retraite\/"]}]},{"@type":"ImageObject","inLanguage":"fr-FR","@id":"https:\/\/theplayoffs.news\/fr\/actualite-nhl\/jakub-voracek-annonce-sa-retraite\/#primaryimage","url":"https:\/\/theplayoffs.news\/fr\/wp-content\/uploads\/2024\/04\/Photo-Jakub-Voracek.jpg","contentUrl":"https:\/\/theplayoffs.news\/fr\/wp-content\/uploads\/2024\/04\/Photo-Jakub-Voracek.jpg","width":1920,"height":1277,"caption":"Apr 17, 2021; Philadelphia, Pennsylvania, USA; Philadelphia Flyers right wing Jakub Voracek (93) looks on in the second period against the Washington Capitals at Wells Fargo Center. Mandatory Credit: Kyle Ross-USA TODAY Sports"},{"@type":"BreadcrumbList","@id":"https:\/\/theplayoffs.news\/fr\/actualite-nhl\/jakub-voracek-annonce-sa-retraite\/#breadcrumb","itemListElement":[{"@type":"ListItem","position":1,"name":"Accueil","item":"https:\/\/theplayoffs.news\/fr\/"},{"@type":"ListItem","position":2,"name":"Jakub Voracek annonce sa retraite"}]},{"@type":"WebSite","@id":"https:\/\/theplayoffs.news\/fr\/#website","url":"https:\/\/theplayoffs.news\/fr\/","name":"The Playoffs FR","description":"NBA-NFL-NHL-MLB","potentialAction":[{"@type":"SearchAction","target":{"@type":"EntryPoint","urlTemplate":"https:\/\/theplayoffs.news\/fr\/?s={search_term_string}"},"query-input":{"@type":"PropertyValueSpecification","valueRequired":true,"valueName":"search_term_string"}}],"inLanguage":"fr-FR"},{"@type":"Person","@id":"https:\/\/theplayoffs.news\/fr\/#\/schema\/person\/6c57838882f89046acb1a469126746b7","name":"Augustin Riveron","image":{"@type":"ImageObject","inLanguage":"fr-FR","@id":"https:\/\/theplayoffs.news\/fr\/#\/schema\/person\/image\/","url":"https:\/\/secure.gravatar.com\/avatar\/a60ae09e43d53d832185e44e4832a6bbb342aaf556e8b223a779777ab6267eec?s=96&d=mm&r=g","contentUrl":"https:\/\/secure.gravatar.com\/avatar\/a60ae09e43d53d832185e44e4832a6bbb342aaf556e8b223a779777ab6267eec?s=96&d=mm&r=g","caption":"Augustin Riveron"},"url":"https:\/\/theplayoffs.news\/fr\/author\/augustin-riveronwin-sport-school-org\/"}]}},"_links":{"self":[{"href":"https:\/\/theplayoffs.news\/fr\/wp-json\/wp\/v2\/posts\/1426691","targetHints":{"allow":["GET"]}}],"collection":[{"href":"https:\/\/theplayoffs.news\/fr\/wp-json\/wp\/v2\/posts"}],"about":[{"href":"https:\/\/theplayoffs.news\/fr\/wp-json\/wp\/v2\/types\/post"}],"author":[{"embeddable":true,"href":"https:\/\/theplayoffs.news\/fr\/wp-json\/wp\/v2\/users\/180310241"}],"replies":[{"embeddable":true,"href":"https:\/\/theplayoffs.news\/fr\/wp-json\/wp\/v2\/comments?post=1426691"}],"version-history":[{"count":3,"href":"https:\/\/theplayoffs.news\/fr\/wp-json\/wp\/v2\/posts\/1426691\/revisions"}],"predecessor-version":[{"id":1426706,"href":"https:\/\/theplayoffs.news\/fr\/wp-json\/wp\/v2\/posts\/1426691\/revisions\/1426706"}],"wp:featuredmedia":[{"embeddable":true,"href":"https:\/\/theplayoffs.news\/fr\/wp-json\/wp\/v2\/media\/1426702"}],"wp:attachment":[{"href":"https:\/\/theplayoffs.news\/fr\/wp-json\/wp\/v2\/media?parent=1426691"}],"wp:term":[{"taxonomy":"category","embeddable":true,"href":"https:\/\/theplayoffs.news\/fr\/wp-json\/wp\/v2\/categories?post=1426691"},{"taxonomy":"post_tag","embeddable":true,"href":"https:\/\/theplayoffs.news\/fr\/wp-json\/wp\/v2\/tags?post=1426691"},{"taxonomy":"sport","embeddable":true,"href":"https:\/\/theplayoffs.news\/fr\/wp-json\/wp\/v2\/sport?post=1426691"},{"taxonomy":"saison","embeddable":true,"href":"https:\/\/theplayoffs.news\/fr\/wp-json\/wp\/v2\/saison?post=1426691"}],"curies":[{"name":"wp","href":"https:\/\/api.w.org\/{rel}","templated":true}]}}