{"id":1426558,"date":"2024-04-24T07:45:49","date_gmt":"2024-04-24T05:45:49","guid":{"rendered":"https:\/\/theplayoffs.news\/fr\/?p=1426558"},"modified":"2024-04-24T01:07:54","modified_gmt":"2024-04-23T23:07:54","slug":"wnba-epiphanny-prince-prend-sa-retraite-apres-14-ans-de-carriere","status":"publish","type":"post","link":"https:\/\/theplayoffs.news\/fr\/wnba\/wnba-epiphanny-prince-prend-sa-retraite-apres-14-ans-de-carriere\/","title":{"rendered":"WNBA : Epiphanny Prince prend sa retraite apr\u00e8s 14 ans de carri\u00e8re"},"content":{"rendered":"<h2>Epiphanny Prince a annonc&eacute; qu&rsquo;elle allait prendre sa retraite apr&egrave;s 14 ans de carri&egrave;re.<\/h2><p>A 36 ans et apr&egrave;s 14 ans de carri&egrave;re il est temps de prendre sa retraite pour Epiphanny Prince. Pass&eacute;e par bon nombre de franchises WNBA comme Chicago Sky, Las Vegas Aces, Seattle Storm ou encore New York Liberty, elle va quitter les parquets pour toujours.<\/p><p>Prince est devenue c&eacute;l&egrave;bre car elle marqu&eacute; pas moins de 113 points dans un match quand elle &eacute;tait au lyc&eacute;e. Un chiffre compl&egrave;tement hors-normes qui avait attir&eacute; l&rsquo;attention de tous les m&eacute;dias &agrave; l&rsquo;&eacute;poque dont le New York Times. Elle avait ensuite continu&eacute; sur ses excellentes bases &agrave; l&rsquo;universit&eacute; en atteignant la finale nationale avec Rutgers d&egrave;s sa premi&egrave;re ann&eacute;e.<\/p><p>Prince est une vraie v&eacute;t&eacute;ran du basketball : elle a jou&eacute; en Europe, plus particuli&egrave;rement en Russie o&ugrave; elle a &eacute;volu&eacute; avec l&rsquo;&eacute;quipe nationale. Il a aid&eacute; le Storm &agrave; devenir champions WNBA en 2020. Elle a termin&eacute; sa carri&egrave;re &agrave; New York avec le Liberty l&agrave; d&rsquo;o&ugrave; elle vient.<\/p><p>Prince a sans aucun doute marqu&eacute; l&rsquo;histoire du basketball f&eacute;minin et prend une retraite plus que m&eacute;rit&eacute;e &agrave; 36 ans.<\/p>\n","protected":false},"excerpt":{"rendered":"","protected":false},"author":180309795,"featured_media":1426559,"comment_status":"open","ping_status":"closed","sticky":false,"template":"","format":"standard","meta":{"inline_featured_image":false,"kia_subtitle":"","_mux_skip_reasons":[],"proofreadBy":0,"footnotes":""},"categories":[143],"tags":[2434],"sport":[2902],"saison":[6111],"class_list":["post-1426558","post","type-post","status-publish","format-standard","has-post-thumbnail","hentry","category-wnba","tag-new-york-liberty","sport-wnba","saison-6111"],"acf":[],"yoast_head":"<!-- This site is optimized with the Yoast SEO plugin v24.2 - https:\/\/yoast.com\/wordpress\/plugins\/seo\/ -->\n<title>WNBA : Epiphanny Prince prend sa retraite apr&egrave;s 14 ans de carri&egrave;re - The Playoffs FR<\/title>\n<meta name=\"robots\" content=\"index, follow, max-snippet:-1, max-image-preview:large, max-video-preview:-1\" \/>\n<link rel=\"canonical\" href=\"https:\/\/theplayoffs.news\/fr\/wnba\/wnba-epiphanny-prince-prend-sa-retraite-apres-14-ans-de-carriere\/\" \/>\n<meta property=\"og:locale\" content=\"fr_FR\" \/>\n<meta property=\"og:type\" content=\"article\" \/>\n<meta property=\"og:title\" content=\"WNBA : Epiphanny Prince prend sa retraite apr&egrave;s 14 ans de carri&egrave;re - The Playoffs FR\" \/>\n<meta property=\"og:url\" content=\"https:\/\/theplayoffs.news\/fr\/wnba\/wnba-epiphanny-prince-prend-sa-retraite-apres-14-ans-de-carriere\/\" \/>\n<meta property=\"og:site_name\" content=\"The Playoffs FR\" \/>\n<meta property=\"article:publisher\" content=\"https:\/\/www.facebook.com\/TheFreeAgentFR\/\" \/>\n<meta property=\"article:modified_time\" content=\"2024-04-24T07:45:49+02:00\" \/>\n<meta property=\"og:image\" content=\"https:\/\/theplayoffs.news\/fr\/wp-content\/uploads\/2024\/04\/USATSI_8081165.jpg\" \/>\n\t<meta property=\"og:image:width\" content=\"1920\" \/>\n\t<meta property=\"og:image:height\" content=\"1371\" \/>\n\t<meta property=\"og:image:type\" content=\"image\/jpeg\" \/>\n<meta name=\"author\" content=\"Damien Viottolo\" \/>\n<meta name=\"twitter:card\" content=\"summary_large_image\" \/>\n<meta name=\"twitter:creator\" content=\"@TheFreeAgentFR\" \/>\n<meta name=\"twitter:site\" content=\"@TheFreeAgentFR\" \/>\n<meta name=\"twitter:label1\" content=\"\u00c9crit par\" \/>\n\t<meta name=\"twitter:data1\" content=\"Damien Viottolo\" \/>\n\t<meta name=\"twitter:label2\" content=\"Dur\u00e9e de lecture estim\u00e9e\" \/>\n\t<meta name=\"twitter:data2\" content=\"1 minute\" \/>\n<script type=\"application\/ld+json\" class=\"yoast-schema-graph\">{\"@context\":\"https:\/\/schema.org\",\"@graph\":[{\"@type\":\"WebPage\",\"@id\":\"https:\/\/theplayoffs.news\/fr\/wnba\/wnba-epiphanny-prince-prend-sa-retraite-apres-14-ans-de-carriere\/\",\"url\":\"https:\/\/theplayoffs.news\/fr\/wnba\/wnba-epiphanny-prince-prend-sa-retraite-apres-14-ans-de-carriere\/\",\"name\":\"WNBA : Epiphanny Prince prend sa retraite apr\u00e8s 14 ans de carri\u00e8re - The Playoffs FR\",\"isPartOf\":{\"@id\":\"https:\/\/theplayoffs.news\/fr\/#website\"},\"primaryImageOfPage\":{\"@id\":\"https:\/\/theplayoffs.news\/fr\/wnba\/wnba-epiphanny-prince-prend-sa-retraite-apres-14-ans-de-carriere\/#primaryimage\"},\"image\":{\"@id\":\"https:\/\/theplayoffs.news\/fr\/wnba\/wnba-epiphanny-prince-prend-sa-retraite-apres-14-ans-de-carriere\/#primaryimage\"},\"thumbnailUrl\":\"https:\/\/theplayoffs.news\/fr\/wp-content\/uploads\/2024\/04\/USATSI_8081165.jpg\",\"datePublished\":\"2024-04-24T05:45:49+00:00\",\"dateModified\":\"2024-04-24T07:45:49+02:00\",\"author\":{\"@id\":\"https:\/\/theplayoffs.news\/fr\/#\/schema\/person\/73084b933851a05764c1c3d9b89d8543\"},\"breadcrumb\":{\"@id\":\"https:\/\/theplayoffs.news\/fr\/wnba\/wnba-epiphanny-prince-prend-sa-retraite-apres-14-ans-de-carriere\/#breadcrumb\"},\"inLanguage\":\"fr-FR\",\"potentialAction\":[{\"@type\":\"ReadAction\",\"target\":[\"https:\/\/theplayoffs.news\/fr\/wnba\/wnba-epiphanny-prince-prend-sa-retraite-apres-14-ans-de-carriere\/\"]}]},{\"@type\":\"ImageObject\",\"inLanguage\":\"fr-FR\",\"@id\":\"https:\/\/theplayoffs.news\/fr\/wnba\/wnba-epiphanny-prince-prend-sa-retraite-apres-14-ans-de-carriere\/#primaryimage\",\"url\":\"https:\/\/theplayoffs.news\/fr\/wp-content\/uploads\/2024\/04\/USATSI_8081165.jpg\",\"contentUrl\":\"https:\/\/theplayoffs.news\/fr\/wp-content\/uploads\/2024\/04\/USATSI_8081165.jpg\",\"width\":1920,\"height\":1371,\"caption\":\"Sep 12, 2014; Chicago, IL, USA; Chicago Sky guard Epiphanny Prince (front) drives around Phoenix Mercury guard Eshaya Murphy (rear) during the second quarter in game three of the 2014 WNBA Finals at UIC Pavilion. Mandatory Credit: Jerry Lai-USA TODAY Sports\"},{\"@type\":\"BreadcrumbList\",\"@id\":\"https:\/\/theplayoffs.news\/fr\/wnba\/wnba-epiphanny-prince-prend-sa-retraite-apres-14-ans-de-carriere\/#breadcrumb\",\"itemListElement\":[{\"@type\":\"ListItem\",\"position\":1,\"name\":\"Accueil\",\"item\":\"https:\/\/theplayoffs.news\/fr\/\"},{\"@type\":\"ListItem\",\"position\":2,\"name\":\"WNBA : Epiphanny Prince prend sa retraite apr\u00e8s 14 ans de carri\u00e8re\"}]},{\"@type\":\"WebSite\",\"@id\":\"https:\/\/theplayoffs.news\/fr\/#website\",\"url\":\"https:\/\/theplayoffs.news\/fr\/\",\"name\":\"The Playoffs FR\",\"description\":\"NBA-NFL-NHL-MLB\",\"potentialAction\":[{\"@type\":\"SearchAction\",\"target\":{\"@type\":\"EntryPoint\",\"urlTemplate\":\"https:\/\/theplayoffs.news\/fr\/?s={search_term_string}\"},\"query-input\":{\"@type\":\"PropertyValueSpecification\",\"valueRequired\":true,\"valueName\":\"search_term_string\"}}],\"inLanguage\":\"fr-FR\"},{\"@type\":\"Person\",\"@id\":\"https:\/\/theplayoffs.news\/fr\/#\/schema\/person\/73084b933851a05764c1c3d9b89d8543\",\"name\":\"Damien Viottolo\",\"image\":{\"@type\":\"ImageObject\",\"inLanguage\":\"fr-FR\",\"@id\":\"https:\/\/theplayoffs.news\/fr\/#\/schema\/person\/image\/\",\"url\":\"https:\/\/secure.gravatar.com\/avatar\/b4898b6250f932f028b8d5a79d8c3f31e7f0ec90943f46a9364c077ab76a518e?s=96&d=mm&r=g\",\"contentUrl\":\"https:\/\/secure.gravatar.com\/avatar\/b4898b6250f932f028b8d5a79d8c3f31e7f0ec90943f46a9364c077ab76a518e?s=96&d=mm&r=g\",\"caption\":\"Damien Viottolo\"},\"url\":\"https:\/\/theplayoffs.news\/fr\/author\/damienviottolo\/\"}]}<\/script>\n<!-- \/ Yoast SEO plugin. -->","yoast_head_json":{"title":"WNBA : Epiphanny Prince prend sa retraite apr&egrave;s 14 ans de carri&egrave;re - The Playoffs FR","robots":{"index":"index","follow":"follow","max-snippet":"max-snippet:-1","max-image-preview":"max-image-preview:large","max-video-preview":"max-video-preview:-1"},"canonical":"https:\/\/theplayoffs.news\/fr\/wnba\/wnba-epiphanny-prince-prend-sa-retraite-apres-14-ans-de-carriere\/","og_locale":"fr_FR","og_type":"article","og_title":"WNBA : Epiphanny Prince prend sa retraite apr&egrave;s 14 ans de carri&egrave;re - The Playoffs FR","og_url":"https:\/\/theplayoffs.news\/fr\/wnba\/wnba-epiphanny-prince-prend-sa-retraite-apres-14-ans-de-carriere\/","og_site_name":"The Playoffs FR","article_publisher":"https:\/\/www.facebook.com\/TheFreeAgentFR\/","article_modified_time":"2024-04-23T23:07:54+00:00","og_image":[{"width":1920,"height":1371,"url":"https:\/\/theplayoffs.news\/fr\/wp-content\/uploads\/2024\/04\/USATSI_8081165.jpg","type":"image\/jpeg"}],"author":"Damien Viottolo","twitter_card":"summary_large_image","twitter_creator":"@TheFreeAgentFR","twitter_site":"@TheFreeAgentFR","twitter_misc":{"\u00c9crit par":"Damien Viottolo","Dur\u00e9e de lecture estim\u00e9e":"1 minute"},"schema":{"@context":"https:\/\/schema.org","@graph":[{"@type":"WebPage","@id":"https:\/\/theplayoffs.news\/fr\/wnba\/wnba-epiphanny-prince-prend-sa-retraite-apres-14-ans-de-carriere\/","url":"https:\/\/theplayoffs.news\/fr\/wnba\/wnba-epiphanny-prince-prend-sa-retraite-apres-14-ans-de-carriere\/","name":"WNBA : Epiphanny Prince prend sa retraite apr\u00e8s 14 ans de carri\u00e8re - The Playoffs FR","isPartOf":{"@id":"https:\/\/theplayoffs.news\/fr\/#website"},"primaryImageOfPage":{"@id":"https:\/\/theplayoffs.news\/fr\/wnba\/wnba-epiphanny-prince-prend-sa-retraite-apres-14-ans-de-carriere\/#primaryimage"},"image":{"@id":"https:\/\/theplayoffs.news\/fr\/wnba\/wnba-epiphanny-prince-prend-sa-retraite-apres-14-ans-de-carriere\/#primaryimage"},"thumbnailUrl":"https:\/\/theplayoffs.news\/fr\/wp-content\/uploads\/2024\/04\/USATSI_8081165.jpg","datePublished":"2024-04-24T05:45:49+00:00","dateModified":"2024-04-24T07:45:49+02:00","author":{"@id":"https:\/\/theplayoffs.news\/fr\/#\/schema\/person\/73084b933851a05764c1c3d9b89d8543"},"breadcrumb":{"@id":"https:\/\/theplayoffs.news\/fr\/wnba\/wnba-epiphanny-prince-prend-sa-retraite-apres-14-ans-de-carriere\/#breadcrumb"},"inLanguage":"fr-FR","potentialAction":[{"@type":"ReadAction","target":["https:\/\/theplayoffs.news\/fr\/wnba\/wnba-epiphanny-prince-prend-sa-retraite-apres-14-ans-de-carriere\/"]}]},{"@type":"ImageObject","inLanguage":"fr-FR","@id":"https:\/\/theplayoffs.news\/fr\/wnba\/wnba-epiphanny-prince-prend-sa-retraite-apres-14-ans-de-carriere\/#primaryimage","url":"https:\/\/theplayoffs.news\/fr\/wp-content\/uploads\/2024\/04\/USATSI_8081165.jpg","contentUrl":"https:\/\/theplayoffs.news\/fr\/wp-content\/uploads\/2024\/04\/USATSI_8081165.jpg","width":1920,"height":1371,"caption":"Sep 12, 2014; Chicago, IL, USA; Chicago Sky guard Epiphanny Prince (front) drives around Phoenix Mercury guard Eshaya Murphy (rear) during the second quarter in game three of the 2014 WNBA Finals at UIC Pavilion. Mandatory Credit: Jerry Lai-USA TODAY Sports"},{"@type":"BreadcrumbList","@id":"https:\/\/theplayoffs.news\/fr\/wnba\/wnba-epiphanny-prince-prend-sa-retraite-apres-14-ans-de-carriere\/#breadcrumb","itemListElement":[{"@type":"ListItem","position":1,"name":"Accueil","item":"https:\/\/theplayoffs.news\/fr\/"},{"@type":"ListItem","position":2,"name":"WNBA : Epiphanny Prince prend sa retraite apr\u00e8s 14 ans de carri\u00e8re"}]},{"@type":"WebSite","@id":"https:\/\/theplayoffs.news\/fr\/#website","url":"https:\/\/theplayoffs.news\/fr\/","name":"The Playoffs FR","description":"NBA-NFL-NHL-MLB","potentialAction":[{"@type":"SearchAction","target":{"@type":"EntryPoint","urlTemplate":"https:\/\/theplayoffs.news\/fr\/?s={search_term_string}"},"query-input":{"@type":"PropertyValueSpecification","valueRequired":true,"valueName":"search_term_string"}}],"inLanguage":"fr-FR"},{"@type":"Person","@id":"https:\/\/theplayoffs.news\/fr\/#\/schema\/person\/73084b933851a05764c1c3d9b89d8543","name":"Damien Viottolo","image":{"@type":"ImageObject","inLanguage":"fr-FR","@id":"https:\/\/theplayoffs.news\/fr\/#\/schema\/person\/image\/","url":"https:\/\/secure.gravatar.com\/avatar\/b4898b6250f932f028b8d5a79d8c3f31e7f0ec90943f46a9364c077ab76a518e?s=96&d=mm&r=g","contentUrl":"https:\/\/secure.gravatar.com\/avatar\/b4898b6250f932f028b8d5a79d8c3f31e7f0ec90943f46a9364c077ab76a518e?s=96&d=mm&r=g","caption":"Damien Viottolo"},"url":"https:\/\/theplayoffs.news\/fr\/author\/damienviottolo\/"}]}},"_links":{"self":[{"href":"https:\/\/theplayoffs.news\/fr\/wp-json\/wp\/v2\/posts\/1426558","targetHints":{"allow":["GET"]}}],"collection":[{"href":"https:\/\/theplayoffs.news\/fr\/wp-json\/wp\/v2\/posts"}],"about":[{"href":"https:\/\/theplayoffs.news\/fr\/wp-json\/wp\/v2\/types\/post"}],"author":[{"embeddable":true,"href":"https:\/\/theplayoffs.news\/fr\/wp-json\/wp\/v2\/users\/180309795"}],"replies":[{"embeddable":true,"href":"https:\/\/theplayoffs.news\/fr\/wp-json\/wp\/v2\/comments?post=1426558"}],"version-history":[{"count":2,"href":"https:\/\/theplayoffs.news\/fr\/wp-json\/wp\/v2\/posts\/1426558\/revisions"}],"predecessor-version":[{"id":1426561,"href":"https:\/\/theplayoffs.news\/fr\/wp-json\/wp\/v2\/posts\/1426558\/revisions\/1426561"}],"wp:featuredmedia":[{"embeddable":true,"href":"https:\/\/theplayoffs.news\/fr\/wp-json\/wp\/v2\/media\/1426559"}],"wp:attachment":[{"href":"https:\/\/theplayoffs.news\/fr\/wp-json\/wp\/v2\/media?parent=1426558"}],"wp:term":[{"taxonomy":"category","embeddable":true,"href":"https:\/\/theplayoffs.news\/fr\/wp-json\/wp\/v2\/categories?post=1426558"},{"taxonomy":"post_tag","embeddable":true,"href":"https:\/\/theplayoffs.news\/fr\/wp-json\/wp\/v2\/tags?post=1426558"},{"taxonomy":"sport","embeddable":true,"href":"https:\/\/theplayoffs.news\/fr\/wp-json\/wp\/v2\/sport?post=1426558"},{"taxonomy":"saison","embeddable":true,"href":"https:\/\/theplayoffs.news\/fr\/wp-json\/wp\/v2\/saison?post=1426558"}],"curies":[{"name":"wp","href":"https:\/\/api.w.org\/{rel}","templated":true}]}}