{"id":1426518,"date":"2024-04-23T20:17:14","date_gmt":"2024-04-23T18:17:14","guid":{"rendered":"https:\/\/theplayoffs.news\/fr\/?p=1426518"},"modified":"2024-04-23T20:17:14","modified_gmt":"2024-04-23T18:17:14","slug":"clap-de-fin-pour-le-duo-lebron-ad","status":"publish","type":"post","link":"https:\/\/theplayoffs.news\/fr\/actualite-nba\/clap-de-fin-pour-le-duo-lebron-ad\/","title":{"rendered":"Clap de fin pour le duo LeBron &#8211; AD ?"},"content":{"rendered":"<h2><b>Les Lakers du duo LeBron &ndash; Anthony Davis sont men&eacute;s 2-0 dans ce premier tour des playoffs qui les opposent aux champions en titre, les Denver Nuggets.<\/b><\/h2><p>&nbsp;<\/p><p>\n<div id=\"attachment_1426520\" style=\"width: 1930px\" class=\"wp-caption alignnone\"><img loading=\"lazy\" decoding=\"async\" aria-describedby=\"caption-attachment-1426520\" class=\"wp-image-1426520 size-full\" src=\"https:\/\/theplayoffs.news\/fr\/wp-content\/uploads\/2024\/04\/USATSI_23011619.jpg\" alt=\"LeBron - AD\" width=\"1920\" height=\"1280\" srcset=\"https:\/\/theplayoffs.news\/fr\/wp-content\/uploads\/2024\/04\/USATSI_23011619.jpg 1920w, https:\/\/theplayoffs.news\/fr\/wp-content\/uploads\/2024\/04\/USATSI_23011619-300x200.jpg 300w, https:\/\/theplayoffs.news\/fr\/wp-content\/uploads\/2024\/04\/USATSI_23011619-1030x687.jpg 1030w, https:\/\/theplayoffs.news\/fr\/wp-content\/uploads\/2024\/04\/USATSI_23011619-768x512.jpg 768w, https:\/\/theplayoffs.news\/fr\/wp-content\/uploads\/2024\/04\/USATSI_23011619-1536x1024.jpg 1536w, https:\/\/theplayoffs.news\/fr\/wp-content\/uploads\/2024\/04\/USATSI_23011619-1500x1000.jpg 1500w, https:\/\/theplayoffs.news\/fr\/wp-content\/uploads\/2024\/04\/USATSI_23011619-705x470.jpg 705w, https:\/\/theplayoffs.news\/fr\/wp-content\/uploads\/2024\/04\/USATSI_23011619-1320x880.jpg 1320w\" sizes=\"auto, (max-width: 1920px) 100vw, 1920px\" \/><p id=\"caption-attachment-1426520\" class=\"wp-caption-text\">Apr 12, 2024<br>&copy; Petre Thomas-USA TODAY Sports<\/p><\/div>\n<\/p><p>Malgr&eacute; des prestations solides de LeBron et d&rsquo;AD, la franchise d&rsquo;Hollywood ne semble pas en capacit&eacute; de r&eacute;pondre aux assauts de Jokic, Murray et toute la bande des Nuggets. En cas de d&eacute;faite dans cette s&eacute;rie, nous assistons peut-&ecirc;tre aux derniers matchs du duo LeBron &ndash; Davis ensemble sous le maillot des Lakers.<\/p><h3><b>Ce qu&rsquo;il faut savoir sur le cas LeBron James<\/b><\/h3><p><span style=\"font-weight: 400;\">&Agrave; 39 ans, <a href=\"https:\/\/theplayoffs.news\/fr\/nba-basketball\/lebron-james-sait-quil-se-rapproche-de-la-retraite\/\" class=\"trk-cta-link\" data-cta-trk='{\"ctaType\":\"Link\",\"ctaSubType\":\"main\"}'>LeBron James<\/a>, consid&eacute;r&eacute; comme l&rsquo;un des meilleurs joueurs, sinon le meilleur de l&rsquo;histoire de ce sport, aura une d&eacute;cision &agrave; prendre cet &eacute;t&eacute;. Une de plus et peut-&ecirc;tre la derni&egrave;re de sa carri&egrave;re.<\/span><\/p><p><span style=\"font-weight: 400;\">Apr&egrave;s avoir rejoint les Purple and Gold lors de l&rsquo;&eacute;t&eacute; 2018, King James pourrait vivre ses derniers playoffs chez les Lakers. Apr&egrave;s avoir battu de <a href=\"https:\/\/www.espn.com\/nba\/player\/stats\/_\/id\/1966\/lebron-james\" class=\"trk-cta-link\" data-cta-trk='{\"ctaType\":\"Link\",\"ctaSubType\":\"main\"}'>nombreux records l&eacute;gendaires<\/a> en Californie et obtenu une quatri&egrave;me bague en 2020 dans la bulle d&rsquo;Orlando, LeBron James devra faire un choix dans les semaines &agrave; venir.<\/span><\/p><p><iframe loading=\"lazy\" title=\"LEBRON JAMES BREAKS THE NBA ALL-TIME SCORING RECORD! &#128081; #ScoringKing\" width=\"500\" height=\"281\" src=\"https:\/\/www.youtube.com\/embed\/MOPjtuzoSyA?feature=oembed\" frameborder=\"0\" allow=\"accelerometer; autoplay; clipboard-write; encrypted-media; gyroscope; picture-in-picture; web-share\" referrerpolicy=\"strict-origin-when-cross-origin\" allowfullscreen><\/iframe><\/p><p><span style=\"font-weight: 400;\">Avec<a href=\"https:\/\/www.spotrac.com\/nba\/los-angeles-lakers\/lebron-james-2257\/\" class=\"trk-cta-link\" data-cta-trk='{\"ctaType\":\"Link\",\"ctaSubType\":\"main\"}'> une player option<\/a> d&rsquo;un montant de 51 millions de dollars pour la saison 2024\/2025 qu&rsquo;il devrait s&ucirc;rement d&eacute;cliner, LeBron pourrait d&eacute;cider de s&rsquo;offrir un dernier d&eacute;fi dans une autre franchise et y signer un contrat de plusieurs ann&eacute;es.<\/span><\/p><p><span style=\"font-weight: 400;\">Plusieurs &eacute;l&eacute;ments pourraient dicter la destination de James, comme par exemple la destin&eacute;e de son fils <a href=\"https:\/\/theplayoffs.news\/fr\/nba-basketball\/bronny-james-se-presente-a-la-draft-nba-2024\/\" class=\"trk-cta-link\" data-cta-trk='{\"ctaType\":\"Link\",\"ctaSubType\":\"main\"}'>Bronny James<\/a>, qui s&rsquo;est d&eacute;clar&eacute; <a href=\"https:\/\/www.theringer.com\/nba\/2024\/4\/10\/24126177\/bronny-james-nba-draft-scouting-report\" class=\"trk-cta-link\" data-cta-trk='{\"ctaType\":\"Link\",\"ctaSubType\":\"main\"}'>&eacute;ligible &agrave; la Draft 2024<\/a>. LeBron avait &eacute;voqu&eacute; il y a quelque temps que terminer sa carri&egrave;re aupr&egrave;s de son fils serait l&rsquo;accomplissement ultime de sa carri&egrave;re.<\/span><\/p><blockquote class=\"twitter-tweet\" data-width=\"500\" data-dnt=\"true\">\n<p lang=\"en\" dir=\"ltr\">\"Bronny James is declaring for the 2024 NBA Draft, but he's also maintaining his college eligibility&hellip;When I talk to NBA teams there's a clear consensus that as a defender he's already at that caliber of an NBA defender.\"<a href=\"https:\/\/twitter.com\/ShamsCharania?ref_src=twsrc%5Etfw\" class=\"trk-cta-link\" data-cta-trk='{\"ctaType\":\"Link\",\"ctaSubType\":\"main\"}'>@ShamsCharania<\/a> on Bronny James. <a href=\"https:\/\/t.co\/pEM2ho4zxJ\" class=\"trk-cta-link\" data-cta-trk='{\"ctaType\":\"Link\",\"ctaSubType\":\"main\"}'>pic.twitter.com\/pEM2ho4zxJ<\/a><\/p>\n<p>&mdash; Run It Back (@RunItBackFDTV) <a href=\"https:\/\/twitter.com\/RunItBackFDTV\/status\/1777404039707381796?ref_src=twsrc%5Etfw\" class=\"trk-cta-link\" data-cta-trk='{\"ctaType\":\"Link\",\"ctaSubType\":\"main\"}'>April 8, 2024<\/a><\/p><\/blockquote><p><script async src=\"https:\/\/platform.twitter.com\/widgets.js\" charset=\"utf-8\"><\/script><\/p><p><span style=\"font-weight: 400;\">Depuis l&rsquo;annonce de Bronny, de nombreuses rumeurs courent dans les sph&egrave;res de la NBA, envoyant King James dans de grandes <a href=\"https:\/\/hoopshype.com\/2024\/02\/03\/lebron-james-on-joining-knicks-ive-had-that-thought-in-my-career\/\" class=\"trk-cta-link\" data-cta-trk='{\"ctaType\":\"Link\",\"ctaSubType\":\"main\"}'>franchises comme les Knicks<\/a>, qui pourraient enfin voir LeBron rejoindre leur &eacute;quipe apr&egrave;s de nombreux appels du pied tout au long de sa carri&egrave;re. Un retour de LeBron &agrave; Cleveland a aussi &eacute;t&eacute; &eacute;voqu&eacute; r&eacute;cemment par des insiders.<\/span><\/p><p><span style=\"font-weight: 400;\">Un retour de LeBron dans la conf&eacute;rence Est pourrait aussi permettre au King de s&rsquo;ouvrir le chemin d&rsquo;un nouveau run de playoffs, plus accessible selon certains que dans une conf&eacute;rence Ouest satur&eacute;e, o&ugrave; LeBron ne pourrait pas esp&eacute;rer une nouvelle bague avec les Lakers.<\/span><\/p><p><span style=\"font-weight: 400;\">Nous observerons donc tr&egrave;s attentivement la fin de ce premier tour des playoffs, pendant lequel LeBron pourrait faire ses adieux au public de la Crypto.com Arena. Un &eacute;t&eacute; encore bien charg&eacute; pour le King qui sera aussi pr&eacute;sent avec Team USA pour ajouter un nouveau titre olympique &agrave; son armoire &agrave; troph&eacute;es.<\/span><\/p><p>&nbsp;<\/p><h3><b>Ce qu&rsquo;il faut savoir sur le cas Anthony Davis<\/b><\/h3><p><span style=\"font-weight: 400;\">Le pivot des Lakers, <a href=\"https:\/\/theplayoffs.news\/fr\/nba-basketball\/anthony-davis-au-sommet-de-son-art\/\" class=\"trk-cta-link\" data-cta-trk='{\"ctaType\":\"Link\",\"ctaSubType\":\"main\"}'>Anthony Davis<\/a>, &acirc;g&eacute; de 31 ans, pourrait lui aussi vivre un r&eacute;el bouleversement dans sa carri&egrave;re cet &eacute;t&eacute; en cas de d&eacute;part de LeBron James. Arriv&eacute; lors de l&rsquo;intersaison 2019 dans la franchise californienne, &laquo;&nbsp;Unibrow&nbsp;&raquo; pourrait perdre son franchise player et mentor, ce qui le pousserait automatiquement &agrave; prendre un r&ocirc;le encore plus important dans le roaster des Lakers.<\/span><\/p><blockquote class=\"twitter-tweet\" data-width=\"500\" data-dnt=\"true\">\n<p lang=\"en\" dir=\"ltr\">Anthony Davis on not being a finalist for DPOY:<\/p>\n<p>\"I'll never get it. The league doesn't like me. I'm the best defensive player in the league. I can switch 1 through 5. I can guard the pick-and-roll the best in the league, from a big standpoint. I block shots. I rebound.&rdquo;<\/p>\n<p>(via&hellip; <a href=\"https:\/\/t.co\/gYfkNV0oKB\" class=\"trk-cta-link\" data-cta-trk='{\"ctaType\":\"Link\",\"ctaSubType\":\"main\"}'>pic.twitter.com\/gYfkNV0oKB<\/a><\/p>\n<p>&mdash; Legion Hoops (@LegionHoops) <a href=\"https:\/\/twitter.com\/LegionHoops\/status\/1782431068198482006?ref_src=twsrc%5Etfw\" class=\"trk-cta-link\" data-cta-trk='{\"ctaType\":\"Link\",\"ctaSubType\":\"main\"}'>April 22, 2024<\/a><\/p><\/blockquote><p><script async src=\"https:\/\/platform.twitter.com\/widgets.js\" charset=\"utf-8\"><\/script><\/p><p><span style=\"font-weight: 400;\">Apr&egrave;s avoir sign&eacute; un <a href=\"https:\/\/www.spotrac.com\/nba\/los-angeles-lakers\/anthony-davis-10809\/\" class=\"trk-cta-link\" data-cta-trk='{\"ctaType\":\"Link\",\"ctaSubType\":\"main\"}'>nouveau contrat de 3 ans en ao&ucirc;t 2023<\/a>, Davis deviendrait alors le seul joueur de Los Angeles &agrave; avoir un engagement longue dur&eacute;e &agrave; un tel salaire et donc serait la pierre angulaire du projet des Lakers.<\/span><\/p><p><span style=\"font-weight: 400;\">Rob Pelinka devra alors chercher les meilleurs atouts possibles pour entourer le pivot All-Time si ce dernier veut rester en Californie, car lui aussi sera convoit&eacute; par de grandes franchises et le d&eacute;part de son acolyte pourrait avoir un impact sur son envie de rester &agrave; L.A.<\/span><\/p><p>&nbsp;<\/p><p><b>Conclusion<\/b><\/p><p><span style=\"font-weight: 400;\">Il est encore t&ocirc;t pour envisager un d&eacute;part d&rsquo;AD ou m&ecirc;me de LeBron James, mais quoi qu&rsquo;il advienne des playoffs 2024, le Front Office des Lakers aura fort &agrave; faire cet &eacute;t&eacute;. <\/span><\/p><p><span style=\"font-weight: 400;\">Premier objectif : convaincre LeBron de finir sa carri&egrave;re &agrave; Los Angeles en le re-signant pour plusieurs ann&eacute;es et obtenir le pick de Draft de son fils. <\/span><\/p><p><span style=\"font-weight: 400;\">En cas de d&eacute;part du King, Rob Pelinka devra alors s&rsquo;entretenir avec Davis et trouver les meilleures solutions pour faire de la franchise des Lakers une &eacute;quipe comp&eacute;titive d&egrave;s la saison prochaine.<\/span><\/p>\n","protected":false},"excerpt":{"rendered":"","protected":false},"author":180310242,"featured_media":1426519,"comment_status":"open","ping_status":"closed","sticky":false,"template":"","format":"standard","meta":{"inline_featured_image":false,"kia_subtitle":"","_mux_skip_reasons":[],"proofreadBy":0,"footnotes":""},"categories":[110,10],"tags":[763,116,117,6336,5258],"sport":[2783],"saison":[6111],"class_list":["post-1426518","post","type-post","status-publish","format-standard","has-post-thumbnail","hentry","category-actualite-nba","category-nba","tag-anthony-davis","tag-lebron-james","tag-los-angeles-lakers","tag-nba-draft-2024","tag-rob-pelinka","sport-nba","saison-6111"],"acf":[],"yoast_head":"<!-- This site is optimized with the Yoast SEO plugin v24.2 - https:\/\/yoast.com\/wordpress\/plugins\/seo\/ -->\n<title>Clap de fin pour le duo LeBron - AD ? - The Playoffs FR<\/title>\n<meta name=\"robots\" content=\"index, follow, max-snippet:-1, max-image-preview:large, max-video-preview:-1\" \/>\n<link rel=\"canonical\" href=\"https:\/\/theplayoffs.news\/fr\/actualite-nba\/clap-de-fin-pour-le-duo-lebron-ad\/\" \/>\n<meta property=\"og:locale\" content=\"fr_FR\" \/>\n<meta property=\"og:type\" content=\"article\" \/>\n<meta property=\"og:title\" content=\"Clap de fin pour le duo LeBron - AD ? - The Playoffs FR\" \/>\n<meta property=\"og:url\" content=\"https:\/\/theplayoffs.news\/fr\/actualite-nba\/clap-de-fin-pour-le-duo-lebron-ad\/\" \/>\n<meta property=\"og:site_name\" content=\"The Playoffs FR\" \/>\n<meta property=\"article:publisher\" content=\"https:\/\/www.facebook.com\/TheFreeAgentFR\/\" \/>\n<meta property=\"article:modified_time\" content=\"2024-04-23T20:17:14+02:00\" \/>\n<meta property=\"og:image\" content=\"https:\/\/theplayoffs.news\/fr\/wp-content\/uploads\/2024\/04\/USATSI_23027250.jpg\" \/>\n\t<meta property=\"og:image:width\" content=\"1920\" \/>\n\t<meta property=\"og:image:height\" content=\"1280\" \/>\n\t<meta property=\"og:image:type\" content=\"image\/jpeg\" \/>\n<meta name=\"author\" content=\"Thomas Karam\" \/>\n<meta name=\"twitter:card\" content=\"summary_large_image\" \/>\n<meta name=\"twitter:creator\" content=\"@TheFreeAgentFR\" \/>\n<meta name=\"twitter:site\" content=\"@TheFreeAgentFR\" \/>\n<meta name=\"twitter:label1\" content=\"\u00c9crit par\" \/>\n\t<meta name=\"twitter:data1\" content=\"Thomas Karam\" \/>\n\t<meta name=\"twitter:label2\" content=\"Dur\u00e9e de lecture estim\u00e9e\" \/>\n\t<meta name=\"twitter:data2\" content=\"4 minutes\" \/>\n<script type=\"application\/ld+json\" class=\"yoast-schema-graph\">{\"@context\":\"https:\/\/schema.org\",\"@graph\":[{\"@type\":\"WebPage\",\"@id\":\"https:\/\/theplayoffs.news\/fr\/actualite-nba\/clap-de-fin-pour-le-duo-lebron-ad\/\",\"url\":\"https:\/\/theplayoffs.news\/fr\/actualite-nba\/clap-de-fin-pour-le-duo-lebron-ad\/\",\"name\":\"Clap de fin pour le duo LeBron - AD ? - The Playoffs FR\",\"isPartOf\":{\"@id\":\"https:\/\/theplayoffs.news\/fr\/#website\"},\"primaryImageOfPage\":{\"@id\":\"https:\/\/theplayoffs.news\/fr\/actualite-nba\/clap-de-fin-pour-le-duo-lebron-ad\/#primaryimage\"},\"image\":{\"@id\":\"https:\/\/theplayoffs.news\/fr\/actualite-nba\/clap-de-fin-pour-le-duo-lebron-ad\/#primaryimage\"},\"thumbnailUrl\":\"https:\/\/theplayoffs.news\/fr\/wp-content\/uploads\/2024\/04\/USATSI_23027250.jpg\",\"datePublished\":\"2024-04-23T18:17:14+00:00\",\"dateModified\":\"2024-04-23T18:17:14+00:00\",\"author\":{\"@id\":\"https:\/\/theplayoffs.news\/fr\/#\/schema\/person\/2392f906d05e99f9ebc2222f18c7a4d0\"},\"breadcrumb\":{\"@id\":\"https:\/\/theplayoffs.news\/fr\/actualite-nba\/clap-de-fin-pour-le-duo-lebron-ad\/#breadcrumb\"},\"inLanguage\":\"fr-FR\",\"potentialAction\":[{\"@type\":\"ReadAction\",\"target\":[\"https:\/\/theplayoffs.news\/fr\/actualite-nba\/clap-de-fin-pour-le-duo-lebron-ad\/\"]}]},{\"@type\":\"ImageObject\",\"inLanguage\":\"fr-FR\",\"@id\":\"https:\/\/theplayoffs.news\/fr\/actualite-nba\/clap-de-fin-pour-le-duo-lebron-ad\/#primaryimage\",\"url\":\"https:\/\/theplayoffs.news\/fr\/wp-content\/uploads\/2024\/04\/USATSI_23027250.jpg\",\"contentUrl\":\"https:\/\/theplayoffs.news\/fr\/wp-content\/uploads\/2024\/04\/USATSI_23027250.jpg\",\"width\":1920,\"height\":1280,\"caption\":\"Apr 14, 2024 \u00a9 Stephen Lew-USA TODAY Sports\"},{\"@type\":\"BreadcrumbList\",\"@id\":\"https:\/\/theplayoffs.news\/fr\/actualite-nba\/clap-de-fin-pour-le-duo-lebron-ad\/#breadcrumb\",\"itemListElement\":[{\"@type\":\"ListItem\",\"position\":1,\"name\":\"Accueil\",\"item\":\"https:\/\/theplayoffs.news\/fr\/\"},{\"@type\":\"ListItem\",\"position\":2,\"name\":\"Clap de fin pour le duo LeBron &#8211; AD ?\"}]},{\"@type\":\"WebSite\",\"@id\":\"https:\/\/theplayoffs.news\/fr\/#website\",\"url\":\"https:\/\/theplayoffs.news\/fr\/\",\"name\":\"The Playoffs FR\",\"description\":\"NBA-NFL-NHL-MLB\",\"potentialAction\":[{\"@type\":\"SearchAction\",\"target\":{\"@type\":\"EntryPoint\",\"urlTemplate\":\"https:\/\/theplayoffs.news\/fr\/?s={search_term_string}\"},\"query-input\":{\"@type\":\"PropertyValueSpecification\",\"valueRequired\":true,\"valueName\":\"search_term_string\"}}],\"inLanguage\":\"fr-FR\"},{\"@type\":\"Person\",\"@id\":\"https:\/\/theplayoffs.news\/fr\/#\/schema\/person\/2392f906d05e99f9ebc2222f18c7a4d0\",\"name\":\"Thomas Karam\",\"image\":{\"@type\":\"ImageObject\",\"inLanguage\":\"fr-FR\",\"@id\":\"https:\/\/theplayoffs.news\/fr\/#\/schema\/person\/image\/\",\"url\":\"https:\/\/secure.gravatar.com\/avatar\/7b61766cbc65b1a30559f7931b2f617af59abcbc27b1809054975f309090dfed?s=96&d=mm&r=g\",\"contentUrl\":\"https:\/\/secure.gravatar.com\/avatar\/7b61766cbc65b1a30559f7931b2f617af59abcbc27b1809054975f309090dfed?s=96&d=mm&r=g\",\"caption\":\"Thomas Karam\"},\"url\":\"https:\/\/theplayoffs.news\/fr\/author\/thomas-karam-progmail-com\/\"}]}<\/script>\n<!-- \/ Yoast SEO plugin. -->","yoast_head_json":{"title":"Clap de fin pour le duo LeBron - AD ? - The Playoffs FR","robots":{"index":"index","follow":"follow","max-snippet":"max-snippet:-1","max-image-preview":"max-image-preview:large","max-video-preview":"max-video-preview:-1"},"canonical":"https:\/\/theplayoffs.news\/fr\/actualite-nba\/clap-de-fin-pour-le-duo-lebron-ad\/","og_locale":"fr_FR","og_type":"article","og_title":"Clap de fin pour le duo LeBron - AD ? - The Playoffs FR","og_url":"https:\/\/theplayoffs.news\/fr\/actualite-nba\/clap-de-fin-pour-le-duo-lebron-ad\/","og_site_name":"The Playoffs FR","article_publisher":"https:\/\/www.facebook.com\/TheFreeAgentFR\/","og_image":[{"width":1920,"height":1280,"url":"https:\/\/theplayoffs.news\/fr\/wp-content\/uploads\/2024\/04\/USATSI_23027250.jpg","type":"image\/jpeg"}],"author":"Thomas Karam","twitter_card":"summary_large_image","twitter_creator":"@TheFreeAgentFR","twitter_site":"@TheFreeAgentFR","twitter_misc":{"\u00c9crit par":"Thomas Karam","Dur\u00e9e de lecture estim\u00e9e":"4 minutes"},"schema":{"@context":"https:\/\/schema.org","@graph":[{"@type":"WebPage","@id":"https:\/\/theplayoffs.news\/fr\/actualite-nba\/clap-de-fin-pour-le-duo-lebron-ad\/","url":"https:\/\/theplayoffs.news\/fr\/actualite-nba\/clap-de-fin-pour-le-duo-lebron-ad\/","name":"Clap de fin pour le duo LeBron - AD ? - The Playoffs FR","isPartOf":{"@id":"https:\/\/theplayoffs.news\/fr\/#website"},"primaryImageOfPage":{"@id":"https:\/\/theplayoffs.news\/fr\/actualite-nba\/clap-de-fin-pour-le-duo-lebron-ad\/#primaryimage"},"image":{"@id":"https:\/\/theplayoffs.news\/fr\/actualite-nba\/clap-de-fin-pour-le-duo-lebron-ad\/#primaryimage"},"thumbnailUrl":"https:\/\/theplayoffs.news\/fr\/wp-content\/uploads\/2024\/04\/USATSI_23027250.jpg","datePublished":"2024-04-23T18:17:14+00:00","dateModified":"2024-04-23T18:17:14+00:00","author":{"@id":"https:\/\/theplayoffs.news\/fr\/#\/schema\/person\/2392f906d05e99f9ebc2222f18c7a4d0"},"breadcrumb":{"@id":"https:\/\/theplayoffs.news\/fr\/actualite-nba\/clap-de-fin-pour-le-duo-lebron-ad\/#breadcrumb"},"inLanguage":"fr-FR","potentialAction":[{"@type":"ReadAction","target":["https:\/\/theplayoffs.news\/fr\/actualite-nba\/clap-de-fin-pour-le-duo-lebron-ad\/"]}]},{"@type":"ImageObject","inLanguage":"fr-FR","@id":"https:\/\/theplayoffs.news\/fr\/actualite-nba\/clap-de-fin-pour-le-duo-lebron-ad\/#primaryimage","url":"https:\/\/theplayoffs.news\/fr\/wp-content\/uploads\/2024\/04\/USATSI_23027250.jpg","contentUrl":"https:\/\/theplayoffs.news\/fr\/wp-content\/uploads\/2024\/04\/USATSI_23027250.jpg","width":1920,"height":1280,"caption":"Apr 14, 2024 \u00a9 Stephen Lew-USA TODAY Sports"},{"@type":"BreadcrumbList","@id":"https:\/\/theplayoffs.news\/fr\/actualite-nba\/clap-de-fin-pour-le-duo-lebron-ad\/#breadcrumb","itemListElement":[{"@type":"ListItem","position":1,"name":"Accueil","item":"https:\/\/theplayoffs.news\/fr\/"},{"@type":"ListItem","position":2,"name":"Clap de fin pour le duo LeBron &#8211; AD ?"}]},{"@type":"WebSite","@id":"https:\/\/theplayoffs.news\/fr\/#website","url":"https:\/\/theplayoffs.news\/fr\/","name":"The Playoffs FR","description":"NBA-NFL-NHL-MLB","potentialAction":[{"@type":"SearchAction","target":{"@type":"EntryPoint","urlTemplate":"https:\/\/theplayoffs.news\/fr\/?s={search_term_string}"},"query-input":{"@type":"PropertyValueSpecification","valueRequired":true,"valueName":"search_term_string"}}],"inLanguage":"fr-FR"},{"@type":"Person","@id":"https:\/\/theplayoffs.news\/fr\/#\/schema\/person\/2392f906d05e99f9ebc2222f18c7a4d0","name":"Thomas Karam","image":{"@type":"ImageObject","inLanguage":"fr-FR","@id":"https:\/\/theplayoffs.news\/fr\/#\/schema\/person\/image\/","url":"https:\/\/secure.gravatar.com\/avatar\/7b61766cbc65b1a30559f7931b2f617af59abcbc27b1809054975f309090dfed?s=96&d=mm&r=g","contentUrl":"https:\/\/secure.gravatar.com\/avatar\/7b61766cbc65b1a30559f7931b2f617af59abcbc27b1809054975f309090dfed?s=96&d=mm&r=g","caption":"Thomas Karam"},"url":"https:\/\/theplayoffs.news\/fr\/author\/thomas-karam-progmail-com\/"}]}},"_links":{"self":[{"href":"https:\/\/theplayoffs.news\/fr\/wp-json\/wp\/v2\/posts\/1426518","targetHints":{"allow":["GET"]}}],"collection":[{"href":"https:\/\/theplayoffs.news\/fr\/wp-json\/wp\/v2\/posts"}],"about":[{"href":"https:\/\/theplayoffs.news\/fr\/wp-json\/wp\/v2\/types\/post"}],"author":[{"embeddable":true,"href":"https:\/\/theplayoffs.news\/fr\/wp-json\/wp\/v2\/users\/180310242"}],"replies":[{"embeddable":true,"href":"https:\/\/theplayoffs.news\/fr\/wp-json\/wp\/v2\/comments?post=1426518"}],"version-history":[{"count":8,"href":"https:\/\/theplayoffs.news\/fr\/wp-json\/wp\/v2\/posts\/1426518\/revisions"}],"predecessor-version":[{"id":1426531,"href":"https:\/\/theplayoffs.news\/fr\/wp-json\/wp\/v2\/posts\/1426518\/revisions\/1426531"}],"wp:featuredmedia":[{"embeddable":true,"href":"https:\/\/theplayoffs.news\/fr\/wp-json\/wp\/v2\/media\/1426519"}],"wp:attachment":[{"href":"https:\/\/theplayoffs.news\/fr\/wp-json\/wp\/v2\/media?parent=1426518"}],"wp:term":[{"taxonomy":"category","embeddable":true,"href":"https:\/\/theplayoffs.news\/fr\/wp-json\/wp\/v2\/categories?post=1426518"},{"taxonomy":"post_tag","embeddable":true,"href":"https:\/\/theplayoffs.news\/fr\/wp-json\/wp\/v2\/tags?post=1426518"},{"taxonomy":"sport","embeddable":true,"href":"https:\/\/theplayoffs.news\/fr\/wp-json\/wp\/v2\/sport?post=1426518"},{"taxonomy":"saison","embeddable":true,"href":"https:\/\/theplayoffs.news\/fr\/wp-json\/wp\/v2\/saison?post=1426518"}],"curies":[{"name":"wp","href":"https:\/\/api.w.org\/{rel}","templated":true}]}}