{"id":1426264,"date":"2024-04-22T20:21:37","date_gmt":"2024-04-22T18:21:37","guid":{"rendered":"https:\/\/theplayoffs.news\/fr\/?p=1426264"},"modified":"2024-04-22T20:21:37","modified_gmt":"2024-04-22T18:21:37","slug":"breaking-news-matt-ryan-annonce-officiellement-sa-retraite","status":"publish","type":"post","link":"https:\/\/theplayoffs.news\/fr\/actualite-nfl\/breaking-news-matt-ryan-annonce-officiellement-sa-retraite\/","title":{"rendered":"Breaking News : Matt Ryan annonce officiellement sa retraite !"},"content":{"rendered":"<h2>La l&eacute;gende des Atlanta Falcons Matt Ryan vient d&rsquo;annoncer sa retraite.<\/h2><p>Matt Ryan est sans le moindre doute le QB qui a &eacute;crit les plus belles heures de l&rsquo;histoire des Atlanta Falcons. Apr&egrave;s 14 ans de carri&egrave;re, il vient officiellement d&rsquo;annoncer sa retraite.<\/p><p>Le troisi&egrave;me choix de la Draft NFL 2008 en provenance des Eagles de Boston College a compl&egrave;tement chang&eacute; la trajectoire d&rsquo;une franchise qui avait perdu tout espoir de victoire. D&egrave;s sa premi&egrave;re ann&eacute;e dans la ligue il a su mener les Falcons en playoffs et a &eacute;t&eacute; titulaire &agrave; chaque match.<\/p><blockquote class=\"twitter-tweet\" data-width=\"500\" data-dnt=\"true\">\n<p lang=\"no\" dir=\"ltr\">From: Matt Ryan <br>To: Atlanta <a href=\"https:\/\/t.co\/JWhkNqHzdY\" class=\"trk-cta-link\" data-cta-trk='{\"ctaType\":\"Link\",\"ctaSubType\":\"main\"}'>pic.twitter.com\/JWhkNqHzdY<\/a><\/p>\n<p>&mdash; Atlanta Falcons (@AtlantaFalcons) <a href=\"https:\/\/twitter.com\/AtlantaFalcons\/status\/1782469454640697386?ref_src=twsrc%5Etfw\" class=\"trk-cta-link\" data-cta-trk='{\"ctaType\":\"Link\",\"ctaSubType\":\"main\"}'>April 22, 2024<\/a><\/p><\/blockquote><p><script async src=\"https:\/\/platform.twitter.com\/widgets.js\" charset=\"utf-8\"><\/script><\/p><p>Matt Ryan a disput&eacute; 232 matchs avec les Falcons avec plus de cinq qualifications pour les playoffs mais surtout un titre de MVP en 2016 et une d&eacute;faite au Super Bowl LI. Ce revers restera sans le moindre doute le plus dur de sa carri&egrave;re, les Falcons menaient 28-3 avant de se faire reprendre par les Patriots pour l&rsquo;emporter 34-28.<\/p><p>Quoi qu&rsquo;il en soit Matt Ryan a laiss&eacute; sa marque dans l&rsquo;histoire de la NFL. Maintenant qu&rsquo;il vient officiellement d&rsquo;annoncer sa retraite, il ne faudra pas attendre bien longtemps avant de le voir rejoindre le Hall of Fame. En 14 ans avec les Falcons il a lanc&eacute; plus de 65 000 yards, un chiffre absolument impressionnant pour celui qui sera rem&eacute;mor&eacute; comme un des plus grands QBs de tous les temps.<\/p>\n","protected":false},"excerpt":{"rendered":"","protected":false},"author":180309795,"featured_media":310307,"comment_status":"open","ping_status":"closed","sticky":false,"template":"","format":"standard","meta":{"inline_featured_image":false,"kia_subtitle":"","_mux_skip_reasons":[],"proofreadBy":0,"footnotes":""},"categories":[118,40],"tags":[920],"sport":[2785],"saison":[6111],"class_list":["post-1426264","post","type-post","status-publish","format-standard","has-post-thumbnail","hentry","category-actualite-nfl","category-nfl","tag-atlanta-falcons","sport-nfl","saison-6111"],"acf":[],"yoast_head":"<!-- This site is optimized with the Yoast SEO plugin v24.2 - https:\/\/yoast.com\/wordpress\/plugins\/seo\/ -->\n<title>Breaking News : Matt Ryan annonce officiellement sa retraite ! - The Playoffs FR<\/title>\n<meta name=\"robots\" content=\"index, follow, max-snippet:-1, max-image-preview:large, max-video-preview:-1\" \/>\n<link rel=\"canonical\" href=\"https:\/\/theplayoffs.news\/fr\/actualite-nfl\/breaking-news-matt-ryan-annonce-officiellement-sa-retraite\/\" \/>\n<meta property=\"og:locale\" content=\"fr_FR\" \/>\n<meta property=\"og:type\" content=\"article\" \/>\n<meta property=\"og:title\" content=\"Breaking News : Matt Ryan annonce officiellement sa retraite ! - The Playoffs FR\" \/>\n<meta property=\"og:url\" content=\"https:\/\/theplayoffs.news\/fr\/actualite-nfl\/breaking-news-matt-ryan-annonce-officiellement-sa-retraite\/\" \/>\n<meta property=\"og:site_name\" content=\"The Playoffs FR\" \/>\n<meta property=\"article:publisher\" content=\"https:\/\/www.facebook.com\/TheFreeAgentFR\/\" \/>\n<meta property=\"article:modified_time\" content=\"2024-04-22T20:21:37+02:00\" \/>\n<meta property=\"og:image\" content=\"https:\/\/theplayoffs.news\/fr\/wp-content\/uploads\/2021\/08\/mattryan_2020_atlantafalcons.jpeg\" \/>\n\t<meta property=\"og:image:width\" content=\"1200\" \/>\n\t<meta property=\"og:image:height\" content=\"668\" \/>\n\t<meta property=\"og:image:type\" content=\"image\/jpeg\" \/>\n<meta name=\"author\" content=\"Damien Viottolo\" \/>\n<meta name=\"twitter:card\" content=\"summary_large_image\" \/>\n<meta name=\"twitter:creator\" content=\"@TheFreeAgentFR\" \/>\n<meta name=\"twitter:site\" content=\"@TheFreeAgentFR\" \/>\n<meta name=\"twitter:label1\" content=\"\u00c9crit par\" \/>\n\t<meta name=\"twitter:data1\" content=\"Damien Viottolo\" \/>\n\t<meta name=\"twitter:label2\" content=\"Dur\u00e9e de lecture estim\u00e9e\" \/>\n\t<meta name=\"twitter:data2\" content=\"1 minute\" \/>\n<script type=\"application\/ld+json\" class=\"yoast-schema-graph\">{\"@context\":\"https:\/\/schema.org\",\"@graph\":[{\"@type\":\"WebPage\",\"@id\":\"https:\/\/theplayoffs.news\/fr\/actualite-nfl\/breaking-news-matt-ryan-annonce-officiellement-sa-retraite\/\",\"url\":\"https:\/\/theplayoffs.news\/fr\/actualite-nfl\/breaking-news-matt-ryan-annonce-officiellement-sa-retraite\/\",\"name\":\"Breaking News : Matt Ryan annonce officiellement sa retraite ! - The Playoffs FR\",\"isPartOf\":{\"@id\":\"https:\/\/theplayoffs.news\/fr\/#website\"},\"primaryImageOfPage\":{\"@id\":\"https:\/\/theplayoffs.news\/fr\/actualite-nfl\/breaking-news-matt-ryan-annonce-officiellement-sa-retraite\/#primaryimage\"},\"image\":{\"@id\":\"https:\/\/theplayoffs.news\/fr\/actualite-nfl\/breaking-news-matt-ryan-annonce-officiellement-sa-retraite\/#primaryimage\"},\"thumbnailUrl\":\"https:\/\/theplayoffs.news\/fr\/wp-content\/uploads\/2021\/08\/mattryan_2020_atlantafalcons.jpeg\",\"datePublished\":\"2024-04-22T18:21:37+00:00\",\"dateModified\":\"2024-04-22T18:21:37+00:00\",\"author\":{\"@id\":\"https:\/\/theplayoffs.news\/fr\/#\/schema\/person\/73084b933851a05764c1c3d9b89d8543\"},\"breadcrumb\":{\"@id\":\"https:\/\/theplayoffs.news\/fr\/actualite-nfl\/breaking-news-matt-ryan-annonce-officiellement-sa-retraite\/#breadcrumb\"},\"inLanguage\":\"fr-FR\",\"potentialAction\":[{\"@type\":\"ReadAction\",\"target\":[\"https:\/\/theplayoffs.news\/fr\/actualite-nfl\/breaking-news-matt-ryan-annonce-officiellement-sa-retraite\/\"]}]},{\"@type\":\"ImageObject\",\"inLanguage\":\"fr-FR\",\"@id\":\"https:\/\/theplayoffs.news\/fr\/actualite-nfl\/breaking-news-matt-ryan-annonce-officiellement-sa-retraite\/#primaryimage\",\"url\":\"https:\/\/theplayoffs.news\/fr\/wp-content\/uploads\/2021\/08\/mattryan_2020_atlantafalcons.jpeg\",\"contentUrl\":\"https:\/\/theplayoffs.news\/fr\/wp-content\/uploads\/2021\/08\/mattryan_2020_atlantafalcons.jpeg\",\"width\":1200,\"height\":668},{\"@type\":\"BreadcrumbList\",\"@id\":\"https:\/\/theplayoffs.news\/fr\/actualite-nfl\/breaking-news-matt-ryan-annonce-officiellement-sa-retraite\/#breadcrumb\",\"itemListElement\":[{\"@type\":\"ListItem\",\"position\":1,\"name\":\"Accueil\",\"item\":\"https:\/\/theplayoffs.news\/fr\/\"},{\"@type\":\"ListItem\",\"position\":2,\"name\":\"Breaking News : Matt Ryan annonce officiellement sa retraite !\"}]},{\"@type\":\"WebSite\",\"@id\":\"https:\/\/theplayoffs.news\/fr\/#website\",\"url\":\"https:\/\/theplayoffs.news\/fr\/\",\"name\":\"The Playoffs FR\",\"description\":\"NBA-NFL-NHL-MLB\",\"potentialAction\":[{\"@type\":\"SearchAction\",\"target\":{\"@type\":\"EntryPoint\",\"urlTemplate\":\"https:\/\/theplayoffs.news\/fr\/?s={search_term_string}\"},\"query-input\":{\"@type\":\"PropertyValueSpecification\",\"valueRequired\":true,\"valueName\":\"search_term_string\"}}],\"inLanguage\":\"fr-FR\"},{\"@type\":\"Person\",\"@id\":\"https:\/\/theplayoffs.news\/fr\/#\/schema\/person\/73084b933851a05764c1c3d9b89d8543\",\"name\":\"Damien Viottolo\",\"image\":{\"@type\":\"ImageObject\",\"inLanguage\":\"fr-FR\",\"@id\":\"https:\/\/theplayoffs.news\/fr\/#\/schema\/person\/image\/\",\"url\":\"https:\/\/secure.gravatar.com\/avatar\/b4898b6250f932f028b8d5a79d8c3f31e7f0ec90943f46a9364c077ab76a518e?s=96&d=mm&r=g\",\"contentUrl\":\"https:\/\/secure.gravatar.com\/avatar\/b4898b6250f932f028b8d5a79d8c3f31e7f0ec90943f46a9364c077ab76a518e?s=96&d=mm&r=g\",\"caption\":\"Damien Viottolo\"},\"url\":\"https:\/\/theplayoffs.news\/fr\/author\/damienviottolo\/\"}]}<\/script>\n<!-- \/ Yoast SEO plugin. -->","yoast_head_json":{"title":"Breaking News : Matt Ryan annonce officiellement sa retraite ! - The Playoffs FR","robots":{"index":"index","follow":"follow","max-snippet":"max-snippet:-1","max-image-preview":"max-image-preview:large","max-video-preview":"max-video-preview:-1"},"canonical":"https:\/\/theplayoffs.news\/fr\/actualite-nfl\/breaking-news-matt-ryan-annonce-officiellement-sa-retraite\/","og_locale":"fr_FR","og_type":"article","og_title":"Breaking News : Matt Ryan annonce officiellement sa retraite ! - The Playoffs FR","og_url":"https:\/\/theplayoffs.news\/fr\/actualite-nfl\/breaking-news-matt-ryan-annonce-officiellement-sa-retraite\/","og_site_name":"The Playoffs FR","article_publisher":"https:\/\/www.facebook.com\/TheFreeAgentFR\/","og_image":[{"width":1200,"height":668,"url":"https:\/\/theplayoffs.news\/fr\/wp-content\/uploads\/2021\/08\/mattryan_2020_atlantafalcons.jpeg","type":"image\/jpeg"}],"author":"Damien Viottolo","twitter_card":"summary_large_image","twitter_creator":"@TheFreeAgentFR","twitter_site":"@TheFreeAgentFR","twitter_misc":{"\u00c9crit par":"Damien Viottolo","Dur\u00e9e de lecture estim\u00e9e":"1 minute"},"schema":{"@context":"https:\/\/schema.org","@graph":[{"@type":"WebPage","@id":"https:\/\/theplayoffs.news\/fr\/actualite-nfl\/breaking-news-matt-ryan-annonce-officiellement-sa-retraite\/","url":"https:\/\/theplayoffs.news\/fr\/actualite-nfl\/breaking-news-matt-ryan-annonce-officiellement-sa-retraite\/","name":"Breaking News : Matt Ryan annonce officiellement sa retraite ! - The Playoffs FR","isPartOf":{"@id":"https:\/\/theplayoffs.news\/fr\/#website"},"primaryImageOfPage":{"@id":"https:\/\/theplayoffs.news\/fr\/actualite-nfl\/breaking-news-matt-ryan-annonce-officiellement-sa-retraite\/#primaryimage"},"image":{"@id":"https:\/\/theplayoffs.news\/fr\/actualite-nfl\/breaking-news-matt-ryan-annonce-officiellement-sa-retraite\/#primaryimage"},"thumbnailUrl":"https:\/\/theplayoffs.news\/fr\/wp-content\/uploads\/2021\/08\/mattryan_2020_atlantafalcons.jpeg","datePublished":"2024-04-22T18:21:37+00:00","dateModified":"2024-04-22T18:21:37+00:00","author":{"@id":"https:\/\/theplayoffs.news\/fr\/#\/schema\/person\/73084b933851a05764c1c3d9b89d8543"},"breadcrumb":{"@id":"https:\/\/theplayoffs.news\/fr\/actualite-nfl\/breaking-news-matt-ryan-annonce-officiellement-sa-retraite\/#breadcrumb"},"inLanguage":"fr-FR","potentialAction":[{"@type":"ReadAction","target":["https:\/\/theplayoffs.news\/fr\/actualite-nfl\/breaking-news-matt-ryan-annonce-officiellement-sa-retraite\/"]}]},{"@type":"ImageObject","inLanguage":"fr-FR","@id":"https:\/\/theplayoffs.news\/fr\/actualite-nfl\/breaking-news-matt-ryan-annonce-officiellement-sa-retraite\/#primaryimage","url":"https:\/\/theplayoffs.news\/fr\/wp-content\/uploads\/2021\/08\/mattryan_2020_atlantafalcons.jpeg","contentUrl":"https:\/\/theplayoffs.news\/fr\/wp-content\/uploads\/2021\/08\/mattryan_2020_atlantafalcons.jpeg","width":1200,"height":668},{"@type":"BreadcrumbList","@id":"https:\/\/theplayoffs.news\/fr\/actualite-nfl\/breaking-news-matt-ryan-annonce-officiellement-sa-retraite\/#breadcrumb","itemListElement":[{"@type":"ListItem","position":1,"name":"Accueil","item":"https:\/\/theplayoffs.news\/fr\/"},{"@type":"ListItem","position":2,"name":"Breaking News : Matt Ryan annonce officiellement sa retraite !"}]},{"@type":"WebSite","@id":"https:\/\/theplayoffs.news\/fr\/#website","url":"https:\/\/theplayoffs.news\/fr\/","name":"The Playoffs FR","description":"NBA-NFL-NHL-MLB","potentialAction":[{"@type":"SearchAction","target":{"@type":"EntryPoint","urlTemplate":"https:\/\/theplayoffs.news\/fr\/?s={search_term_string}"},"query-input":{"@type":"PropertyValueSpecification","valueRequired":true,"valueName":"search_term_string"}}],"inLanguage":"fr-FR"},{"@type":"Person","@id":"https:\/\/theplayoffs.news\/fr\/#\/schema\/person\/73084b933851a05764c1c3d9b89d8543","name":"Damien Viottolo","image":{"@type":"ImageObject","inLanguage":"fr-FR","@id":"https:\/\/theplayoffs.news\/fr\/#\/schema\/person\/image\/","url":"https:\/\/secure.gravatar.com\/avatar\/b4898b6250f932f028b8d5a79d8c3f31e7f0ec90943f46a9364c077ab76a518e?s=96&d=mm&r=g","contentUrl":"https:\/\/secure.gravatar.com\/avatar\/b4898b6250f932f028b8d5a79d8c3f31e7f0ec90943f46a9364c077ab76a518e?s=96&d=mm&r=g","caption":"Damien Viottolo"},"url":"https:\/\/theplayoffs.news\/fr\/author\/damienviottolo\/"}]}},"_links":{"self":[{"href":"https:\/\/theplayoffs.news\/fr\/wp-json\/wp\/v2\/posts\/1426264","targetHints":{"allow":["GET"]}}],"collection":[{"href":"https:\/\/theplayoffs.news\/fr\/wp-json\/wp\/v2\/posts"}],"about":[{"href":"https:\/\/theplayoffs.news\/fr\/wp-json\/wp\/v2\/types\/post"}],"author":[{"embeddable":true,"href":"https:\/\/theplayoffs.news\/fr\/wp-json\/wp\/v2\/users\/180309795"}],"replies":[{"embeddable":true,"href":"https:\/\/theplayoffs.news\/fr\/wp-json\/wp\/v2\/comments?post=1426264"}],"version-history":[{"count":3,"href":"https:\/\/theplayoffs.news\/fr\/wp-json\/wp\/v2\/posts\/1426264\/revisions"}],"predecessor-version":[{"id":1426268,"href":"https:\/\/theplayoffs.news\/fr\/wp-json\/wp\/v2\/posts\/1426264\/revisions\/1426268"}],"wp:featuredmedia":[{"embeddable":true,"href":"https:\/\/theplayoffs.news\/fr\/wp-json\/wp\/v2\/media\/310307"}],"wp:attachment":[{"href":"https:\/\/theplayoffs.news\/fr\/wp-json\/wp\/v2\/media?parent=1426264"}],"wp:term":[{"taxonomy":"category","embeddable":true,"href":"https:\/\/theplayoffs.news\/fr\/wp-json\/wp\/v2\/categories?post=1426264"},{"taxonomy":"post_tag","embeddable":true,"href":"https:\/\/theplayoffs.news\/fr\/wp-json\/wp\/v2\/tags?post=1426264"},{"taxonomy":"sport","embeddable":true,"href":"https:\/\/theplayoffs.news\/fr\/wp-json\/wp\/v2\/sport?post=1426264"},{"taxonomy":"saison","embeddable":true,"href":"https:\/\/theplayoffs.news\/fr\/wp-json\/wp\/v2\/saison?post=1426264"}],"curies":[{"name":"wp","href":"https:\/\/api.w.org\/{rel}","templated":true}]}}