{"id":1425564,"date":"2024-04-19T17:09:51","date_gmt":"2024-04-19T15:09:51","guid":{"rendered":"https:\/\/theplayoffs.news\/fr\/?p=1425564"},"modified":"2024-04-19T17:09:51","modified_gmt":"2024-04-19T15:09:51","slug":"kyrie-irving-cest-juste-que-je-ne-mintegrais-pas-bien-dans-cette-equipe","status":"publish","type":"post","link":"https:\/\/theplayoffs.news\/fr\/actualite-nba\/kyrie-irving-cest-juste-que-je-ne-mintegrais-pas-bien-dans-cette-equipe\/","title":{"rendered":"Kyrie Irving : &lsquo;C&rsquo;est juste que je ne m&rsquo;int\u00e9grais pas bien dans cette \u00e9quipe&rsquo;"},"content":{"rendered":"<h2>Non s&eacute;lectionn&eacute; par Team USA pour les Jeux Olympiques, Kyrie Irving n&rsquo;a pas tard&eacute; &agrave; r&eacute;agir &agrave; sa non-s&eacute;lection.<\/h2><p>Champion en 2016 avec Team USA &agrave; Rio, Irving ne retrouvera pas LeBron James et compagnie pour tenter d&rsquo;aller chercher une m&eacute;daille d&rsquo;or.<\/p><blockquote class=\"twitter-tweet\" data-width=\"500\" data-dnt=\"true\">\n<p lang=\"en\" dir=\"ltr\">Kyrie Irving, who won gold as a member of the 2016 Team USA in Rio, on being left off the &lsquo;24 team after being listed as a finalist. <a href=\"https:\/\/t.co\/V9T3kOXvzP\" class=\"trk-cta-link\" data-cta-trk='{\"ctaType\":\"Link\",\"ctaSubType\":\"main\"}'>pic.twitter.com\/V9T3kOXvzP<\/a><\/p>\n<p>&mdash; Brad Townsend (@townbrad) <a href=\"https:\/\/twitter.com\/townbrad\/status\/1781019097351790721?ref_src=twsrc%5Etfw\" class=\"trk-cta-link\" data-cta-trk='{\"ctaType\":\"Link\",\"ctaSubType\":\"main\"}'>April 18, 2024<\/a><\/p><\/blockquote><p><script async src=\"https:\/\/platform.twitter.com\/widgets.js\" charset=\"utf-8\"><\/script><\/p><blockquote><p>&laquo;&nbsp;Je souhaite bonne chance &agrave; mes fr&egrave;res. C&rsquo;est juste que je ne m&rsquo;int&eacute;grais pas bien dans cette &eacute;quipe&nbsp;&raquo;, <a href=\"https:\/\/www.si.com\/olympics\/2024\/04\/18\/kyrie-irving-reacts-team-usa-roster-paris-olympics\" class=\"trk-cta-link\" data-cta-trk='{\"ctaType\":\"Link\",\"ctaSubType\":\"main\"}'>a d&eacute;clar&eacute; Kyrie Irving<\/a>. &laquo;&nbsp;Le processus de d&eacute;lib&eacute;ration a &eacute;t&eacute; difficile. Mais encore une fois, je n&rsquo;ai que du respect pour les gars de USA [Basketball].<\/p>\n<p>&laquo;&nbsp;&Agrave; ce stade de ma carri&egrave;re, je pense que mon objectif devrait &ecirc;tre de remporter un titre.&nbsp;&raquo;<\/p><\/blockquote><p>M&ecirc;me s&rsquo;il souhaite le meilleur &agrave; ses anciens co&eacute;quipiers, <a href=\"https:\/\/theplayoffs.news\/fr\/joueur\/kyrie-irving-nba-12884\/\" class=\"trk-cta-link\" data-cta-trk='{\"ctaType\":\"Link\",\"ctaSubType\":\"main\"}'><strong>Kyrie Irving<\/strong><\/a> regrette le temps o&ugrave; il y avait des essais pour pr&eacute;tendre &agrave; &ecirc;tre s&eacute;lectionn&eacute;.<\/p><blockquote><p>&laquo;&nbsp;J&rsquo;ai aussi grandi &agrave; une &eacute;poque o&ugrave; nous devions faire des essais pour les USA [basket-ball]. Nous nous sommes rencontr&eacute;s en tant que groupe et en tant que pairs&nbsp;&raquo;, a-t-il d&eacute;clar&eacute;. &laquo;&nbsp;Il y avait un respect mutuel que nous avons gagn&eacute; les uns pour les autres en essayant et en voyant quels &eacute;taient les cinq joueurs qui s&rsquo;accordaient le mieux.&nbsp;&raquo;<\/p><\/blockquote><p>&nbsp;<\/p><p>Credit Photo : Sam Navarro-USA TODAY Sports<\/p>\n","protected":false},"excerpt":{"rendered":"","protected":false},"author":13,"featured_media":1425565,"comment_status":"open","ping_status":"closed","sticky":false,"template":"","format":"standard","meta":{"inline_featured_image":false,"kia_subtitle":"","_mux_skip_reasons":[],"proofreadBy":0,"footnotes":""},"categories":[110,10],"tags":[1073,1904],"sport":[],"saison":[],"class_list":["post-1425564","post","type-post","status-publish","format-standard","has-post-thumbnail","hentry","category-actualite-nba","category-nba","tag-kyrie-irving","tag-team-usa"],"acf":[],"yoast_head":"<!-- This site is optimized with the Yoast SEO plugin v24.2 - https:\/\/yoast.com\/wordpress\/plugins\/seo\/ -->\n<title>Kyrie Irving : &#039;C&#039;est juste que je ne m&#039;int&eacute;grais pas bien dans cette &eacute;quipe&#039; - The Playoffs FR<\/title>\n<meta name=\"robots\" content=\"index, follow, max-snippet:-1, max-image-preview:large, max-video-preview:-1\" \/>\n<link rel=\"canonical\" href=\"https:\/\/theplayoffs.news\/fr\/actualite-nba\/kyrie-irving-cest-juste-que-je-ne-mintegrais-pas-bien-dans-cette-equipe\/\" \/>\n<meta property=\"og:locale\" content=\"fr_FR\" \/>\n<meta property=\"og:type\" content=\"article\" \/>\n<meta property=\"og:title\" content=\"Kyrie Irving : &#039;C&#039;est juste que je ne m&#039;int&eacute;grais pas bien dans cette &eacute;quipe&#039; - The Playoffs FR\" \/>\n<meta property=\"og:url\" content=\"https:\/\/theplayoffs.news\/fr\/actualite-nba\/kyrie-irving-cest-juste-que-je-ne-mintegrais-pas-bien-dans-cette-equipe\/\" \/>\n<meta property=\"og:site_name\" content=\"The Playoffs FR\" \/>\n<meta property=\"article:publisher\" content=\"https:\/\/www.facebook.com\/TheFreeAgentFR\/\" \/>\n<meta property=\"article:modified_time\" content=\"2024-04-19T17:09:51+02:00\" \/>\n<meta property=\"og:image\" content=\"https:\/\/theplayoffs.news\/fr\/wp-content\/uploads\/2024\/04\/USATSI_22995704.jpg\" \/>\n\t<meta property=\"og:image:width\" content=\"1920\" \/>\n\t<meta property=\"og:image:height\" content=\"1280\" \/>\n\t<meta property=\"og:image:type\" content=\"image\/jpeg\" \/>\n<meta name=\"author\" content=\"Charles Taudin\" \/>\n<meta name=\"twitter:card\" content=\"summary_large_image\" \/>\n<meta name=\"twitter:creator\" content=\"@TheFreeAgentFR\" \/>\n<meta name=\"twitter:site\" content=\"@TheFreeAgentFR\" \/>\n<meta name=\"twitter:label1\" content=\"\u00c9crit par\" \/>\n\t<meta name=\"twitter:data1\" content=\"Charles Taudin\" \/>\n\t<meta name=\"twitter:label2\" content=\"Dur\u00e9e de lecture estim\u00e9e\" \/>\n\t<meta name=\"twitter:data2\" content=\"1 minute\" \/>\n<script type=\"application\/ld+json\" class=\"yoast-schema-graph\">{\"@context\":\"https:\/\/schema.org\",\"@graph\":[{\"@type\":\"WebPage\",\"@id\":\"https:\/\/theplayoffs.news\/fr\/actualite-nba\/kyrie-irving-cest-juste-que-je-ne-mintegrais-pas-bien-dans-cette-equipe\/\",\"url\":\"https:\/\/theplayoffs.news\/fr\/actualite-nba\/kyrie-irving-cest-juste-que-je-ne-mintegrais-pas-bien-dans-cette-equipe\/\",\"name\":\"Kyrie Irving : \\\\'C\\\\'est juste que je ne m\\\\'int\u00e9grais pas bien dans cette \u00e9quipe\\\\' - The Playoffs FR\",\"isPartOf\":{\"@id\":\"https:\/\/theplayoffs.news\/fr\/#website\"},\"primaryImageOfPage\":{\"@id\":\"https:\/\/theplayoffs.news\/fr\/actualite-nba\/kyrie-irving-cest-juste-que-je-ne-mintegrais-pas-bien-dans-cette-equipe\/#primaryimage\"},\"image\":{\"@id\":\"https:\/\/theplayoffs.news\/fr\/actualite-nba\/kyrie-irving-cest-juste-que-je-ne-mintegrais-pas-bien-dans-cette-equipe\/#primaryimage\"},\"thumbnailUrl\":\"https:\/\/theplayoffs.news\/fr\/wp-content\/uploads\/2024\/04\/USATSI_22995704.jpg\",\"datePublished\":\"2024-04-19T15:09:51+00:00\",\"dateModified\":\"2024-04-19T15:09:51+00:00\",\"author\":{\"@id\":\"https:\/\/theplayoffs.news\/fr\/#\/schema\/person\/eee5b69ad5d3c51cabe881c839dbe133\"},\"breadcrumb\":{\"@id\":\"https:\/\/theplayoffs.news\/fr\/actualite-nba\/kyrie-irving-cest-juste-que-je-ne-mintegrais-pas-bien-dans-cette-equipe\/#breadcrumb\"},\"inLanguage\":\"fr-FR\",\"potentialAction\":[{\"@type\":\"ReadAction\",\"target\":[\"https:\/\/theplayoffs.news\/fr\/actualite-nba\/kyrie-irving-cest-juste-que-je-ne-mintegrais-pas-bien-dans-cette-equipe\/\"]}]},{\"@type\":\"ImageObject\",\"inLanguage\":\"fr-FR\",\"@id\":\"https:\/\/theplayoffs.news\/fr\/actualite-nba\/kyrie-irving-cest-juste-que-je-ne-mintegrais-pas-bien-dans-cette-equipe\/#primaryimage\",\"url\":\"https:\/\/theplayoffs.news\/fr\/wp-content\/uploads\/2024\/04\/USATSI_22995704.jpg\",\"contentUrl\":\"https:\/\/theplayoffs.news\/fr\/wp-content\/uploads\/2024\/04\/USATSI_22995704.jpg\",\"width\":1920,\"height\":1280,\"caption\":\"Apr 10, 2024; Miami, Florida, USA; Dallas Mavericks guard Kyrie Irving (11) reacts against the Miami Heat during the third quarter at Kaseya Center. Mandatory Credit: Sam Navarro-USA TODAY Sports\"},{\"@type\":\"BreadcrumbList\",\"@id\":\"https:\/\/theplayoffs.news\/fr\/actualite-nba\/kyrie-irving-cest-juste-que-je-ne-mintegrais-pas-bien-dans-cette-equipe\/#breadcrumb\",\"itemListElement\":[{\"@type\":\"ListItem\",\"position\":1,\"name\":\"Accueil\",\"item\":\"https:\/\/theplayoffs.news\/fr\/\"},{\"@type\":\"ListItem\",\"position\":2,\"name\":\"Kyrie Irving : &lsquo;C&rsquo;est juste que je ne m&rsquo;int\u00e9grais pas bien dans cette \u00e9quipe&rsquo;\"}]},{\"@type\":\"WebSite\",\"@id\":\"https:\/\/theplayoffs.news\/fr\/#website\",\"url\":\"https:\/\/theplayoffs.news\/fr\/\",\"name\":\"The Playoffs FR\",\"description\":\"NBA-NFL-NHL-MLB\",\"potentialAction\":[{\"@type\":\"SearchAction\",\"target\":{\"@type\":\"EntryPoint\",\"urlTemplate\":\"https:\/\/theplayoffs.news\/fr\/?s={search_term_string}\"},\"query-input\":{\"@type\":\"PropertyValueSpecification\",\"valueRequired\":true,\"valueName\":\"search_term_string\"}}],\"inLanguage\":\"fr-FR\"},{\"@type\":\"Person\",\"@id\":\"https:\/\/theplayoffs.news\/fr\/#\/schema\/person\/eee5b69ad5d3c51cabe881c839dbe133\",\"name\":\"Charles Taudin\",\"image\":{\"@type\":\"ImageObject\",\"inLanguage\":\"fr-FR\",\"@id\":\"https:\/\/theplayoffs.news\/fr\/#\/schema\/person\/image\/\",\"url\":\"https:\/\/secure.gravatar.com\/avatar\/59a1e772205ce9fd255edfcafc93013736822e20261f294c5753b20c41ede9f2?s=96&d=mm&r=g\",\"contentUrl\":\"https:\/\/secure.gravatar.com\/avatar\/59a1e772205ce9fd255edfcafc93013736822e20261f294c5753b20c41ede9f2?s=96&d=mm&r=g\",\"caption\":\"Charles Taudin\"},\"description\":\"R\u00e9dacteur en chef global de The Playoffs, j\u2019ai cr\u00e9\u00e9 The Free Agent, devenu The Playoffs FR, en 2020 durant la pand\u00e9mie. Amoureux depuis des ann\u00e9es des 4 sports majeurs am\u00e9ricains, j\u2019organise maintenant la strat\u00e9gie \u00e9ditoriale et les r\u00e9seaux sociaux de l\u2019ensemble des versions de The Playoffs. Il m\u2019arrive encore d\u2019\u00e9crire sur certains sports que j\u2019affectionne particuli\u00e8rement comme la NFL ou la MLB. Si vous devez retenir qu\u2019une chose : Eli Manning est le vrai GOAT pour avoir battu deux fois Tom Brady.\",\"sameAs\":[\"https:\/\/www.instagram.com\/ctaudin_\/\"],\"url\":\"https:\/\/theplayoffs.news\/fr\/author\/charles-taudin\/\"}]}<\/script>\n<!-- \/ Yoast SEO plugin. -->","yoast_head_json":{"title":"Kyrie Irving : &#039;C&#039;est juste que je ne m&#039;int&eacute;grais pas bien dans cette &eacute;quipe&#039; - The Playoffs FR","robots":{"index":"index","follow":"follow","max-snippet":"max-snippet:-1","max-image-preview":"max-image-preview:large","max-video-preview":"max-video-preview:-1"},"canonical":"https:\/\/theplayoffs.news\/fr\/actualite-nba\/kyrie-irving-cest-juste-que-je-ne-mintegrais-pas-bien-dans-cette-equipe\/","og_locale":"fr_FR","og_type":"article","og_title":"Kyrie Irving : &#039;C&#039;est juste que je ne m&#039;int&eacute;grais pas bien dans cette &eacute;quipe&#039; - The Playoffs FR","og_url":"https:\/\/theplayoffs.news\/fr\/actualite-nba\/kyrie-irving-cest-juste-que-je-ne-mintegrais-pas-bien-dans-cette-equipe\/","og_site_name":"The Playoffs FR","article_publisher":"https:\/\/www.facebook.com\/TheFreeAgentFR\/","og_image":[{"width":1920,"height":1280,"url":"https:\/\/theplayoffs.news\/fr\/wp-content\/uploads\/2024\/04\/USATSI_22995704.jpg","type":"image\/jpeg"}],"author":"Charles Taudin","twitter_card":"summary_large_image","twitter_creator":"@TheFreeAgentFR","twitter_site":"@TheFreeAgentFR","twitter_misc":{"\u00c9crit par":"Charles Taudin","Dur\u00e9e de lecture estim\u00e9e":"1 minute"},"schema":{"@context":"https:\/\/schema.org","@graph":[{"@type":"WebPage","@id":"https:\/\/theplayoffs.news\/fr\/actualite-nba\/kyrie-irving-cest-juste-que-je-ne-mintegrais-pas-bien-dans-cette-equipe\/","url":"https:\/\/theplayoffs.news\/fr\/actualite-nba\/kyrie-irving-cest-juste-que-je-ne-mintegrais-pas-bien-dans-cette-equipe\/","name":"Kyrie Irving : \\'C\\'est juste que je ne m\\'int\u00e9grais pas bien dans cette \u00e9quipe\\' - The Playoffs FR","isPartOf":{"@id":"https:\/\/theplayoffs.news\/fr\/#website"},"primaryImageOfPage":{"@id":"https:\/\/theplayoffs.news\/fr\/actualite-nba\/kyrie-irving-cest-juste-que-je-ne-mintegrais-pas-bien-dans-cette-equipe\/#primaryimage"},"image":{"@id":"https:\/\/theplayoffs.news\/fr\/actualite-nba\/kyrie-irving-cest-juste-que-je-ne-mintegrais-pas-bien-dans-cette-equipe\/#primaryimage"},"thumbnailUrl":"https:\/\/theplayoffs.news\/fr\/wp-content\/uploads\/2024\/04\/USATSI_22995704.jpg","datePublished":"2024-04-19T15:09:51+00:00","dateModified":"2024-04-19T15:09:51+00:00","author":{"@id":"https:\/\/theplayoffs.news\/fr\/#\/schema\/person\/eee5b69ad5d3c51cabe881c839dbe133"},"breadcrumb":{"@id":"https:\/\/theplayoffs.news\/fr\/actualite-nba\/kyrie-irving-cest-juste-que-je-ne-mintegrais-pas-bien-dans-cette-equipe\/#breadcrumb"},"inLanguage":"fr-FR","potentialAction":[{"@type":"ReadAction","target":["https:\/\/theplayoffs.news\/fr\/actualite-nba\/kyrie-irving-cest-juste-que-je-ne-mintegrais-pas-bien-dans-cette-equipe\/"]}]},{"@type":"ImageObject","inLanguage":"fr-FR","@id":"https:\/\/theplayoffs.news\/fr\/actualite-nba\/kyrie-irving-cest-juste-que-je-ne-mintegrais-pas-bien-dans-cette-equipe\/#primaryimage","url":"https:\/\/theplayoffs.news\/fr\/wp-content\/uploads\/2024\/04\/USATSI_22995704.jpg","contentUrl":"https:\/\/theplayoffs.news\/fr\/wp-content\/uploads\/2024\/04\/USATSI_22995704.jpg","width":1920,"height":1280,"caption":"Apr 10, 2024; Miami, Florida, USA; Dallas Mavericks guard Kyrie Irving (11) reacts against the Miami Heat during the third quarter at Kaseya Center. Mandatory Credit: Sam Navarro-USA TODAY Sports"},{"@type":"BreadcrumbList","@id":"https:\/\/theplayoffs.news\/fr\/actualite-nba\/kyrie-irving-cest-juste-que-je-ne-mintegrais-pas-bien-dans-cette-equipe\/#breadcrumb","itemListElement":[{"@type":"ListItem","position":1,"name":"Accueil","item":"https:\/\/theplayoffs.news\/fr\/"},{"@type":"ListItem","position":2,"name":"Kyrie Irving : &lsquo;C&rsquo;est juste que je ne m&rsquo;int\u00e9grais pas bien dans cette \u00e9quipe&rsquo;"}]},{"@type":"WebSite","@id":"https:\/\/theplayoffs.news\/fr\/#website","url":"https:\/\/theplayoffs.news\/fr\/","name":"The Playoffs FR","description":"NBA-NFL-NHL-MLB","potentialAction":[{"@type":"SearchAction","target":{"@type":"EntryPoint","urlTemplate":"https:\/\/theplayoffs.news\/fr\/?s={search_term_string}"},"query-input":{"@type":"PropertyValueSpecification","valueRequired":true,"valueName":"search_term_string"}}],"inLanguage":"fr-FR"},{"@type":"Person","@id":"https:\/\/theplayoffs.news\/fr\/#\/schema\/person\/eee5b69ad5d3c51cabe881c839dbe133","name":"Charles Taudin","image":{"@type":"ImageObject","inLanguage":"fr-FR","@id":"https:\/\/theplayoffs.news\/fr\/#\/schema\/person\/image\/","url":"https:\/\/secure.gravatar.com\/avatar\/59a1e772205ce9fd255edfcafc93013736822e20261f294c5753b20c41ede9f2?s=96&d=mm&r=g","contentUrl":"https:\/\/secure.gravatar.com\/avatar\/59a1e772205ce9fd255edfcafc93013736822e20261f294c5753b20c41ede9f2?s=96&d=mm&r=g","caption":"Charles Taudin"},"description":"R\u00e9dacteur en chef global de The Playoffs, j\u2019ai cr\u00e9\u00e9 The Free Agent, devenu The Playoffs FR, en 2020 durant la pand\u00e9mie. Amoureux depuis des ann\u00e9es des 4 sports majeurs am\u00e9ricains, j\u2019organise maintenant la strat\u00e9gie \u00e9ditoriale et les r\u00e9seaux sociaux de l\u2019ensemble des versions de The Playoffs. Il m\u2019arrive encore d\u2019\u00e9crire sur certains sports que j\u2019affectionne particuli\u00e8rement comme la NFL ou la MLB. Si vous devez retenir qu\u2019une chose : Eli Manning est le vrai GOAT pour avoir battu deux fois Tom Brady.","sameAs":["https:\/\/www.instagram.com\/ctaudin_\/"],"url":"https:\/\/theplayoffs.news\/fr\/author\/charles-taudin\/"}]}},"_links":{"self":[{"href":"https:\/\/theplayoffs.news\/fr\/wp-json\/wp\/v2\/posts\/1425564","targetHints":{"allow":["GET"]}}],"collection":[{"href":"https:\/\/theplayoffs.news\/fr\/wp-json\/wp\/v2\/posts"}],"about":[{"href":"https:\/\/theplayoffs.news\/fr\/wp-json\/wp\/v2\/types\/post"}],"author":[{"embeddable":true,"href":"https:\/\/theplayoffs.news\/fr\/wp-json\/wp\/v2\/users\/13"}],"replies":[{"embeddable":true,"href":"https:\/\/theplayoffs.news\/fr\/wp-json\/wp\/v2\/comments?post=1425564"}],"version-history":[{"count":2,"href":"https:\/\/theplayoffs.news\/fr\/wp-json\/wp\/v2\/posts\/1425564\/revisions"}],"predecessor-version":[{"id":1425568,"href":"https:\/\/theplayoffs.news\/fr\/wp-json\/wp\/v2\/posts\/1425564\/revisions\/1425568"}],"wp:featuredmedia":[{"embeddable":true,"href":"https:\/\/theplayoffs.news\/fr\/wp-json\/wp\/v2\/media\/1425565"}],"wp:attachment":[{"href":"https:\/\/theplayoffs.news\/fr\/wp-json\/wp\/v2\/media?parent=1425564"}],"wp:term":[{"taxonomy":"category","embeddable":true,"href":"https:\/\/theplayoffs.news\/fr\/wp-json\/wp\/v2\/categories?post=1425564"},{"taxonomy":"post_tag","embeddable":true,"href":"https:\/\/theplayoffs.news\/fr\/wp-json\/wp\/v2\/tags?post=1425564"},{"taxonomy":"sport","embeddable":true,"href":"https:\/\/theplayoffs.news\/fr\/wp-json\/wp\/v2\/sport?post=1425564"},{"taxonomy":"saison","embeddable":true,"href":"https:\/\/theplayoffs.news\/fr\/wp-json\/wp\/v2\/saison?post=1425564"}],"curies":[{"name":"wp","href":"https:\/\/api.w.org\/{rel}","templated":true}]}}