{"id":1425298,"date":"2024-04-18T13:01:28","date_gmt":"2024-04-18T11:01:28","guid":{"rendered":"https:\/\/theplayoffs.news\/fr\/?p=1425298"},"modified":"2024-04-18T13:01:28","modified_gmt":"2024-04-18T11:01:28","slug":"martin-st-louis-3-ans-plus-sur-banc-montreal","status":"publish","type":"post","link":"https:\/\/theplayoffs.news\/fr\/actualite-nhl\/martin-st-louis-3-ans-plus-sur-banc-montreal\/","title":{"rendered":"Martin St-Louis a sign\u00e9 3 ans de plus sur le banc de Montr\u00e9al"},"content":{"rendered":"<h2>Le Qu&eacute;b&eacute;cois Martin St-Louis a gagn&eacute; la confiance des dirigeants et rempile pour 3 ans de plus<\/h2><p>Arriv&eacute; depuis deux ans &agrave; la t&ecirc;te des Canadiens de Montr&eacute;al, <a href=\"https:\/\/x.com\/CanadiensMTL\/status\/1780592529223672193\" class=\"trk-cta-link\" data-cta-trk='{\"ctaType\":\"Link\",\"ctaSubType\":\"main\"}'>Martin St-Louis s&rsquo;est vu accorder les faveurs des dirigeants du Canadiens<\/a>.<\/p><p>Avec un bilan g&eacute;n&eacute;ral de 75 victoires, 100 d&eacute;faites et 26 d&eacute;faites en prolongation, Martin St-Louis reste l&rsquo;homme de la situation selon le manager g&eacute;n&eacute;ral de Montr&eacute;al, Kent Hughes :<\/p><blockquote><p><em>&laquo;&nbsp;Il ne croit pas qu&rsquo;il a toutes les r&eacute;ponses&nbsp;&raquo;, a d&eacute;clar&eacute; Kent Hughes, directeur g&eacute;n&eacute;ral de Montr&eacute;al. &laquo;&nbsp;Il est capable de r&eacute;fl&eacute;chir &agrave; ce qu&rsquo;il fait en tant qu&rsquo;entra&icirc;neur, &agrave; ce que nous devons faire en tant qu&rsquo;&eacute;quipe pour prendre en compte les commentaires du groupe d&rsquo;analyse sur les points o&ugrave; nous semblons avoir des lacunes, du moins ce que les donn&eacute;es disent, et ensuite travailler pour trouver des solutions. Et je pense qu&rsquo;il en va de m&ecirc;me pour notre &eacute;quipe d&rsquo;entra&icirc;neurs, ce qui nous rassure sur le fait que l&agrave; o&ugrave; nous voyons des probl&egrave;mes, ils sont brillants, motiv&eacute;s et d&eacute;termin&eacute;s &agrave; les r&eacute;soudre&nbsp;&raquo;.<\/em><\/p><\/blockquote><p>Une d&eacute;cision qui semble &ecirc;tre une bonne id&eacute;e dans la mesure o&ugrave; les Canadiens avaient annonc&eacute; en d&eacute;but de saison &ecirc;tre en reconstruction pour la premi&egrave;re fois de l&rsquo;histoire de la franchise.<\/p><p>Avec un effectif compos&eacute; de jeunes joueurs prometteurs comme Lane Huston (20 ans), <a href=\"https:\/\/theplayoffs.news\/fr\/joueur\/cole-caufield-nhl-9130472\/\" class=\"trk-cta-link\" data-cta-trk='{\"ctaType\":\"Link\",\"ctaSubType\":\"main\"}'>Cole Caufield<\/a> (23 ans), <a href=\"https:\/\/theplayoffs.news\/fr\/joueur\/juraj-slafkovsky-nhl-9830698\/\" class=\"trk-cta-link\" data-cta-trk='{\"ctaType\":\"Link\",\"ctaSubType\":\"main\"}'>Juraj Slafkovsky<\/a> (20 ans) ou encore Florian Xhekaj (19 ans), il est important de garder un &eacute;lan de stabilit&eacute; dans le groupe.<\/p><p>Avec une grande exp&eacute;rience en NHL (1 033 points dont 391 buts et 642 passes avec les Flames de Calgary, le Lightning de Tampa Bay et les Rangers de New York en 1134 matchs), Martin St-Louis saura apporter toute son expertise et sera capable d&rsquo;accompagner les jeunes joueurs qui, sans doute, seront l&rsquo;avenir de la franchise qu&eacute;b&eacute;coise.<\/p><blockquote><p><em>&laquo;&nbsp;Il y a beaucoup de choses en lui, et je pense qu&rsquo;il est fier du fait qu&rsquo;il s&rsquo;am&eacute;liore toujours, et nous le voyons, nous en parlons tout le temps et nous l&rsquo;avons dit &agrave; plusieurs reprises &ndash; il est tr&egrave;s impressionnant et il est la bonne personne pour ce que nous faisons&nbsp;&raquo;, a d&eacute;clar&eacute; le vice-pr&eacute;sident ex&eacute;cutif des op&eacute;rations hockey du Canadien, Jeff Gorton. &laquo;&nbsp;Il n&rsquo;y a pas un jour o&ugrave; nous ne sommes pas heureux qu&rsquo;il soit &agrave; la barre, qu&rsquo;il soit &agrave; l&rsquo;avant. &hellip; Il est la personne de r&eacute;f&eacute;rence pour notre franchise et nous en sommes tr&egrave;s fiers.<\/em><\/p><\/blockquote><p>Une bonne nouvelle pour Montr&eacute;al et Martin St-Louis &agrave; qui on souhaite une saison prochaine prolifique et pleine de succ&egrave;s.<\/p><blockquote class=\"twitter-tweet\" data-width=\"500\" data-dnt=\"true\">\n<p lang=\"fr\" dir=\"ltr\">Les Canadiens ont choisi d'exercer l'option de prolonger le contrat de Martin St-Louis pour deux ann&eacute;es suppl&eacute;mentaires. L'entra&icirc;neur-chef sera de retour pour les trois prochaines saisons.<\/p>\n<p>The Canadiens have chosen to exercise the option on Martin St-Louis' contract for two more&hellip; <a href=\"https:\/\/t.co\/MrokM7HKZd\" class=\"trk-cta-link\" data-cta-trk='{\"ctaType\":\"Link\",\"ctaSubType\":\"main\"}'>pic.twitter.com\/MrokM7HKZd<\/a><\/p>\n<p>&mdash; Canadiens Montr&eacute;al (@CanadiensMTL) <a href=\"https:\/\/twitter.com\/CanadiensMTL\/status\/1780592529223672193?ref_src=twsrc%5Etfw\" class=\"trk-cta-link\" data-cta-trk='{\"ctaType\":\"Link\",\"ctaSubType\":\"main\"}'>April 17, 2024<\/a><\/p><\/blockquote><p><script async src=\"https:\/\/platform.twitter.com\/widgets.js\" charset=\"utf-8\"><\/script><\/p><p>Credit Photo : Ron Chenoy-USA TODAY Sports<\/p><p>&nbsp;<\/p><p>&nbsp;<\/p>\n","protected":false},"excerpt":{"rendered":"","protected":false},"author":180310241,"featured_media":1425299,"comment_status":"open","ping_status":"closed","sticky":false,"template":"","format":"standard","meta":{"inline_featured_image":false,"kia_subtitle":"","_mux_skip_reasons":[],"proofreadBy":0,"footnotes":""},"categories":[187,26],"tags":[4326,1165],"sport":[2784],"saison":[6111],"class_list":["post-1425298","post","type-post","status-publish","format-standard","has-post-thumbnail","hentry","category-actualite-nhl","category-nhl","tag-martin-st-louis","tag-montreal-canadiens","sport-nhl","saison-6111"],"acf":[],"yoast_head":"<!-- This site is optimized with the Yoast SEO plugin v24.2 - https:\/\/yoast.com\/wordpress\/plugins\/seo\/ -->\n<title>Martin St-Louis a sign&eacute; 3 ans de plus sur le banc de Montr&eacute;al - The Playoffs FR<\/title>\n<meta name=\"robots\" content=\"index, follow, max-snippet:-1, max-image-preview:large, max-video-preview:-1\" \/>\n<link rel=\"canonical\" href=\"https:\/\/theplayoffs.news\/fr\/actualite-nhl\/martin-st-louis-3-ans-plus-sur-banc-montreal\/\" \/>\n<meta property=\"og:locale\" content=\"fr_FR\" \/>\n<meta property=\"og:type\" content=\"article\" \/>\n<meta property=\"og:title\" content=\"Martin St-Louis a sign&eacute; 3 ans de plus sur le banc de Montr&eacute;al - The Playoffs FR\" \/>\n<meta property=\"og:url\" content=\"https:\/\/theplayoffs.news\/fr\/actualite-nhl\/martin-st-louis-3-ans-plus-sur-banc-montreal\/\" \/>\n<meta property=\"og:site_name\" content=\"The Playoffs FR\" \/>\n<meta property=\"article:publisher\" content=\"https:\/\/www.facebook.com\/TheFreeAgentFR\/\" \/>\n<meta property=\"article:modified_time\" content=\"2024-04-18T13:01:28+02:00\" \/>\n<meta property=\"og:image\" content=\"https:\/\/theplayoffs.news\/fr\/wp-content\/uploads\/2024\/04\/Photo-Martin-St-Louis.jpg\" \/>\n\t<meta property=\"og:image:width\" content=\"1920\" \/>\n\t<meta property=\"og:image:height\" content=\"1280\" \/>\n\t<meta property=\"og:image:type\" content=\"image\/jpeg\" \/>\n<meta name=\"author\" content=\"Augustin Riveron\" \/>\n<meta name=\"twitter:card\" content=\"summary_large_image\" \/>\n<meta name=\"twitter:creator\" content=\"@TheFreeAgentFR\" \/>\n<meta name=\"twitter:site\" content=\"@TheFreeAgentFR\" \/>\n<meta name=\"twitter:label1\" content=\"\u00c9crit par\" \/>\n\t<meta name=\"twitter:data1\" content=\"Augustin Riveron\" \/>\n\t<meta name=\"twitter:label2\" content=\"Dur\u00e9e de lecture estim\u00e9e\" \/>\n\t<meta name=\"twitter:data2\" content=\"2 minutes\" \/>\n<script type=\"application\/ld+json\" class=\"yoast-schema-graph\">{\"@context\":\"https:\/\/schema.org\",\"@graph\":[{\"@type\":\"WebPage\",\"@id\":\"https:\/\/theplayoffs.news\/fr\/actualite-nhl\/martin-st-louis-3-ans-plus-sur-banc-montreal\/\",\"url\":\"https:\/\/theplayoffs.news\/fr\/actualite-nhl\/martin-st-louis-3-ans-plus-sur-banc-montreal\/\",\"name\":\"Martin St-Louis a sign\u00e9 3 ans de plus sur le banc de Montr\u00e9al - The Playoffs FR\",\"isPartOf\":{\"@id\":\"https:\/\/theplayoffs.news\/fr\/#website\"},\"primaryImageOfPage\":{\"@id\":\"https:\/\/theplayoffs.news\/fr\/actualite-nhl\/martin-st-louis-3-ans-plus-sur-banc-montreal\/#primaryimage\"},\"image\":{\"@id\":\"https:\/\/theplayoffs.news\/fr\/actualite-nhl\/martin-st-louis-3-ans-plus-sur-banc-montreal\/#primaryimage\"},\"thumbnailUrl\":\"https:\/\/theplayoffs.news\/fr\/wp-content\/uploads\/2024\/04\/Photo-Martin-St-Louis.jpg\",\"datePublished\":\"2024-04-18T11:01:28+00:00\",\"dateModified\":\"2024-04-18T11:01:28+00:00\",\"author\":{\"@id\":\"https:\/\/theplayoffs.news\/fr\/#\/schema\/person\/6c57838882f89046acb1a469126746b7\"},\"breadcrumb\":{\"@id\":\"https:\/\/theplayoffs.news\/fr\/actualite-nhl\/martin-st-louis-3-ans-plus-sur-banc-montreal\/#breadcrumb\"},\"inLanguage\":\"fr-FR\",\"potentialAction\":[{\"@type\":\"ReadAction\",\"target\":[\"https:\/\/theplayoffs.news\/fr\/actualite-nhl\/martin-st-louis-3-ans-plus-sur-banc-montreal\/\"]}]},{\"@type\":\"ImageObject\",\"inLanguage\":\"fr-FR\",\"@id\":\"https:\/\/theplayoffs.news\/fr\/actualite-nhl\/martin-st-louis-3-ans-plus-sur-banc-montreal\/#primaryimage\",\"url\":\"https:\/\/theplayoffs.news\/fr\/wp-content\/uploads\/2024\/04\/Photo-Martin-St-Louis.jpg\",\"contentUrl\":\"https:\/\/theplayoffs.news\/fr\/wp-content\/uploads\/2024\/04\/Photo-Martin-St-Louis.jpg\",\"width\":1920,\"height\":1280,\"caption\":\"Mar 26, 2024; Denver, Colorado, USA; Montreal Canadiens head coach Martin St. Louis during the first period against the Colorado Avalanche at Ball Arena. Mandatory Credit: Ron Chenoy-USA TODAY Sports\"},{\"@type\":\"BreadcrumbList\",\"@id\":\"https:\/\/theplayoffs.news\/fr\/actualite-nhl\/martin-st-louis-3-ans-plus-sur-banc-montreal\/#breadcrumb\",\"itemListElement\":[{\"@type\":\"ListItem\",\"position\":1,\"name\":\"Accueil\",\"item\":\"https:\/\/theplayoffs.news\/fr\/\"},{\"@type\":\"ListItem\",\"position\":2,\"name\":\"Martin St-Louis a sign\u00e9 3 ans de plus sur le banc de Montr\u00e9al\"}]},{\"@type\":\"WebSite\",\"@id\":\"https:\/\/theplayoffs.news\/fr\/#website\",\"url\":\"https:\/\/theplayoffs.news\/fr\/\",\"name\":\"The Playoffs FR\",\"description\":\"NBA-NFL-NHL-MLB\",\"potentialAction\":[{\"@type\":\"SearchAction\",\"target\":{\"@type\":\"EntryPoint\",\"urlTemplate\":\"https:\/\/theplayoffs.news\/fr\/?s={search_term_string}\"},\"query-input\":{\"@type\":\"PropertyValueSpecification\",\"valueRequired\":true,\"valueName\":\"search_term_string\"}}],\"inLanguage\":\"fr-FR\"},{\"@type\":\"Person\",\"@id\":\"https:\/\/theplayoffs.news\/fr\/#\/schema\/person\/6c57838882f89046acb1a469126746b7\",\"name\":\"Augustin Riveron\",\"image\":{\"@type\":\"ImageObject\",\"inLanguage\":\"fr-FR\",\"@id\":\"https:\/\/theplayoffs.news\/fr\/#\/schema\/person\/image\/\",\"url\":\"https:\/\/secure.gravatar.com\/avatar\/a60ae09e43d53d832185e44e4832a6bbb342aaf556e8b223a779777ab6267eec?s=96&d=mm&r=g\",\"contentUrl\":\"https:\/\/secure.gravatar.com\/avatar\/a60ae09e43d53d832185e44e4832a6bbb342aaf556e8b223a779777ab6267eec?s=96&d=mm&r=g\",\"caption\":\"Augustin Riveron\"},\"url\":\"https:\/\/theplayoffs.news\/fr\/author\/augustin-riveronwin-sport-school-org\/\"}]}<\/script>\n<!-- \/ Yoast SEO plugin. -->","yoast_head_json":{"title":"Martin St-Louis a sign&eacute; 3 ans de plus sur le banc de Montr&eacute;al - The Playoffs FR","robots":{"index":"index","follow":"follow","max-snippet":"max-snippet:-1","max-image-preview":"max-image-preview:large","max-video-preview":"max-video-preview:-1"},"canonical":"https:\/\/theplayoffs.news\/fr\/actualite-nhl\/martin-st-louis-3-ans-plus-sur-banc-montreal\/","og_locale":"fr_FR","og_type":"article","og_title":"Martin St-Louis a sign&eacute; 3 ans de plus sur le banc de Montr&eacute;al - The Playoffs FR","og_url":"https:\/\/theplayoffs.news\/fr\/actualite-nhl\/martin-st-louis-3-ans-plus-sur-banc-montreal\/","og_site_name":"The Playoffs FR","article_publisher":"https:\/\/www.facebook.com\/TheFreeAgentFR\/","og_image":[{"width":1920,"height":1280,"url":"https:\/\/theplayoffs.news\/fr\/wp-content\/uploads\/2024\/04\/Photo-Martin-St-Louis.jpg","type":"image\/jpeg"}],"author":"Augustin Riveron","twitter_card":"summary_large_image","twitter_creator":"@TheFreeAgentFR","twitter_site":"@TheFreeAgentFR","twitter_misc":{"\u00c9crit par":"Augustin Riveron","Dur\u00e9e de lecture estim\u00e9e":"2 minutes"},"schema":{"@context":"https:\/\/schema.org","@graph":[{"@type":"WebPage","@id":"https:\/\/theplayoffs.news\/fr\/actualite-nhl\/martin-st-louis-3-ans-plus-sur-banc-montreal\/","url":"https:\/\/theplayoffs.news\/fr\/actualite-nhl\/martin-st-louis-3-ans-plus-sur-banc-montreal\/","name":"Martin St-Louis a sign\u00e9 3 ans de plus sur le banc de Montr\u00e9al - The Playoffs FR","isPartOf":{"@id":"https:\/\/theplayoffs.news\/fr\/#website"},"primaryImageOfPage":{"@id":"https:\/\/theplayoffs.news\/fr\/actualite-nhl\/martin-st-louis-3-ans-plus-sur-banc-montreal\/#primaryimage"},"image":{"@id":"https:\/\/theplayoffs.news\/fr\/actualite-nhl\/martin-st-louis-3-ans-plus-sur-banc-montreal\/#primaryimage"},"thumbnailUrl":"https:\/\/theplayoffs.news\/fr\/wp-content\/uploads\/2024\/04\/Photo-Martin-St-Louis.jpg","datePublished":"2024-04-18T11:01:28+00:00","dateModified":"2024-04-18T11:01:28+00:00","author":{"@id":"https:\/\/theplayoffs.news\/fr\/#\/schema\/person\/6c57838882f89046acb1a469126746b7"},"breadcrumb":{"@id":"https:\/\/theplayoffs.news\/fr\/actualite-nhl\/martin-st-louis-3-ans-plus-sur-banc-montreal\/#breadcrumb"},"inLanguage":"fr-FR","potentialAction":[{"@type":"ReadAction","target":["https:\/\/theplayoffs.news\/fr\/actualite-nhl\/martin-st-louis-3-ans-plus-sur-banc-montreal\/"]}]},{"@type":"ImageObject","inLanguage":"fr-FR","@id":"https:\/\/theplayoffs.news\/fr\/actualite-nhl\/martin-st-louis-3-ans-plus-sur-banc-montreal\/#primaryimage","url":"https:\/\/theplayoffs.news\/fr\/wp-content\/uploads\/2024\/04\/Photo-Martin-St-Louis.jpg","contentUrl":"https:\/\/theplayoffs.news\/fr\/wp-content\/uploads\/2024\/04\/Photo-Martin-St-Louis.jpg","width":1920,"height":1280,"caption":"Mar 26, 2024; Denver, Colorado, USA; Montreal Canadiens head coach Martin St. Louis during the first period against the Colorado Avalanche at Ball Arena. Mandatory Credit: Ron Chenoy-USA TODAY Sports"},{"@type":"BreadcrumbList","@id":"https:\/\/theplayoffs.news\/fr\/actualite-nhl\/martin-st-louis-3-ans-plus-sur-banc-montreal\/#breadcrumb","itemListElement":[{"@type":"ListItem","position":1,"name":"Accueil","item":"https:\/\/theplayoffs.news\/fr\/"},{"@type":"ListItem","position":2,"name":"Martin St-Louis a sign\u00e9 3 ans de plus sur le banc de Montr\u00e9al"}]},{"@type":"WebSite","@id":"https:\/\/theplayoffs.news\/fr\/#website","url":"https:\/\/theplayoffs.news\/fr\/","name":"The Playoffs FR","description":"NBA-NFL-NHL-MLB","potentialAction":[{"@type":"SearchAction","target":{"@type":"EntryPoint","urlTemplate":"https:\/\/theplayoffs.news\/fr\/?s={search_term_string}"},"query-input":{"@type":"PropertyValueSpecification","valueRequired":true,"valueName":"search_term_string"}}],"inLanguage":"fr-FR"},{"@type":"Person","@id":"https:\/\/theplayoffs.news\/fr\/#\/schema\/person\/6c57838882f89046acb1a469126746b7","name":"Augustin Riveron","image":{"@type":"ImageObject","inLanguage":"fr-FR","@id":"https:\/\/theplayoffs.news\/fr\/#\/schema\/person\/image\/","url":"https:\/\/secure.gravatar.com\/avatar\/a60ae09e43d53d832185e44e4832a6bbb342aaf556e8b223a779777ab6267eec?s=96&d=mm&r=g","contentUrl":"https:\/\/secure.gravatar.com\/avatar\/a60ae09e43d53d832185e44e4832a6bbb342aaf556e8b223a779777ab6267eec?s=96&d=mm&r=g","caption":"Augustin Riveron"},"url":"https:\/\/theplayoffs.news\/fr\/author\/augustin-riveronwin-sport-school-org\/"}]}},"_links":{"self":[{"href":"https:\/\/theplayoffs.news\/fr\/wp-json\/wp\/v2\/posts\/1425298","targetHints":{"allow":["GET"]}}],"collection":[{"href":"https:\/\/theplayoffs.news\/fr\/wp-json\/wp\/v2\/posts"}],"about":[{"href":"https:\/\/theplayoffs.news\/fr\/wp-json\/wp\/v2\/types\/post"}],"author":[{"embeddable":true,"href":"https:\/\/theplayoffs.news\/fr\/wp-json\/wp\/v2\/users\/180310241"}],"replies":[{"embeddable":true,"href":"https:\/\/theplayoffs.news\/fr\/wp-json\/wp\/v2\/comments?post=1425298"}],"version-history":[{"count":2,"href":"https:\/\/theplayoffs.news\/fr\/wp-json\/wp\/v2\/posts\/1425298\/revisions"}],"predecessor-version":[{"id":1425302,"href":"https:\/\/theplayoffs.news\/fr\/wp-json\/wp\/v2\/posts\/1425298\/revisions\/1425302"}],"wp:featuredmedia":[{"embeddable":true,"href":"https:\/\/theplayoffs.news\/fr\/wp-json\/wp\/v2\/media\/1425299"}],"wp:attachment":[{"href":"https:\/\/theplayoffs.news\/fr\/wp-json\/wp\/v2\/media?parent=1425298"}],"wp:term":[{"taxonomy":"category","embeddable":true,"href":"https:\/\/theplayoffs.news\/fr\/wp-json\/wp\/v2\/categories?post=1425298"},{"taxonomy":"post_tag","embeddable":true,"href":"https:\/\/theplayoffs.news\/fr\/wp-json\/wp\/v2\/tags?post=1425298"},{"taxonomy":"sport","embeddable":true,"href":"https:\/\/theplayoffs.news\/fr\/wp-json\/wp\/v2\/sport?post=1425298"},{"taxonomy":"saison","embeddable":true,"href":"https:\/\/theplayoffs.news\/fr\/wp-json\/wp\/v2\/saison?post=1425298"}],"curies":[{"name":"wp","href":"https:\/\/api.w.org\/{rel}","templated":true}]}}