{"id":1425277,"date":"2024-04-18T11:55:55","date_gmt":"2024-04-18T09:55:55","guid":{"rendered":"https:\/\/theplayoffs.news\/fr\/?p=1425277"},"modified":"2024-04-18T11:43:24","modified_gmt":"2024-04-18T09:43:24","slug":"retraite-pour-jeff-carter","status":"publish","type":"post","link":"https:\/\/theplayoffs.news\/fr\/actualite-nhl\/retraite-pour-jeff-carter\/","title":{"rendered":"Retraite pour Jeff Carter"},"content":{"rendered":"<h2>C&rsquo;&eacute;tait hier soir, &agrave; l&rsquo;occasion du match entre les Pittsburgh Pinguins et les New York Islanders, que Jeff Carter disputait son dernier match en NHL<\/h2><p>Une page de l&rsquo;histoire s&rsquo;est tourn&eacute;e hier soir, <a href=\"https:\/\/theplayoffs.news\/fr\/joueur\/jeff-carter-nhl-4766\/\" class=\"trk-cta-link\" data-cta-trk='{\"ctaType\":\"Link\",\"ctaSubType\":\"main\"}'>Jeff Carter<\/a> a annonc&eacute; prendre sa retraite lors du dernier match de saison r&eacute;guli&egrave;re qui opposait son &eacute;quipe de Pittsburgh face &agrave; celle des New York Islanders. Une victoire 5 &agrave; 4 des Islanders qui passera au second plan suite &agrave; l&rsquo;annonce de Jeff Carter.<\/p><blockquote><p><em>&laquo;&nbsp;C&rsquo;est vraiment cool de faire partie de cette exp&eacute;rience, quand vous &ecirc;tes autour d&rsquo;un gars qui est juste une personne formidable, un grand co&eacute;quipier&nbsp;&raquo;, a d&eacute;clar&eacute; Mike Sullivan, l&rsquo;entra&icirc;neur de Pittsburgh. &laquo;&nbsp;Il a v&eacute;cu beaucoup de choses avec ces gars. Ils repr&eacute;sentent le monde pour lui. Et avoir l&rsquo;opportunit&eacute; d&rsquo;en faire partie, c&rsquo;est une exp&eacute;rience plut&ocirc;t cool&nbsp;&raquo;.<\/em><\/p><\/blockquote><p><a href=\"https:\/\/x.com\/NHL\/status\/1780788464541135173\" class=\"trk-cta-link\" data-cta-trk='{\"ctaType\":\"Link\",\"ctaSubType\":\"main\"}'>Jeff Carter laisse derri&egrave;re lui une carri&egrave;re couronn&eacute;e de succ&egrave;s<\/a>. Avec 851 points (442 buts, 409 passes) en 1 321 matches en 19 saisons, Jeff Carter reste une l&eacute;gende du c&ocirc;t&eacute; des Kings de Los Angeles o&ugrave; il a pu remporter la Coupe Stanley &agrave; 2 reprises, en 2012 et 2014.<\/p><p>Il a aussi laiss&eacute; de magnifiques souvenirs partout o&ugrave; il est pass&eacute;, &agrave; savoir les Flyers de Philadelphie (461 matchs), les Columbus Blue Jackets (39 matchs), les Kings de Los Angeles (580 matchs) puis les Pittsburgh Pinguins (241 matchs).<\/p><p>Jeff Carter &eacute;tait le joueur estim&eacute; et respect&eacute; de tous, qui va maintenant se concentrer sur son autre carri&egrave;re.<\/p><blockquote><p><em>&laquo;&nbsp;Je vais &ecirc;tre papa. Il y a beaucoup de choses qui vous manquent en tant que joueur de hockey, vous entrez et sortez d&rsquo;une certaine fa&ccedil;on&nbsp;&raquo;, a d&eacute;clar&eacute; Carter apr&egrave;s une d&eacute;faite 5-4 contre les Islanders de New York, mercredi. &laquo;&nbsp;Ma famille a fait beaucoup de sacrifices pour que je puisse r&eacute;aliser mon r&ecirc;ve. Je vais &ecirc;tre &agrave; la maison et &ecirc;tre un p&egrave;re, et puis je vais me d&eacute;brouiller &agrave; partir de l&agrave;&nbsp;&raquo;.<\/em><\/p><\/blockquote><blockquote class=\"twitter-tweet\" data-width=\"500\" data-dnt=\"true\">\n<p lang=\"en\" dir=\"ltr\">Congratulations on a fabulous career, Jeff Carter! <\/p>\n<p>Wishing you all the best in retirement! &#128079; <a href=\"https:\/\/t.co\/IyHnluE6vd\" class=\"trk-cta-link\" data-cta-trk='{\"ctaType\":\"Link\",\"ctaSubType\":\"main\"}'>pic.twitter.com\/IyHnluE6vd<\/a><\/p>\n<p>&mdash; NHL (@NHL) <a href=\"https:\/\/twitter.com\/NHL\/status\/1780788464541135173?ref_src=twsrc%5Etfw\" class=\"trk-cta-link\" data-cta-trk='{\"ctaType\":\"Link\",\"ctaSubType\":\"main\"}'>April 18, 2024<\/a><\/p><\/blockquote><p><script async src=\"https:\/\/platform.twitter.com\/widgets.js\" charset=\"utf-8\"><\/script><\/p><p>Credit Photo : John Jones-USA TODAY Sports<\/p>\n","protected":false},"excerpt":{"rendered":"","protected":false},"author":180310241,"featured_media":1425293,"comment_status":"open","ping_status":"closed","sticky":false,"template":"","format":"standard","meta":{"inline_featured_image":false,"kia_subtitle":"","_mux_skip_reasons":[],"proofreadBy":0,"footnotes":""},"categories":[187,26],"tags":[2409,333],"sport":[2784],"saison":[6111],"class_list":["post-1425277","post","type-post","status-publish","format-standard","has-post-thumbnail","hentry","category-actualite-nhl","category-nhl","tag-jeff-carter","tag-pittsburgh-penguins","sport-nhl","saison-6111"],"acf":[],"yoast_head":"<!-- This site is optimized with the Yoast SEO plugin v24.2 - https:\/\/yoast.com\/wordpress\/plugins\/seo\/ -->\n<title>Retraite pour Jeff Carter - The Playoffs FR<\/title>\n<meta name=\"robots\" content=\"index, follow, max-snippet:-1, max-image-preview:large, max-video-preview:-1\" \/>\n<link rel=\"canonical\" href=\"https:\/\/theplayoffs.news\/fr\/actualite-nhl\/retraite-pour-jeff-carter\/\" \/>\n<meta property=\"og:locale\" content=\"fr_FR\" \/>\n<meta property=\"og:type\" content=\"article\" \/>\n<meta property=\"og:title\" content=\"Retraite pour Jeff Carter - The Playoffs FR\" \/>\n<meta property=\"og:url\" content=\"https:\/\/theplayoffs.news\/fr\/actualite-nhl\/retraite-pour-jeff-carter\/\" \/>\n<meta property=\"og:site_name\" content=\"The Playoffs FR\" \/>\n<meta property=\"article:publisher\" content=\"https:\/\/www.facebook.com\/TheFreeAgentFR\/\" \/>\n<meta property=\"article:modified_time\" content=\"2024-04-18T11:55:55+02:00\" \/>\n<meta property=\"og:image\" content=\"https:\/\/theplayoffs.news\/fr\/wp-content\/uploads\/2024\/04\/Photo-Jeff-Carter.jpg\" \/>\n\t<meta property=\"og:image:width\" content=\"1920\" \/>\n\t<meta property=\"og:image:height\" content=\"1280\" \/>\n\t<meta property=\"og:image:type\" content=\"image\/jpeg\" \/>\n<meta name=\"author\" content=\"Augustin Riveron\" \/>\n<meta name=\"twitter:card\" content=\"summary_large_image\" \/>\n<meta name=\"twitter:creator\" content=\"@TheFreeAgentFR\" \/>\n<meta name=\"twitter:site\" content=\"@TheFreeAgentFR\" \/>\n<meta name=\"twitter:label1\" content=\"\u00c9crit par\" \/>\n\t<meta name=\"twitter:data1\" content=\"Augustin Riveron\" \/>\n\t<meta name=\"twitter:label2\" content=\"Dur\u00e9e de lecture estim\u00e9e\" \/>\n\t<meta name=\"twitter:data2\" content=\"2 minutes\" \/>\n<script type=\"application\/ld+json\" class=\"yoast-schema-graph\">{\"@context\":\"https:\/\/schema.org\",\"@graph\":[{\"@type\":\"WebPage\",\"@id\":\"https:\/\/theplayoffs.news\/fr\/actualite-nhl\/retraite-pour-jeff-carter\/\",\"url\":\"https:\/\/theplayoffs.news\/fr\/actualite-nhl\/retraite-pour-jeff-carter\/\",\"name\":\"Retraite pour Jeff Carter - The Playoffs FR\",\"isPartOf\":{\"@id\":\"https:\/\/theplayoffs.news\/fr\/#website\"},\"primaryImageOfPage\":{\"@id\":\"https:\/\/theplayoffs.news\/fr\/actualite-nhl\/retraite-pour-jeff-carter\/#primaryimage\"},\"image\":{\"@id\":\"https:\/\/theplayoffs.news\/fr\/actualite-nhl\/retraite-pour-jeff-carter\/#primaryimage\"},\"thumbnailUrl\":\"https:\/\/theplayoffs.news\/fr\/wp-content\/uploads\/2024\/04\/Photo-Jeff-Carter.jpg\",\"datePublished\":\"2024-04-18T09:55:55+00:00\",\"dateModified\":\"2024-04-18T11:55:55+02:00\",\"author\":{\"@id\":\"https:\/\/theplayoffs.news\/fr\/#\/schema\/person\/6c57838882f89046acb1a469126746b7\"},\"breadcrumb\":{\"@id\":\"https:\/\/theplayoffs.news\/fr\/actualite-nhl\/retraite-pour-jeff-carter\/#breadcrumb\"},\"inLanguage\":\"fr-FR\",\"potentialAction\":[{\"@type\":\"ReadAction\",\"target\":[\"https:\/\/theplayoffs.news\/fr\/actualite-nhl\/retraite-pour-jeff-carter\/\"]}]},{\"@type\":\"ImageObject\",\"inLanguage\":\"fr-FR\",\"@id\":\"https:\/\/theplayoffs.news\/fr\/actualite-nhl\/retraite-pour-jeff-carter\/#primaryimage\",\"url\":\"https:\/\/theplayoffs.news\/fr\/wp-content\/uploads\/2024\/04\/Photo-Jeff-Carter.jpg\",\"contentUrl\":\"https:\/\/theplayoffs.news\/fr\/wp-content\/uploads\/2024\/04\/Photo-Jeff-Carter.jpg\",\"width\":1920,\"height\":1280,\"caption\":\"Apr 2, 2024; Newark, New Jersey, USA; Pittsburgh Penguins center Jeff Carter (77) skates with the puck against the New Jersey Devils during the first period at Prudential Center. Mandatory Credit: John Jones-USA TODAY Sports\"},{\"@type\":\"BreadcrumbList\",\"@id\":\"https:\/\/theplayoffs.news\/fr\/actualite-nhl\/retraite-pour-jeff-carter\/#breadcrumb\",\"itemListElement\":[{\"@type\":\"ListItem\",\"position\":1,\"name\":\"Accueil\",\"item\":\"https:\/\/theplayoffs.news\/fr\/\"},{\"@type\":\"ListItem\",\"position\":2,\"name\":\"Retraite pour Jeff Carter\"}]},{\"@type\":\"WebSite\",\"@id\":\"https:\/\/theplayoffs.news\/fr\/#website\",\"url\":\"https:\/\/theplayoffs.news\/fr\/\",\"name\":\"The Playoffs FR\",\"description\":\"NBA-NFL-NHL-MLB\",\"potentialAction\":[{\"@type\":\"SearchAction\",\"target\":{\"@type\":\"EntryPoint\",\"urlTemplate\":\"https:\/\/theplayoffs.news\/fr\/?s={search_term_string}\"},\"query-input\":{\"@type\":\"PropertyValueSpecification\",\"valueRequired\":true,\"valueName\":\"search_term_string\"}}],\"inLanguage\":\"fr-FR\"},{\"@type\":\"Person\",\"@id\":\"https:\/\/theplayoffs.news\/fr\/#\/schema\/person\/6c57838882f89046acb1a469126746b7\",\"name\":\"Augustin Riveron\",\"image\":{\"@type\":\"ImageObject\",\"inLanguage\":\"fr-FR\",\"@id\":\"https:\/\/theplayoffs.news\/fr\/#\/schema\/person\/image\/\",\"url\":\"https:\/\/secure.gravatar.com\/avatar\/a60ae09e43d53d832185e44e4832a6bbb342aaf556e8b223a779777ab6267eec?s=96&d=mm&r=g\",\"contentUrl\":\"https:\/\/secure.gravatar.com\/avatar\/a60ae09e43d53d832185e44e4832a6bbb342aaf556e8b223a779777ab6267eec?s=96&d=mm&r=g\",\"caption\":\"Augustin Riveron\"},\"url\":\"https:\/\/theplayoffs.news\/fr\/author\/augustin-riveronwin-sport-school-org\/\"}]}<\/script>\n<!-- \/ Yoast SEO plugin. -->","yoast_head_json":{"title":"Retraite pour Jeff Carter - The Playoffs FR","robots":{"index":"index","follow":"follow","max-snippet":"max-snippet:-1","max-image-preview":"max-image-preview:large","max-video-preview":"max-video-preview:-1"},"canonical":"https:\/\/theplayoffs.news\/fr\/actualite-nhl\/retraite-pour-jeff-carter\/","og_locale":"fr_FR","og_type":"article","og_title":"Retraite pour Jeff Carter - The Playoffs FR","og_url":"https:\/\/theplayoffs.news\/fr\/actualite-nhl\/retraite-pour-jeff-carter\/","og_site_name":"The Playoffs FR","article_publisher":"https:\/\/www.facebook.com\/TheFreeAgentFR\/","article_modified_time":"2024-04-18T09:43:24+00:00","og_image":[{"width":1920,"height":1280,"url":"https:\/\/theplayoffs.news\/fr\/wp-content\/uploads\/2024\/04\/Photo-Jeff-Carter.jpg","type":"image\/jpeg"}],"author":"Augustin Riveron","twitter_card":"summary_large_image","twitter_creator":"@TheFreeAgentFR","twitter_site":"@TheFreeAgentFR","twitter_misc":{"\u00c9crit par":"Augustin Riveron","Dur\u00e9e de lecture estim\u00e9e":"2 minutes"},"schema":{"@context":"https:\/\/schema.org","@graph":[{"@type":"WebPage","@id":"https:\/\/theplayoffs.news\/fr\/actualite-nhl\/retraite-pour-jeff-carter\/","url":"https:\/\/theplayoffs.news\/fr\/actualite-nhl\/retraite-pour-jeff-carter\/","name":"Retraite pour Jeff Carter - The Playoffs FR","isPartOf":{"@id":"https:\/\/theplayoffs.news\/fr\/#website"},"primaryImageOfPage":{"@id":"https:\/\/theplayoffs.news\/fr\/actualite-nhl\/retraite-pour-jeff-carter\/#primaryimage"},"image":{"@id":"https:\/\/theplayoffs.news\/fr\/actualite-nhl\/retraite-pour-jeff-carter\/#primaryimage"},"thumbnailUrl":"https:\/\/theplayoffs.news\/fr\/wp-content\/uploads\/2024\/04\/Photo-Jeff-Carter.jpg","datePublished":"2024-04-18T09:55:55+00:00","dateModified":"2024-04-18T11:55:55+02:00","author":{"@id":"https:\/\/theplayoffs.news\/fr\/#\/schema\/person\/6c57838882f89046acb1a469126746b7"},"breadcrumb":{"@id":"https:\/\/theplayoffs.news\/fr\/actualite-nhl\/retraite-pour-jeff-carter\/#breadcrumb"},"inLanguage":"fr-FR","potentialAction":[{"@type":"ReadAction","target":["https:\/\/theplayoffs.news\/fr\/actualite-nhl\/retraite-pour-jeff-carter\/"]}]},{"@type":"ImageObject","inLanguage":"fr-FR","@id":"https:\/\/theplayoffs.news\/fr\/actualite-nhl\/retraite-pour-jeff-carter\/#primaryimage","url":"https:\/\/theplayoffs.news\/fr\/wp-content\/uploads\/2024\/04\/Photo-Jeff-Carter.jpg","contentUrl":"https:\/\/theplayoffs.news\/fr\/wp-content\/uploads\/2024\/04\/Photo-Jeff-Carter.jpg","width":1920,"height":1280,"caption":"Apr 2, 2024; Newark, New Jersey, USA; Pittsburgh Penguins center Jeff Carter (77) skates with the puck against the New Jersey Devils during the first period at Prudential Center. Mandatory Credit: John Jones-USA TODAY Sports"},{"@type":"BreadcrumbList","@id":"https:\/\/theplayoffs.news\/fr\/actualite-nhl\/retraite-pour-jeff-carter\/#breadcrumb","itemListElement":[{"@type":"ListItem","position":1,"name":"Accueil","item":"https:\/\/theplayoffs.news\/fr\/"},{"@type":"ListItem","position":2,"name":"Retraite pour Jeff Carter"}]},{"@type":"WebSite","@id":"https:\/\/theplayoffs.news\/fr\/#website","url":"https:\/\/theplayoffs.news\/fr\/","name":"The Playoffs FR","description":"NBA-NFL-NHL-MLB","potentialAction":[{"@type":"SearchAction","target":{"@type":"EntryPoint","urlTemplate":"https:\/\/theplayoffs.news\/fr\/?s={search_term_string}"},"query-input":{"@type":"PropertyValueSpecification","valueRequired":true,"valueName":"search_term_string"}}],"inLanguage":"fr-FR"},{"@type":"Person","@id":"https:\/\/theplayoffs.news\/fr\/#\/schema\/person\/6c57838882f89046acb1a469126746b7","name":"Augustin Riveron","image":{"@type":"ImageObject","inLanguage":"fr-FR","@id":"https:\/\/theplayoffs.news\/fr\/#\/schema\/person\/image\/","url":"https:\/\/secure.gravatar.com\/avatar\/a60ae09e43d53d832185e44e4832a6bbb342aaf556e8b223a779777ab6267eec?s=96&d=mm&r=g","contentUrl":"https:\/\/secure.gravatar.com\/avatar\/a60ae09e43d53d832185e44e4832a6bbb342aaf556e8b223a779777ab6267eec?s=96&d=mm&r=g","caption":"Augustin Riveron"},"url":"https:\/\/theplayoffs.news\/fr\/author\/augustin-riveronwin-sport-school-org\/"}]}},"_links":{"self":[{"href":"https:\/\/theplayoffs.news\/fr\/wp-json\/wp\/v2\/posts\/1425277","targetHints":{"allow":["GET"]}}],"collection":[{"href":"https:\/\/theplayoffs.news\/fr\/wp-json\/wp\/v2\/posts"}],"about":[{"href":"https:\/\/theplayoffs.news\/fr\/wp-json\/wp\/v2\/types\/post"}],"author":[{"embeddable":true,"href":"https:\/\/theplayoffs.news\/fr\/wp-json\/wp\/v2\/users\/180310241"}],"replies":[{"embeddable":true,"href":"https:\/\/theplayoffs.news\/fr\/wp-json\/wp\/v2\/comments?post=1425277"}],"version-history":[{"count":3,"href":"https:\/\/theplayoffs.news\/fr\/wp-json\/wp\/v2\/posts\/1425277\/revisions"}],"predecessor-version":[{"id":1425297,"href":"https:\/\/theplayoffs.news\/fr\/wp-json\/wp\/v2\/posts\/1425277\/revisions\/1425297"}],"wp:featuredmedia":[{"embeddable":true,"href":"https:\/\/theplayoffs.news\/fr\/wp-json\/wp\/v2\/media\/1425293"}],"wp:attachment":[{"href":"https:\/\/theplayoffs.news\/fr\/wp-json\/wp\/v2\/media?parent=1425277"}],"wp:term":[{"taxonomy":"category","embeddable":true,"href":"https:\/\/theplayoffs.news\/fr\/wp-json\/wp\/v2\/categories?post=1425277"},{"taxonomy":"post_tag","embeddable":true,"href":"https:\/\/theplayoffs.news\/fr\/wp-json\/wp\/v2\/tags?post=1425277"},{"taxonomy":"sport","embeddable":true,"href":"https:\/\/theplayoffs.news\/fr\/wp-json\/wp\/v2\/sport?post=1425277"},{"taxonomy":"saison","embeddable":true,"href":"https:\/\/theplayoffs.news\/fr\/wp-json\/wp\/v2\/saison?post=1425277"}],"curies":[{"name":"wp","href":"https:\/\/api.w.org\/{rel}","templated":true}]}}