{"id":1425245,"date":"2024-04-18T07:51:57","date_gmt":"2024-04-18T05:51:57","guid":{"rendered":"https:\/\/theplayoffs.news\/fr\/?p=1425245"},"modified":"2024-04-18T07:51:57","modified_gmt":"2024-04-18T05:51:57","slug":"houston-astros-justin-verlander-va-enfin-debuter-sa-saison","status":"publish","type":"post","link":"https:\/\/theplayoffs.news\/fr\/actualite-mlb\/houston-astros-justin-verlander-va-enfin-debuter-sa-saison\/","title":{"rendered":"Houston Astros : Justin Verlander va enfin d\u00e9buter sa saison !"},"content":{"rendered":"<h2>Le lanceur des Astros, Justin Verlander va commencer sa saison ce vendredi contre Washington<\/h2><p>Voil&agrave; enfin une bonne nouvelle pour les Astros : Justin Verlander va commencer sa saison ce vendredi contre les Nationals. Le triple vainqueur du troph&eacute;e Cy Young n&rsquo;&eacute;tait pas encore disponible &agrave; cause d&rsquo;une inflammation &agrave; son &eacute;paule droite. Les Astros ont pr&eacute;f&eacute;r&eacute; lui laisser le temps de se remettre en Triple A avant de le faire d&eacute;buter.<\/p><p>Le manager des Astros Joe Espada a expliqu&eacute; que Houston va prendre toutes les pr&eacute;cautions n&eacute;cessaires pour que tout se passe bien pour ses d&eacute;buts :<\/p><blockquote><p>&laquo;&nbsp;Nous allons faire attention &agrave; ne pas trop le pousser au d&eacute;but. Je sais qu&rsquo;il va vouloir tout donner et rester le plus longtemps possible et nous donner une opportunit&eacute; de gagner. Mais nous ne voulons pas trop le pousser d&egrave;s le d&eacute;but de la saison.&nbsp;&raquo;<\/p>\n<p>Joe Espada &agrave; propos de Justin Verlander<\/p><\/blockquote><p>Les Astros sont bien conscients qu&rsquo;il faut prendre soin de leur lanceur de 41 ans. L&rsquo;objectif pour Houston est sur le long terme et ils auront de plus en plus besoin de leur star au lancer au fur et &agrave; mesure que la saison suivra son cours.<\/p><p>Les Astros sont en grande difficult&eacute; cette saison. Ils sont class&eacute;s en derni&egrave;re position d&rsquo;AL West avec un bilan de six victoires pour 14 d&eacute;faites.<\/p><p>&nbsp;<\/p>\n","protected":false},"excerpt":{"rendered":"","protected":false},"author":180309795,"featured_media":1422891,"comment_status":"open","ping_status":"closed","sticky":false,"template":"","format":"standard","meta":{"inline_featured_image":false,"kia_subtitle":"","_mux_skip_reasons":[],"proofreadBy":0,"footnotes":""},"categories":[188,9],"tags":[458],"sport":[2786],"saison":[6111],"class_list":["post-1425245","post","type-post","status-publish","format-standard","has-post-thumbnail","hentry","category-actualite-mlb","category-mlb","tag-houston-astros","sport-mlb","saison-6111"],"acf":[],"yoast_head":"<!-- This site is optimized with the Yoast SEO plugin v24.2 - https:\/\/yoast.com\/wordpress\/plugins\/seo\/ -->\n<title>Houston Astros : Justin Verlander va enfin d&eacute;buter sa saison ! - The Playoffs FR<\/title>\n<meta name=\"robots\" content=\"index, follow, max-snippet:-1, max-image-preview:large, max-video-preview:-1\" \/>\n<link rel=\"canonical\" href=\"https:\/\/theplayoffs.news\/fr\/actualite-mlb\/houston-astros-justin-verlander-va-enfin-debuter-sa-saison\/\" \/>\n<meta property=\"og:locale\" content=\"fr_FR\" \/>\n<meta property=\"og:type\" content=\"article\" \/>\n<meta property=\"og:title\" content=\"Houston Astros : Justin Verlander va enfin d&eacute;buter sa saison ! - The Playoffs FR\" \/>\n<meta property=\"og:url\" content=\"https:\/\/theplayoffs.news\/fr\/actualite-mlb\/houston-astros-justin-verlander-va-enfin-debuter-sa-saison\/\" \/>\n<meta property=\"og:site_name\" content=\"The Playoffs FR\" \/>\n<meta property=\"article:publisher\" content=\"https:\/\/www.facebook.com\/TheFreeAgentFR\/\" \/>\n<meta property=\"article:modified_time\" content=\"2024-04-18T07:51:57+02:00\" \/>\n<meta property=\"og:image\" content=\"https:\/\/theplayoffs.news\/fr\/wp-content\/uploads\/2024\/04\/USATSI_22888728.jpg\" \/>\n\t<meta property=\"og:image:width\" content=\"1920\" \/>\n\t<meta property=\"og:image:height\" content=\"1496\" \/>\n\t<meta property=\"og:image:type\" content=\"image\/jpeg\" \/>\n<meta name=\"author\" content=\"Damien Viottolo\" \/>\n<meta name=\"twitter:card\" content=\"summary_large_image\" \/>\n<meta name=\"twitter:creator\" content=\"@TheFreeAgentFR\" \/>\n<meta name=\"twitter:site\" content=\"@TheFreeAgentFR\" \/>\n<meta name=\"twitter:label1\" content=\"\u00c9crit par\" \/>\n\t<meta name=\"twitter:data1\" content=\"Damien Viottolo\" \/>\n\t<meta name=\"twitter:label2\" content=\"Dur\u00e9e de lecture estim\u00e9e\" \/>\n\t<meta name=\"twitter:data2\" content=\"1 minute\" \/>\n<script type=\"application\/ld+json\" class=\"yoast-schema-graph\">{\"@context\":\"https:\/\/schema.org\",\"@graph\":[{\"@type\":\"WebPage\",\"@id\":\"https:\/\/theplayoffs.news\/fr\/actualite-mlb\/houston-astros-justin-verlander-va-enfin-debuter-sa-saison\/\",\"url\":\"https:\/\/theplayoffs.news\/fr\/actualite-mlb\/houston-astros-justin-verlander-va-enfin-debuter-sa-saison\/\",\"name\":\"Houston Astros : Justin Verlander va enfin d\u00e9buter sa saison ! - The Playoffs FR\",\"isPartOf\":{\"@id\":\"https:\/\/theplayoffs.news\/fr\/#website\"},\"primaryImageOfPage\":{\"@id\":\"https:\/\/theplayoffs.news\/fr\/actualite-mlb\/houston-astros-justin-verlander-va-enfin-debuter-sa-saison\/#primaryimage\"},\"image\":{\"@id\":\"https:\/\/theplayoffs.news\/fr\/actualite-mlb\/houston-astros-justin-verlander-va-enfin-debuter-sa-saison\/#primaryimage\"},\"thumbnailUrl\":\"https:\/\/theplayoffs.news\/fr\/wp-content\/uploads\/2024\/04\/USATSI_22888728.jpg\",\"datePublished\":\"2024-04-18T05:51:57+00:00\",\"dateModified\":\"2024-04-18T05:51:57+00:00\",\"author\":{\"@id\":\"https:\/\/theplayoffs.news\/fr\/#\/schema\/person\/73084b933851a05764c1c3d9b89d8543\"},\"breadcrumb\":{\"@id\":\"https:\/\/theplayoffs.news\/fr\/actualite-mlb\/houston-astros-justin-verlander-va-enfin-debuter-sa-saison\/#breadcrumb\"},\"inLanguage\":\"fr-FR\",\"potentialAction\":[{\"@type\":\"ReadAction\",\"target\":[\"https:\/\/theplayoffs.news\/fr\/actualite-mlb\/houston-astros-justin-verlander-va-enfin-debuter-sa-saison\/\"]}]},{\"@type\":\"ImageObject\",\"inLanguage\":\"fr-FR\",\"@id\":\"https:\/\/theplayoffs.news\/fr\/actualite-mlb\/houston-astros-justin-verlander-va-enfin-debuter-sa-saison\/#primaryimage\",\"url\":\"https:\/\/theplayoffs.news\/fr\/wp-content\/uploads\/2024\/04\/USATSI_22888728.jpg\",\"contentUrl\":\"https:\/\/theplayoffs.news\/fr\/wp-content\/uploads\/2024\/04\/USATSI_22888728.jpg\",\"width\":1920,\"height\":1496,\"caption\":\"Mar 28, 2024; Houston, Texas, USA; Houston Astros starting pitcher Justin Verlander (35) waves before the game against the New York Yankees at Minute Maid Park. Mandatory Credit: Troy Taormina-USA TODAY Sports\"},{\"@type\":\"BreadcrumbList\",\"@id\":\"https:\/\/theplayoffs.news\/fr\/actualite-mlb\/houston-astros-justin-verlander-va-enfin-debuter-sa-saison\/#breadcrumb\",\"itemListElement\":[{\"@type\":\"ListItem\",\"position\":1,\"name\":\"Accueil\",\"item\":\"https:\/\/theplayoffs.news\/fr\/\"},{\"@type\":\"ListItem\",\"position\":2,\"name\":\"Houston Astros : Justin Verlander va enfin d\u00e9buter sa saison !\"}]},{\"@type\":\"WebSite\",\"@id\":\"https:\/\/theplayoffs.news\/fr\/#website\",\"url\":\"https:\/\/theplayoffs.news\/fr\/\",\"name\":\"The Playoffs FR\",\"description\":\"NBA-NFL-NHL-MLB\",\"potentialAction\":[{\"@type\":\"SearchAction\",\"target\":{\"@type\":\"EntryPoint\",\"urlTemplate\":\"https:\/\/theplayoffs.news\/fr\/?s={search_term_string}\"},\"query-input\":{\"@type\":\"PropertyValueSpecification\",\"valueRequired\":true,\"valueName\":\"search_term_string\"}}],\"inLanguage\":\"fr-FR\"},{\"@type\":\"Person\",\"@id\":\"https:\/\/theplayoffs.news\/fr\/#\/schema\/person\/73084b933851a05764c1c3d9b89d8543\",\"name\":\"Damien Viottolo\",\"image\":{\"@type\":\"ImageObject\",\"inLanguage\":\"fr-FR\",\"@id\":\"https:\/\/theplayoffs.news\/fr\/#\/schema\/person\/image\/\",\"url\":\"https:\/\/secure.gravatar.com\/avatar\/b4898b6250f932f028b8d5a79d8c3f31e7f0ec90943f46a9364c077ab76a518e?s=96&d=mm&r=g\",\"contentUrl\":\"https:\/\/secure.gravatar.com\/avatar\/b4898b6250f932f028b8d5a79d8c3f31e7f0ec90943f46a9364c077ab76a518e?s=96&d=mm&r=g\",\"caption\":\"Damien Viottolo\"},\"url\":\"https:\/\/theplayoffs.news\/fr\/author\/damienviottolo\/\"}]}<\/script>\n<!-- \/ Yoast SEO plugin. -->","yoast_head_json":{"title":"Houston Astros : Justin Verlander va enfin d&eacute;buter sa saison ! - The Playoffs FR","robots":{"index":"index","follow":"follow","max-snippet":"max-snippet:-1","max-image-preview":"max-image-preview:large","max-video-preview":"max-video-preview:-1"},"canonical":"https:\/\/theplayoffs.news\/fr\/actualite-mlb\/houston-astros-justin-verlander-va-enfin-debuter-sa-saison\/","og_locale":"fr_FR","og_type":"article","og_title":"Houston Astros : Justin Verlander va enfin d&eacute;buter sa saison ! - The Playoffs FR","og_url":"https:\/\/theplayoffs.news\/fr\/actualite-mlb\/houston-astros-justin-verlander-va-enfin-debuter-sa-saison\/","og_site_name":"The Playoffs FR","article_publisher":"https:\/\/www.facebook.com\/TheFreeAgentFR\/","og_image":[{"width":1920,"height":1496,"url":"https:\/\/theplayoffs.news\/fr\/wp-content\/uploads\/2024\/04\/USATSI_22888728.jpg","type":"image\/jpeg"}],"author":"Damien Viottolo","twitter_card":"summary_large_image","twitter_creator":"@TheFreeAgentFR","twitter_site":"@TheFreeAgentFR","twitter_misc":{"\u00c9crit par":"Damien Viottolo","Dur\u00e9e de lecture estim\u00e9e":"1 minute"},"schema":{"@context":"https:\/\/schema.org","@graph":[{"@type":"WebPage","@id":"https:\/\/theplayoffs.news\/fr\/actualite-mlb\/houston-astros-justin-verlander-va-enfin-debuter-sa-saison\/","url":"https:\/\/theplayoffs.news\/fr\/actualite-mlb\/houston-astros-justin-verlander-va-enfin-debuter-sa-saison\/","name":"Houston Astros : Justin Verlander va enfin d\u00e9buter sa saison ! - The Playoffs FR","isPartOf":{"@id":"https:\/\/theplayoffs.news\/fr\/#website"},"primaryImageOfPage":{"@id":"https:\/\/theplayoffs.news\/fr\/actualite-mlb\/houston-astros-justin-verlander-va-enfin-debuter-sa-saison\/#primaryimage"},"image":{"@id":"https:\/\/theplayoffs.news\/fr\/actualite-mlb\/houston-astros-justin-verlander-va-enfin-debuter-sa-saison\/#primaryimage"},"thumbnailUrl":"https:\/\/theplayoffs.news\/fr\/wp-content\/uploads\/2024\/04\/USATSI_22888728.jpg","datePublished":"2024-04-18T05:51:57+00:00","dateModified":"2024-04-18T05:51:57+00:00","author":{"@id":"https:\/\/theplayoffs.news\/fr\/#\/schema\/person\/73084b933851a05764c1c3d9b89d8543"},"breadcrumb":{"@id":"https:\/\/theplayoffs.news\/fr\/actualite-mlb\/houston-astros-justin-verlander-va-enfin-debuter-sa-saison\/#breadcrumb"},"inLanguage":"fr-FR","potentialAction":[{"@type":"ReadAction","target":["https:\/\/theplayoffs.news\/fr\/actualite-mlb\/houston-astros-justin-verlander-va-enfin-debuter-sa-saison\/"]}]},{"@type":"ImageObject","inLanguage":"fr-FR","@id":"https:\/\/theplayoffs.news\/fr\/actualite-mlb\/houston-astros-justin-verlander-va-enfin-debuter-sa-saison\/#primaryimage","url":"https:\/\/theplayoffs.news\/fr\/wp-content\/uploads\/2024\/04\/USATSI_22888728.jpg","contentUrl":"https:\/\/theplayoffs.news\/fr\/wp-content\/uploads\/2024\/04\/USATSI_22888728.jpg","width":1920,"height":1496,"caption":"Mar 28, 2024; Houston, Texas, USA; Houston Astros starting pitcher Justin Verlander (35) waves before the game against the New York Yankees at Minute Maid Park. Mandatory Credit: Troy Taormina-USA TODAY Sports"},{"@type":"BreadcrumbList","@id":"https:\/\/theplayoffs.news\/fr\/actualite-mlb\/houston-astros-justin-verlander-va-enfin-debuter-sa-saison\/#breadcrumb","itemListElement":[{"@type":"ListItem","position":1,"name":"Accueil","item":"https:\/\/theplayoffs.news\/fr\/"},{"@type":"ListItem","position":2,"name":"Houston Astros : Justin Verlander va enfin d\u00e9buter sa saison !"}]},{"@type":"WebSite","@id":"https:\/\/theplayoffs.news\/fr\/#website","url":"https:\/\/theplayoffs.news\/fr\/","name":"The Playoffs FR","description":"NBA-NFL-NHL-MLB","potentialAction":[{"@type":"SearchAction","target":{"@type":"EntryPoint","urlTemplate":"https:\/\/theplayoffs.news\/fr\/?s={search_term_string}"},"query-input":{"@type":"PropertyValueSpecification","valueRequired":true,"valueName":"search_term_string"}}],"inLanguage":"fr-FR"},{"@type":"Person","@id":"https:\/\/theplayoffs.news\/fr\/#\/schema\/person\/73084b933851a05764c1c3d9b89d8543","name":"Damien Viottolo","image":{"@type":"ImageObject","inLanguage":"fr-FR","@id":"https:\/\/theplayoffs.news\/fr\/#\/schema\/person\/image\/","url":"https:\/\/secure.gravatar.com\/avatar\/b4898b6250f932f028b8d5a79d8c3f31e7f0ec90943f46a9364c077ab76a518e?s=96&d=mm&r=g","contentUrl":"https:\/\/secure.gravatar.com\/avatar\/b4898b6250f932f028b8d5a79d8c3f31e7f0ec90943f46a9364c077ab76a518e?s=96&d=mm&r=g","caption":"Damien Viottolo"},"url":"https:\/\/theplayoffs.news\/fr\/author\/damienviottolo\/"}]}},"_links":{"self":[{"href":"https:\/\/theplayoffs.news\/fr\/wp-json\/wp\/v2\/posts\/1425245","targetHints":{"allow":["GET"]}}],"collection":[{"href":"https:\/\/theplayoffs.news\/fr\/wp-json\/wp\/v2\/posts"}],"about":[{"href":"https:\/\/theplayoffs.news\/fr\/wp-json\/wp\/v2\/types\/post"}],"author":[{"embeddable":true,"href":"https:\/\/theplayoffs.news\/fr\/wp-json\/wp\/v2\/users\/180309795"}],"replies":[{"embeddable":true,"href":"https:\/\/theplayoffs.news\/fr\/wp-json\/wp\/v2\/comments?post=1425245"}],"version-history":[{"count":3,"href":"https:\/\/theplayoffs.news\/fr\/wp-json\/wp\/v2\/posts\/1425245\/revisions"}],"predecessor-version":[{"id":1425248,"href":"https:\/\/theplayoffs.news\/fr\/wp-json\/wp\/v2\/posts\/1425245\/revisions\/1425248"}],"wp:featuredmedia":[{"embeddable":true,"href":"https:\/\/theplayoffs.news\/fr\/wp-json\/wp\/v2\/media\/1422891"}],"wp:attachment":[{"href":"https:\/\/theplayoffs.news\/fr\/wp-json\/wp\/v2\/media?parent=1425245"}],"wp:term":[{"taxonomy":"category","embeddable":true,"href":"https:\/\/theplayoffs.news\/fr\/wp-json\/wp\/v2\/categories?post=1425245"},{"taxonomy":"post_tag","embeddable":true,"href":"https:\/\/theplayoffs.news\/fr\/wp-json\/wp\/v2\/tags?post=1425245"},{"taxonomy":"sport","embeddable":true,"href":"https:\/\/theplayoffs.news\/fr\/wp-json\/wp\/v2\/sport?post=1425245"},{"taxonomy":"saison","embeddable":true,"href":"https:\/\/theplayoffs.news\/fr\/wp-json\/wp\/v2\/saison?post=1425245"}],"curies":[{"name":"wp","href":"https:\/\/api.w.org\/{rel}","templated":true}]}}