{"id":1425060,"date":"2024-04-17T14:25:32","date_gmt":"2024-04-17T12:25:32","guid":{"rendered":"https:\/\/theplayoffs.news\/fr\/?p=1425060"},"modified":"2024-04-17T14:25:32","modified_gmt":"2024-04-17T12:25:32","slug":"les-patriots-ont-ils-deja-choisi-leur-qb-pour-la-draft-nfl-2024","status":"publish","type":"post","link":"https:\/\/theplayoffs.news\/fr\/actualite-nfl\/les-patriots-ont-ils-deja-choisi-leur-qb-pour-la-draft-nfl-2024\/","title":{"rendered":"Les Patriots ont-ils d\u00e9j\u00e0 choisi leur QB pour la Draft NFL 2024 ?"},"content":{"rendered":"<p><strong>Les Patriots pourraient avoir choisi leur QB pour la Draft NFL 2024.<\/strong><\/p><p>La Draft NFL 2024 approche, elle se tiendra du 25 au 27 avril prochain &agrave; Detroit. Les Patriots attendent &eacute;norm&eacute;ment de cette draft. En effet, New England devrait choisir son futur QB. Les Pats ont &eacute;t&eacute; en difficult&eacute; depuis le d&eacute;part de Tom Brady et Mac Jones n&rsquo;a pas apport&eacute; les r&eacute;ponses esp&eacute;r&eacute;es.<\/p><p>Les Patriots ont rencontr&eacute; les joueurs les plus attendus au poste de QB et disponibles pour eux : J.J. McCarthy, Jayden Daniels, Michael Penix Jr et Drake Maye. Il se pourrait bien que les Pats choisissent Drake Maye avec leur troisi&egrave;me choix. Peter Schrager de NFL Network a r&eacute;v&eacute;l&eacute; que les Patriots sont de plus en plus int&eacute;ress&eacute;s par l&rsquo;ancien joueur d&rsquo;UNC.<\/p><blockquote><p>&laquo;&nbsp;M&ecirc;me si on entend de plus en plus la possibilit&eacute; pour les Patriots de descendre dans l&rsquo;ordre de la draft, ils appr&eacute;cient beaucoup Drake Maye et Jayden Daniels. Les Patriots ont d&rsquo;ailleurs pu d&icirc;ner avec Maye et ce dernier aurait fait une forte impression. Les Patriots l&rsquo;aiment beaucoup&nbsp;&raquo;<\/p><\/blockquote><p>Les attentes pour les Patriots atour de cette Draft NFL 2024 sont &eacute;normes. L&rsquo;avenir de la franchise sera entre les mains du prochain QB qui sera choisi. Il ne faudra pas cependant oublier de renforcer une &eacute;quipe qui est globalement en difficult&eacute;. C&rsquo;est pourquoi de nombreux observateurs ont pu sugg&eacute;rer l&rsquo;id&eacute;e que les Patriots seraient pr&ecirc;ts &agrave; &eacute;changer leur 3&egrave;me choix pour se renforcer et s&eacute;lectionner leur QB plus tard dans l&rsquo;ordre de la draft.<\/p>\n","protected":false},"excerpt":{"rendered":"","protected":false},"author":180309795,"featured_media":1425063,"comment_status":"open","ping_status":"closed","sticky":false,"template":"","format":"standard","meta":{"inline_featured_image":false,"kia_subtitle":"","_mux_skip_reasons":[],"proofreadBy":0,"footnotes":""},"categories":[118,40],"tags":[622,79],"sport":[2785],"saison":[],"class_list":["post-1425060","post","type-post","status-publish","format-standard","has-post-thumbnail","hentry","category-actualite-nfl","category-nfl","tag-new-england-patriots","tag-nfl","sport-nfl"],"acf":[],"yoast_head":"<!-- This site is optimized with the Yoast SEO plugin v24.2 - https:\/\/yoast.com\/wordpress\/plugins\/seo\/ -->\n<title>Les Patriots ont-ils d&eacute;j&agrave; choisi leur QB pour la Draft NFL 2024 ? - The Playoffs FR<\/title>\n<meta name=\"robots\" content=\"index, follow, max-snippet:-1, max-image-preview:large, max-video-preview:-1\" \/>\n<link rel=\"canonical\" href=\"https:\/\/theplayoffs.news\/fr\/actualite-nfl\/les-patriots-ont-ils-deja-choisi-leur-qb-pour-la-draft-nfl-2024\/\" \/>\n<meta property=\"og:locale\" content=\"fr_FR\" \/>\n<meta property=\"og:type\" content=\"article\" \/>\n<meta property=\"og:title\" content=\"Les Patriots ont-ils d&eacute;j&agrave; choisi leur QB pour la Draft NFL 2024 ? - The Playoffs FR\" \/>\n<meta property=\"og:url\" content=\"https:\/\/theplayoffs.news\/fr\/actualite-nfl\/les-patriots-ont-ils-deja-choisi-leur-qb-pour-la-draft-nfl-2024\/\" \/>\n<meta property=\"og:site_name\" content=\"The Playoffs FR\" \/>\n<meta property=\"article:publisher\" content=\"https:\/\/www.facebook.com\/TheFreeAgentFR\/\" \/>\n<meta property=\"article:modified_time\" content=\"2024-04-17T14:25:32+02:00\" \/>\n<meta property=\"og:image\" content=\"https:\/\/theplayoffs.news\/fr\/wp-content\/uploads\/2024\/04\/USATSI_22658098-1.jpg\" \/>\n\t<meta property=\"og:image:width\" content=\"1920\" \/>\n\t<meta property=\"og:image:height\" content=\"1280\" \/>\n\t<meta property=\"og:image:type\" content=\"image\/jpeg\" \/>\n<meta name=\"author\" content=\"Damien Viottolo\" \/>\n<meta name=\"twitter:card\" content=\"summary_large_image\" \/>\n<meta name=\"twitter:creator\" content=\"@TheFreeAgentFR\" \/>\n<meta name=\"twitter:site\" content=\"@TheFreeAgentFR\" \/>\n<meta name=\"twitter:label1\" content=\"\u00c9crit par\" \/>\n\t<meta name=\"twitter:data1\" content=\"Damien Viottolo\" \/>\n\t<meta name=\"twitter:label2\" content=\"Dur\u00e9e de lecture estim\u00e9e\" \/>\n\t<meta name=\"twitter:data2\" content=\"1 minute\" \/>\n<script type=\"application\/ld+json\" class=\"yoast-schema-graph\">{\"@context\":\"https:\/\/schema.org\",\"@graph\":[{\"@type\":\"WebPage\",\"@id\":\"https:\/\/theplayoffs.news\/fr\/actualite-nfl\/les-patriots-ont-ils-deja-choisi-leur-qb-pour-la-draft-nfl-2024\/\",\"url\":\"https:\/\/theplayoffs.news\/fr\/actualite-nfl\/les-patriots-ont-ils-deja-choisi-leur-qb-pour-la-draft-nfl-2024\/\",\"name\":\"Les Patriots ont-ils d\u00e9j\u00e0 choisi leur QB pour la Draft NFL 2024 ? - The Playoffs FR\",\"isPartOf\":{\"@id\":\"https:\/\/theplayoffs.news\/fr\/#website\"},\"primaryImageOfPage\":{\"@id\":\"https:\/\/theplayoffs.news\/fr\/actualite-nfl\/les-patriots-ont-ils-deja-choisi-leur-qb-pour-la-draft-nfl-2024\/#primaryimage\"},\"image\":{\"@id\":\"https:\/\/theplayoffs.news\/fr\/actualite-nfl\/les-patriots-ont-ils-deja-choisi-leur-qb-pour-la-draft-nfl-2024\/#primaryimage\"},\"thumbnailUrl\":\"https:\/\/theplayoffs.news\/fr\/wp-content\/uploads\/2024\/04\/USATSI_22658098-1.jpg\",\"datePublished\":\"2024-04-17T12:25:32+00:00\",\"dateModified\":\"2024-04-17T12:25:32+00:00\",\"author\":{\"@id\":\"https:\/\/theplayoffs.news\/fr\/#\/schema\/person\/73084b933851a05764c1c3d9b89d8543\"},\"breadcrumb\":{\"@id\":\"https:\/\/theplayoffs.news\/fr\/actualite-nfl\/les-patriots-ont-ils-deja-choisi-leur-qb-pour-la-draft-nfl-2024\/#breadcrumb\"},\"inLanguage\":\"fr-FR\",\"potentialAction\":[{\"@type\":\"ReadAction\",\"target\":[\"https:\/\/theplayoffs.news\/fr\/actualite-nfl\/les-patriots-ont-ils-deja-choisi-leur-qb-pour-la-draft-nfl-2024\/\"]}]},{\"@type\":\"ImageObject\",\"inLanguage\":\"fr-FR\",\"@id\":\"https:\/\/theplayoffs.news\/fr\/actualite-nfl\/les-patriots-ont-ils-deja-choisi-leur-qb-pour-la-draft-nfl-2024\/#primaryimage\",\"url\":\"https:\/\/theplayoffs.news\/fr\/wp-content\/uploads\/2024\/04\/USATSI_22658098-1.jpg\",\"contentUrl\":\"https:\/\/theplayoffs.news\/fr\/wp-content\/uploads\/2024\/04\/USATSI_22658098-1.jpg\",\"width\":1920,\"height\":1280,\"caption\":\"Mar 1, 2024; Indianapolis, IN, USA; North Carolina quarterback Drake Maye (QB04) talks to the media during the 2024 NFL Combine at Lucas Oil Stadium. Mandatory Credit: Trevor Ruszkowski-USA TODAY Sports\"},{\"@type\":\"BreadcrumbList\",\"@id\":\"https:\/\/theplayoffs.news\/fr\/actualite-nfl\/les-patriots-ont-ils-deja-choisi-leur-qb-pour-la-draft-nfl-2024\/#breadcrumb\",\"itemListElement\":[{\"@type\":\"ListItem\",\"position\":1,\"name\":\"Accueil\",\"item\":\"https:\/\/theplayoffs.news\/fr\/\"},{\"@type\":\"ListItem\",\"position\":2,\"name\":\"Les Patriots ont-ils d\u00e9j\u00e0 choisi leur QB pour la Draft NFL 2024 ?\"}]},{\"@type\":\"WebSite\",\"@id\":\"https:\/\/theplayoffs.news\/fr\/#website\",\"url\":\"https:\/\/theplayoffs.news\/fr\/\",\"name\":\"The Playoffs FR\",\"description\":\"NBA-NFL-NHL-MLB\",\"potentialAction\":[{\"@type\":\"SearchAction\",\"target\":{\"@type\":\"EntryPoint\",\"urlTemplate\":\"https:\/\/theplayoffs.news\/fr\/?s={search_term_string}\"},\"query-input\":{\"@type\":\"PropertyValueSpecification\",\"valueRequired\":true,\"valueName\":\"search_term_string\"}}],\"inLanguage\":\"fr-FR\"},{\"@type\":\"Person\",\"@id\":\"https:\/\/theplayoffs.news\/fr\/#\/schema\/person\/73084b933851a05764c1c3d9b89d8543\",\"name\":\"Damien Viottolo\",\"image\":{\"@type\":\"ImageObject\",\"inLanguage\":\"fr-FR\",\"@id\":\"https:\/\/theplayoffs.news\/fr\/#\/schema\/person\/image\/\",\"url\":\"https:\/\/secure.gravatar.com\/avatar\/b4898b6250f932f028b8d5a79d8c3f31e7f0ec90943f46a9364c077ab76a518e?s=96&d=mm&r=g\",\"contentUrl\":\"https:\/\/secure.gravatar.com\/avatar\/b4898b6250f932f028b8d5a79d8c3f31e7f0ec90943f46a9364c077ab76a518e?s=96&d=mm&r=g\",\"caption\":\"Damien Viottolo\"},\"url\":\"https:\/\/theplayoffs.news\/fr\/author\/damienviottolo\/\"}]}<\/script>\n<!-- \/ Yoast SEO plugin. -->","yoast_head_json":{"title":"Les Patriots ont-ils d&eacute;j&agrave; choisi leur QB pour la Draft NFL 2024 ? - The Playoffs FR","robots":{"index":"index","follow":"follow","max-snippet":"max-snippet:-1","max-image-preview":"max-image-preview:large","max-video-preview":"max-video-preview:-1"},"canonical":"https:\/\/theplayoffs.news\/fr\/actualite-nfl\/les-patriots-ont-ils-deja-choisi-leur-qb-pour-la-draft-nfl-2024\/","og_locale":"fr_FR","og_type":"article","og_title":"Les Patriots ont-ils d&eacute;j&agrave; choisi leur QB pour la Draft NFL 2024 ? - The Playoffs FR","og_url":"https:\/\/theplayoffs.news\/fr\/actualite-nfl\/les-patriots-ont-ils-deja-choisi-leur-qb-pour-la-draft-nfl-2024\/","og_site_name":"The Playoffs FR","article_publisher":"https:\/\/www.facebook.com\/TheFreeAgentFR\/","og_image":[{"width":1920,"height":1280,"url":"https:\/\/theplayoffs.news\/fr\/wp-content\/uploads\/2024\/04\/USATSI_22658098-1.jpg","type":"image\/jpeg"}],"author":"Damien Viottolo","twitter_card":"summary_large_image","twitter_creator":"@TheFreeAgentFR","twitter_site":"@TheFreeAgentFR","twitter_misc":{"\u00c9crit par":"Damien Viottolo","Dur\u00e9e de lecture estim\u00e9e":"1 minute"},"schema":{"@context":"https:\/\/schema.org","@graph":[{"@type":"WebPage","@id":"https:\/\/theplayoffs.news\/fr\/actualite-nfl\/les-patriots-ont-ils-deja-choisi-leur-qb-pour-la-draft-nfl-2024\/","url":"https:\/\/theplayoffs.news\/fr\/actualite-nfl\/les-patriots-ont-ils-deja-choisi-leur-qb-pour-la-draft-nfl-2024\/","name":"Les Patriots ont-ils d\u00e9j\u00e0 choisi leur QB pour la Draft NFL 2024 ? - The Playoffs FR","isPartOf":{"@id":"https:\/\/theplayoffs.news\/fr\/#website"},"primaryImageOfPage":{"@id":"https:\/\/theplayoffs.news\/fr\/actualite-nfl\/les-patriots-ont-ils-deja-choisi-leur-qb-pour-la-draft-nfl-2024\/#primaryimage"},"image":{"@id":"https:\/\/theplayoffs.news\/fr\/actualite-nfl\/les-patriots-ont-ils-deja-choisi-leur-qb-pour-la-draft-nfl-2024\/#primaryimage"},"thumbnailUrl":"https:\/\/theplayoffs.news\/fr\/wp-content\/uploads\/2024\/04\/USATSI_22658098-1.jpg","datePublished":"2024-04-17T12:25:32+00:00","dateModified":"2024-04-17T12:25:32+00:00","author":{"@id":"https:\/\/theplayoffs.news\/fr\/#\/schema\/person\/73084b933851a05764c1c3d9b89d8543"},"breadcrumb":{"@id":"https:\/\/theplayoffs.news\/fr\/actualite-nfl\/les-patriots-ont-ils-deja-choisi-leur-qb-pour-la-draft-nfl-2024\/#breadcrumb"},"inLanguage":"fr-FR","potentialAction":[{"@type":"ReadAction","target":["https:\/\/theplayoffs.news\/fr\/actualite-nfl\/les-patriots-ont-ils-deja-choisi-leur-qb-pour-la-draft-nfl-2024\/"]}]},{"@type":"ImageObject","inLanguage":"fr-FR","@id":"https:\/\/theplayoffs.news\/fr\/actualite-nfl\/les-patriots-ont-ils-deja-choisi-leur-qb-pour-la-draft-nfl-2024\/#primaryimage","url":"https:\/\/theplayoffs.news\/fr\/wp-content\/uploads\/2024\/04\/USATSI_22658098-1.jpg","contentUrl":"https:\/\/theplayoffs.news\/fr\/wp-content\/uploads\/2024\/04\/USATSI_22658098-1.jpg","width":1920,"height":1280,"caption":"Mar 1, 2024; Indianapolis, IN, USA; North Carolina quarterback Drake Maye (QB04) talks to the media during the 2024 NFL Combine at Lucas Oil Stadium. Mandatory Credit: Trevor Ruszkowski-USA TODAY Sports"},{"@type":"BreadcrumbList","@id":"https:\/\/theplayoffs.news\/fr\/actualite-nfl\/les-patriots-ont-ils-deja-choisi-leur-qb-pour-la-draft-nfl-2024\/#breadcrumb","itemListElement":[{"@type":"ListItem","position":1,"name":"Accueil","item":"https:\/\/theplayoffs.news\/fr\/"},{"@type":"ListItem","position":2,"name":"Les Patriots ont-ils d\u00e9j\u00e0 choisi leur QB pour la Draft NFL 2024 ?"}]},{"@type":"WebSite","@id":"https:\/\/theplayoffs.news\/fr\/#website","url":"https:\/\/theplayoffs.news\/fr\/","name":"The Playoffs FR","description":"NBA-NFL-NHL-MLB","potentialAction":[{"@type":"SearchAction","target":{"@type":"EntryPoint","urlTemplate":"https:\/\/theplayoffs.news\/fr\/?s={search_term_string}"},"query-input":{"@type":"PropertyValueSpecification","valueRequired":true,"valueName":"search_term_string"}}],"inLanguage":"fr-FR"},{"@type":"Person","@id":"https:\/\/theplayoffs.news\/fr\/#\/schema\/person\/73084b933851a05764c1c3d9b89d8543","name":"Damien Viottolo","image":{"@type":"ImageObject","inLanguage":"fr-FR","@id":"https:\/\/theplayoffs.news\/fr\/#\/schema\/person\/image\/","url":"https:\/\/secure.gravatar.com\/avatar\/b4898b6250f932f028b8d5a79d8c3f31e7f0ec90943f46a9364c077ab76a518e?s=96&d=mm&r=g","contentUrl":"https:\/\/secure.gravatar.com\/avatar\/b4898b6250f932f028b8d5a79d8c3f31e7f0ec90943f46a9364c077ab76a518e?s=96&d=mm&r=g","caption":"Damien Viottolo"},"url":"https:\/\/theplayoffs.news\/fr\/author\/damienviottolo\/"}]}},"_links":{"self":[{"href":"https:\/\/theplayoffs.news\/fr\/wp-json\/wp\/v2\/posts\/1425060","targetHints":{"allow":["GET"]}}],"collection":[{"href":"https:\/\/theplayoffs.news\/fr\/wp-json\/wp\/v2\/posts"}],"about":[{"href":"https:\/\/theplayoffs.news\/fr\/wp-json\/wp\/v2\/types\/post"}],"author":[{"embeddable":true,"href":"https:\/\/theplayoffs.news\/fr\/wp-json\/wp\/v2\/users\/180309795"}],"replies":[{"embeddable":true,"href":"https:\/\/theplayoffs.news\/fr\/wp-json\/wp\/v2\/comments?post=1425060"}],"version-history":[{"count":1,"href":"https:\/\/theplayoffs.news\/fr\/wp-json\/wp\/v2\/posts\/1425060\/revisions"}],"predecessor-version":[{"id":1425064,"href":"https:\/\/theplayoffs.news\/fr\/wp-json\/wp\/v2\/posts\/1425060\/revisions\/1425064"}],"wp:featuredmedia":[{"embeddable":true,"href":"https:\/\/theplayoffs.news\/fr\/wp-json\/wp\/v2\/media\/1425063"}],"wp:attachment":[{"href":"https:\/\/theplayoffs.news\/fr\/wp-json\/wp\/v2\/media?parent=1425060"}],"wp:term":[{"taxonomy":"category","embeddable":true,"href":"https:\/\/theplayoffs.news\/fr\/wp-json\/wp\/v2\/categories?post=1425060"},{"taxonomy":"post_tag","embeddable":true,"href":"https:\/\/theplayoffs.news\/fr\/wp-json\/wp\/v2\/tags?post=1425060"},{"taxonomy":"sport","embeddable":true,"href":"https:\/\/theplayoffs.news\/fr\/wp-json\/wp\/v2\/sport?post=1425060"},{"taxonomy":"saison","embeddable":true,"href":"https:\/\/theplayoffs.news\/fr\/wp-json\/wp\/v2\/saison?post=1425060"}],"curies":[{"name":"wp","href":"https:\/\/api.w.org\/{rel}","templated":true}]}}