{"id":1424990,"date":"2024-04-17T09:28:58","date_gmt":"2024-04-17T07:28:58","guid":{"rendered":"https:\/\/theplayoffs.news\/fr\/?p=1424990"},"modified":"2024-04-17T10:36:00","modified_gmt":"2024-04-17T08:36:00","slug":"steve-kerr-klay-revienne","status":"publish","type":"post","link":"https:\/\/theplayoffs.news\/fr\/actualite-nba\/steve-kerr-klay-revienne\/","title":{"rendered":"Steve Kerr : &lsquo;Nous voulons que Klay revienne&rsquo;"},"content":{"rendered":"<h2>En conf&eacute;rence de presse d&rsquo;apr&egrave;s match, Steve Kerr a &eacute;t&eacute; clair sur les intentions des Warriors concernant Klay Thompson.<\/h2><p>&Eacute;limin&eacute; par les Kings lors du play-in, les Warriors sont en vacances et leur intersaison va &ecirc;tre charg&eacute;e. Au rang des dossiers qui court depuis un certain temps, celui de Klay Thompson. Agent libre cette intersaison, les Warriors sont devant un choix le concernant.<\/p><p>Mais Steve Kerr, lui, semble d&eacute;j&agrave; s&ucirc;r de sa d&eacute;cision :<\/p><blockquote><p>&laquo;&nbsp;Nous avons besoin du retour de Klay&nbsp;&raquo;, <a href=\"https:\/\/theathletic.com\/5421841\/2024\/04\/17\/klay-thompson-steve-kerr-free-agency-comments\/\" class=\"trk-cta-link\" data-cta-trk='{\"ctaType\":\"Link\",\"ctaSubType\":\"main\"}'>a d&eacute;clar&eacute; Kerr<\/a>. &laquo;&nbsp;Je sais qu&rsquo;il a eu une soir&eacute;e difficile ce soir, mais ce qu&rsquo;il repr&eacute;sente pour nous, l&rsquo;espacement &hellip; La pr&eacute;sence de Klay signifie beaucoup pour l&rsquo;espacement sur le terrain, pour la fluidit&eacute; de l&rsquo;attaque&nbsp;&raquo;.<\/p>\n<p>Il a encore de belles ann&eacute;es devant lui&nbsp;&raquo;, a ajout&eacute; Kerr. &laquo;&nbsp;Et je sais que je parle au nom de tous les membres de l&rsquo;organisation : nous voulons qu&rsquo;il revienne.<\/p>\n<p>&laquo;&nbsp;Ce que Klay a repr&eacute;sent&eacute; pour cette franchise, aussi bon qu&rsquo;il soit encore, nous voulons d&eacute;sesp&eacute;r&eacute;ment qu&rsquo;il revienne.&nbsp;&raquo;<\/p><\/blockquote><p>Face aux Kings, Klay Thompson n&rsquo;a pas montr&eacute; le visage qu&rsquo;on lui conna&icirc;t, celui du tireur d&rsquo;&eacute;lite. Avec un 0\/10, il a &eacute;t&eacute; le symbole de l&rsquo;inefficacit&eacute; des Warriors la nuit derni&egrave;re lorsque cela comptait vraiment.<\/p><p><a href=\"https:\/\/theplayoffs.news\/fr\/joueur\/klay-thompson-nba-12950\/\" class=\"trk-cta-link\" data-cta-trk='{\"ctaType\":\"Link\",\"ctaSubType\":\"main\"}'><strong>Klay Thompson<\/strong><\/a>, l&rsquo;a r&eacute;p&eacute;t&eacute; &agrave; plusieurs reprises, il ne veut aller nul part. Mais certaines rumeurs font &eacute;tat d&rsquo;une volont&eacute; farouche du Magic de s&rsquo;offrir les services de Thompson pour la saison prochaine.<\/p><p>Les Warriors doivent aussi r&eacute;gler les soucis de salary cap pour la saison prochaine et &eacute;viter de trop grosses p&eacute;nalit&eacute;s.<\/p><p>Credit: Cary Edmondson-USA TODAY Sports<\/p>\n","protected":false},"excerpt":{"rendered":"","protected":false},"author":13,"featured_media":1424992,"comment_status":"open","ping_status":"closed","sticky":false,"template":"","format":"standard","meta":{"inline_featured_image":false,"kia_subtitle":"","_mux_skip_reasons":[],"proofreadBy":0,"footnotes":""},"categories":[110,10],"tags":[338,1098,339],"sport":[],"saison":[],"class_list":["post-1424990","post","type-post","status-publish","format-standard","has-post-thumbnail","hentry","category-actualite-nba","category-nba","tag-klay-thompson","tag-steve-kerr","tag-warriors"],"acf":[],"yoast_head":"<!-- This site is optimized with the Yoast SEO plugin v24.2 - https:\/\/yoast.com\/wordpress\/plugins\/seo\/ -->\n<title>Steve Kerr : &#039;Nous voulons que Klay revienne&#039; - The Playoffs FR<\/title>\n<meta name=\"robots\" content=\"index, follow, max-snippet:-1, max-image-preview:large, max-video-preview:-1\" \/>\n<link rel=\"canonical\" href=\"https:\/\/theplayoffs.news\/fr\/actualite-nba\/steve-kerr-klay-revienne\/\" \/>\n<meta property=\"og:locale\" content=\"fr_FR\" \/>\n<meta property=\"og:type\" content=\"article\" \/>\n<meta property=\"og:title\" content=\"Steve Kerr : &#039;Nous voulons que Klay revienne&#039; - The Playoffs FR\" \/>\n<meta property=\"og:url\" content=\"https:\/\/theplayoffs.news\/fr\/actualite-nba\/steve-kerr-klay-revienne\/\" \/>\n<meta property=\"og:site_name\" content=\"The Playoffs FR\" \/>\n<meta property=\"article:publisher\" content=\"https:\/\/www.facebook.com\/TheFreeAgentFR\/\" \/>\n<meta property=\"article:modified_time\" content=\"2024-04-17T10:36:00+02:00\" \/>\n<meta property=\"og:image\" content=\"https:\/\/theplayoffs.news\/fr\/wp-content\/uploads\/2024\/04\/USATSI_23044952.jpg\" \/>\n\t<meta property=\"og:image:width\" content=\"1920\" \/>\n\t<meta property=\"og:image:height\" content=\"1280\" \/>\n\t<meta property=\"og:image:type\" content=\"image\/jpeg\" \/>\n<meta name=\"author\" content=\"Charles Taudin\" \/>\n<meta name=\"twitter:card\" content=\"summary_large_image\" \/>\n<meta name=\"twitter:creator\" content=\"@TheFreeAgentFR\" \/>\n<meta name=\"twitter:site\" content=\"@TheFreeAgentFR\" \/>\n<meta name=\"twitter:label1\" content=\"\u00c9crit par\" \/>\n\t<meta name=\"twitter:data1\" content=\"Charles Taudin\" \/>\n\t<meta name=\"twitter:label2\" content=\"Dur\u00e9e de lecture estim\u00e9e\" \/>\n\t<meta name=\"twitter:data2\" content=\"1 minute\" \/>\n<script type=\"application\/ld+json\" class=\"yoast-schema-graph\">{\"@context\":\"https:\/\/schema.org\",\"@graph\":[{\"@type\":\"WebPage\",\"@id\":\"https:\/\/theplayoffs.news\/fr\/actualite-nba\/steve-kerr-klay-revienne\/\",\"url\":\"https:\/\/theplayoffs.news\/fr\/actualite-nba\/steve-kerr-klay-revienne\/\",\"name\":\"Steve Kerr : \\\\'Nous voulons que Klay revienne\\\\' - The Playoffs FR\",\"isPartOf\":{\"@id\":\"https:\/\/theplayoffs.news\/fr\/#website\"},\"primaryImageOfPage\":{\"@id\":\"https:\/\/theplayoffs.news\/fr\/actualite-nba\/steve-kerr-klay-revienne\/#primaryimage\"},\"image\":{\"@id\":\"https:\/\/theplayoffs.news\/fr\/actualite-nba\/steve-kerr-klay-revienne\/#primaryimage\"},\"thumbnailUrl\":\"https:\/\/theplayoffs.news\/fr\/wp-content\/uploads\/2024\/04\/USATSI_23044952.jpg\",\"datePublished\":\"2024-04-17T07:28:58+00:00\",\"dateModified\":\"2024-04-17T08:36:00+00:00\",\"author\":{\"@id\":\"https:\/\/theplayoffs.news\/fr\/#\/schema\/person\/eee5b69ad5d3c51cabe881c839dbe133\"},\"breadcrumb\":{\"@id\":\"https:\/\/theplayoffs.news\/fr\/actualite-nba\/steve-kerr-klay-revienne\/#breadcrumb\"},\"inLanguage\":\"fr-FR\",\"potentialAction\":[{\"@type\":\"ReadAction\",\"target\":[\"https:\/\/theplayoffs.news\/fr\/actualite-nba\/steve-kerr-klay-revienne\/\"]}]},{\"@type\":\"ImageObject\",\"inLanguage\":\"fr-FR\",\"@id\":\"https:\/\/theplayoffs.news\/fr\/actualite-nba\/steve-kerr-klay-revienne\/#primaryimage\",\"url\":\"https:\/\/theplayoffs.news\/fr\/wp-content\/uploads\/2024\/04\/USATSI_23044952.jpg\",\"contentUrl\":\"https:\/\/theplayoffs.news\/fr\/wp-content\/uploads\/2024\/04\/USATSI_23044952.jpg\",\"width\":1920,\"height\":1280,\"caption\":\"Apr 16, 2024; Sacramento, California, USA; Golden State Warriors head coach Steve Kerr looks towards the team bench after a foul call during action against the Sacramento Kings in the fourth quarter during a play-in game of the 2024 NBA playoffs at the Golden 1 Center. Mandatory Credit: Cary Edmondson-USA TODAY Sports\"},{\"@type\":\"BreadcrumbList\",\"@id\":\"https:\/\/theplayoffs.news\/fr\/actualite-nba\/steve-kerr-klay-revienne\/#breadcrumb\",\"itemListElement\":[{\"@type\":\"ListItem\",\"position\":1,\"name\":\"Accueil\",\"item\":\"https:\/\/theplayoffs.news\/fr\/\"},{\"@type\":\"ListItem\",\"position\":2,\"name\":\"Steve Kerr : &lsquo;Nous voulons que Klay revienne&rsquo;\"}]},{\"@type\":\"WebSite\",\"@id\":\"https:\/\/theplayoffs.news\/fr\/#website\",\"url\":\"https:\/\/theplayoffs.news\/fr\/\",\"name\":\"The Playoffs FR\",\"description\":\"NBA-NFL-NHL-MLB\",\"potentialAction\":[{\"@type\":\"SearchAction\",\"target\":{\"@type\":\"EntryPoint\",\"urlTemplate\":\"https:\/\/theplayoffs.news\/fr\/?s={search_term_string}\"},\"query-input\":{\"@type\":\"PropertyValueSpecification\",\"valueRequired\":true,\"valueName\":\"search_term_string\"}}],\"inLanguage\":\"fr-FR\"},{\"@type\":\"Person\",\"@id\":\"https:\/\/theplayoffs.news\/fr\/#\/schema\/person\/eee5b69ad5d3c51cabe881c839dbe133\",\"name\":\"Charles Taudin\",\"image\":{\"@type\":\"ImageObject\",\"inLanguage\":\"fr-FR\",\"@id\":\"https:\/\/theplayoffs.news\/fr\/#\/schema\/person\/image\/\",\"url\":\"https:\/\/secure.gravatar.com\/avatar\/59a1e772205ce9fd255edfcafc93013736822e20261f294c5753b20c41ede9f2?s=96&d=mm&r=g\",\"contentUrl\":\"https:\/\/secure.gravatar.com\/avatar\/59a1e772205ce9fd255edfcafc93013736822e20261f294c5753b20c41ede9f2?s=96&d=mm&r=g\",\"caption\":\"Charles Taudin\"},\"description\":\"R\u00e9dacteur en chef global de The Playoffs, j\u2019ai cr\u00e9\u00e9 The Free Agent, devenu The Playoffs FR, en 2020 durant la pand\u00e9mie. Amoureux depuis des ann\u00e9es des 4 sports majeurs am\u00e9ricains, j\u2019organise maintenant la strat\u00e9gie \u00e9ditoriale et les r\u00e9seaux sociaux de l\u2019ensemble des versions de The Playoffs. Il m\u2019arrive encore d\u2019\u00e9crire sur certains sports que j\u2019affectionne particuli\u00e8rement comme la NFL ou la MLB. Si vous devez retenir qu\u2019une chose : Eli Manning est le vrai GOAT pour avoir battu deux fois Tom Brady.\",\"sameAs\":[\"https:\/\/www.instagram.com\/ctaudin_\/\"],\"url\":\"https:\/\/theplayoffs.news\/fr\/author\/charles-taudin\/\"}]}<\/script>\n<!-- \/ Yoast SEO plugin. -->","yoast_head_json":{"title":"Steve Kerr : &#039;Nous voulons que Klay revienne&#039; - The Playoffs FR","robots":{"index":"index","follow":"follow","max-snippet":"max-snippet:-1","max-image-preview":"max-image-preview:large","max-video-preview":"max-video-preview:-1"},"canonical":"https:\/\/theplayoffs.news\/fr\/actualite-nba\/steve-kerr-klay-revienne\/","og_locale":"fr_FR","og_type":"article","og_title":"Steve Kerr : &#039;Nous voulons que Klay revienne&#039; - The Playoffs FR","og_url":"https:\/\/theplayoffs.news\/fr\/actualite-nba\/steve-kerr-klay-revienne\/","og_site_name":"The Playoffs FR","article_publisher":"https:\/\/www.facebook.com\/TheFreeAgentFR\/","article_modified_time":"2024-04-17T08:36:00+00:00","og_image":[{"width":1920,"height":1280,"url":"https:\/\/theplayoffs.news\/fr\/wp-content\/uploads\/2024\/04\/USATSI_23044952.jpg","type":"image\/jpeg"}],"author":"Charles Taudin","twitter_card":"summary_large_image","twitter_creator":"@TheFreeAgentFR","twitter_site":"@TheFreeAgentFR","twitter_misc":{"\u00c9crit par":"Charles Taudin","Dur\u00e9e de lecture estim\u00e9e":"1 minute"},"schema":{"@context":"https:\/\/schema.org","@graph":[{"@type":"WebPage","@id":"https:\/\/theplayoffs.news\/fr\/actualite-nba\/steve-kerr-klay-revienne\/","url":"https:\/\/theplayoffs.news\/fr\/actualite-nba\/steve-kerr-klay-revienne\/","name":"Steve Kerr : \\'Nous voulons que Klay revienne\\' - The Playoffs FR","isPartOf":{"@id":"https:\/\/theplayoffs.news\/fr\/#website"},"primaryImageOfPage":{"@id":"https:\/\/theplayoffs.news\/fr\/actualite-nba\/steve-kerr-klay-revienne\/#primaryimage"},"image":{"@id":"https:\/\/theplayoffs.news\/fr\/actualite-nba\/steve-kerr-klay-revienne\/#primaryimage"},"thumbnailUrl":"https:\/\/theplayoffs.news\/fr\/wp-content\/uploads\/2024\/04\/USATSI_23044952.jpg","datePublished":"2024-04-17T07:28:58+00:00","dateModified":"2024-04-17T08:36:00+00:00","author":{"@id":"https:\/\/theplayoffs.news\/fr\/#\/schema\/person\/eee5b69ad5d3c51cabe881c839dbe133"},"breadcrumb":{"@id":"https:\/\/theplayoffs.news\/fr\/actualite-nba\/steve-kerr-klay-revienne\/#breadcrumb"},"inLanguage":"fr-FR","potentialAction":[{"@type":"ReadAction","target":["https:\/\/theplayoffs.news\/fr\/actualite-nba\/steve-kerr-klay-revienne\/"]}]},{"@type":"ImageObject","inLanguage":"fr-FR","@id":"https:\/\/theplayoffs.news\/fr\/actualite-nba\/steve-kerr-klay-revienne\/#primaryimage","url":"https:\/\/theplayoffs.news\/fr\/wp-content\/uploads\/2024\/04\/USATSI_23044952.jpg","contentUrl":"https:\/\/theplayoffs.news\/fr\/wp-content\/uploads\/2024\/04\/USATSI_23044952.jpg","width":1920,"height":1280,"caption":"Apr 16, 2024; Sacramento, California, USA; Golden State Warriors head coach Steve Kerr looks towards the team bench after a foul call during action against the Sacramento Kings in the fourth quarter during a play-in game of the 2024 NBA playoffs at the Golden 1 Center. Mandatory Credit: Cary Edmondson-USA TODAY Sports"},{"@type":"BreadcrumbList","@id":"https:\/\/theplayoffs.news\/fr\/actualite-nba\/steve-kerr-klay-revienne\/#breadcrumb","itemListElement":[{"@type":"ListItem","position":1,"name":"Accueil","item":"https:\/\/theplayoffs.news\/fr\/"},{"@type":"ListItem","position":2,"name":"Steve Kerr : &lsquo;Nous voulons que Klay revienne&rsquo;"}]},{"@type":"WebSite","@id":"https:\/\/theplayoffs.news\/fr\/#website","url":"https:\/\/theplayoffs.news\/fr\/","name":"The Playoffs FR","description":"NBA-NFL-NHL-MLB","potentialAction":[{"@type":"SearchAction","target":{"@type":"EntryPoint","urlTemplate":"https:\/\/theplayoffs.news\/fr\/?s={search_term_string}"},"query-input":{"@type":"PropertyValueSpecification","valueRequired":true,"valueName":"search_term_string"}}],"inLanguage":"fr-FR"},{"@type":"Person","@id":"https:\/\/theplayoffs.news\/fr\/#\/schema\/person\/eee5b69ad5d3c51cabe881c839dbe133","name":"Charles Taudin","image":{"@type":"ImageObject","inLanguage":"fr-FR","@id":"https:\/\/theplayoffs.news\/fr\/#\/schema\/person\/image\/","url":"https:\/\/secure.gravatar.com\/avatar\/59a1e772205ce9fd255edfcafc93013736822e20261f294c5753b20c41ede9f2?s=96&d=mm&r=g","contentUrl":"https:\/\/secure.gravatar.com\/avatar\/59a1e772205ce9fd255edfcafc93013736822e20261f294c5753b20c41ede9f2?s=96&d=mm&r=g","caption":"Charles Taudin"},"description":"R\u00e9dacteur en chef global de The Playoffs, j\u2019ai cr\u00e9\u00e9 The Free Agent, devenu The Playoffs FR, en 2020 durant la pand\u00e9mie. Amoureux depuis des ann\u00e9es des 4 sports majeurs am\u00e9ricains, j\u2019organise maintenant la strat\u00e9gie \u00e9ditoriale et les r\u00e9seaux sociaux de l\u2019ensemble des versions de The Playoffs. Il m\u2019arrive encore d\u2019\u00e9crire sur certains sports que j\u2019affectionne particuli\u00e8rement comme la NFL ou la MLB. Si vous devez retenir qu\u2019une chose : Eli Manning est le vrai GOAT pour avoir battu deux fois Tom Brady.","sameAs":["https:\/\/www.instagram.com\/ctaudin_\/"],"url":"https:\/\/theplayoffs.news\/fr\/author\/charles-taudin\/"}]}},"_links":{"self":[{"href":"https:\/\/theplayoffs.news\/fr\/wp-json\/wp\/v2\/posts\/1424990","targetHints":{"allow":["GET"]}}],"collection":[{"href":"https:\/\/theplayoffs.news\/fr\/wp-json\/wp\/v2\/posts"}],"about":[{"href":"https:\/\/theplayoffs.news\/fr\/wp-json\/wp\/v2\/types\/post"}],"author":[{"embeddable":true,"href":"https:\/\/theplayoffs.news\/fr\/wp-json\/wp\/v2\/users\/13"}],"replies":[{"embeddable":true,"href":"https:\/\/theplayoffs.news\/fr\/wp-json\/wp\/v2\/comments?post=1424990"}],"version-history":[{"count":4,"href":"https:\/\/theplayoffs.news\/fr\/wp-json\/wp\/v2\/posts\/1424990\/revisions"}],"predecessor-version":[{"id":1424995,"href":"https:\/\/theplayoffs.news\/fr\/wp-json\/wp\/v2\/posts\/1424990\/revisions\/1424995"}],"wp:featuredmedia":[{"embeddable":true,"href":"https:\/\/theplayoffs.news\/fr\/wp-json\/wp\/v2\/media\/1424992"}],"wp:attachment":[{"href":"https:\/\/theplayoffs.news\/fr\/wp-json\/wp\/v2\/media?parent=1424990"}],"wp:term":[{"taxonomy":"category","embeddable":true,"href":"https:\/\/theplayoffs.news\/fr\/wp-json\/wp\/v2\/categories?post=1424990"},{"taxonomy":"post_tag","embeddable":true,"href":"https:\/\/theplayoffs.news\/fr\/wp-json\/wp\/v2\/tags?post=1424990"},{"taxonomy":"sport","embeddable":true,"href":"https:\/\/theplayoffs.news\/fr\/wp-json\/wp\/v2\/sport?post=1424990"},{"taxonomy":"saison","embeddable":true,"href":"https:\/\/theplayoffs.news\/fr\/wp-json\/wp\/v2\/saison?post=1424990"}],"curies":[{"name":"wp","href":"https:\/\/api.w.org\/{rel}","templated":true}]}}