{"id":1424412,"date":"2024-04-15T13:54:40","date_gmt":"2024-04-15T11:54:40","guid":{"rendered":"https:\/\/theplayoffs.news\/fr\/?p=1424412"},"modified":"2024-04-15T13:55:49","modified_gmt":"2024-04-15T11:55:49","slug":"playoffs-pour-new-york-islanders","status":"publish","type":"post","link":"https:\/\/theplayoffs.news\/fr\/actualite-nhl\/playoffs-pour-new-york-islanders\/","title":{"rendered":"Des playoffs inesp\u00e9r\u00e9 pour les New York Islanders"},"content":{"rendered":"<h2>Une saison en forme de montagnes russes pour les New York Islanders<\/h2><p>On s&rsquo;approche de la fin de la saison r&eacute;guli&egrave;re et certaines &eacute;quipes ne sont pas encore fix&eacute;es sur leur futur, &agrave; l&rsquo;image des New York Islanders qui semblent quand m&ecirc;me &ecirc;tre en bonne voie pour se qualifier pour les playoffs. Mais c&rsquo;est une fin qui aurait pu &ecirc;tre totalement diff&eacute;rente s&rsquo;il n&rsquo;y avait pas eu une prise de conscience collective.<\/p><p>Sous les ordres de Lane Lambert durant la premi&egrave;re partie de saison, les New York Islanders &eacute;taient capables du meilleur comme du pire, enchainant les s&eacute;ries de victoires et les s&eacute;ries de d&eacute;faites. Une situation que le directeur g&eacute;n&eacute;ral des New York Islanders, Louis Lamoriello ne pouvait plus accepter.<\/p><blockquote><p><em>&laquo; En regardant notre &eacute;quipe jouer, j&rsquo;ai senti que l&rsquo;incoh&eacute;rence qui durait depuis un certain temps n&rsquo;allait pas cesser &raquo;, a d&eacute;clar&eacute; Lamoriello. &laquo; Lorsque j&rsquo;ai eu l&rsquo;occasion de rencontrer Patrick r&eacute;cemment, j&rsquo;ai senti que c&rsquo;&eacute;tait la meilleure fa&ccedil;on pour notre organisation d&rsquo;aller de l&rsquo;avant. &raquo;<\/em><\/p><\/blockquote><p>Dirig&eacute;s par Patrick Roy, les New York Islanders jouent mieux, avec plus d&rsquo;agressivit&eacute; et de caract&egrave;re, ce qui manquait s&ucirc;rement lorsque Lane Lambert &eacute;tait sur le banc.<\/p><blockquote><p><em>&laquo; Sa pr&eacute;sence est extr&ecirc;mement agressive &raquo;, a d&eacute;clar&eacute; Lamoriello, citant les succ&egrave;s de Roy en tant que joueur et entra&icirc;neur. &laquo; J&rsquo;ai pens&eacute; qu&rsquo;il &eacute;tait la bonne personne pour ce poste &raquo;.<\/em><\/p><\/blockquote><p>Et depuis la prise de fonction du Qu&eacute;b&eacute;cois, les New York Islanders vont mieux, beaucoup mieux. <a href=\"https:\/\/twitter.com\/NYIslanders\/status\/1778619371369140631\" class=\"trk-cta-link\" data-cta-trk='{\"ctaType\":\"Link\",\"ctaSubType\":\"main\"}'>Avec un Semyon Varlamov tr&egrave;s inspir&eacute; en ce moment<\/a>. Ce qui ajoute un candidat pour la course aux playoffs.<\/p><blockquote class=\"twitter-tweet\" data-width=\"500\" data-dnt=\"true\">\n<p lang=\"en\" dir=\"ltr\">Varlamov making those SAVES. <a href=\"https:\/\/t.co\/kCVxiDWIa9\" class=\"trk-cta-link\" data-cta-trk='{\"ctaType\":\"Link\",\"ctaSubType\":\"main\"}'>pic.twitter.com\/kCVxiDWIa9<\/a><\/p>\n<p>&mdash; New York Islanders (@NYIslanders) <a href=\"https:\/\/twitter.com\/NYIslanders\/status\/1778619371369140631?ref_src=twsrc%5Etfw\" class=\"trk-cta-link\" data-cta-trk='{\"ctaType\":\"Link\",\"ctaSubType\":\"main\"}'>April 12, 2024<\/a><\/p><\/blockquote><p><script async src=\"https:\/\/platform.twitter.com\/widgets.js\" charset=\"utf-8\"><\/script><\/p><h3>Une grosse r&eacute;action au meilleur moment pour les New York Islanders<\/h3><p>D&rsquo;un point de vue comptable, le 24 mars, les New York Islanders accusaient un retard sur les Detroit Red Wings (+3 pts), les Washington Capitals (+4 pts) et les Flyers de Philadelphie (+6 pts). Et depuis cette date, c&rsquo;est un bilan de 7 victoires cons&eacute;cutives et seulement 2 d&eacute;faites.<\/p><blockquote><p><em><span style=\"font-size: 19.76px;\">&laquo;&nbsp;Nous &eacute;tions dans une situation difficile. Beaucoup de gens comptaient sur nous&nbsp;&raquo;, a d&eacute;clar&eacute; <a href=\"https:\/\/theplayoffs.news\/fr\/joueur\/mathew-barzal-nhl-7799892\/\" class=\"trk-cta-link\" data-cta-trk='{\"ctaType\":\"Link\",\"ctaSubType\":\"main\"}'>Mathew Barzal<\/a> au Post. &laquo;&nbsp;Nous nous sommes rassembl&eacute;s en tant que groupe et nous avons donn&eacute; tout ce que nous avions. Chaque gars ici s&rsquo;est engag&eacute; au cours des trois derni&egrave;res semaines plus que je ne l&rsquo;ai jamais vu. &raquo;<\/span><\/em><\/p><\/blockquote><p>Un revirement de situation que les v&eacute;t&eacute;rans de l&rsquo;&eacute;quipe ont vraiment pu mettre en place, <a href=\"https:\/\/theplayoffs.news\/fr\/nhl\/patrick-roy-islanders-sont-pour-etre-ensemble\/\" class=\"trk-cta-link\" data-cta-trk='{\"ctaType\":\"Link\",\"ctaSubType\":\"main\"}'>comme on a pu vous en parler lors d&rsquo;un pr&eacute;c&eacute;dent article.<\/a><\/p><blockquote><p><em>&laquo; Tout le monde s&rsquo;est impliqu&eacute; et a jou&eacute; d&rsquo;une certaine fa&ccedil;on &raquo;, a d&eacute;clar&eacute; Barzal. Nous sommes devenus une &eacute;quipe soud&eacute;e. De plus, nous jouons avec beaucoup de d&eacute;sespoir. Cela peut faire beaucoup. Je pense que l&rsquo;engagement de tout le monde, le d&eacute;vouement de tout le monde, la volont&eacute; de vouloir participer aux s&eacute;ries &eacute;liminatoires et de vouloir jouer, tout cela nous a vraiment propuls&eacute;s.<\/em><\/p><\/blockquote><p>Mais c&rsquo;est cette nuit que les New York Islanders devront nous prouver qu&rsquo;ils ont bel et bien chang&eacute;. Face &agrave; la troupe de Travis Green, ils devront se surpasser, car les Devils ont remport&eacute; leurs 5 derniers matchs face aux New York Islanders.<\/p><p>Techniquement, les Islanders n&rsquo;ont m&ecirc;me pas besoin de gagner lundi pour se qualifier.<\/p><p>Ils resteront &agrave; la troisi&egrave;me place avec une d&eacute;faite en prolongation si les Capitals perdent et resteront &agrave; la deuxi&egrave;me place les wild cards avec une d&eacute;faite en prolongation, une victoire des Capitals et une d&eacute;faite de Detroit.<\/p><p>M&ecirc;me une d&eacute;faite dans le temps r&eacute;glementaire pourrait les envoyer en play-offs si Washington et Detroit s&rsquo;inclinent tous les deux dans le temps r&eacute;glementaire et si Pittsburgh perd &eacute;galement.<br>\nMais gagner leur permettrait de finir sur une note positive.<\/p><p>Credit Photo : Dennis Schneidler-USA TODAY Sports<\/p>\n","protected":false},"excerpt":{"rendered":"","protected":false},"author":180310241,"featured_media":1424414,"comment_status":"open","ping_status":"closed","sticky":false,"template":"","format":"standard","meta":{"inline_featured_image":false,"kia_subtitle":"","_mux_skip_reasons":[],"proofreadBy":0,"footnotes":""},"categories":[187],"tags":[331,7075],"sport":[2784],"saison":[6111],"class_list":["post-1424412","post","type-post","status-publish","format-standard","has-post-thumbnail","hentry","category-actualite-nhl","tag-new-york-islanders","tag-nhl-playoffs","sport-nhl","saison-6111"],"acf":[],"yoast_head":"<!-- This site is optimized with the Yoast SEO plugin v24.2 - https:\/\/yoast.com\/wordpress\/plugins\/seo\/ -->\n<title>Des playoffs inesp&eacute;r&eacute; pour les New York Islanders - The Playoffs FR<\/title>\n<meta name=\"robots\" content=\"index, follow, max-snippet:-1, max-image-preview:large, max-video-preview:-1\" \/>\n<link rel=\"canonical\" href=\"https:\/\/theplayoffs.news\/fr\/actualite-nhl\/playoffs-pour-new-york-islanders\/\" \/>\n<meta property=\"og:locale\" content=\"fr_FR\" \/>\n<meta property=\"og:type\" content=\"article\" \/>\n<meta property=\"og:title\" content=\"Des playoffs inesp&eacute;r&eacute; pour les New York Islanders - The Playoffs FR\" \/>\n<meta property=\"og:url\" content=\"https:\/\/theplayoffs.news\/fr\/actualite-nhl\/playoffs-pour-new-york-islanders\/\" \/>\n<meta property=\"og:site_name\" content=\"The Playoffs FR\" \/>\n<meta property=\"article:publisher\" content=\"https:\/\/www.facebook.com\/TheFreeAgentFR\/\" \/>\n<meta property=\"article:modified_time\" content=\"2024-04-15T13:55:49+02:00\" \/>\n<meta property=\"og:image\" content=\"https:\/\/theplayoffs.news\/fr\/wp-content\/uploads\/2024\/04\/Photo-New-York-Islanders.jpg\" \/>\n\t<meta property=\"og:image:width\" content=\"1920\" \/>\n\t<meta property=\"og:image:height\" content=\"1280\" \/>\n\t<meta property=\"og:image:type\" content=\"image\/jpeg\" \/>\n<meta name=\"author\" content=\"Augustin Riveron\" \/>\n<meta name=\"twitter:card\" content=\"summary_large_image\" \/>\n<meta name=\"twitter:creator\" content=\"@TheFreeAgentFR\" \/>\n<meta name=\"twitter:site\" content=\"@TheFreeAgentFR\" \/>\n<meta name=\"twitter:label1\" content=\"\u00c9crit par\" \/>\n\t<meta name=\"twitter:data1\" content=\"Augustin Riveron\" \/>\n\t<meta name=\"twitter:label2\" content=\"Dur\u00e9e de lecture estim\u00e9e\" \/>\n\t<meta name=\"twitter:data2\" content=\"3 minutes\" \/>\n<script type=\"application\/ld+json\" class=\"yoast-schema-graph\">{\"@context\":\"https:\/\/schema.org\",\"@graph\":[{\"@type\":\"WebPage\",\"@id\":\"https:\/\/theplayoffs.news\/fr\/actualite-nhl\/playoffs-pour-new-york-islanders\/\",\"url\":\"https:\/\/theplayoffs.news\/fr\/actualite-nhl\/playoffs-pour-new-york-islanders\/\",\"name\":\"Des playoffs inesp\u00e9r\u00e9 pour les New York Islanders - The Playoffs FR\",\"isPartOf\":{\"@id\":\"https:\/\/theplayoffs.news\/fr\/#website\"},\"primaryImageOfPage\":{\"@id\":\"https:\/\/theplayoffs.news\/fr\/actualite-nhl\/playoffs-pour-new-york-islanders\/#primaryimage\"},\"image\":{\"@id\":\"https:\/\/theplayoffs.news\/fr\/actualite-nhl\/playoffs-pour-new-york-islanders\/#primaryimage\"},\"thumbnailUrl\":\"https:\/\/theplayoffs.news\/fr\/wp-content\/uploads\/2024\/04\/Photo-New-York-Islanders.jpg\",\"datePublished\":\"2024-04-15T11:54:40+00:00\",\"dateModified\":\"2024-04-15T11:55:49+00:00\",\"author\":{\"@id\":\"https:\/\/theplayoffs.news\/fr\/#\/schema\/person\/6c57838882f89046acb1a469126746b7\"},\"breadcrumb\":{\"@id\":\"https:\/\/theplayoffs.news\/fr\/actualite-nhl\/playoffs-pour-new-york-islanders\/#breadcrumb\"},\"inLanguage\":\"fr-FR\",\"potentialAction\":[{\"@type\":\"ReadAction\",\"target\":[\"https:\/\/theplayoffs.news\/fr\/actualite-nhl\/playoffs-pour-new-york-islanders\/\"]}]},{\"@type\":\"ImageObject\",\"inLanguage\":\"fr-FR\",\"@id\":\"https:\/\/theplayoffs.news\/fr\/actualite-nhl\/playoffs-pour-new-york-islanders\/#primaryimage\",\"url\":\"https:\/\/theplayoffs.news\/fr\/wp-content\/uploads\/2024\/04\/Photo-New-York-Islanders.jpg\",\"contentUrl\":\"https:\/\/theplayoffs.news\/fr\/wp-content\/uploads\/2024\/04\/Photo-New-York-Islanders.jpg\",\"width\":1920,\"height\":1280,\"caption\":\"Apr 13, 2024; New York, New York, USA; New York Islanders center Brock Nelson (29) celebrates his second goal of the period against the New York Rangers during the second period at Madison Square Garden. Mandatory Credit: Dennis Schneidler-USA TODAY Sports\"},{\"@type\":\"BreadcrumbList\",\"@id\":\"https:\/\/theplayoffs.news\/fr\/actualite-nhl\/playoffs-pour-new-york-islanders\/#breadcrumb\",\"itemListElement\":[{\"@type\":\"ListItem\",\"position\":1,\"name\":\"Accueil\",\"item\":\"https:\/\/theplayoffs.news\/fr\/\"},{\"@type\":\"ListItem\",\"position\":2,\"name\":\"Des playoffs inesp\u00e9r\u00e9 pour les New York Islanders\"}]},{\"@type\":\"WebSite\",\"@id\":\"https:\/\/theplayoffs.news\/fr\/#website\",\"url\":\"https:\/\/theplayoffs.news\/fr\/\",\"name\":\"The Playoffs FR\",\"description\":\"NBA-NFL-NHL-MLB\",\"potentialAction\":[{\"@type\":\"SearchAction\",\"target\":{\"@type\":\"EntryPoint\",\"urlTemplate\":\"https:\/\/theplayoffs.news\/fr\/?s={search_term_string}\"},\"query-input\":{\"@type\":\"PropertyValueSpecification\",\"valueRequired\":true,\"valueName\":\"search_term_string\"}}],\"inLanguage\":\"fr-FR\"},{\"@type\":\"Person\",\"@id\":\"https:\/\/theplayoffs.news\/fr\/#\/schema\/person\/6c57838882f89046acb1a469126746b7\",\"name\":\"Augustin Riveron\",\"image\":{\"@type\":\"ImageObject\",\"inLanguage\":\"fr-FR\",\"@id\":\"https:\/\/theplayoffs.news\/fr\/#\/schema\/person\/image\/\",\"url\":\"https:\/\/secure.gravatar.com\/avatar\/a60ae09e43d53d832185e44e4832a6bbb342aaf556e8b223a779777ab6267eec?s=96&d=mm&r=g\",\"contentUrl\":\"https:\/\/secure.gravatar.com\/avatar\/a60ae09e43d53d832185e44e4832a6bbb342aaf556e8b223a779777ab6267eec?s=96&d=mm&r=g\",\"caption\":\"Augustin Riveron\"},\"url\":\"https:\/\/theplayoffs.news\/fr\/author\/augustin-riveronwin-sport-school-org\/\"}]}<\/script>\n<!-- \/ Yoast SEO plugin. -->","yoast_head_json":{"title":"Des playoffs inesp&eacute;r&eacute; pour les New York Islanders - The Playoffs FR","robots":{"index":"index","follow":"follow","max-snippet":"max-snippet:-1","max-image-preview":"max-image-preview:large","max-video-preview":"max-video-preview:-1"},"canonical":"https:\/\/theplayoffs.news\/fr\/actualite-nhl\/playoffs-pour-new-york-islanders\/","og_locale":"fr_FR","og_type":"article","og_title":"Des playoffs inesp&eacute;r&eacute; pour les New York Islanders - The Playoffs FR","og_url":"https:\/\/theplayoffs.news\/fr\/actualite-nhl\/playoffs-pour-new-york-islanders\/","og_site_name":"The Playoffs FR","article_publisher":"https:\/\/www.facebook.com\/TheFreeAgentFR\/","article_modified_time":"2024-04-15T11:55:49+00:00","og_image":[{"width":1920,"height":1280,"url":"https:\/\/theplayoffs.news\/fr\/wp-content\/uploads\/2024\/04\/Photo-New-York-Islanders.jpg","type":"image\/jpeg"}],"author":"Augustin Riveron","twitter_card":"summary_large_image","twitter_creator":"@TheFreeAgentFR","twitter_site":"@TheFreeAgentFR","twitter_misc":{"\u00c9crit par":"Augustin Riveron","Dur\u00e9e de lecture estim\u00e9e":"3 minutes"},"schema":{"@context":"https:\/\/schema.org","@graph":[{"@type":"WebPage","@id":"https:\/\/theplayoffs.news\/fr\/actualite-nhl\/playoffs-pour-new-york-islanders\/","url":"https:\/\/theplayoffs.news\/fr\/actualite-nhl\/playoffs-pour-new-york-islanders\/","name":"Des playoffs inesp\u00e9r\u00e9 pour les New York Islanders - The Playoffs FR","isPartOf":{"@id":"https:\/\/theplayoffs.news\/fr\/#website"},"primaryImageOfPage":{"@id":"https:\/\/theplayoffs.news\/fr\/actualite-nhl\/playoffs-pour-new-york-islanders\/#primaryimage"},"image":{"@id":"https:\/\/theplayoffs.news\/fr\/actualite-nhl\/playoffs-pour-new-york-islanders\/#primaryimage"},"thumbnailUrl":"https:\/\/theplayoffs.news\/fr\/wp-content\/uploads\/2024\/04\/Photo-New-York-Islanders.jpg","datePublished":"2024-04-15T11:54:40+00:00","dateModified":"2024-04-15T11:55:49+00:00","author":{"@id":"https:\/\/theplayoffs.news\/fr\/#\/schema\/person\/6c57838882f89046acb1a469126746b7"},"breadcrumb":{"@id":"https:\/\/theplayoffs.news\/fr\/actualite-nhl\/playoffs-pour-new-york-islanders\/#breadcrumb"},"inLanguage":"fr-FR","potentialAction":[{"@type":"ReadAction","target":["https:\/\/theplayoffs.news\/fr\/actualite-nhl\/playoffs-pour-new-york-islanders\/"]}]},{"@type":"ImageObject","inLanguage":"fr-FR","@id":"https:\/\/theplayoffs.news\/fr\/actualite-nhl\/playoffs-pour-new-york-islanders\/#primaryimage","url":"https:\/\/theplayoffs.news\/fr\/wp-content\/uploads\/2024\/04\/Photo-New-York-Islanders.jpg","contentUrl":"https:\/\/theplayoffs.news\/fr\/wp-content\/uploads\/2024\/04\/Photo-New-York-Islanders.jpg","width":1920,"height":1280,"caption":"Apr 13, 2024; New York, New York, USA; New York Islanders center Brock Nelson (29) celebrates his second goal of the period against the New York Rangers during the second period at Madison Square Garden. Mandatory Credit: Dennis Schneidler-USA TODAY Sports"},{"@type":"BreadcrumbList","@id":"https:\/\/theplayoffs.news\/fr\/actualite-nhl\/playoffs-pour-new-york-islanders\/#breadcrumb","itemListElement":[{"@type":"ListItem","position":1,"name":"Accueil","item":"https:\/\/theplayoffs.news\/fr\/"},{"@type":"ListItem","position":2,"name":"Des playoffs inesp\u00e9r\u00e9 pour les New York Islanders"}]},{"@type":"WebSite","@id":"https:\/\/theplayoffs.news\/fr\/#website","url":"https:\/\/theplayoffs.news\/fr\/","name":"The Playoffs FR","description":"NBA-NFL-NHL-MLB","potentialAction":[{"@type":"SearchAction","target":{"@type":"EntryPoint","urlTemplate":"https:\/\/theplayoffs.news\/fr\/?s={search_term_string}"},"query-input":{"@type":"PropertyValueSpecification","valueRequired":true,"valueName":"search_term_string"}}],"inLanguage":"fr-FR"},{"@type":"Person","@id":"https:\/\/theplayoffs.news\/fr\/#\/schema\/person\/6c57838882f89046acb1a469126746b7","name":"Augustin Riveron","image":{"@type":"ImageObject","inLanguage":"fr-FR","@id":"https:\/\/theplayoffs.news\/fr\/#\/schema\/person\/image\/","url":"https:\/\/secure.gravatar.com\/avatar\/a60ae09e43d53d832185e44e4832a6bbb342aaf556e8b223a779777ab6267eec?s=96&d=mm&r=g","contentUrl":"https:\/\/secure.gravatar.com\/avatar\/a60ae09e43d53d832185e44e4832a6bbb342aaf556e8b223a779777ab6267eec?s=96&d=mm&r=g","caption":"Augustin Riveron"},"url":"https:\/\/theplayoffs.news\/fr\/author\/augustin-riveronwin-sport-school-org\/"}]}},"_links":{"self":[{"href":"https:\/\/theplayoffs.news\/fr\/wp-json\/wp\/v2\/posts\/1424412","targetHints":{"allow":["GET"]}}],"collection":[{"href":"https:\/\/theplayoffs.news\/fr\/wp-json\/wp\/v2\/posts"}],"about":[{"href":"https:\/\/theplayoffs.news\/fr\/wp-json\/wp\/v2\/types\/post"}],"author":[{"embeddable":true,"href":"https:\/\/theplayoffs.news\/fr\/wp-json\/wp\/v2\/users\/180310241"}],"replies":[{"embeddable":true,"href":"https:\/\/theplayoffs.news\/fr\/wp-json\/wp\/v2\/comments?post=1424412"}],"version-history":[{"count":4,"href":"https:\/\/theplayoffs.news\/fr\/wp-json\/wp\/v2\/posts\/1424412\/revisions"}],"predecessor-version":[{"id":1424419,"href":"https:\/\/theplayoffs.news\/fr\/wp-json\/wp\/v2\/posts\/1424412\/revisions\/1424419"}],"wp:featuredmedia":[{"embeddable":true,"href":"https:\/\/theplayoffs.news\/fr\/wp-json\/wp\/v2\/media\/1424414"}],"wp:attachment":[{"href":"https:\/\/theplayoffs.news\/fr\/wp-json\/wp\/v2\/media?parent=1424412"}],"wp:term":[{"taxonomy":"category","embeddable":true,"href":"https:\/\/theplayoffs.news\/fr\/wp-json\/wp\/v2\/categories?post=1424412"},{"taxonomy":"post_tag","embeddable":true,"href":"https:\/\/theplayoffs.news\/fr\/wp-json\/wp\/v2\/tags?post=1424412"},{"taxonomy":"sport","embeddable":true,"href":"https:\/\/theplayoffs.news\/fr\/wp-json\/wp\/v2\/sport?post=1424412"},{"taxonomy":"saison","embeddable":true,"href":"https:\/\/theplayoffs.news\/fr\/wp-json\/wp\/v2\/saison?post=1424412"}],"curies":[{"name":"wp","href":"https:\/\/api.w.org\/{rel}","templated":true}]}}