{"id":1424404,"date":"2024-04-15T12:13:11","date_gmt":"2024-04-15T10:13:11","guid":{"rendered":"https:\/\/theplayoffs.news\/fr\/?p=1424404"},"modified":"2024-04-15T12:05:33","modified_gmt":"2024-04-15T10:05:33","slug":"pete-alonso-avoir-son-maillot-retire-par-les-mets-serait-special","status":"publish","type":"post","link":"https:\/\/theplayoffs.news\/fr\/actualite-mlb\/pete-alonso-avoir-son-maillot-retire-par-les-mets-serait-special\/","title":{"rendered":"Pete Alonso : avoir son maillot retir\u00e9 par les Mets serait &lsquo;sp\u00e9cial&rsquo;"},"content":{"rendered":"<h2>Alors que les Mets ont retir&eacute; le maillot de Dwight Gooden dimanche et que celui de Daryl Strawberry le sera en juin, Pete Alonso verrait bien le sien retir&eacute; un jour par les Mets.<\/h2><p>M&ecirc;me si sa carri&egrave;re est loin d&rsquo;&ecirc;tre finie et que ce n&rsquo;est sans doute pas sa pr&eacute;occupation premi&egrave;re en ce moment, <a href=\"https:\/\/theplayoffs.news\/fr\/joueur\/pete-alonso-mlb-74996\/\" class=\"trk-cta-link\" data-cta-trk='{\"ctaType\":\"Link\",\"ctaSubType\":\"main\"}'><strong>Pete Alonso<\/strong><\/a> a d&eacute;clar&eacute; au Post que ce serait un moment &laquo;&nbsp;sp&eacute;cial&nbsp;&raquo; si cela venait &agrave; se produire :<\/p><blockquote><p>Ce serait sp&eacute;cial&nbsp;&raquo;, a d&eacute;clar&eacute; pete Alonso au Post. &laquo;&nbsp;Mais je ne pense pas que cela soit au premier plan de mes pr&eacute;occupations parce que je suis encore au d&eacute;but de ma carri&egrave;re et que je veux encore jouer aussi longtemps que ces gars-l&agrave;.&nbsp;&raquo;<\/p><\/blockquote><p>Pete Alonso est en effet au d&eacute;but de sa carri&egrave;re de joueur mais peut-&ecirc;tre aussi &agrave; la fin de son passage chez les Mets.<\/p><p>En effet, les n&eacute;gociations sont toujours au point mort et un d&eacute;part d&rsquo;Alonso pourrait arriver d&egrave;s cette saison, si d&rsquo;aventure la saison des Mets n&rsquo;&eacute;tait pas tr&egrave;s bonne. malgr&eacute; tout, Alonso veut rester au Citi Field encore de longue ann&eacute;es :<\/p><blockquote><p>C&rsquo;est quelque chose auquel j&rsquo;ai pens&eacute; et qui serait incroyablement sp&eacute;cial&nbsp;&raquo;, <a href=\"https:\/\/nypost.com\/2024\/04\/15\/sports\/pete-alonso-getting-number-retired-by-mets-would-be-special\/\" class=\"trk-cta-link\" data-cta-trk='{\"ctaType\":\"Link\",\"ctaSubType\":\"main\"}'>a-t-il d&eacute;clar&eacute;.<\/a> &laquo;&nbsp;C&rsquo;est quelque chose de tr&egrave;s rare dans le football actuel. Il y a tr&egrave;s peu de gens qui peuvent le faire.&nbsp;&raquo;<\/p>\n<p>&laquo;&nbsp;Il est tr&egrave;s rare que quelqu&rsquo;un commence et finisse avec une &eacute;quipe comme David [Wright]. Il y a aussi Derek Jeter, un autre New-Yorkais. Aaron [Judge], et c&rsquo;est une chose difficile &agrave; faire, non seulement signer un contrat, mais avoir du succ&egrave;s pendant si longtemps et &ecirc;tre aim&eacute; et d&eacute;sir&eacute; &agrave; un endroit sp&eacute;cifique pendant une longue p&eacute;riode. Mais c&rsquo;est un honneur qui se m&eacute;rite, c&rsquo;est certain&nbsp;&raquo;.<\/p><\/blockquote><p>Les Mets sont actuellement 3&egrave; de la National League Est avec un bilan de 7-8 juste derri&egrave;re les Phillies.<\/p><p>&nbsp;<\/p><p>Credit Photo: Wendell Cruz-USA TODAY Sports<\/p>\n","protected":false},"excerpt":{"rendered":"","protected":false},"author":13,"featured_media":1424408,"comment_status":"open","ping_status":"closed","sticky":false,"template":"","format":"standard","meta":{"inline_featured_image":false,"kia_subtitle":"","_mux_skip_reasons":[],"proofreadBy":0,"footnotes":""},"categories":[188,9],"tags":[3736],"sport":[],"saison":[],"class_list":["post-1424404","post","type-post","status-publish","format-standard","has-post-thumbnail","hentry","category-actualite-mlb","category-mlb","tag-pete-alonso"],"acf":[],"yoast_head":"<!-- This site is optimized with the Yoast SEO plugin v24.2 - https:\/\/yoast.com\/wordpress\/plugins\/seo\/ -->\n<title>Pete Alonso : avoir son maillot retir&eacute; par les Mets serait &#039;sp&eacute;cial&#039; - The Playoffs FR<\/title>\n<meta name=\"robots\" content=\"index, follow, max-snippet:-1, max-image-preview:large, max-video-preview:-1\" \/>\n<link rel=\"canonical\" href=\"https:\/\/theplayoffs.news\/fr\/actualite-mlb\/pete-alonso-avoir-son-maillot-retire-par-les-mets-serait-special\/\" \/>\n<meta property=\"og:locale\" content=\"fr_FR\" \/>\n<meta property=\"og:type\" content=\"article\" \/>\n<meta property=\"og:title\" content=\"Pete Alonso : avoir son maillot retir&eacute; par les Mets serait &#039;sp&eacute;cial&#039; - The Playoffs FR\" \/>\n<meta property=\"og:url\" content=\"https:\/\/theplayoffs.news\/fr\/actualite-mlb\/pete-alonso-avoir-son-maillot-retire-par-les-mets-serait-special\/\" \/>\n<meta property=\"og:site_name\" content=\"The Playoffs FR\" \/>\n<meta property=\"article:publisher\" content=\"https:\/\/www.facebook.com\/TheFreeAgentFR\/\" \/>\n<meta property=\"article:modified_time\" content=\"2024-04-15T12:13:11+02:00\" \/>\n<meta property=\"og:image\" content=\"https:\/\/theplayoffs.news\/fr\/wp-content\/uploads\/2024\/04\/USATSI_23017079.jpg\" \/>\n\t<meta property=\"og:image:width\" content=\"1920\" \/>\n\t<meta property=\"og:image:height\" content=\"1280\" \/>\n\t<meta property=\"og:image:type\" content=\"image\/jpeg\" \/>\n<meta name=\"author\" content=\"Charles Taudin\" \/>\n<meta name=\"twitter:card\" content=\"summary_large_image\" \/>\n<meta name=\"twitter:creator\" content=\"@TheFreeAgentFR\" \/>\n<meta name=\"twitter:site\" content=\"@TheFreeAgentFR\" \/>\n<meta name=\"twitter:label1\" content=\"\u00c9crit par\" \/>\n\t<meta name=\"twitter:data1\" content=\"Charles Taudin\" \/>\n\t<meta name=\"twitter:label2\" content=\"Dur\u00e9e de lecture estim\u00e9e\" \/>\n\t<meta name=\"twitter:data2\" content=\"2 minutes\" \/>\n<script type=\"application\/ld+json\" class=\"yoast-schema-graph\">{\"@context\":\"https:\/\/schema.org\",\"@graph\":[{\"@type\":\"WebPage\",\"@id\":\"https:\/\/theplayoffs.news\/fr\/actualite-mlb\/pete-alonso-avoir-son-maillot-retire-par-les-mets-serait-special\/\",\"url\":\"https:\/\/theplayoffs.news\/fr\/actualite-mlb\/pete-alonso-avoir-son-maillot-retire-par-les-mets-serait-special\/\",\"name\":\"Pete Alonso : avoir son maillot retir\u00e9 par les Mets serait \\\\'sp\u00e9cial\\\\' - The Playoffs FR\",\"isPartOf\":{\"@id\":\"https:\/\/theplayoffs.news\/fr\/#website\"},\"primaryImageOfPage\":{\"@id\":\"https:\/\/theplayoffs.news\/fr\/actualite-mlb\/pete-alonso-avoir-son-maillot-retire-par-les-mets-serait-special\/#primaryimage\"},\"image\":{\"@id\":\"https:\/\/theplayoffs.news\/fr\/actualite-mlb\/pete-alonso-avoir-son-maillot-retire-par-les-mets-serait-special\/#primaryimage\"},\"thumbnailUrl\":\"https:\/\/theplayoffs.news\/fr\/wp-content\/uploads\/2024\/04\/USATSI_23017079.jpg\",\"datePublished\":\"2024-04-15T10:13:11+00:00\",\"dateModified\":\"2024-04-15T12:13:11+02:00\",\"author\":{\"@id\":\"https:\/\/theplayoffs.news\/fr\/#\/schema\/person\/eee5b69ad5d3c51cabe881c839dbe133\"},\"breadcrumb\":{\"@id\":\"https:\/\/theplayoffs.news\/fr\/actualite-mlb\/pete-alonso-avoir-son-maillot-retire-par-les-mets-serait-special\/#breadcrumb\"},\"inLanguage\":\"fr-FR\",\"potentialAction\":[{\"@type\":\"ReadAction\",\"target\":[\"https:\/\/theplayoffs.news\/fr\/actualite-mlb\/pete-alonso-avoir-son-maillot-retire-par-les-mets-serait-special\/\"]}]},{\"@type\":\"ImageObject\",\"inLanguage\":\"fr-FR\",\"@id\":\"https:\/\/theplayoffs.news\/fr\/actualite-mlb\/pete-alonso-avoir-son-maillot-retire-par-les-mets-serait-special\/#primaryimage\",\"url\":\"https:\/\/theplayoffs.news\/fr\/wp-content\/uploads\/2024\/04\/USATSI_23017079.jpg\",\"contentUrl\":\"https:\/\/theplayoffs.news\/fr\/wp-content\/uploads\/2024\/04\/USATSI_23017079.jpg\",\"width\":1920,\"height\":1280,\"caption\":\"Apr 13, 2024; New York City, New York, USA; New York Mets first baseman Pete Alonso (20) throws a runner out at first base in the ninth inning against the Kansas City Royals at Citi Field. Mandatory Credit: Wendell Cruz-USA TODAY Sports\"},{\"@type\":\"BreadcrumbList\",\"@id\":\"https:\/\/theplayoffs.news\/fr\/actualite-mlb\/pete-alonso-avoir-son-maillot-retire-par-les-mets-serait-special\/#breadcrumb\",\"itemListElement\":[{\"@type\":\"ListItem\",\"position\":1,\"name\":\"Accueil\",\"item\":\"https:\/\/theplayoffs.news\/fr\/\"},{\"@type\":\"ListItem\",\"position\":2,\"name\":\"Pete Alonso : avoir son maillot retir\u00e9 par les Mets serait &lsquo;sp\u00e9cial&rsquo;\"}]},{\"@type\":\"WebSite\",\"@id\":\"https:\/\/theplayoffs.news\/fr\/#website\",\"url\":\"https:\/\/theplayoffs.news\/fr\/\",\"name\":\"The Playoffs FR\",\"description\":\"NBA-NFL-NHL-MLB\",\"potentialAction\":[{\"@type\":\"SearchAction\",\"target\":{\"@type\":\"EntryPoint\",\"urlTemplate\":\"https:\/\/theplayoffs.news\/fr\/?s={search_term_string}\"},\"query-input\":{\"@type\":\"PropertyValueSpecification\",\"valueRequired\":true,\"valueName\":\"search_term_string\"}}],\"inLanguage\":\"fr-FR\"},{\"@type\":\"Person\",\"@id\":\"https:\/\/theplayoffs.news\/fr\/#\/schema\/person\/eee5b69ad5d3c51cabe881c839dbe133\",\"name\":\"Charles Taudin\",\"image\":{\"@type\":\"ImageObject\",\"inLanguage\":\"fr-FR\",\"@id\":\"https:\/\/theplayoffs.news\/fr\/#\/schema\/person\/image\/\",\"url\":\"https:\/\/secure.gravatar.com\/avatar\/59a1e772205ce9fd255edfcafc93013736822e20261f294c5753b20c41ede9f2?s=96&d=mm&r=g\",\"contentUrl\":\"https:\/\/secure.gravatar.com\/avatar\/59a1e772205ce9fd255edfcafc93013736822e20261f294c5753b20c41ede9f2?s=96&d=mm&r=g\",\"caption\":\"Charles Taudin\"},\"description\":\"R\u00e9dacteur en chef global de The Playoffs, j\u2019ai cr\u00e9\u00e9 The Free Agent, devenu The Playoffs FR, en 2020 durant la pand\u00e9mie. Amoureux depuis des ann\u00e9es des 4 sports majeurs am\u00e9ricains, j\u2019organise maintenant la strat\u00e9gie \u00e9ditoriale et les r\u00e9seaux sociaux de l\u2019ensemble des versions de The Playoffs. Il m\u2019arrive encore d\u2019\u00e9crire sur certains sports que j\u2019affectionne particuli\u00e8rement comme la NFL ou la MLB. Si vous devez retenir qu\u2019une chose : Eli Manning est le vrai GOAT pour avoir battu deux fois Tom Brady.\",\"sameAs\":[\"https:\/\/www.instagram.com\/ctaudin_\/\"],\"url\":\"https:\/\/theplayoffs.news\/fr\/author\/charles-taudin\/\"}]}<\/script>\n<!-- \/ Yoast SEO plugin. -->","yoast_head_json":{"title":"Pete Alonso : avoir son maillot retir&eacute; par les Mets serait &#039;sp&eacute;cial&#039; - The Playoffs FR","robots":{"index":"index","follow":"follow","max-snippet":"max-snippet:-1","max-image-preview":"max-image-preview:large","max-video-preview":"max-video-preview:-1"},"canonical":"https:\/\/theplayoffs.news\/fr\/actualite-mlb\/pete-alonso-avoir-son-maillot-retire-par-les-mets-serait-special\/","og_locale":"fr_FR","og_type":"article","og_title":"Pete Alonso : avoir son maillot retir&eacute; par les Mets serait &#039;sp&eacute;cial&#039; - The Playoffs FR","og_url":"https:\/\/theplayoffs.news\/fr\/actualite-mlb\/pete-alonso-avoir-son-maillot-retire-par-les-mets-serait-special\/","og_site_name":"The Playoffs FR","article_publisher":"https:\/\/www.facebook.com\/TheFreeAgentFR\/","article_modified_time":"2024-04-15T10:05:33+00:00","og_image":[{"width":1920,"height":1280,"url":"https:\/\/theplayoffs.news\/fr\/wp-content\/uploads\/2024\/04\/USATSI_23017079.jpg","type":"image\/jpeg"}],"author":"Charles Taudin","twitter_card":"summary_large_image","twitter_creator":"@TheFreeAgentFR","twitter_site":"@TheFreeAgentFR","twitter_misc":{"\u00c9crit par":"Charles Taudin","Dur\u00e9e de lecture estim\u00e9e":"2 minutes"},"schema":{"@context":"https:\/\/schema.org","@graph":[{"@type":"WebPage","@id":"https:\/\/theplayoffs.news\/fr\/actualite-mlb\/pete-alonso-avoir-son-maillot-retire-par-les-mets-serait-special\/","url":"https:\/\/theplayoffs.news\/fr\/actualite-mlb\/pete-alonso-avoir-son-maillot-retire-par-les-mets-serait-special\/","name":"Pete Alonso : avoir son maillot retir\u00e9 par les Mets serait \\'sp\u00e9cial\\' - The Playoffs FR","isPartOf":{"@id":"https:\/\/theplayoffs.news\/fr\/#website"},"primaryImageOfPage":{"@id":"https:\/\/theplayoffs.news\/fr\/actualite-mlb\/pete-alonso-avoir-son-maillot-retire-par-les-mets-serait-special\/#primaryimage"},"image":{"@id":"https:\/\/theplayoffs.news\/fr\/actualite-mlb\/pete-alonso-avoir-son-maillot-retire-par-les-mets-serait-special\/#primaryimage"},"thumbnailUrl":"https:\/\/theplayoffs.news\/fr\/wp-content\/uploads\/2024\/04\/USATSI_23017079.jpg","datePublished":"2024-04-15T10:13:11+00:00","dateModified":"2024-04-15T12:13:11+02:00","author":{"@id":"https:\/\/theplayoffs.news\/fr\/#\/schema\/person\/eee5b69ad5d3c51cabe881c839dbe133"},"breadcrumb":{"@id":"https:\/\/theplayoffs.news\/fr\/actualite-mlb\/pete-alonso-avoir-son-maillot-retire-par-les-mets-serait-special\/#breadcrumb"},"inLanguage":"fr-FR","potentialAction":[{"@type":"ReadAction","target":["https:\/\/theplayoffs.news\/fr\/actualite-mlb\/pete-alonso-avoir-son-maillot-retire-par-les-mets-serait-special\/"]}]},{"@type":"ImageObject","inLanguage":"fr-FR","@id":"https:\/\/theplayoffs.news\/fr\/actualite-mlb\/pete-alonso-avoir-son-maillot-retire-par-les-mets-serait-special\/#primaryimage","url":"https:\/\/theplayoffs.news\/fr\/wp-content\/uploads\/2024\/04\/USATSI_23017079.jpg","contentUrl":"https:\/\/theplayoffs.news\/fr\/wp-content\/uploads\/2024\/04\/USATSI_23017079.jpg","width":1920,"height":1280,"caption":"Apr 13, 2024; New York City, New York, USA; New York Mets first baseman Pete Alonso (20) throws a runner out at first base in the ninth inning against the Kansas City Royals at Citi Field. Mandatory Credit: Wendell Cruz-USA TODAY Sports"},{"@type":"BreadcrumbList","@id":"https:\/\/theplayoffs.news\/fr\/actualite-mlb\/pete-alonso-avoir-son-maillot-retire-par-les-mets-serait-special\/#breadcrumb","itemListElement":[{"@type":"ListItem","position":1,"name":"Accueil","item":"https:\/\/theplayoffs.news\/fr\/"},{"@type":"ListItem","position":2,"name":"Pete Alonso : avoir son maillot retir\u00e9 par les Mets serait &lsquo;sp\u00e9cial&rsquo;"}]},{"@type":"WebSite","@id":"https:\/\/theplayoffs.news\/fr\/#website","url":"https:\/\/theplayoffs.news\/fr\/","name":"The Playoffs FR","description":"NBA-NFL-NHL-MLB","potentialAction":[{"@type":"SearchAction","target":{"@type":"EntryPoint","urlTemplate":"https:\/\/theplayoffs.news\/fr\/?s={search_term_string}"},"query-input":{"@type":"PropertyValueSpecification","valueRequired":true,"valueName":"search_term_string"}}],"inLanguage":"fr-FR"},{"@type":"Person","@id":"https:\/\/theplayoffs.news\/fr\/#\/schema\/person\/eee5b69ad5d3c51cabe881c839dbe133","name":"Charles Taudin","image":{"@type":"ImageObject","inLanguage":"fr-FR","@id":"https:\/\/theplayoffs.news\/fr\/#\/schema\/person\/image\/","url":"https:\/\/secure.gravatar.com\/avatar\/59a1e772205ce9fd255edfcafc93013736822e20261f294c5753b20c41ede9f2?s=96&d=mm&r=g","contentUrl":"https:\/\/secure.gravatar.com\/avatar\/59a1e772205ce9fd255edfcafc93013736822e20261f294c5753b20c41ede9f2?s=96&d=mm&r=g","caption":"Charles Taudin"},"description":"R\u00e9dacteur en chef global de The Playoffs, j\u2019ai cr\u00e9\u00e9 The Free Agent, devenu The Playoffs FR, en 2020 durant la pand\u00e9mie. Amoureux depuis des ann\u00e9es des 4 sports majeurs am\u00e9ricains, j\u2019organise maintenant la strat\u00e9gie \u00e9ditoriale et les r\u00e9seaux sociaux de l\u2019ensemble des versions de The Playoffs. Il m\u2019arrive encore d\u2019\u00e9crire sur certains sports que j\u2019affectionne particuli\u00e8rement comme la NFL ou la MLB. Si vous devez retenir qu\u2019une chose : Eli Manning est le vrai GOAT pour avoir battu deux fois Tom Brady.","sameAs":["https:\/\/www.instagram.com\/ctaudin_\/"],"url":"https:\/\/theplayoffs.news\/fr\/author\/charles-taudin\/"}]}},"_links":{"self":[{"href":"https:\/\/theplayoffs.news\/fr\/wp-json\/wp\/v2\/posts\/1424404","targetHints":{"allow":["GET"]}}],"collection":[{"href":"https:\/\/theplayoffs.news\/fr\/wp-json\/wp\/v2\/posts"}],"about":[{"href":"https:\/\/theplayoffs.news\/fr\/wp-json\/wp\/v2\/types\/post"}],"author":[{"embeddable":true,"href":"https:\/\/theplayoffs.news\/fr\/wp-json\/wp\/v2\/users\/13"}],"replies":[{"embeddable":true,"href":"https:\/\/theplayoffs.news\/fr\/wp-json\/wp\/v2\/comments?post=1424404"}],"version-history":[{"count":2,"href":"https:\/\/theplayoffs.news\/fr\/wp-json\/wp\/v2\/posts\/1424404\/revisions"}],"predecessor-version":[{"id":1424411,"href":"https:\/\/theplayoffs.news\/fr\/wp-json\/wp\/v2\/posts\/1424404\/revisions\/1424411"}],"wp:featuredmedia":[{"embeddable":true,"href":"https:\/\/theplayoffs.news\/fr\/wp-json\/wp\/v2\/media\/1424408"}],"wp:attachment":[{"href":"https:\/\/theplayoffs.news\/fr\/wp-json\/wp\/v2\/media?parent=1424404"}],"wp:term":[{"taxonomy":"category","embeddable":true,"href":"https:\/\/theplayoffs.news\/fr\/wp-json\/wp\/v2\/categories?post=1424404"},{"taxonomy":"post_tag","embeddable":true,"href":"https:\/\/theplayoffs.news\/fr\/wp-json\/wp\/v2\/tags?post=1424404"},{"taxonomy":"sport","embeddable":true,"href":"https:\/\/theplayoffs.news\/fr\/wp-json\/wp\/v2\/sport?post=1424404"},{"taxonomy":"saison","embeddable":true,"href":"https:\/\/theplayoffs.news\/fr\/wp-json\/wp\/v2\/saison?post=1424404"}],"curies":[{"name":"wp","href":"https:\/\/api.w.org\/{rel}","templated":true}]}}