{"id":1424046,"date":"2024-04-13T10:47:53","date_gmt":"2024-04-13T08:47:53","guid":{"rendered":"https:\/\/theplayoffs.news\/fr\/?p=1424046"},"modified":"2024-04-13T10:47:53","modified_gmt":"2024-04-13T08:47:53","slug":"alex-sarr-se-presente-a-la-draft-nba-2024","status":"publish","type":"post","link":"https:\/\/theplayoffs.news\/fr\/draft-nba\/alex-sarr-se-presente-a-la-draft-nba-2024\/","title":{"rendered":"Alex Sarr se pr\u00e9sente \u00e0 la draft NBA 2024"},"content":{"rendered":"<h2>Sans surprise, Alex Sarr a annonc&eacute; qu&rsquo;il se pr&eacute;sentait &agrave; la draft NBA 2024, lui qui est projet&eacute; dans le Top 3.<\/h2><p>Son annonce sur NBA Today avec Malika Andrews confirme que le fran&ccedil;ais viendra renforcer le contingents de joueurs fran&ccedil;ais en NBA la saison prochaine.<\/p><blockquote><p>&laquo;&nbsp;J&rsquo;ai pass&eacute; une excellente ann&eacute;e en tant que joueur professionnel de basket-ball dans la NBL&nbsp;&raquo;, <a href=\"https:\/\/www.espn.com\/nba\/story\/_\/id\/39929335\/alex-sarr-projected-top-3-pick-declaring-2024-nba-draft\" class=\"trk-cta-link\" data-cta-trk='{\"ctaType\":\"Link\",\"ctaSubType\":\"main\"}'>a d&eacute;clar&eacute; Sarr &agrave; ESPN<\/a>. &laquo;&nbsp;J&rsquo;ai beaucoup progress&eacute; dans mon jeu et en tant que personne. Je suis pr&ecirc;t &agrave; passer &agrave; l&rsquo;&eacute;tape suivante, il &eacute;tait donc &eacute;vident pour moi de me d&eacute;clarer pour la draft. Je suis reconnaissant de l&rsquo;ann&eacute;e que j&rsquo;ai pass&eacute;e dans la NBL avec les Perth Wildcats&nbsp;&raquo;.<\/p><\/blockquote><p>Alex Sarr a connu un parcours plut&ocirc;t atypique pour arriver jusqu&rsquo;&agrave; la draft.<\/p><p>Il a quitt&eacute; la France &agrave; l&rsquo;&acirc;ge de 14 ans pour rejoindre l&rsquo;&eacute;quipe renomm&eacute;e de Real Madrid en Espagne, o&ugrave; il a jou&eacute; pendant deux saisons. Par la suite, il est partie s&rsquo;exporter dans l&rsquo;Overtime Elite &agrave; Atlanta, un choix qui &eacute;tait consid&eacute;r&eacute; comme controvers&eacute; &agrave; l&rsquo;&eacute;poque. Plus r&eacute;cemment, il a pass&eacute; une saison en Australie-Occidentale, jouant pour Perth dans le cadre du programme Next Stars de la NBL.<\/p><p>En NBL, Alex Sarr affichait 9.4 points, 4.3 rebonds et 1.5 blocks de moyenne en 17 minutes.<\/p><p>Selon les diff&eacute;rents mock draft, Alex Sarr pourrait &ecirc;tre choisi en 2&egrave; position lors de la draft NBA 2024.<\/p>\n","protected":false},"excerpt":{"rendered":"","protected":false},"author":13,"featured_media":1424047,"comment_status":"open","ping_status":"closed","sticky":false,"template":"","format":"standard","meta":{"inline_featured_image":false,"kia_subtitle":"","_mux_skip_reasons":[],"proofreadBy":0,"footnotes":""},"categories":[236,10],"tags":[7162,6336],"sport":[],"saison":[],"class_list":["post-1424046","post","type-post","status-publish","format-standard","has-post-thumbnail","hentry","category-draft-nba","category-nba","tag-alex-sarr","tag-nba-draft-2024"],"acf":[],"yoast_head":"<!-- This site is optimized with the Yoast SEO plugin v24.2 - https:\/\/yoast.com\/wordpress\/plugins\/seo\/ -->\n<title>Alex Sarr se pr&eacute;sente &agrave; la draft NBA 2024 - The Playoffs FR<\/title>\n<meta name=\"robots\" content=\"index, follow, max-snippet:-1, max-image-preview:large, max-video-preview:-1\" \/>\n<link rel=\"canonical\" href=\"https:\/\/theplayoffs.news\/fr\/draft-nba\/alex-sarr-se-presente-a-la-draft-nba-2024\/\" \/>\n<meta property=\"og:locale\" content=\"fr_FR\" \/>\n<meta property=\"og:type\" content=\"article\" \/>\n<meta property=\"og:title\" content=\"Alex Sarr se pr&eacute;sente &agrave; la draft NBA 2024 - The Playoffs FR\" \/>\n<meta property=\"og:url\" content=\"https:\/\/theplayoffs.news\/fr\/draft-nba\/alex-sarr-se-presente-a-la-draft-nba-2024\/\" \/>\n<meta property=\"og:site_name\" content=\"The Playoffs FR\" \/>\n<meta property=\"article:publisher\" content=\"https:\/\/www.facebook.com\/TheFreeAgentFR\/\" \/>\n<meta property=\"article:modified_time\" content=\"2024-04-13T10:47:53+02:00\" \/>\n<meta property=\"og:image\" content=\"https:\/\/theplayoffs.news\/fr\/wp-content\/uploads\/2024\/04\/GK_SIPubsAAOgpm.jpeg\" \/>\n\t<meta property=\"og:image:width\" content=\"640\" \/>\n\t<meta property=\"og:image:height\" content=\"360\" \/>\n\t<meta property=\"og:image:type\" content=\"image\/jpeg\" \/>\n<meta name=\"author\" content=\"Charles Taudin\" \/>\n<meta name=\"twitter:card\" content=\"summary_large_image\" \/>\n<meta name=\"twitter:creator\" content=\"@TheFreeAgentFR\" \/>\n<meta name=\"twitter:site\" content=\"@TheFreeAgentFR\" \/>\n<meta name=\"twitter:label1\" content=\"\u00c9crit par\" \/>\n\t<meta name=\"twitter:data1\" content=\"Charles Taudin\" \/>\n\t<meta name=\"twitter:label2\" content=\"Dur\u00e9e de lecture estim\u00e9e\" \/>\n\t<meta name=\"twitter:data2\" content=\"1 minute\" \/>\n<script type=\"application\/ld+json\" class=\"yoast-schema-graph\">{\"@context\":\"https:\/\/schema.org\",\"@graph\":[{\"@type\":\"WebPage\",\"@id\":\"https:\/\/theplayoffs.news\/fr\/draft-nba\/alex-sarr-se-presente-a-la-draft-nba-2024\/\",\"url\":\"https:\/\/theplayoffs.news\/fr\/draft-nba\/alex-sarr-se-presente-a-la-draft-nba-2024\/\",\"name\":\"Alex Sarr se pr\u00e9sente \u00e0 la draft NBA 2024 - The Playoffs FR\",\"isPartOf\":{\"@id\":\"https:\/\/theplayoffs.news\/fr\/#website\"},\"primaryImageOfPage\":{\"@id\":\"https:\/\/theplayoffs.news\/fr\/draft-nba\/alex-sarr-se-presente-a-la-draft-nba-2024\/#primaryimage\"},\"image\":{\"@id\":\"https:\/\/theplayoffs.news\/fr\/draft-nba\/alex-sarr-se-presente-a-la-draft-nba-2024\/#primaryimage\"},\"thumbnailUrl\":\"https:\/\/theplayoffs.news\/fr\/wp-content\/uploads\/2024\/04\/GK_SIPubsAAOgpm.jpeg\",\"datePublished\":\"2024-04-13T08:47:53+00:00\",\"dateModified\":\"2024-04-13T08:47:53+00:00\",\"author\":{\"@id\":\"https:\/\/theplayoffs.news\/fr\/#\/schema\/person\/eee5b69ad5d3c51cabe881c839dbe133\"},\"breadcrumb\":{\"@id\":\"https:\/\/theplayoffs.news\/fr\/draft-nba\/alex-sarr-se-presente-a-la-draft-nba-2024\/#breadcrumb\"},\"inLanguage\":\"fr-FR\",\"potentialAction\":[{\"@type\":\"ReadAction\",\"target\":[\"https:\/\/theplayoffs.news\/fr\/draft-nba\/alex-sarr-se-presente-a-la-draft-nba-2024\/\"]}]},{\"@type\":\"ImageObject\",\"inLanguage\":\"fr-FR\",\"@id\":\"https:\/\/theplayoffs.news\/fr\/draft-nba\/alex-sarr-se-presente-a-la-draft-nba-2024\/#primaryimage\",\"url\":\"https:\/\/theplayoffs.news\/fr\/wp-content\/uploads\/2024\/04\/GK_SIPubsAAOgpm.jpeg\",\"contentUrl\":\"https:\/\/theplayoffs.news\/fr\/wp-content\/uploads\/2024\/04\/GK_SIPubsAAOgpm.jpeg\",\"width\":640,\"height\":360,\"caption\":\"alex sarr\"},{\"@type\":\"BreadcrumbList\",\"@id\":\"https:\/\/theplayoffs.news\/fr\/draft-nba\/alex-sarr-se-presente-a-la-draft-nba-2024\/#breadcrumb\",\"itemListElement\":[{\"@type\":\"ListItem\",\"position\":1,\"name\":\"Accueil\",\"item\":\"https:\/\/theplayoffs.news\/fr\/\"},{\"@type\":\"ListItem\",\"position\":2,\"name\":\"Alex Sarr se pr\u00e9sente \u00e0 la draft NBA 2024\"}]},{\"@type\":\"WebSite\",\"@id\":\"https:\/\/theplayoffs.news\/fr\/#website\",\"url\":\"https:\/\/theplayoffs.news\/fr\/\",\"name\":\"The Playoffs FR\",\"description\":\"NBA-NFL-NHL-MLB\",\"potentialAction\":[{\"@type\":\"SearchAction\",\"target\":{\"@type\":\"EntryPoint\",\"urlTemplate\":\"https:\/\/theplayoffs.news\/fr\/?s={search_term_string}\"},\"query-input\":{\"@type\":\"PropertyValueSpecification\",\"valueRequired\":true,\"valueName\":\"search_term_string\"}}],\"inLanguage\":\"fr-FR\"},{\"@type\":\"Person\",\"@id\":\"https:\/\/theplayoffs.news\/fr\/#\/schema\/person\/eee5b69ad5d3c51cabe881c839dbe133\",\"name\":\"Charles Taudin\",\"image\":{\"@type\":\"ImageObject\",\"inLanguage\":\"fr-FR\",\"@id\":\"https:\/\/theplayoffs.news\/fr\/#\/schema\/person\/image\/\",\"url\":\"https:\/\/secure.gravatar.com\/avatar\/59a1e772205ce9fd255edfcafc93013736822e20261f294c5753b20c41ede9f2?s=96&d=mm&r=g\",\"contentUrl\":\"https:\/\/secure.gravatar.com\/avatar\/59a1e772205ce9fd255edfcafc93013736822e20261f294c5753b20c41ede9f2?s=96&d=mm&r=g\",\"caption\":\"Charles Taudin\"},\"description\":\"R\u00e9dacteur en chef global de The Playoffs, j\u2019ai cr\u00e9\u00e9 The Free Agent, devenu The Playoffs FR, en 2020 durant la pand\u00e9mie. Amoureux depuis des ann\u00e9es des 4 sports majeurs am\u00e9ricains, j\u2019organise maintenant la strat\u00e9gie \u00e9ditoriale et les r\u00e9seaux sociaux de l\u2019ensemble des versions de The Playoffs. Il m\u2019arrive encore d\u2019\u00e9crire sur certains sports que j\u2019affectionne particuli\u00e8rement comme la NFL ou la MLB. Si vous devez retenir qu\u2019une chose : Eli Manning est le vrai GOAT pour avoir battu deux fois Tom Brady.\",\"sameAs\":[\"https:\/\/www.instagram.com\/ctaudin_\/\"],\"url\":\"https:\/\/theplayoffs.news\/fr\/author\/charles-taudin\/\"}]}<\/script>\n<!-- \/ Yoast SEO plugin. -->","yoast_head_json":{"title":"Alex Sarr se pr&eacute;sente &agrave; la draft NBA 2024 - The Playoffs FR","robots":{"index":"index","follow":"follow","max-snippet":"max-snippet:-1","max-image-preview":"max-image-preview:large","max-video-preview":"max-video-preview:-1"},"canonical":"https:\/\/theplayoffs.news\/fr\/draft-nba\/alex-sarr-se-presente-a-la-draft-nba-2024\/","og_locale":"fr_FR","og_type":"article","og_title":"Alex Sarr se pr&eacute;sente &agrave; la draft NBA 2024 - The Playoffs FR","og_url":"https:\/\/theplayoffs.news\/fr\/draft-nba\/alex-sarr-se-presente-a-la-draft-nba-2024\/","og_site_name":"The Playoffs FR","article_publisher":"https:\/\/www.facebook.com\/TheFreeAgentFR\/","og_image":[{"width":640,"height":360,"url":"https:\/\/theplayoffs.news\/fr\/wp-content\/uploads\/2024\/04\/GK_SIPubsAAOgpm.jpeg","type":"image\/jpeg"}],"author":"Charles Taudin","twitter_card":"summary_large_image","twitter_creator":"@TheFreeAgentFR","twitter_site":"@TheFreeAgentFR","twitter_misc":{"\u00c9crit par":"Charles Taudin","Dur\u00e9e de lecture estim\u00e9e":"1 minute"},"schema":{"@context":"https:\/\/schema.org","@graph":[{"@type":"WebPage","@id":"https:\/\/theplayoffs.news\/fr\/draft-nba\/alex-sarr-se-presente-a-la-draft-nba-2024\/","url":"https:\/\/theplayoffs.news\/fr\/draft-nba\/alex-sarr-se-presente-a-la-draft-nba-2024\/","name":"Alex Sarr se pr\u00e9sente \u00e0 la draft NBA 2024 - The Playoffs FR","isPartOf":{"@id":"https:\/\/theplayoffs.news\/fr\/#website"},"primaryImageOfPage":{"@id":"https:\/\/theplayoffs.news\/fr\/draft-nba\/alex-sarr-se-presente-a-la-draft-nba-2024\/#primaryimage"},"image":{"@id":"https:\/\/theplayoffs.news\/fr\/draft-nba\/alex-sarr-se-presente-a-la-draft-nba-2024\/#primaryimage"},"thumbnailUrl":"https:\/\/theplayoffs.news\/fr\/wp-content\/uploads\/2024\/04\/GK_SIPubsAAOgpm.jpeg","datePublished":"2024-04-13T08:47:53+00:00","dateModified":"2024-04-13T08:47:53+00:00","author":{"@id":"https:\/\/theplayoffs.news\/fr\/#\/schema\/person\/eee5b69ad5d3c51cabe881c839dbe133"},"breadcrumb":{"@id":"https:\/\/theplayoffs.news\/fr\/draft-nba\/alex-sarr-se-presente-a-la-draft-nba-2024\/#breadcrumb"},"inLanguage":"fr-FR","potentialAction":[{"@type":"ReadAction","target":["https:\/\/theplayoffs.news\/fr\/draft-nba\/alex-sarr-se-presente-a-la-draft-nba-2024\/"]}]},{"@type":"ImageObject","inLanguage":"fr-FR","@id":"https:\/\/theplayoffs.news\/fr\/draft-nba\/alex-sarr-se-presente-a-la-draft-nba-2024\/#primaryimage","url":"https:\/\/theplayoffs.news\/fr\/wp-content\/uploads\/2024\/04\/GK_SIPubsAAOgpm.jpeg","contentUrl":"https:\/\/theplayoffs.news\/fr\/wp-content\/uploads\/2024\/04\/GK_SIPubsAAOgpm.jpeg","width":640,"height":360,"caption":"alex sarr"},{"@type":"BreadcrumbList","@id":"https:\/\/theplayoffs.news\/fr\/draft-nba\/alex-sarr-se-presente-a-la-draft-nba-2024\/#breadcrumb","itemListElement":[{"@type":"ListItem","position":1,"name":"Accueil","item":"https:\/\/theplayoffs.news\/fr\/"},{"@type":"ListItem","position":2,"name":"Alex Sarr se pr\u00e9sente \u00e0 la draft NBA 2024"}]},{"@type":"WebSite","@id":"https:\/\/theplayoffs.news\/fr\/#website","url":"https:\/\/theplayoffs.news\/fr\/","name":"The Playoffs FR","description":"NBA-NFL-NHL-MLB","potentialAction":[{"@type":"SearchAction","target":{"@type":"EntryPoint","urlTemplate":"https:\/\/theplayoffs.news\/fr\/?s={search_term_string}"},"query-input":{"@type":"PropertyValueSpecification","valueRequired":true,"valueName":"search_term_string"}}],"inLanguage":"fr-FR"},{"@type":"Person","@id":"https:\/\/theplayoffs.news\/fr\/#\/schema\/person\/eee5b69ad5d3c51cabe881c839dbe133","name":"Charles Taudin","image":{"@type":"ImageObject","inLanguage":"fr-FR","@id":"https:\/\/theplayoffs.news\/fr\/#\/schema\/person\/image\/","url":"https:\/\/secure.gravatar.com\/avatar\/59a1e772205ce9fd255edfcafc93013736822e20261f294c5753b20c41ede9f2?s=96&d=mm&r=g","contentUrl":"https:\/\/secure.gravatar.com\/avatar\/59a1e772205ce9fd255edfcafc93013736822e20261f294c5753b20c41ede9f2?s=96&d=mm&r=g","caption":"Charles Taudin"},"description":"R\u00e9dacteur en chef global de The Playoffs, j\u2019ai cr\u00e9\u00e9 The Free Agent, devenu The Playoffs FR, en 2020 durant la pand\u00e9mie. Amoureux depuis des ann\u00e9es des 4 sports majeurs am\u00e9ricains, j\u2019organise maintenant la strat\u00e9gie \u00e9ditoriale et les r\u00e9seaux sociaux de l\u2019ensemble des versions de The Playoffs. Il m\u2019arrive encore d\u2019\u00e9crire sur certains sports que j\u2019affectionne particuli\u00e8rement comme la NFL ou la MLB. Si vous devez retenir qu\u2019une chose : Eli Manning est le vrai GOAT pour avoir battu deux fois Tom Brady.","sameAs":["https:\/\/www.instagram.com\/ctaudin_\/"],"url":"https:\/\/theplayoffs.news\/fr\/author\/charles-taudin\/"}]}},"_links":{"self":[{"href":"https:\/\/theplayoffs.news\/fr\/wp-json\/wp\/v2\/posts\/1424046","targetHints":{"allow":["GET"]}}],"collection":[{"href":"https:\/\/theplayoffs.news\/fr\/wp-json\/wp\/v2\/posts"}],"about":[{"href":"https:\/\/theplayoffs.news\/fr\/wp-json\/wp\/v2\/types\/post"}],"author":[{"embeddable":true,"href":"https:\/\/theplayoffs.news\/fr\/wp-json\/wp\/v2\/users\/13"}],"replies":[{"embeddable":true,"href":"https:\/\/theplayoffs.news\/fr\/wp-json\/wp\/v2\/comments?post=1424046"}],"version-history":[{"count":2,"href":"https:\/\/theplayoffs.news\/fr\/wp-json\/wp\/v2\/posts\/1424046\/revisions"}],"predecessor-version":[{"id":1424049,"href":"https:\/\/theplayoffs.news\/fr\/wp-json\/wp\/v2\/posts\/1424046\/revisions\/1424049"}],"wp:featuredmedia":[{"embeddable":true,"href":"https:\/\/theplayoffs.news\/fr\/wp-json\/wp\/v2\/media\/1424047"}],"wp:attachment":[{"href":"https:\/\/theplayoffs.news\/fr\/wp-json\/wp\/v2\/media?parent=1424046"}],"wp:term":[{"taxonomy":"category","embeddable":true,"href":"https:\/\/theplayoffs.news\/fr\/wp-json\/wp\/v2\/categories?post=1424046"},{"taxonomy":"post_tag","embeddable":true,"href":"https:\/\/theplayoffs.news\/fr\/wp-json\/wp\/v2\/tags?post=1424046"},{"taxonomy":"sport","embeddable":true,"href":"https:\/\/theplayoffs.news\/fr\/wp-json\/wp\/v2\/sport?post=1424046"},{"taxonomy":"saison","embeddable":true,"href":"https:\/\/theplayoffs.news\/fr\/wp-json\/wp\/v2\/saison?post=1424046"}],"curies":[{"name":"wp","href":"https:\/\/api.w.org\/{rel}","templated":true}]}}